{"id":758,"count":0,"description":"Os Balanc\u00ednes de eleva\u00e7\u00e3o \u00e9 uma ferramenta forte e vers\u00e1til que se adapta \u00e0 carga e \u00e0s suas especificidades. Criada para atender \u00e0s necessidades operacionais do usu\u00e1rio, \u00e9 o acess\u00f3rio ideal para qualquer sistema de eleva\u00e7\u00e3o.","link":"https:\/\/www.omis.net\/pt-pt\/produtos\/balancines-de-elevacao\/","name":"Balanc\u00ednes de eleva\u00c7\u00c3o","slug":"balancines-de-elevacao","taxonomy":"tipologia-prodotto","parent":0,"meta":[],"acf":{"import_csv_id":"42","seo_title":"Balanc\u00ednes de eleva\u00e7\u00e3o intercambi\u00e1veis com ader\u00eancia segura e f\u00e1cil movimenta\u00e7\u00e3o | OMIS","seo_description":"Os balancines de eleva\u00e7\u00e3o s\u00e3o acess\u00f3rios intercambi\u00e1veis que facilitam a ader\u00eancia e a eleva\u00e7\u00e3o de cargas, adaptando-se \u00e0s suas caracter\u00edsticas. Elas garantem seguran\u00e7a e efici\u00eancia no manuseio de cargas pesadas. Essenciais para ambientes industriais, elas podem ser projetadas de forma personalizada para atender a necessidades espec\u00edficas. Saiba mais.","immagine_categoria_sottomenu":10920,"caratteristiche_principali":null,"caratteristiche_descrittive":null,"Tipologia_correlata":null,"pagina_tipologia_hero_type":"image","pagina_tipologia_hero_video":null,"pagina_tipologia_hero_immagine":10920,"pagina_tipologia_descrizione_titolo":"<h1>Intercambi\u00e1vel, ader\u00eancia segura, movimento r\u00e1pido.<\/h1>","pagina_tipologia_descrizione_testo":"<p><strong>Os balanc\u00ednes de eleva\u00e7\u00e3o s\u00e3o acess\u00f3rios a serem acoplados ao equipamento de eleva\u00e7\u00e3o para permitir a coleta, a eleva\u00e7\u00e3o e a movimenta\u00e7\u00e3o de cargas no espa\u00e7o de produ\u00e7\u00e3o. Amov\u00edveis e intercambi\u00e1veis, permitem prender a carga em v\u00e1rios pontos, dependendo das suas caracter\u00edsticas geom\u00e9tricas e f\u00edsicas. Cada Balanc\u00ednes de eleva\u00e7\u00e3o \u00e9 dimensionada e constru\u00edda de acordo com as necessidades do cliente. Mediante solicita\u00e7\u00e3o, est\u00e3o dispon\u00edveis pinturas RAL de acordo com as especifica\u00e7\u00f5es do cliente, pinturas mar\u00edtimas, execu\u00e7\u00f5es especiais para diferentes capacidades de carga e\/ou comprimentos do cat\u00e1logo.<\/strong><\/p>\n<p>Essas ferramentas s\u00e3o essenciais para garantir opera\u00e7\u00f5es seguras e eficientes nos ambientes de trabalho, especialmente nos setores em que o manuseio de cargas pesadas e volumosas \u00e9 uma necessidade di\u00e1ria. As Balanc\u00ednes de eleva\u00e7\u00e3o podem ser ainda mais personalizadas com acess\u00f3rios adicionais, como ganchos, grampos e acopladores de libera\u00e7\u00e3o r\u00e1pida, para atender a diferentes aplica\u00e7\u00f5es e melhorar a ergonomia das opera\u00e7\u00f5es de eleva\u00e7\u00e3o.\n\nO projeto de uma Balanc\u00ednes de eleva\u00e7\u00e3o exige uma estreita colabora\u00e7\u00e3o entre o fornecedor e o cliente para garantir que todas as especifica\u00e7\u00f5es t\u00e9cnicas sejam atendidas e que o equipamento atenda plenamente aos requisitos operacionais. Al\u00e9m disso, a manuten\u00e7\u00e3o e a inspe\u00e7\u00e3o regulares das Balanc\u00ednes de eleva\u00e7\u00e3o s\u00e3o fundamentais para manter os altos padr\u00f5es de seguran\u00e7a e prolongar a vida \u00fatil do equipamento.\nEm resumo, as Balanc\u00ednes de eleva\u00e7\u00e3o s\u00e3o um elemento fundamental para otimizar os processos de manuseio de cargas, oferecendo solu\u00e7\u00f5es vers\u00e1teis e personaliz\u00e1veis para aumentar a produtividade e a seguran\u00e7a em ambientes industriais.<\/p>\n\n\n\n\n\n\n","pagina_tipologia_faq_correlate":"","mostrata_come_prodotto":false,"elemento_da_cui_recuperare_i_campi":null},"yoast_head":"<!-- This site is optimized with the Yoast SEO plugin v23.9 - https:\/\/yoast.com\/wordpress\/plugins\/seo\/ -->\n<title>Balanc\u00ednes de eleva\u00e7\u00e3o intercambi\u00e1veis com ader\u00eancia segura e f\u00e1cil movimenta\u00e7\u00e3o | OMIS<\/title>\n<meta name=\"description\" content=\"Os balancines de eleva\u00e7\u00e3o s\u00e3o acess\u00f3rios intercambi\u00e1veis que facilitam a ader\u00eancia e a eleva\u00e7\u00e3o de cargas, adaptando-se \u00e0s suas caracter\u00edsticas. Elas garantem seguran\u00e7a e efici\u00eancia no manuseio de cargas pesadas. Essenciais para ambientes industriais, elas podem ser projetadas de forma personalizada para atender a necessidades espec\u00edficas. Saiba mais.\" \/>\n<meta name=\"robots\" content=\"index, follow, max-snippet:-1, max-image-preview:large, max-video-preview:-1\" \/>\n<meta property=\"og:locale\" content=\"pt_PT\" \/>\n<meta property=\"og:type\" content=\"article\" \/>\n<meta property=\"og:title\" content=\"Balanc\u00ednes de eleva\u00e7\u00e3o intercambi\u00e1veis com ader\u00eancia segura e f\u00e1cil movimenta\u00e7\u00e3o | OMIS\" \/>\n<meta property=\"og:description\" content=\"Os balancines de eleva\u00e7\u00e3o s\u00e3o acess\u00f3rios intercambi\u00e1veis que facilitam a ader\u00eancia e a eleva\u00e7\u00e3o de cargas, adaptando-se \u00e0s suas caracter\u00edsticas. Elas garantem seguran\u00e7a e efici\u00eancia no manuseio de cargas pesadas. Essenciais para ambientes industriais, elas podem ser projetadas de forma personalizada para atender a necessidades espec\u00edficas. Saiba mais.\" \/>\n<meta property=\"og:url\" content=\"https:\/\/www.omis.net\/pt-pt\/produtos\/balancines-de-elevacao\/\" \/>\n<meta property=\"og:site_name\" content=\"Omis Spa\" \/>\n<meta name=\"twitter:card\" content=\"summary_large_image\" \/>\n<script type=\"application\/ld+json\" class=\"yoast-schema-graph\">{\"@context\":\"https:\/\/schema.org\",\"@graph\":[{\"@type\":\"CollectionPage\",\"@id\":\"https:\/\/www.omis.net\/pt-pt\/produtos\/balancines-de-elevacao\/\",\"url\":\"https:\/\/www.omis.net\/pt-pt\/produtos\/balancines-de-elevacao\/\",\"name\":\"Balanc\u00ednes de eleva\u00e7\u00e3o intercambi\u00e1veis com ader\u00eancia segura e f\u00e1cil movimenta\u00e7\u00e3o | OMIS\",\"isPartOf\":{\"@id\":\"https:\/\/www.omis.net\/it-it\/#website\"},\"description\":\"Os balancines de eleva\u00e7\u00e3o s\u00e3o acess\u00f3rios intercambi\u00e1veis que facilitam a ader\u00eancia e a eleva\u00e7\u00e3o de cargas, adaptando-se \u00e0s suas caracter\u00edsticas. Elas garantem seguran\u00e7a e efici\u00eancia no manuseio de cargas pesadas. Essenciais para ambientes industriais, elas podem ser projetadas de forma personalizada para atender a necessidades espec\u00edficas. Saiba mais.\",\"breadcrumb\":{\"@id\":\"https:\/\/www.omis.net\/pt-pt\/produtos\/balancines-de-elevacao\/#breadcrumb\"},\"inLanguage\":\"pt-pt\"},{\"@type\":\"BreadcrumbList\",\"@id\":\"https:\/\/www.omis.net\/pt-pt\/produtos\/balancines-de-elevacao\/#breadcrumb\",\"itemListElement\":[{\"@type\":\"ListItem\",\"position\":1,\"name\":\"Home\",\"item\":\"https:\/\/www.omis.net\/pt-pt\/pagina-inicial\/\"},{\"@type\":\"ListItem\",\"position\":2,\"name\":\"Balanc\u00ednes de eleva\u00c7\u00c3o\"}]},{\"@type\":\"WebSite\",\"@id\":\"https:\/\/www.omis.net\/it-it\/#website\",\"url\":\"https:\/\/www.omis.net\/it-it\/\",\"name\":\"Omis Spa\",\"description\":\"Movimentazione e sollevamento\",\"publisher\":{\"@id\":\"https:\/\/www.omis.net\/it-it\/#organization\"},\"potentialAction\":[{\"@type\":\"SearchAction\",\"target\":{\"@type\":\"EntryPoint\",\"urlTemplate\":\"https:\/\/www.omis.net\/it-it\/?s={search_term_string}\"},\"query-input\":{\"@type\":\"PropertyValueSpecification\",\"valueRequired\":true,\"valueName\":\"search_term_string\"}}],\"inLanguage\":\"pt-pt\"},{\"@type\":\"Organization\",\"@id\":\"https:\/\/www.omis.net\/it-it\/#organization\",\"name\":\"Omis Spa\",\"url\":\"https:\/\/www.omis.net\/it-it\/\",\"logo\":{\"@type\":\"ImageObject\",\"inLanguage\":\"pt-pt\",\"@id\":\"https:\/\/www.omis.net\/it-it\/#\/schema\/logo\/image\/\",\"url\":\"https:\/\/media.omis.net\/media\/2024\/08\/logo.jpg\",\"contentUrl\":\"https:\/\/media.omis.net\/media\/2024\/08\/logo.jpg\",\"width\":300,\"height\":300,\"caption\":\"Omis Spa\"},\"image\":{\"@id\":\"https:\/\/www.omis.net\/it-it\/#\/schema\/logo\/image\/\"},\"sameAs\":[\"https:\/\/www.facebook.com\/omisgroup\",\"https:\/\/www.linkedin.com\/company\/omis-group\",\"https:\/\/www.youtube.com\/channel\/UCS4L59XDk3kKBI9MnjuxWDw\",\"https:\/\/www.instagram.com\/omisgroup\"]}]}<\/script>\n<!-- \/ Yoast SEO plugin. -->","yoast_head_json":{"title":"Balanc\u00ednes de eleva\u00e7\u00e3o intercambi\u00e1veis com ader\u00eancia segura e f\u00e1cil movimenta\u00e7\u00e3o | OMIS","description":"Os balancines de eleva\u00e7\u00e3o s\u00e3o acess\u00f3rios intercambi\u00e1veis que facilitam a ader\u00eancia e a eleva\u00e7\u00e3o de cargas, adaptando-se \u00e0s suas caracter\u00edsticas. Elas garantem seguran\u00e7a e efici\u00eancia no manuseio de cargas pesadas. Essenciais para ambientes industriais, elas podem ser projetadas de forma personalizada para atender a necessidades espec\u00edficas. Saiba mais.","robots":{"index":"index","follow":"follow","max-snippet":"max-snippet:-1","max-image-preview":"max-image-preview:large","max-video-preview":"max-video-preview:-1"},"og_locale":"pt_PT","og_type":"article","og_title":"Balanc\u00ednes de eleva\u00e7\u00e3o intercambi\u00e1veis com ader\u00eancia segura e f\u00e1cil movimenta\u00e7\u00e3o | OMIS","og_description":"Os balancines de eleva\u00e7\u00e3o s\u00e3o acess\u00f3rios intercambi\u00e1veis que facilitam a ader\u00eancia e a eleva\u00e7\u00e3o de cargas, adaptando-se \u00e0s suas caracter\u00edsticas. Elas garantem seguran\u00e7a e efici\u00eancia no manuseio de cargas pesadas. Essenciais para ambientes industriais, elas podem ser projetadas de forma personalizada para atender a necessidades espec\u00edficas. Saiba mais.","og_url":"https:\/\/www.omis.net\/pt-pt\/produtos\/balancines-de-elevacao\/","og_site_name":"Omis Spa","twitter_card":"summary_large_image","schema":{"@context":"https:\/\/schema.org","@graph":[{"@type":"CollectionPage","@id":"https:\/\/www.omis.net\/pt-pt\/produtos\/balancines-de-elevacao\/","url":"https:\/\/www.omis.net\/pt-pt\/produtos\/balancines-de-elevacao\/","name":"Balanc\u00ednes de eleva\u00e7\u00e3o intercambi\u00e1veis com ader\u00eancia segura e f\u00e1cil movimenta\u00e7\u00e3o | OMIS","isPartOf":{"@id":"https:\/\/www.omis.net\/it-it\/#website"},"description":"Os balancines de eleva\u00e7\u00e3o s\u00e3o acess\u00f3rios intercambi\u00e1veis que facilitam a ader\u00eancia e a eleva\u00e7\u00e3o de cargas, adaptando-se \u00e0s suas caracter\u00edsticas. Elas garantem seguran\u00e7a e efici\u00eancia no manuseio de cargas pesadas. Essenciais para ambientes industriais, elas podem ser projetadas de forma personalizada para atender a necessidades espec\u00edficas. Saiba mais.","breadcrumb":{"@id":"https:\/\/www.omis.net\/pt-pt\/produtos\/balancines-de-elevacao\/#breadcrumb"},"inLanguage":"pt-pt"},{"@type":"BreadcrumbList","@id":"https:\/\/www.omis.net\/pt-pt\/produtos\/balancines-de-elevacao\/#breadcrumb","itemListElement":[{"@type":"ListItem","position":1,"name":"Home","item":"https:\/\/www.omis.net\/pt-pt\/pagina-inicial\/"},{"@type":"ListItem","position":2,"name":"Balanc\u00ednes de eleva\u00c7\u00c3o"}]},{"@type":"WebSite","@id":"https:\/\/www.omis.net\/it-it\/#website","url":"https:\/\/www.omis.net\/it-it\/","name":"Omis Spa","description":"Movimentazione e sollevamento","publisher":{"@id":"https:\/\/www.omis.net\/it-it\/#organization"},"potentialAction":[{"@type":"SearchAction","target":{"@type":"EntryPoint","urlTemplate":"https:\/\/www.omis.net\/it-it\/?s={search_term_string}"},"query-input":{"@type":"PropertyValueSpecification","valueRequired":true,"valueName":"search_term_string"}}],"inLanguage":"pt-pt"},{"@type":"Organization","@id":"https:\/\/www.omis.net\/it-it\/#organization","name":"Omis Spa","url":"https:\/\/www.omis.net\/it-it\/","logo":{"@type":"ImageObject","inLanguage":"pt-pt","@id":"https:\/\/www.omis.net\/it-it\/#\/schema\/logo\/image\/","url":"https:\/\/media.omis.net\/media\/2024\/08\/logo.jpg","contentUrl":"https:\/\/media.omis.net\/media\/2024\/08\/logo.jpg","width":300,"height":300,"caption":"Omis Spa"},"image":{"@id":"https:\/\/www.omis.net\/it-it\/#\/schema\/logo\/image\/"},"sameAs":["https:\/\/www.facebook.com\/omisgroup","https:\/\/www.linkedin.com\/company\/omis-group","https:\/\/www.youtube.com\/channel\/UCS4L59XDk3kKBI9MnjuxWDw","https:\/\/www.instagram.com\/omisgroup"]}]}},"_links":{"self":[{"href":"https:\/\/www.omis.net\/pt-pt\/wp-json\/wp\/v2\/tipologia-prodotto\/758"}],"collection":[{"href":"https:\/\/www.omis.net\/pt-pt\/wp-json\/wp\/v2\/tipologia-prodotto"}],"about":[{"href":"https:\/\/www.omis.net\/pt-pt\/wp-json\/wp\/v2\/taxonomies\/tipologia-prodotto"}],"wp:post_type":[{"href":"https:\/\/www.omis.net\/pt-pt\/wp-json\/wp\/v2\/product?tipologia-prodotto=758"},{"href":"https:\/\/www.omis.net\/pt-pt\/wp-json\/wp\/v2\/posts?tipologia-prodotto=758"}],"curies":[{"name":"wp","href":"https:\/\/api.w.org\/{rel}","templated":true}]}}