{"id":734,"count":3,"description":"Gra\u00e7as ao plinto m\u00f3vel, o bra\u00e7o girat\u00f3rio pode atender a locais de trabalho localizados em diferentes \u00e1reas da mesma \u00e1rea de produ\u00e7\u00e3o. Sem ancoragens fixas no solo, ele pode ser transportado por empilhadeira ou ponte rolante. ","link":"https:\/\/www.omis.net\/pt-pt\/produtos\/guindastes-de-estacao-de-trabalho\/braco-giratorio\/movel\/","name":"M\u00f3vel","slug":"movel","taxonomy":"tipologia-prodotto","parent":716,"meta":[],"acf":{"import_csv_id":"31","seo_title":"Bra\u00e7o girat\u00f3rio m\u00f3vel, sem limite de posi\u00e7\u00e3o na f\u00e1brica | OMIS","seo_description":"O bra\u00e7o girat\u00f3rio m\u00f3vel \u00e9 vers\u00e1til para elevar e mover materiais para v\u00e1rios locais da f\u00e1brica e pode ser usado com uma empilhadeira ou ponte rolante. Ele n\u00e3o requer ancoragem permanente e pode ser movido facilmente gra\u00e7as \u00e0 base pesada que estabiliza o sistema, \u00e9 r\u00e1pido de instalar e reduz o tempo de inatividade. Saiba mais.","immagine_categoria_sottomenu":13194,"caratteristiche_principali":null,"caratteristiche_descrittive":null,"Tipologia_correlata":null,"pagina_tipologia_hero_type":"image","pagina_tipologia_hero_video":null,"pagina_tipologia_hero_immagine":13194,"pagina_tipologia_descrizione_titolo":"<h1>N\u00e3o h\u00e1 limites de posi\u00e7\u00e3o na f\u00e1brica <\/h1>","pagina_tipologia_descrizione_testo":"<p><strong>O bra\u00e7o girat\u00f3rio m\u00f3vel \u00e9 uma solu\u00e7\u00e3o eficiente para eleva\u00e7\u00e3o e manuseio de materiais, com tal versatilidade que pode ser movido e colocado onde for necess\u00e1rio, dentro da f\u00e1brica e em diferentes esta\u00e7\u00f5es de trabalho, por meio de empilhadeira ou ponte rolante. Os bra\u00e7os girat\u00f3rios m\u00f3vel s\u00e3o solu\u00e7\u00f5es especiais para movimentar cargas entre esta\u00e7\u00f5es de trabalho.<\/strong><\/p> <p>Eles n\u00e3o s\u00e3o fixados a uma ancoragem permanente no solo e n\u00e3o precisam ser desmontados para serem movidos. Seu plinto, na verdade, \u00e9 uma base pesada que serve para estabilizar a planta durante as opera\u00e7\u00f5es de eleva\u00e7\u00e3o. Essa base pode ser movida para se adequar \u00e0s necessidades espec\u00edficas do local de trabalho. Os bra\u00e7os girat\u00f3rios m\u00f3vel podem ser usados em uma ampla gama de aplica\u00e7\u00f5es, desde a eleva\u00e7\u00e3o de materiais de constru\u00e7\u00e3o at\u00e9 maquin\u00e1rio industrial. Eles s\u00e3o projetados para serem instalados e estarem prontos para uso rapidamente, reduzindo o tempo de inatividade em canteiros de obras ou em plantas industriais.<\/p>","pagina_tipologia_faq_correlate":"","mostrata_come_prodotto":false,"elemento_da_cui_recuperare_i_campi":null},"yoast_head":"<!-- This site is optimized with the Yoast SEO plugin v23.9 - https:\/\/yoast.com\/wordpress\/plugins\/seo\/ -->\n<title>Bra\u00e7o girat\u00f3rio m\u00f3vel, sem limite de posi\u00e7\u00e3o na f\u00e1brica | OMIS<\/title>\n<meta name=\"description\" content=\"O bra\u00e7o girat\u00f3rio m\u00f3vel \u00e9 vers\u00e1til para elevar e mover materiais para v\u00e1rios locais da f\u00e1brica e pode ser usado com uma empilhadeira ou ponte rolante. Ele n\u00e3o requer ancoragem permanente e pode ser movido facilmente gra\u00e7as \u00e0 base pesada que estabiliza o sistema, \u00e9 r\u00e1pido de instalar e reduz o tempo de inatividade. Saiba mais.\" \/>\n<meta name=\"robots\" content=\"index, follow, max-snippet:-1, max-image-preview:large, max-video-preview:-1\" \/>\n<meta property=\"og:locale\" content=\"pt_PT\" \/>\n<meta property=\"og:type\" content=\"article\" \/>\n<meta property=\"og:title\" content=\"Bra\u00e7o girat\u00f3rio m\u00f3vel, sem limite de posi\u00e7\u00e3o na f\u00e1brica | OMIS\" \/>\n<meta property=\"og:description\" content=\"O bra\u00e7o girat\u00f3rio m\u00f3vel \u00e9 vers\u00e1til para elevar e mover materiais para v\u00e1rios locais da f\u00e1brica e pode ser usado com uma empilhadeira ou ponte rolante. Ele n\u00e3o requer ancoragem permanente e pode ser movido facilmente gra\u00e7as \u00e0 base pesada que estabiliza o sistema, \u00e9 r\u00e1pido de instalar e reduz o tempo de inatividade. Saiba mais.\" \/>\n<meta property=\"og:url\" content=\"https:\/\/www.omis.net\/pt-pt\/produtos\/guindastes-de-estacao-de-trabalho\/braco-giratorio\/movel\/\" \/>\n<meta property=\"og:site_name\" content=\"Omis Spa\" \/>\n<meta name=\"twitter:card\" content=\"summary_large_image\" \/>\n<script type=\"application\/ld+json\" class=\"yoast-schema-graph\">{\"@context\":\"https:\/\/schema.org\",\"@graph\":[{\"@type\":\"CollectionPage\",\"@id\":\"https:\/\/www.omis.net\/pt-pt\/produtos\/guindastes-de-estacao-de-trabalho\/braco-giratorio\/movel\/\",\"url\":\"https:\/\/www.omis.net\/pt-pt\/produtos\/guindastes-de-estacao-de-trabalho\/braco-giratorio\/movel\/\",\"name\":\"Bra\u00e7o girat\u00f3rio m\u00f3vel, sem limite de posi\u00e7\u00e3o na f\u00e1brica | OMIS\",\"isPartOf\":{\"@id\":\"https:\/\/www.omis.net\/it-it\/#website\"},\"description\":\"O bra\u00e7o girat\u00f3rio m\u00f3vel \u00e9 vers\u00e1til para elevar e mover materiais para v\u00e1rios locais da f\u00e1brica e pode ser usado com uma empilhadeira ou ponte rolante. Ele n\u00e3o requer ancoragem permanente e pode ser movido facilmente gra\u00e7as \u00e0 base pesada que estabiliza o sistema, \u00e9 r\u00e1pido de instalar e reduz o tempo de inatividade. Saiba mais.\",\"breadcrumb\":{\"@id\":\"https:\/\/www.omis.net\/pt-pt\/produtos\/guindastes-de-estacao-de-trabalho\/braco-giratorio\/movel\/#breadcrumb\"},\"inLanguage\":\"pt-pt\"},{\"@type\":\"BreadcrumbList\",\"@id\":\"https:\/\/www.omis.net\/pt-pt\/produtos\/guindastes-de-estacao-de-trabalho\/braco-giratorio\/movel\/#breadcrumb\",\"itemListElement\":[{\"@type\":\"ListItem\",\"position\":1,\"name\":\"Home\",\"item\":\"https:\/\/www.omis.net\/pt-pt\/pagina-inicial\/\"},{\"@type\":\"ListItem\",\"position\":2,\"name\":\"Guindastes de esta\u00e7\u00e3o de trabalho\",\"item\":\"https:\/\/www.omis.net\/pt-pt\/produtos\/guindastes-de-estacao-de-trabalho\/\"},{\"@type\":\"ListItem\",\"position\":3,\"name\":\"Bra\u00e7o girat\u00f3rio\",\"item\":\"https:\/\/www.omis.net\/pt-pt\/produtos\/guindastes-de-estacao-de-trabalho\/braco-giratorio\/\"},{\"@type\":\"ListItem\",\"position\":4,\"name\":\"M\u00f3vel\"}]},{\"@type\":\"WebSite\",\"@id\":\"https:\/\/www.omis.net\/it-it\/#website\",\"url\":\"https:\/\/www.omis.net\/it-it\/\",\"name\":\"Omis Spa\",\"description\":\"Movimentazione e sollevamento\",\"publisher\":{\"@id\":\"https:\/\/www.omis.net\/it-it\/#organization\"},\"potentialAction\":[{\"@type\":\"SearchAction\",\"target\":{\"@type\":\"EntryPoint\",\"urlTemplate\":\"https:\/\/www.omis.net\/it-it\/?s={search_term_string}\"},\"query-input\":{\"@type\":\"PropertyValueSpecification\",\"valueRequired\":true,\"valueName\":\"search_term_string\"}}],\"inLanguage\":\"pt-pt\"},{\"@type\":\"Organization\",\"@id\":\"https:\/\/www.omis.net\/it-it\/#organization\",\"name\":\"Omis Spa\",\"url\":\"https:\/\/www.omis.net\/it-it\/\",\"logo\":{\"@type\":\"ImageObject\",\"inLanguage\":\"pt-pt\",\"@id\":\"https:\/\/www.omis.net\/it-it\/#\/schema\/logo\/image\/\",\"url\":\"https:\/\/media.omis.net\/media\/2024\/08\/logo.jpg\",\"contentUrl\":\"https:\/\/media.omis.net\/media\/2024\/08\/logo.jpg\",\"width\":300,\"height\":300,\"caption\":\"Omis Spa\"},\"image\":{\"@id\":\"https:\/\/www.omis.net\/it-it\/#\/schema\/logo\/image\/\"},\"sameAs\":[\"https:\/\/www.facebook.com\/omisgroup\",\"https:\/\/www.linkedin.com\/company\/omis-group\",\"https:\/\/www.youtube.com\/channel\/UCS4L59XDk3kKBI9MnjuxWDw\",\"https:\/\/www.instagram.com\/omisgroup\"]}]}<\/script>\n<!-- \/ Yoast SEO plugin. -->","yoast_head_json":{"title":"Bra\u00e7o girat\u00f3rio m\u00f3vel, sem limite de posi\u00e7\u00e3o na f\u00e1brica | OMIS","description":"O bra\u00e7o girat\u00f3rio m\u00f3vel \u00e9 vers\u00e1til para elevar e mover materiais para v\u00e1rios locais da f\u00e1brica e pode ser usado com uma empilhadeira ou ponte rolante. Ele n\u00e3o requer ancoragem permanente e pode ser movido facilmente gra\u00e7as \u00e0 base pesada que estabiliza o sistema, \u00e9 r\u00e1pido de instalar e reduz o tempo de inatividade. Saiba mais.","robots":{"index":"index","follow":"follow","max-snippet":"max-snippet:-1","max-image-preview":"max-image-preview:large","max-video-preview":"max-video-preview:-1"},"og_locale":"pt_PT","og_type":"article","og_title":"Bra\u00e7o girat\u00f3rio m\u00f3vel, sem limite de posi\u00e7\u00e3o na f\u00e1brica | OMIS","og_description":"O bra\u00e7o girat\u00f3rio m\u00f3vel \u00e9 vers\u00e1til para elevar e mover materiais para v\u00e1rios locais da f\u00e1brica e pode ser usado com uma empilhadeira ou ponte rolante. Ele n\u00e3o requer ancoragem permanente e pode ser movido facilmente gra\u00e7as \u00e0 base pesada que estabiliza o sistema, \u00e9 r\u00e1pido de instalar e reduz o tempo de inatividade. Saiba mais.","og_url":"https:\/\/www.omis.net\/pt-pt\/produtos\/guindastes-de-estacao-de-trabalho\/braco-giratorio\/movel\/","og_site_name":"Omis Spa","twitter_card":"summary_large_image","schema":{"@context":"https:\/\/schema.org","@graph":[{"@type":"CollectionPage","@id":"https:\/\/www.omis.net\/pt-pt\/produtos\/guindastes-de-estacao-de-trabalho\/braco-giratorio\/movel\/","url":"https:\/\/www.omis.net\/pt-pt\/produtos\/guindastes-de-estacao-de-trabalho\/braco-giratorio\/movel\/","name":"Bra\u00e7o girat\u00f3rio m\u00f3vel, sem limite de posi\u00e7\u00e3o na f\u00e1brica | OMIS","isPartOf":{"@id":"https:\/\/www.omis.net\/it-it\/#website"},"description":"O bra\u00e7o girat\u00f3rio m\u00f3vel \u00e9 vers\u00e1til para elevar e mover materiais para v\u00e1rios locais da f\u00e1brica e pode ser usado com uma empilhadeira ou ponte rolante. Ele n\u00e3o requer ancoragem permanente e pode ser movido facilmente gra\u00e7as \u00e0 base pesada que estabiliza o sistema, \u00e9 r\u00e1pido de instalar e reduz o tempo de inatividade. Saiba mais.","breadcrumb":{"@id":"https:\/\/www.omis.net\/pt-pt\/produtos\/guindastes-de-estacao-de-trabalho\/braco-giratorio\/movel\/#breadcrumb"},"inLanguage":"pt-pt"},{"@type":"BreadcrumbList","@id":"https:\/\/www.omis.net\/pt-pt\/produtos\/guindastes-de-estacao-de-trabalho\/braco-giratorio\/movel\/#breadcrumb","itemListElement":[{"@type":"ListItem","position":1,"name":"Home","item":"https:\/\/www.omis.net\/pt-pt\/pagina-inicial\/"},{"@type":"ListItem","position":2,"name":"Guindastes de esta\u00e7\u00e3o de trabalho","item":"https:\/\/www.omis.net\/pt-pt\/produtos\/guindastes-de-estacao-de-trabalho\/"},{"@type":"ListItem","position":3,"name":"Bra\u00e7o girat\u00f3rio","item":"https:\/\/www.omis.net\/pt-pt\/produtos\/guindastes-de-estacao-de-trabalho\/braco-giratorio\/"},{"@type":"ListItem","position":4,"name":"M\u00f3vel"}]},{"@type":"WebSite","@id":"https:\/\/www.omis.net\/it-it\/#website","url":"https:\/\/www.omis.net\/it-it\/","name":"Omis Spa","description":"Movimentazione e sollevamento","publisher":{"@id":"https:\/\/www.omis.net\/it-it\/#organization"},"potentialAction":[{"@type":"SearchAction","target":{"@type":"EntryPoint","urlTemplate":"https:\/\/www.omis.net\/it-it\/?s={search_term_string}"},"query-input":{"@type":"PropertyValueSpecification","valueRequired":true,"valueName":"search_term_string"}}],"inLanguage":"pt-pt"},{"@type":"Organization","@id":"https:\/\/www.omis.net\/it-it\/#organization","name":"Omis Spa","url":"https:\/\/www.omis.net\/it-it\/","logo":{"@type":"ImageObject","inLanguage":"pt-pt","@id":"https:\/\/www.omis.net\/it-it\/#\/schema\/logo\/image\/","url":"https:\/\/media.omis.net\/media\/2024\/08\/logo.jpg","contentUrl":"https:\/\/media.omis.net\/media\/2024\/08\/logo.jpg","width":300,"height":300,"caption":"Omis Spa"},"image":{"@id":"https:\/\/www.omis.net\/it-it\/#\/schema\/logo\/image\/"},"sameAs":["https:\/\/www.facebook.com\/omisgroup","https:\/\/www.linkedin.com\/company\/omis-group","https:\/\/www.youtube.com\/channel\/UCS4L59XDk3kKBI9MnjuxWDw","https:\/\/www.instagram.com\/omisgroup"]}]}},"_links":{"self":[{"href":"https:\/\/www.omis.net\/pt-pt\/wp-json\/wp\/v2\/tipologia-prodotto\/734"}],"collection":[{"href":"https:\/\/www.omis.net\/pt-pt\/wp-json\/wp\/v2\/tipologia-prodotto"}],"about":[{"href":"https:\/\/www.omis.net\/pt-pt\/wp-json\/wp\/v2\/taxonomies\/tipologia-prodotto"}],"up":[{"embeddable":true,"href":"https:\/\/www.omis.net\/pt-pt\/wp-json\/wp\/v2\/tipologia-prodotto\/716"}],"wp:post_type":[{"href":"https:\/\/www.omis.net\/pt-pt\/wp-json\/wp\/v2\/product?tipologia-prodotto=734"},{"href":"https:\/\/www.omis.net\/pt-pt\/wp-json\/wp\/v2\/posts?tipologia-prodotto=734"}],"curies":[{"name":"wp","href":"https:\/\/api.w.org\/{rel}","templated":true}]}}