{"id":1109,"count":0,"description":"Balanc\u00ednes de eleva\u00e7\u00e3o vers\u00e1teis, ideais para o manuseio de tubos e perfis.","link":"https:\/\/www.omis.net\/pt-pt\/produtos\/balancines-de-elevacao\/balancines-de-elevacao-com-ganchos-ajustaveis\/","name":"Balanc\u00ednes de eleva\u00e7\u00e3o com ganchos ajust\u00e1veis","slug":"balancines-de-elevacao-com-ganchos-ajustaveis","taxonomy":"tipologia-prodotto","parent":758,"meta":[],"acf":{"import_csv_id":"44","seo_title":"Balanc\u00ednes de eleva\u00e7\u00e3o com ganchos ajust\u00e1veis | OMIS","seo_description":"A Balanc\u00ednes de eleva\u00e7\u00e3o com ganchos ajust\u00e1veis \u00e9 extremamente vers\u00e1til, ideal para oficinas mec\u00e2nicas e ambientes industriais. Ela permite levantar e mover tubos, perfis, feixes de madeira e pain\u00e9is gra\u00e7as ao ajuste preciso da empunhadura. Fornecida com manilhas e ganchos girat\u00f3rios, ela \u00e9 perfeita para v\u00e1rias aplica\u00e7\u00f5es e cargas. Saiba mais.","immagine_categoria_sottomenu":11050,"caratteristiche_principali":null,"caratteristiche_descrittive":null,"Tipologia_correlata":null,"pagina_tipologia_hero_type":"video","pagina_tipologia_hero_video":null,"pagina_tipologia_hero_immagine":null,"pagina_tipologia_descrizione_titolo":"<h1>Balanc\u00ednes de eleva\u00e7\u00e3o com ganchos ajust\u00e1veis <\/h1>","pagina_tipologia_descrizione_testo":"<p><strong>Os Balanc\u00ednes de eleva\u00e7\u00e3o com ganchos ajust\u00e1veis \u00e9 um dispositivo extremamente vers\u00e1til, amplamente utilizado em v\u00e1rios ambientes de trabalho e setores de produ\u00e7\u00e3o. De oficinas mec\u00e2nicas a ambientes industriais, log\u00edsticos e comerciais, sua flexibilidade \u00e9 particularmente vantajosa para a eleva\u00e7\u00e3o e movimenta\u00e7\u00e3o de tubos e perfis.<\/strong><\/p> <p>Al\u00e9m disso, no setor madeireiro, a Balanc\u00ednes de eleva\u00e7\u00e3o com ganchos ajust\u00e1veis se mostra extremamente \u00fatil para o manuseio de feixes de madeira, pain\u00e9is e outros materiais de madeira, permitindo que o trabalho seja facilmente adaptado a diferentes tamanhos e formatos de cargas. Isso \u00e9 poss\u00edvel gra\u00e7as ao ajuste preciso e est\u00e1vel da empunhadura, que permite que a Balanc\u00ednes de eleva\u00e7\u00e3o se adapte suavemente a diferentes tamanhos de carga ou a materiais particularmente volumosos ou de tamanhos diferentes. Cada Balanc\u00ednes de eleva\u00e7\u00e3o \u00e9 fornecida com um conjunto completo de manilhas e ganchos girat\u00f3rios, o que a torna uma ferramenta completa para atender a uma ampla gama de necessidades de eleva\u00e7\u00e3o em diferentes contextos de trabalho.<\/p>","pagina_tipologia_faq_correlate":"","mostrata_come_prodotto":true,"elemento_da_cui_recuperare_i_campi":[15514]},"yoast_head":"<!-- This site is optimized with the Yoast SEO plugin v23.9 - https:\/\/yoast.com\/wordpress\/plugins\/seo\/ -->\n<title>Balanc\u00ednes de eleva\u00e7\u00e3o com ganchos ajust\u00e1veis | OMIS<\/title>\n<meta name=\"description\" content=\"A Balanc\u00ednes de eleva\u00e7\u00e3o com ganchos ajust\u00e1veis \u00e9 extremamente vers\u00e1til, ideal para oficinas mec\u00e2nicas e ambientes industriais. Ela permite levantar e mover tubos, perfis, feixes de madeira e pain\u00e9is gra\u00e7as ao ajuste preciso da empunhadura. Fornecida com manilhas e ganchos girat\u00f3rios, ela \u00e9 perfeita para v\u00e1rias aplica\u00e7\u00f5es e cargas. Saiba mais.\" \/>\n<meta name=\"robots\" content=\"index, follow, max-snippet:-1, max-image-preview:large, max-video-preview:-1\" \/>\n<meta property=\"og:locale\" content=\"pt_PT\" \/>\n<meta property=\"og:type\" content=\"article\" \/>\n<meta property=\"og:title\" content=\"Balanc\u00ednes de eleva\u00e7\u00e3o com ganchos ajust\u00e1veis | OMIS\" \/>\n<meta property=\"og:description\" content=\"A Balanc\u00ednes de eleva\u00e7\u00e3o com ganchos ajust\u00e1veis \u00e9 extremamente vers\u00e1til, ideal para oficinas mec\u00e2nicas e ambientes industriais. Ela permite levantar e mover tubos, perfis, feixes de madeira e pain\u00e9is gra\u00e7as ao ajuste preciso da empunhadura. Fornecida com manilhas e ganchos girat\u00f3rios, ela \u00e9 perfeita para v\u00e1rias aplica\u00e7\u00f5es e cargas. Saiba mais.\" \/>\n<meta property=\"og:url\" content=\"https:\/\/www.omis.net\/pt-pt\/produtos\/balancines-de-elevacao\/balancines-de-elevacao-com-ganchos-ajustaveis\/\" \/>\n<meta property=\"og:site_name\" content=\"Omis Spa\" \/>\n<meta name=\"twitter:card\" content=\"summary_large_image\" \/>\n<script type=\"application\/ld+json\" class=\"yoast-schema-graph\">{\"@context\":\"https:\/\/schema.org\",\"@graph\":[{\"@type\":\"CollectionPage\",\"@id\":\"https:\/\/www.omis.net\/pt-pt\/produtos\/balancines-de-elevacao\/balancines-de-elevacao-com-ganchos-ajustaveis\/\",\"url\":\"https:\/\/www.omis.net\/pt-pt\/produtos\/balancines-de-elevacao\/balancines-de-elevacao-com-ganchos-ajustaveis\/\",\"name\":\"Balanc\u00ednes de eleva\u00e7\u00e3o com ganchos ajust\u00e1veis | OMIS\",\"isPartOf\":{\"@id\":\"https:\/\/www.omis.net\/it-it\/#website\"},\"description\":\"A Balanc\u00ednes de eleva\u00e7\u00e3o com ganchos ajust\u00e1veis \u00e9 extremamente vers\u00e1til, ideal para oficinas mec\u00e2nicas e ambientes industriais. Ela permite levantar e mover tubos, perfis, feixes de madeira e pain\u00e9is gra\u00e7as ao ajuste preciso da empunhadura. Fornecida com manilhas e ganchos girat\u00f3rios, ela \u00e9 perfeita para v\u00e1rias aplica\u00e7\u00f5es e cargas. Saiba mais.\",\"breadcrumb\":{\"@id\":\"https:\/\/www.omis.net\/pt-pt\/produtos\/balancines-de-elevacao\/balancines-de-elevacao-com-ganchos-ajustaveis\/#breadcrumb\"},\"inLanguage\":\"pt-pt\"},{\"@type\":\"BreadcrumbList\",\"@id\":\"https:\/\/www.omis.net\/pt-pt\/produtos\/balancines-de-elevacao\/balancines-de-elevacao-com-ganchos-ajustaveis\/#breadcrumb\",\"itemListElement\":[{\"@type\":\"ListItem\",\"position\":1,\"name\":\"Home\",\"item\":\"https:\/\/www.omis.net\/pt-pt\/pagina-inicial\/\"},{\"@type\":\"ListItem\",\"position\":2,\"name\":\"Balanc\u00ednes de eleva\u00c7\u00c3o\",\"item\":\"https:\/\/www.omis.net\/pt-pt\/produtos\/balancines-de-elevacao\/\"},{\"@type\":\"ListItem\",\"position\":3,\"name\":\"Balanc\u00ednes de eleva\u00e7\u00e3o com ganchos ajust\u00e1veis\"}]},{\"@type\":\"WebSite\",\"@id\":\"https:\/\/www.omis.net\/it-it\/#website\",\"url\":\"https:\/\/www.omis.net\/it-it\/\",\"name\":\"Omis Spa\",\"description\":\"Movimentazione e sollevamento\",\"publisher\":{\"@id\":\"https:\/\/www.omis.net\/it-it\/#organization\"},\"potentialAction\":[{\"@type\":\"SearchAction\",\"target\":{\"@type\":\"EntryPoint\",\"urlTemplate\":\"https:\/\/www.omis.net\/it-it\/?s={search_term_string}\"},\"query-input\":{\"@type\":\"PropertyValueSpecification\",\"valueRequired\":true,\"valueName\":\"search_term_string\"}}],\"inLanguage\":\"pt-pt\"},{\"@type\":\"Organization\",\"@id\":\"https:\/\/www.omis.net\/it-it\/#organization\",\"name\":\"Omis Spa\",\"url\":\"https:\/\/www.omis.net\/it-it\/\",\"logo\":{\"@type\":\"ImageObject\",\"inLanguage\":\"pt-pt\",\"@id\":\"https:\/\/www.omis.net\/it-it\/#\/schema\/logo\/image\/\",\"url\":\"https:\/\/media.omis.net\/media\/2024\/08\/logo.jpg\",\"contentUrl\":\"https:\/\/media.omis.net\/media\/2024\/08\/logo.jpg\",\"width\":300,\"height\":300,\"caption\":\"Omis Spa\"},\"image\":{\"@id\":\"https:\/\/www.omis.net\/it-it\/#\/schema\/logo\/image\/\"},\"sameAs\":[\"https:\/\/www.facebook.com\/omisgroup\",\"https:\/\/www.linkedin.com\/company\/omis-group\",\"https:\/\/www.youtube.com\/channel\/UCS4L59XDk3kKBI9MnjuxWDw\",\"https:\/\/www.instagram.com\/omisgroup\"]}]}<\/script>\n<!-- \/ Yoast SEO plugin. -->","yoast_head_json":{"title":"Balanc\u00ednes de eleva\u00e7\u00e3o com ganchos ajust\u00e1veis | OMIS","description":"A Balanc\u00ednes de eleva\u00e7\u00e3o com ganchos ajust\u00e1veis \u00e9 extremamente vers\u00e1til, ideal para oficinas mec\u00e2nicas e ambientes industriais. Ela permite levantar e mover tubos, perfis, feixes de madeira e pain\u00e9is gra\u00e7as ao ajuste preciso da empunhadura. Fornecida com manilhas e ganchos girat\u00f3rios, ela \u00e9 perfeita para v\u00e1rias aplica\u00e7\u00f5es e cargas. Saiba mais.","robots":{"index":"index","follow":"follow","max-snippet":"max-snippet:-1","max-image-preview":"max-image-preview:large","max-video-preview":"max-video-preview:-1"},"og_locale":"pt_PT","og_type":"article","og_title":"Balanc\u00ednes de eleva\u00e7\u00e3o com ganchos ajust\u00e1veis | OMIS","og_description":"A Balanc\u00ednes de eleva\u00e7\u00e3o com ganchos ajust\u00e1veis \u00e9 extremamente vers\u00e1til, ideal para oficinas mec\u00e2nicas e ambientes industriais. Ela permite levantar e mover tubos, perfis, feixes de madeira e pain\u00e9is gra\u00e7as ao ajuste preciso da empunhadura. Fornecida com manilhas e ganchos girat\u00f3rios, ela \u00e9 perfeita para v\u00e1rias aplica\u00e7\u00f5es e cargas. Saiba mais.","og_url":"https:\/\/www.omis.net\/pt-pt\/produtos\/balancines-de-elevacao\/balancines-de-elevacao-com-ganchos-ajustaveis\/","og_site_name":"Omis Spa","twitter_card":"summary_large_image","schema":{"@context":"https:\/\/schema.org","@graph":[{"@type":"CollectionPage","@id":"https:\/\/www.omis.net\/pt-pt\/produtos\/balancines-de-elevacao\/balancines-de-elevacao-com-ganchos-ajustaveis\/","url":"https:\/\/www.omis.net\/pt-pt\/produtos\/balancines-de-elevacao\/balancines-de-elevacao-com-ganchos-ajustaveis\/","name":"Balanc\u00ednes de eleva\u00e7\u00e3o com ganchos ajust\u00e1veis | OMIS","isPartOf":{"@id":"https:\/\/www.omis.net\/it-it\/#website"},"description":"A Balanc\u00ednes de eleva\u00e7\u00e3o com ganchos ajust\u00e1veis \u00e9 extremamente vers\u00e1til, ideal para oficinas mec\u00e2nicas e ambientes industriais. Ela permite levantar e mover tubos, perfis, feixes de madeira e pain\u00e9is gra\u00e7as ao ajuste preciso da empunhadura. Fornecida com manilhas e ganchos girat\u00f3rios, ela \u00e9 perfeita para v\u00e1rias aplica\u00e7\u00f5es e cargas. Saiba mais.","breadcrumb":{"@id":"https:\/\/www.omis.net\/pt-pt\/produtos\/balancines-de-elevacao\/balancines-de-elevacao-com-ganchos-ajustaveis\/#breadcrumb"},"inLanguage":"pt-pt"},{"@type":"BreadcrumbList","@id":"https:\/\/www.omis.net\/pt-pt\/produtos\/balancines-de-elevacao\/balancines-de-elevacao-com-ganchos-ajustaveis\/#breadcrumb","itemListElement":[{"@type":"ListItem","position":1,"name":"Home","item":"https:\/\/www.omis.net\/pt-pt\/pagina-inicial\/"},{"@type":"ListItem","position":2,"name":"Balanc\u00ednes de eleva\u00c7\u00c3o","item":"https:\/\/www.omis.net\/pt-pt\/produtos\/balancines-de-elevacao\/"},{"@type":"ListItem","position":3,"name":"Balanc\u00ednes de eleva\u00e7\u00e3o com ganchos ajust\u00e1veis"}]},{"@type":"WebSite","@id":"https:\/\/www.omis.net\/it-it\/#website","url":"https:\/\/www.omis.net\/it-it\/","name":"Omis Spa","description":"Movimentazione e sollevamento","publisher":{"@id":"https:\/\/www.omis.net\/it-it\/#organization"},"potentialAction":[{"@type":"SearchAction","target":{"@type":"EntryPoint","urlTemplate":"https:\/\/www.omis.net\/it-it\/?s={search_term_string}"},"query-input":{"@type":"PropertyValueSpecification","valueRequired":true,"valueName":"search_term_string"}}],"inLanguage":"pt-pt"},{"@type":"Organization","@id":"https:\/\/www.omis.net\/it-it\/#organization","name":"Omis Spa","url":"https:\/\/www.omis.net\/it-it\/","logo":{"@type":"ImageObject","inLanguage":"pt-pt","@id":"https:\/\/www.omis.net\/it-it\/#\/schema\/logo\/image\/","url":"https:\/\/media.omis.net\/media\/2024\/08\/logo.jpg","contentUrl":"https:\/\/media.omis.net\/media\/2024\/08\/logo.jpg","width":300,"height":300,"caption":"Omis Spa"},"image":{"@id":"https:\/\/www.omis.net\/it-it\/#\/schema\/logo\/image\/"},"sameAs":["https:\/\/www.facebook.com\/omisgroup","https:\/\/www.linkedin.com\/company\/omis-group","https:\/\/www.youtube.com\/channel\/UCS4L59XDk3kKBI9MnjuxWDw","https:\/\/www.instagram.com\/omisgroup"]}]}},"_links":{"self":[{"href":"https:\/\/www.omis.net\/pt-pt\/wp-json\/wp\/v2\/tipologia-prodotto\/1109"}],"collection":[{"href":"https:\/\/www.omis.net\/pt-pt\/wp-json\/wp\/v2\/tipologia-prodotto"}],"about":[{"href":"https:\/\/www.omis.net\/pt-pt\/wp-json\/wp\/v2\/taxonomies\/tipologia-prodotto"}],"up":[{"embeddable":true,"href":"https:\/\/www.omis.net\/pt-pt\/wp-json\/wp\/v2\/tipologia-prodotto\/758"}],"acf:post":[{"embeddable":true,"href":"https:\/\/www.omis.net\/pt-pt\/wp-json\/wp\/v2\/tipologia-come-prodo\/15514"}],"wp:post_type":[{"href":"https:\/\/www.omis.net\/pt-pt\/wp-json\/wp\/v2\/product?tipologia-prodotto=1109"},{"href":"https:\/\/www.omis.net\/pt-pt\/wp-json\/wp\/v2\/posts?tipologia-prodotto=1109"}],"curies":[{"name":"wp","href":"https:\/\/api.w.org\/{rel}","templated":true}]}}