{"id":5816,"date":"2022-03-24T01:00:00","date_gmt":"2022-03-24T00:00:00","guid":{"rendered":"http:\/\/bedrock.local\/we-are-omis-vamos-enlouquecer\/"},"modified":"2022-03-24T01:00:00","modified_gmt":"2022-03-24T00:00:00","slug":"we-are-omis-vamos-enlouquecer","status":"publish","type":"post","link":"https:\/\/www.omis.net\/pt-pt\/we-are-omis-vamos-enlouquecer\/","title":{"rendered":"WE ARE OMIS &#8211; Vamos enlouquecer"},"content":{"rendered":"<p>Gerenciamos todas as fun\u00e7\u00f5es administrativas do OMIS Group.<\/p><p> 11 empresas gerenciadas anualmente.<\/p><p> 16.000 faturas de compra registradas em 2021.<\/p><p> 17.000 faturas de vendas registradas anualmente.<\/p><p> 84.000 registros cont\u00e1beis em 2021.<\/p>","protected":false},"excerpt":{"rendered":"<p>Gerenciamos todas as fun\u00e7\u00f5es administrativas do OMIS Group. 11 empresas gerenciadas anualmente. 16.000 faturas de compra registradas em 2021. 17.000 faturas de vendas registradas anualmente. 84.000 registros cont\u00e1beis em 2021.<\/p>\n","protected":false},"author":2,"featured_media":9339,"comment_status":"closed","ping_status":"closed","sticky":false,"template":"","format":"standard","meta":{"_acf_changed":false,"footnotes":""},"categories":[678],"tags":[456,281,272,273,389,437,289],"tipologia-prodotto":[],"class_list":["post-5816","post","type-post","status-publish","format-standard","has-post-thumbnail","hentry","category-weareomis-pt","tag-administrative","tag-cranes","tag-omisborntolift","tag-omiscranes","tag-omisgroup","tag-omispeople","tag-weareomis"],"acf":{"import_csv_id":"73","seo_title":"WE ARE OMIS - Vejamos alguns n\u00fameros | Not\u00edcias da OMIS","seo_description":"Gerenciamos todas as fun\u00e7\u00f5es administrativas do OMIS Group.\n 11 empresas gerenciadas anualmente.\n 16.000 faturas de compra registradas em 2021.\n 17.000 faturas de vendas registradas anualmente.\n 84.000 registros cont\u00e1beis em 2021. Leia as novidades | OMIS"},"yoast_head":"<!-- This site is optimized with the Yoast SEO plugin v23.9 - https:\/\/yoast.com\/wordpress\/plugins\/seo\/ -->\n<title>WE ARE OMIS - Vejamos alguns n\u00fameros | Not\u00edcias da OMIS<\/title>\n<meta name=\"description\" content=\"Gerenciamos todas as fun\u00e7\u00f5es administrativas do OMIS Group. 11 empresas gerenciadas anualmente. 16.000 faturas de compra registradas em 2021. 17.000 faturas de vendas registradas anualmente. 84.000 registros cont\u00e1beis em 2021. Leia as novidades | OMIS\" \/>\n<meta name=\"robots\" content=\"index, follow, max-snippet:-1, max-image-preview:large, max-video-preview:-1\" \/>\n<meta property=\"og:locale\" content=\"pt_PT\" \/>\n<meta property=\"og:type\" content=\"article\" \/>\n<meta property=\"og:title\" content=\"WE ARE OMIS - Vejamos alguns n\u00fameros | Not\u00edcias da OMIS\" \/>\n<meta property=\"og:description\" content=\"Gerenciamos todas as fun\u00e7\u00f5es administrativas do OMIS Group. 11 empresas gerenciadas anualmente. 16.000 faturas de compra registradas em 2021. 17.000 faturas de vendas registradas anualmente. 84.000 registros cont\u00e1beis em 2021. Leia as novidades | OMIS\" \/>\n<meta property=\"og:url\" content=\"https:\/\/www.omis.net\/pt-pt\/we-are-omis-vamos-enlouquecer\/\" \/>\n<meta property=\"og:site_name\" content=\"Omis Spa\" \/>\n<meta property=\"article:publisher\" content=\"https:\/\/www.facebook.com\/omisgroup\" \/>\n<meta property=\"article:published_time\" content=\"2022-03-24T00:00:00+00:00\" \/>\n<meta property=\"og:image\" content=\"https:\/\/media.omis.net\/media\/2022\/03\/we-are-omis-lets-look-at-the-numbers-header-omis-scaled.webp\" \/>\n\t<meta property=\"og:image:width\" content=\"2560\" \/>\n\t<meta property=\"og:image:height\" content=\"2560\" \/>\n\t<meta property=\"og:image:type\" content=\"image\/webp\" \/>\n<meta name=\"author\" content=\"AQuest\" \/>\n<meta name=\"twitter:card\" content=\"summary_large_image\" \/>\n<meta name=\"twitter:label1\" content=\"Written by\" \/>\n\t<meta name=\"twitter:data1\" content=\"AQuest\" \/>\n<script type=\"application\/ld+json\" class=\"yoast-schema-graph\">{\"@context\":\"https:\/\/schema.org\",\"@graph\":[{\"@type\":\"Article\",\"@id\":\"https:\/\/www.omis.net\/pt-pt\/we-are-omis-vamos-enlouquecer\/#article\",\"isPartOf\":{\"@id\":\"https:\/\/www.omis.net\/pt-pt\/we-are-omis-vamos-enlouquecer\/\"},\"author\":{\"name\":\"AQuest\",\"@id\":\"https:\/\/www.omis.net\/it-it\/#\/schema\/person\/a84b31c39ee8e2b060f51cb288b0c8f4\"},\"headline\":\"WE ARE OMIS &#8211; Vamos enlouquecer\",\"datePublished\":\"2022-03-24T00:00:00+00:00\",\"dateModified\":\"2022-03-24T00:00:00+00:00\",\"mainEntityOfPage\":{\"@id\":\"https:\/\/www.omis.net\/pt-pt\/we-are-omis-vamos-enlouquecer\/\"},\"wordCount\":32,\"publisher\":{\"@id\":\"https:\/\/www.omis.net\/it-it\/#organization\"},\"image\":{\"@id\":\"https:\/\/www.omis.net\/pt-pt\/we-are-omis-vamos-enlouquecer\/#primaryimage\"},\"thumbnailUrl\":\"https:\/\/media.omis.net\/media\/2022\/03\/we-are-omis-lets-look-at-the-numbers-header-omis-scaled.webp\",\"keywords\":[\"administrative\",\"cranes\",\"omisborntolift\",\"omiscranes\",\"omisgroup\",\"omispeople\",\"weareomis\"],\"articleSection\":[\"WeAreOMIS\"],\"inLanguage\":\"pt-pt\"},{\"@type\":\"WebPage\",\"@id\":\"https:\/\/www.omis.net\/pt-pt\/we-are-omis-vamos-enlouquecer\/\",\"url\":\"https:\/\/www.omis.net\/pt-pt\/we-are-omis-vamos-enlouquecer\/\",\"name\":\"WE ARE OMIS - Vejamos alguns n\u00fameros | Not\u00edcias da OMIS\",\"isPartOf\":{\"@id\":\"https:\/\/www.omis.net\/it-it\/#website\"},\"primaryImageOfPage\":{\"@id\":\"https:\/\/www.omis.net\/pt-pt\/we-are-omis-vamos-enlouquecer\/#primaryimage\"},\"image\":{\"@id\":\"https:\/\/www.omis.net\/pt-pt\/we-are-omis-vamos-enlouquecer\/#primaryimage\"},\"thumbnailUrl\":\"https:\/\/media.omis.net\/media\/2022\/03\/we-are-omis-lets-look-at-the-numbers-header-omis-scaled.webp\",\"datePublished\":\"2022-03-24T00:00:00+00:00\",\"dateModified\":\"2022-03-24T00:00:00+00:00\",\"description\":\"Gerenciamos todas as fun\u00e7\u00f5es administrativas do OMIS Group. 11 empresas gerenciadas anualmente. 16.000 faturas de compra registradas em 2021. 17.000 faturas de vendas registradas anualmente. 84.000 registros cont\u00e1beis em 2021. Leia as novidades | OMIS\",\"breadcrumb\":{\"@id\":\"https:\/\/www.omis.net\/pt-pt\/we-are-omis-vamos-enlouquecer\/#breadcrumb\"},\"inLanguage\":\"pt-pt\",\"potentialAction\":[{\"@type\":\"ReadAction\",\"target\":[\"https:\/\/www.omis.net\/pt-pt\/we-are-omis-vamos-enlouquecer\/\"]}]},{\"@type\":\"ImageObject\",\"inLanguage\":\"pt-pt\",\"@id\":\"https:\/\/www.omis.net\/pt-pt\/we-are-omis-vamos-enlouquecer\/#primaryimage\",\"url\":\"https:\/\/media.omis.net\/media\/2022\/03\/we-are-omis-lets-look-at-the-numbers-header-omis-scaled.webp\",\"contentUrl\":\"https:\/\/media.omis.net\/media\/2022\/03\/we-are-omis-lets-look-at-the-numbers-header-omis-scaled.webp\",\"width\":2560,\"height\":2560,\"caption\":\"gallery - We are Omis let\u2019s look at the numbers header Omis\"},{\"@type\":\"BreadcrumbList\",\"@id\":\"https:\/\/www.omis.net\/pt-pt\/we-are-omis-vamos-enlouquecer\/#breadcrumb\",\"itemListElement\":[{\"@type\":\"ListItem\",\"position\":1,\"name\":\"Home\",\"item\":\"https:\/\/www.omis.net\/pt-pt\/pagina-inicial\/\"},{\"@type\":\"ListItem\",\"position\":2,\"name\":\"WE ARE OMIS &#8211; Vamos enlouquecer\"}]},{\"@type\":\"WebSite\",\"@id\":\"https:\/\/www.omis.net\/it-it\/#website\",\"url\":\"https:\/\/www.omis.net\/it-it\/\",\"name\":\"Omis Spa\",\"description\":\"Movimentazione e sollevamento\",\"publisher\":{\"@id\":\"https:\/\/www.omis.net\/it-it\/#organization\"},\"potentialAction\":[{\"@type\":\"SearchAction\",\"target\":{\"@type\":\"EntryPoint\",\"urlTemplate\":\"https:\/\/www.omis.net\/it-it\/?s={search_term_string}\"},\"query-input\":{\"@type\":\"PropertyValueSpecification\",\"valueRequired\":true,\"valueName\":\"search_term_string\"}}],\"inLanguage\":\"pt-pt\"},{\"@type\":\"Organization\",\"@id\":\"https:\/\/www.omis.net\/it-it\/#organization\",\"name\":\"Omis Spa\",\"url\":\"https:\/\/www.omis.net\/it-it\/\",\"logo\":{\"@type\":\"ImageObject\",\"inLanguage\":\"pt-pt\",\"@id\":\"https:\/\/www.omis.net\/it-it\/#\/schema\/logo\/image\/\",\"url\":\"https:\/\/media.omis.net\/media\/2024\/08\/logo.jpg\",\"contentUrl\":\"https:\/\/media.omis.net\/media\/2024\/08\/logo.jpg\",\"width\":300,\"height\":300,\"caption\":\"Omis Spa\"},\"image\":{\"@id\":\"https:\/\/www.omis.net\/it-it\/#\/schema\/logo\/image\/\"},\"sameAs\":[\"https:\/\/www.facebook.com\/omisgroup\",\"https:\/\/www.linkedin.com\/company\/omis-group\",\"https:\/\/www.youtube.com\/channel\/UCS4L59XDk3kKBI9MnjuxWDw\",\"https:\/\/www.instagram.com\/omisgroup\"]},{\"@type\":\"Person\",\"@id\":\"https:\/\/www.omis.net\/it-it\/#\/schema\/person\/a84b31c39ee8e2b060f51cb288b0c8f4\",\"name\":\"AQuest\",\"image\":{\"@type\":\"ImageObject\",\"inLanguage\":\"pt-pt\",\"@id\":\"https:\/\/www.omis.net\/it-it\/#\/schema\/person\/image\/\",\"url\":\"https:\/\/secure.gravatar.com\/avatar\/189fc3cdb8260330afd047b6aaa36a00?s=96&d=mm&r=g\",\"contentUrl\":\"https:\/\/secure.gravatar.com\/avatar\/189fc3cdb8260330afd047b6aaa36a00?s=96&d=mm&r=g\",\"caption\":\"AQuest\"}}]}<\/script>\n<!-- \/ Yoast SEO plugin. -->","yoast_head_json":{"title":"WE ARE OMIS - Vejamos alguns n\u00fameros | Not\u00edcias da OMIS","description":"Gerenciamos todas as fun\u00e7\u00f5es administrativas do OMIS Group. 11 empresas gerenciadas anualmente. 16.000 faturas de compra registradas em 2021. 17.000 faturas de vendas registradas anualmente. 84.000 registros cont\u00e1beis em 2021. Leia as novidades | OMIS","robots":{"index":"index","follow":"follow","max-snippet":"max-snippet:-1","max-image-preview":"max-image-preview:large","max-video-preview":"max-video-preview:-1"},"og_locale":"pt_PT","og_type":"article","og_title":"WE ARE OMIS - Vejamos alguns n\u00fameros | Not\u00edcias da OMIS","og_description":"Gerenciamos todas as fun\u00e7\u00f5es administrativas do OMIS Group. 11 empresas gerenciadas anualmente. 16.000 faturas de compra registradas em 2021. 17.000 faturas de vendas registradas anualmente. 84.000 registros cont\u00e1beis em 2021. Leia as novidades | OMIS","og_url":"https:\/\/www.omis.net\/pt-pt\/we-are-omis-vamos-enlouquecer\/","og_site_name":"Omis Spa","article_publisher":"https:\/\/www.facebook.com\/omisgroup","article_published_time":"2022-03-24T00:00:00+00:00","og_image":[{"width":2560,"height":2560,"url":"https:\/\/media.omis.net\/media\/2022\/03\/we-are-omis-lets-look-at-the-numbers-header-omis-scaled.webp","type":"image\/webp"}],"author":"AQuest","twitter_card":"summary_large_image","twitter_misc":{"Written by":"AQuest"},"schema":{"@context":"https:\/\/schema.org","@graph":[{"@type":"Article","@id":"https:\/\/www.omis.net\/pt-pt\/we-are-omis-vamos-enlouquecer\/#article","isPartOf":{"@id":"https:\/\/www.omis.net\/pt-pt\/we-are-omis-vamos-enlouquecer\/"},"author":{"name":"AQuest","@id":"https:\/\/www.omis.net\/it-it\/#\/schema\/person\/a84b31c39ee8e2b060f51cb288b0c8f4"},"headline":"WE ARE OMIS &#8211; Vamos enlouquecer","datePublished":"2022-03-24T00:00:00+00:00","dateModified":"2022-03-24T00:00:00+00:00","mainEntityOfPage":{"@id":"https:\/\/www.omis.net\/pt-pt\/we-are-omis-vamos-enlouquecer\/"},"wordCount":32,"publisher":{"@id":"https:\/\/www.omis.net\/it-it\/#organization"},"image":{"@id":"https:\/\/www.omis.net\/pt-pt\/we-are-omis-vamos-enlouquecer\/#primaryimage"},"thumbnailUrl":"https:\/\/media.omis.net\/media\/2022\/03\/we-are-omis-lets-look-at-the-numbers-header-omis-scaled.webp","keywords":["administrative","cranes","omisborntolift","omiscranes","omisgroup","omispeople","weareomis"],"articleSection":["WeAreOMIS"],"inLanguage":"pt-pt"},{"@type":"WebPage","@id":"https:\/\/www.omis.net\/pt-pt\/we-are-omis-vamos-enlouquecer\/","url":"https:\/\/www.omis.net\/pt-pt\/we-are-omis-vamos-enlouquecer\/","name":"WE ARE OMIS - Vejamos alguns n\u00fameros | Not\u00edcias da OMIS","isPartOf":{"@id":"https:\/\/www.omis.net\/it-it\/#website"},"primaryImageOfPage":{"@id":"https:\/\/www.omis.net\/pt-pt\/we-are-omis-vamos-enlouquecer\/#primaryimage"},"image":{"@id":"https:\/\/www.omis.net\/pt-pt\/we-are-omis-vamos-enlouquecer\/#primaryimage"},"thumbnailUrl":"https:\/\/media.omis.net\/media\/2022\/03\/we-are-omis-lets-look-at-the-numbers-header-omis-scaled.webp","datePublished":"2022-03-24T00:00:00+00:00","dateModified":"2022-03-24T00:00:00+00:00","description":"Gerenciamos todas as fun\u00e7\u00f5es administrativas do OMIS Group. 11 empresas gerenciadas anualmente. 16.000 faturas de compra registradas em 2021. 17.000 faturas de vendas registradas anualmente. 84.000 registros cont\u00e1beis em 2021. Leia as novidades | OMIS","breadcrumb":{"@id":"https:\/\/www.omis.net\/pt-pt\/we-are-omis-vamos-enlouquecer\/#breadcrumb"},"inLanguage":"pt-pt","potentialAction":[{"@type":"ReadAction","target":["https:\/\/www.omis.net\/pt-pt\/we-are-omis-vamos-enlouquecer\/"]}]},{"@type":"ImageObject","inLanguage":"pt-pt","@id":"https:\/\/www.omis.net\/pt-pt\/we-are-omis-vamos-enlouquecer\/#primaryimage","url":"https:\/\/media.omis.net\/media\/2022\/03\/we-are-omis-lets-look-at-the-numbers-header-omis-scaled.webp","contentUrl":"https:\/\/media.omis.net\/media\/2022\/03\/we-are-omis-lets-look-at-the-numbers-header-omis-scaled.webp","width":2560,"height":2560,"caption":"gallery - We are Omis let\u2019s look at the numbers header Omis"},{"@type":"BreadcrumbList","@id":"https:\/\/www.omis.net\/pt-pt\/we-are-omis-vamos-enlouquecer\/#breadcrumb","itemListElement":[{"@type":"ListItem","position":1,"name":"Home","item":"https:\/\/www.omis.net\/pt-pt\/pagina-inicial\/"},{"@type":"ListItem","position":2,"name":"WE ARE OMIS &#8211; Vamos enlouquecer"}]},{"@type":"WebSite","@id":"https:\/\/www.omis.net\/it-it\/#website","url":"https:\/\/www.omis.net\/it-it\/","name":"Omis Spa","description":"Movimentazione e sollevamento","publisher":{"@id":"https:\/\/www.omis.net\/it-it\/#organization"},"potentialAction":[{"@type":"SearchAction","target":{"@type":"EntryPoint","urlTemplate":"https:\/\/www.omis.net\/it-it\/?s={search_term_string}"},"query-input":{"@type":"PropertyValueSpecification","valueRequired":true,"valueName":"search_term_string"}}],"inLanguage":"pt-pt"},{"@type":"Organization","@id":"https:\/\/www.omis.net\/it-it\/#organization","name":"Omis Spa","url":"https:\/\/www.omis.net\/it-it\/","logo":{"@type":"ImageObject","inLanguage":"pt-pt","@id":"https:\/\/www.omis.net\/it-it\/#\/schema\/logo\/image\/","url":"https:\/\/media.omis.net\/media\/2024\/08\/logo.jpg","contentUrl":"https:\/\/media.omis.net\/media\/2024\/08\/logo.jpg","width":300,"height":300,"caption":"Omis Spa"},"image":{"@id":"https:\/\/www.omis.net\/it-it\/#\/schema\/logo\/image\/"},"sameAs":["https:\/\/www.facebook.com\/omisgroup","https:\/\/www.linkedin.com\/company\/omis-group","https:\/\/www.youtube.com\/channel\/UCS4L59XDk3kKBI9MnjuxWDw","https:\/\/www.instagram.com\/omisgroup"]},{"@type":"Person","@id":"https:\/\/www.omis.net\/it-it\/#\/schema\/person\/a84b31c39ee8e2b060f51cb288b0c8f4","name":"AQuest","image":{"@type":"ImageObject","inLanguage":"pt-pt","@id":"https:\/\/www.omis.net\/it-it\/#\/schema\/person\/image\/","url":"https:\/\/secure.gravatar.com\/avatar\/189fc3cdb8260330afd047b6aaa36a00?s=96&d=mm&r=g","contentUrl":"https:\/\/secure.gravatar.com\/avatar\/189fc3cdb8260330afd047b6aaa36a00?s=96&d=mm&r=g","caption":"AQuest"}}]}},"_links":{"self":[{"href":"https:\/\/www.omis.net\/pt-pt\/wp-json\/wp\/v2\/posts\/5816"}],"collection":[{"href":"https:\/\/www.omis.net\/pt-pt\/wp-json\/wp\/v2\/posts"}],"about":[{"href":"https:\/\/www.omis.net\/pt-pt\/wp-json\/wp\/v2\/types\/post"}],"author":[{"embeddable":true,"href":"https:\/\/www.omis.net\/pt-pt\/wp-json\/wp\/v2\/users\/2"}],"replies":[{"embeddable":true,"href":"https:\/\/www.omis.net\/pt-pt\/wp-json\/wp\/v2\/comments?post=5816"}],"version-history":[{"count":0,"href":"https:\/\/www.omis.net\/pt-pt\/wp-json\/wp\/v2\/posts\/5816\/revisions"}],"wp:featuredmedia":[{"embeddable":true,"href":"https:\/\/www.omis.net\/pt-pt\/wp-json\/wp\/v2\/media\/9339"}],"wp:attachment":[{"href":"https:\/\/www.omis.net\/pt-pt\/wp-json\/wp\/v2\/media?parent=5816"}],"wp:term":[{"taxonomy":"category","embeddable":true,"href":"https:\/\/www.omis.net\/pt-pt\/wp-json\/wp\/v2\/categories?post=5816"},{"taxonomy":"post_tag","embeddable":true,"href":"https:\/\/www.omis.net\/pt-pt\/wp-json\/wp\/v2\/tags?post=5816"},{"taxonomy":"tipologia-prodotto","embeddable":true,"href":"https:\/\/www.omis.net\/pt-pt\/wp-json\/wp\/v2\/tipologia-prodotto?post=5816"}],"curies":[{"name":"wp","href":"https:\/\/api.w.org\/{rel}","templated":true}]}}