{"id":5810,"date":"2022-04-28T02:00:00","date_gmt":"2022-04-28T00:00:00","guid":{"rendered":"http:\/\/bedrock.local\/dia-internacional-da-saude-e-seguranca-no-trabalho\/"},"modified":"2022-04-28T02:00:00","modified_gmt":"2022-04-28T00:00:00","slug":"dia-internacional-da-saude-e-seguranca-no-trabalho","status":"publish","type":"post","link":"https:\/\/www.omis.net\/pt-pt\/dia-internacional-da-saude-e-seguranca-no-trabalho\/","title":{"rendered":"Dia Internacional da Sa\u00fade e Seguran\u00e7a no Trabalho"},"content":{"rendered":"<p>DIA INTERNACIONAL DA SA\u00daDE E SEGURAN\u00c7A NO TRABALHO<\/p><p> A sorte N\u00c3O \u00e9 um dispositivo de SEGURAN\u00c7A<\/p><p> 3 pessoas mortas todos os dias no local de trabalho na It\u00e1lia em 2021<\/p><p> 1221 acidentes fatais no local de trabalho na It\u00e1lia em 2021<\/p><p> 55288 doen\u00e7as ocupacionais registradas na It\u00e1lia em 2021<\/p><p> 555236 acidentes de trabalho relatados na It\u00e1lia em 2021<\/p><p> +9,6% de acidentes fatais no local de trabalho na It\u00e1lia nos primeiros 2 meses de 2022<\/p><p> +47% de relatos de les\u00f5es no local de trabalho na It\u00e1lia nos primeiros 2 meses de 2022<\/p>","protected":false},"excerpt":{"rendered":"<p>DIA INTERNACIONAL DA SA\u00daDE E SEGURAN\u00c7A NO TRABALHO A sorte N\u00c3O \u00e9 um dispositivo de SEGURAN\u00c7A 3 pessoas mortas todos os dias no local de trabalho na It\u00e1lia em 2021 1221 acidentes fatais no local de trabalho na It\u00e1lia em 2021 55288 doen\u00e7as ocupacionais registradas na It\u00e1lia em 2021 555236 acidentes de trabalho relatados na [&hellip;]<\/p>\n","protected":false},"author":2,"featured_media":9619,"comment_status":"closed","ping_status":"closed","sticky":false,"template":"","format":"standard","meta":{"_acf_changed":false,"footnotes":""},"categories":[665],"tags":[445,272,273,443,316,446,444,447],"tipologia-prodotto":[],"class_list":["post-5810","post","type-post","status-publish","format-standard","has-post-thumbnail","hentry","category-anuncios","tag-formazione","tag-omisborntolift","tag-omiscranes","tag-omisgoup","tag-safety","tag-safetyfirst","tag-sicurezzasullavoro","tag-worldayforsafetyandhealthatwork"],"acf":{"import_csv_id":"67","seo_title":"Dia Internacional da Seguran\u00e7a e Sa\u00fade no Trabalho | Not\u00edcias da OMIS","seo_description":"DIA INTERNACIONAL DA SA\u00daDE E SEGURAN\u00c7A NO TRABALHO\n A sorte N\u00c3O \u00e9 um dispositivo de SEGURAN\u00c7A\n 3 pessoas mortas todos os dias no local de trabalho na It\u00e1lia em 2021\n 1221 acidentes fatais no local de trabalho na It\u00e1lia em 2021\n 55288 doen\u00e7as ocupacionais registradas na It\u00e1lia em 2021\n 555236 acidentes de trabalho relatados na It\u00e1lia em 2021\n +9,6% de acidentes fatais no local de trabalho na It\u00e1lia nos primeiros 2 meses de 2022\n +47% de relatos de les\u00f5es no local de trabalho na It\u00e1lia nos primeiros 2 meses de 2022 Leia as novidades | OMIS"},"yoast_head":"<!-- This site is optimized with the Yoast SEO plugin v23.9 - https:\/\/yoast.com\/wordpress\/plugins\/seo\/ -->\n<title>Dia Internacional da Seguran\u00e7a e Sa\u00fade no Trabalho | Not\u00edcias da OMIS<\/title>\n<meta name=\"description\" content=\"DIA INTERNACIONAL DA SA\u00daDE E SEGURAN\u00c7A NO TRABALHO A sorte N\u00c3O \u00e9 um dispositivo de SEGURAN\u00c7A 3 pessoas mortas todos os dias no local de trabalho na It\u00e1lia em 2021 1221 acidentes fatais no local de trabalho na It\u00e1lia em 2021 55288 doen\u00e7as ocupacionais registradas na It\u00e1lia em 2021 555236 acidentes de trabalho relatados na It\u00e1lia em 2021 +9,6% de acidentes fatais no local de trabalho na It\u00e1lia nos primeiros 2 meses de 2022 +47% de relatos de les\u00f5es no local de trabalho na It\u00e1lia nos primeiros 2 meses de 2022 Leia as novidades | OMIS\" \/>\n<meta name=\"robots\" content=\"index, follow, max-snippet:-1, max-image-preview:large, max-video-preview:-1\" \/>\n<meta property=\"og:locale\" content=\"pt_PT\" \/>\n<meta property=\"og:type\" content=\"article\" \/>\n<meta property=\"og:title\" content=\"Dia Internacional da Seguran\u00e7a e Sa\u00fade no Trabalho | Not\u00edcias da OMIS\" \/>\n<meta property=\"og:description\" content=\"DIA INTERNACIONAL DA SA\u00daDE E SEGURAN\u00c7A NO TRABALHO A sorte N\u00c3O \u00e9 um dispositivo de SEGURAN\u00c7A 3 pessoas mortas todos os dias no local de trabalho na It\u00e1lia em 2021 1221 acidentes fatais no local de trabalho na It\u00e1lia em 2021 55288 doen\u00e7as ocupacionais registradas na It\u00e1lia em 2021 555236 acidentes de trabalho relatados na It\u00e1lia em 2021 +9,6% de acidentes fatais no local de trabalho na It\u00e1lia nos primeiros 2 meses de 2022 +47% de relatos de les\u00f5es no local de trabalho na It\u00e1lia nos primeiros 2 meses de 2022 Leia as novidades | OMIS\" \/>\n<meta property=\"og:url\" content=\"https:\/\/www.omis.net\/pt-pt\/dia-internacional-da-saude-e-seguranca-no-trabalho\/\" \/>\n<meta property=\"og:site_name\" content=\"Omis Spa\" \/>\n<meta property=\"article:publisher\" content=\"https:\/\/www.facebook.com\/omisgroup\" \/>\n<meta property=\"article:published_time\" content=\"2022-04-28T00:00:00+00:00\" \/>\n<meta property=\"og:image\" content=\"https:\/\/media.omis.net\/media\/2022\/04\/world-day-for-safety-and-health-at-work-omis-scaled.webp\" \/>\n\t<meta property=\"og:image:width\" content=\"2560\" \/>\n\t<meta property=\"og:image:height\" content=\"1839\" \/>\n\t<meta property=\"og:image:type\" content=\"image\/webp\" \/>\n<meta name=\"author\" content=\"AQuest\" \/>\n<meta name=\"twitter:card\" content=\"summary_large_image\" \/>\n<meta name=\"twitter:label1\" content=\"Written by\" \/>\n\t<meta name=\"twitter:data1\" content=\"AQuest\" \/>\n<script type=\"application\/ld+json\" class=\"yoast-schema-graph\">{\"@context\":\"https:\/\/schema.org\",\"@graph\":[{\"@type\":\"Article\",\"@id\":\"https:\/\/www.omis.net\/pt-pt\/dia-internacional-da-saude-e-seguranca-no-trabalho\/#article\",\"isPartOf\":{\"@id\":\"https:\/\/www.omis.net\/pt-pt\/dia-internacional-da-saude-e-seguranca-no-trabalho\/\"},\"author\":{\"name\":\"AQuest\",\"@id\":\"https:\/\/www.omis.net\/it-it\/#\/schema\/person\/a84b31c39ee8e2b060f51cb288b0c8f4\"},\"headline\":\"Dia Internacional da Sa\u00fade e Seguran\u00e7a no Trabalho\",\"datePublished\":\"2022-04-28T00:00:00+00:00\",\"dateModified\":\"2022-04-28T00:00:00+00:00\",\"mainEntityOfPage\":{\"@id\":\"https:\/\/www.omis.net\/pt-pt\/dia-internacional-da-saude-e-seguranca-no-trabalho\/\"},\"wordCount\":98,\"publisher\":{\"@id\":\"https:\/\/www.omis.net\/it-it\/#organization\"},\"image\":{\"@id\":\"https:\/\/www.omis.net\/pt-pt\/dia-internacional-da-saude-e-seguranca-no-trabalho\/#primaryimage\"},\"thumbnailUrl\":\"https:\/\/media.omis.net\/media\/2022\/04\/world-day-for-safety-and-health-at-work-omis-scaled.webp\",\"keywords\":[\"formazione\",\"omisborntolift\",\"omiscranes\",\"omisgoup\",\"safety\",\"safetyfirst\",\"sicurezzasullavoro\",\"WorlDayForSafetyAndHealthAtWork\"],\"articleSection\":[\"An\u00fancios\"],\"inLanguage\":\"pt-pt\"},{\"@type\":\"WebPage\",\"@id\":\"https:\/\/www.omis.net\/pt-pt\/dia-internacional-da-saude-e-seguranca-no-trabalho\/\",\"url\":\"https:\/\/www.omis.net\/pt-pt\/dia-internacional-da-saude-e-seguranca-no-trabalho\/\",\"name\":\"Dia Internacional da Seguran\u00e7a e Sa\u00fade no Trabalho | Not\u00edcias da OMIS\",\"isPartOf\":{\"@id\":\"https:\/\/www.omis.net\/it-it\/#website\"},\"primaryImageOfPage\":{\"@id\":\"https:\/\/www.omis.net\/pt-pt\/dia-internacional-da-saude-e-seguranca-no-trabalho\/#primaryimage\"},\"image\":{\"@id\":\"https:\/\/www.omis.net\/pt-pt\/dia-internacional-da-saude-e-seguranca-no-trabalho\/#primaryimage\"},\"thumbnailUrl\":\"https:\/\/media.omis.net\/media\/2022\/04\/world-day-for-safety-and-health-at-work-omis-scaled.webp\",\"datePublished\":\"2022-04-28T00:00:00+00:00\",\"dateModified\":\"2022-04-28T00:00:00+00:00\",\"description\":\"DIA INTERNACIONAL DA SA\u00daDE E SEGURAN\u00c7A NO TRABALHO A sorte N\u00c3O \u00e9 um dispositivo de SEGURAN\u00c7A 3 pessoas mortas todos os dias no local de trabalho na It\u00e1lia em 2021 1221 acidentes fatais no local de trabalho na It\u00e1lia em 2021 55288 doen\u00e7as ocupacionais registradas na It\u00e1lia em 2021 555236 acidentes de trabalho relatados na It\u00e1lia em 2021 +9,6% de acidentes fatais no local de trabalho na It\u00e1lia nos primeiros 2 meses de 2022 +47% de relatos de les\u00f5es no local de trabalho na It\u00e1lia nos primeiros 2 meses de 2022 Leia as novidades | OMIS\",\"breadcrumb\":{\"@id\":\"https:\/\/www.omis.net\/pt-pt\/dia-internacional-da-saude-e-seguranca-no-trabalho\/#breadcrumb\"},\"inLanguage\":\"pt-pt\",\"potentialAction\":[{\"@type\":\"ReadAction\",\"target\":[\"https:\/\/www.omis.net\/pt-pt\/dia-internacional-da-saude-e-seguranca-no-trabalho\/\"]}]},{\"@type\":\"ImageObject\",\"inLanguage\":\"pt-pt\",\"@id\":\"https:\/\/www.omis.net\/pt-pt\/dia-internacional-da-saude-e-seguranca-no-trabalho\/#primaryimage\",\"url\":\"https:\/\/media.omis.net\/media\/2022\/04\/world-day-for-safety-and-health-at-work-omis-scaled.webp\",\"contentUrl\":\"https:\/\/media.omis.net\/media\/2022\/04\/world-day-for-safety-and-health-at-work-omis-scaled.webp\",\"width\":2560,\"height\":1839,\"caption\":\"gallery - World day for safety and health at work Omis\"},{\"@type\":\"BreadcrumbList\",\"@id\":\"https:\/\/www.omis.net\/pt-pt\/dia-internacional-da-saude-e-seguranca-no-trabalho\/#breadcrumb\",\"itemListElement\":[{\"@type\":\"ListItem\",\"position\":1,\"name\":\"Home\",\"item\":\"https:\/\/www.omis.net\/pt-pt\/pagina-inicial\/\"},{\"@type\":\"ListItem\",\"position\":2,\"name\":\"Dia Internacional da Sa\u00fade e Seguran\u00e7a no Trabalho\"}]},{\"@type\":\"WebSite\",\"@id\":\"https:\/\/www.omis.net\/it-it\/#website\",\"url\":\"https:\/\/www.omis.net\/it-it\/\",\"name\":\"Omis Spa\",\"description\":\"Movimentazione e sollevamento\",\"publisher\":{\"@id\":\"https:\/\/www.omis.net\/it-it\/#organization\"},\"potentialAction\":[{\"@type\":\"SearchAction\",\"target\":{\"@type\":\"EntryPoint\",\"urlTemplate\":\"https:\/\/www.omis.net\/it-it\/?s={search_term_string}\"},\"query-input\":{\"@type\":\"PropertyValueSpecification\",\"valueRequired\":true,\"valueName\":\"search_term_string\"}}],\"inLanguage\":\"pt-pt\"},{\"@type\":\"Organization\",\"@id\":\"https:\/\/www.omis.net\/it-it\/#organization\",\"name\":\"Omis Spa\",\"url\":\"https:\/\/www.omis.net\/it-it\/\",\"logo\":{\"@type\":\"ImageObject\",\"inLanguage\":\"pt-pt\",\"@id\":\"https:\/\/www.omis.net\/it-it\/#\/schema\/logo\/image\/\",\"url\":\"https:\/\/media.omis.net\/media\/2024\/08\/logo.jpg\",\"contentUrl\":\"https:\/\/media.omis.net\/media\/2024\/08\/logo.jpg\",\"width\":300,\"height\":300,\"caption\":\"Omis Spa\"},\"image\":{\"@id\":\"https:\/\/www.omis.net\/it-it\/#\/schema\/logo\/image\/\"},\"sameAs\":[\"https:\/\/www.facebook.com\/omisgroup\",\"https:\/\/www.linkedin.com\/company\/omis-group\",\"https:\/\/www.youtube.com\/channel\/UCS4L59XDk3kKBI9MnjuxWDw\",\"https:\/\/www.instagram.com\/omisgroup\"]},{\"@type\":\"Person\",\"@id\":\"https:\/\/www.omis.net\/it-it\/#\/schema\/person\/a84b31c39ee8e2b060f51cb288b0c8f4\",\"name\":\"AQuest\",\"image\":{\"@type\":\"ImageObject\",\"inLanguage\":\"pt-pt\",\"@id\":\"https:\/\/www.omis.net\/it-it\/#\/schema\/person\/image\/\",\"url\":\"https:\/\/secure.gravatar.com\/avatar\/189fc3cdb8260330afd047b6aaa36a00?s=96&d=mm&r=g\",\"contentUrl\":\"https:\/\/secure.gravatar.com\/avatar\/189fc3cdb8260330afd047b6aaa36a00?s=96&d=mm&r=g\",\"caption\":\"AQuest\"}}]}<\/script>\n<!-- \/ Yoast SEO plugin. -->","yoast_head_json":{"title":"Dia Internacional da Seguran\u00e7a e Sa\u00fade no Trabalho | Not\u00edcias da OMIS","description":"DIA INTERNACIONAL DA SA\u00daDE E SEGURAN\u00c7A NO TRABALHO A sorte N\u00c3O \u00e9 um dispositivo de SEGURAN\u00c7A 3 pessoas mortas todos os dias no local de trabalho na It\u00e1lia em 2021 1221 acidentes fatais no local de trabalho na It\u00e1lia em 2021 55288 doen\u00e7as ocupacionais registradas na It\u00e1lia em 2021 555236 acidentes de trabalho relatados na It\u00e1lia em 2021 +9,6% de acidentes fatais no local de trabalho na It\u00e1lia nos primeiros 2 meses de 2022 +47% de relatos de les\u00f5es no local de trabalho na It\u00e1lia nos primeiros 2 meses de 2022 Leia as novidades | OMIS","robots":{"index":"index","follow":"follow","max-snippet":"max-snippet:-1","max-image-preview":"max-image-preview:large","max-video-preview":"max-video-preview:-1"},"og_locale":"pt_PT","og_type":"article","og_title":"Dia Internacional da Seguran\u00e7a e Sa\u00fade no Trabalho | Not\u00edcias da OMIS","og_description":"DIA INTERNACIONAL DA SA\u00daDE E SEGURAN\u00c7A NO TRABALHO A sorte N\u00c3O \u00e9 um dispositivo de SEGURAN\u00c7A 3 pessoas mortas todos os dias no local de trabalho na It\u00e1lia em 2021 1221 acidentes fatais no local de trabalho na It\u00e1lia em 2021 55288 doen\u00e7as ocupacionais registradas na It\u00e1lia em 2021 555236 acidentes de trabalho relatados na It\u00e1lia em 2021 +9,6% de acidentes fatais no local de trabalho na It\u00e1lia nos primeiros 2 meses de 2022 +47% de relatos de les\u00f5es no local de trabalho na It\u00e1lia nos primeiros 2 meses de 2022 Leia as novidades | OMIS","og_url":"https:\/\/www.omis.net\/pt-pt\/dia-internacional-da-saude-e-seguranca-no-trabalho\/","og_site_name":"Omis Spa","article_publisher":"https:\/\/www.facebook.com\/omisgroup","article_published_time":"2022-04-28T00:00:00+00:00","og_image":[{"width":2560,"height":1839,"url":"https:\/\/media.omis.net\/media\/2022\/04\/world-day-for-safety-and-health-at-work-omis-scaled.webp","type":"image\/webp"}],"author":"AQuest","twitter_card":"summary_large_image","twitter_misc":{"Written by":"AQuest"},"schema":{"@context":"https:\/\/schema.org","@graph":[{"@type":"Article","@id":"https:\/\/www.omis.net\/pt-pt\/dia-internacional-da-saude-e-seguranca-no-trabalho\/#article","isPartOf":{"@id":"https:\/\/www.omis.net\/pt-pt\/dia-internacional-da-saude-e-seguranca-no-trabalho\/"},"author":{"name":"AQuest","@id":"https:\/\/www.omis.net\/it-it\/#\/schema\/person\/a84b31c39ee8e2b060f51cb288b0c8f4"},"headline":"Dia Internacional da Sa\u00fade e Seguran\u00e7a no Trabalho","datePublished":"2022-04-28T00:00:00+00:00","dateModified":"2022-04-28T00:00:00+00:00","mainEntityOfPage":{"@id":"https:\/\/www.omis.net\/pt-pt\/dia-internacional-da-saude-e-seguranca-no-trabalho\/"},"wordCount":98,"publisher":{"@id":"https:\/\/www.omis.net\/it-it\/#organization"},"image":{"@id":"https:\/\/www.omis.net\/pt-pt\/dia-internacional-da-saude-e-seguranca-no-trabalho\/#primaryimage"},"thumbnailUrl":"https:\/\/media.omis.net\/media\/2022\/04\/world-day-for-safety-and-health-at-work-omis-scaled.webp","keywords":["formazione","omisborntolift","omiscranes","omisgoup","safety","safetyfirst","sicurezzasullavoro","WorlDayForSafetyAndHealthAtWork"],"articleSection":["An\u00fancios"],"inLanguage":"pt-pt"},{"@type":"WebPage","@id":"https:\/\/www.omis.net\/pt-pt\/dia-internacional-da-saude-e-seguranca-no-trabalho\/","url":"https:\/\/www.omis.net\/pt-pt\/dia-internacional-da-saude-e-seguranca-no-trabalho\/","name":"Dia Internacional da Seguran\u00e7a e Sa\u00fade no Trabalho | Not\u00edcias da OMIS","isPartOf":{"@id":"https:\/\/www.omis.net\/it-it\/#website"},"primaryImageOfPage":{"@id":"https:\/\/www.omis.net\/pt-pt\/dia-internacional-da-saude-e-seguranca-no-trabalho\/#primaryimage"},"image":{"@id":"https:\/\/www.omis.net\/pt-pt\/dia-internacional-da-saude-e-seguranca-no-trabalho\/#primaryimage"},"thumbnailUrl":"https:\/\/media.omis.net\/media\/2022\/04\/world-day-for-safety-and-health-at-work-omis-scaled.webp","datePublished":"2022-04-28T00:00:00+00:00","dateModified":"2022-04-28T00:00:00+00:00","description":"DIA INTERNACIONAL DA SA\u00daDE E SEGURAN\u00c7A NO TRABALHO A sorte N\u00c3O \u00e9 um dispositivo de SEGURAN\u00c7A 3 pessoas mortas todos os dias no local de trabalho na It\u00e1lia em 2021 1221 acidentes fatais no local de trabalho na It\u00e1lia em 2021 55288 doen\u00e7as ocupacionais registradas na It\u00e1lia em 2021 555236 acidentes de trabalho relatados na It\u00e1lia em 2021 +9,6% de acidentes fatais no local de trabalho na It\u00e1lia nos primeiros 2 meses de 2022 +47% de relatos de les\u00f5es no local de trabalho na It\u00e1lia nos primeiros 2 meses de 2022 Leia as novidades | OMIS","breadcrumb":{"@id":"https:\/\/www.omis.net\/pt-pt\/dia-internacional-da-saude-e-seguranca-no-trabalho\/#breadcrumb"},"inLanguage":"pt-pt","potentialAction":[{"@type":"ReadAction","target":["https:\/\/www.omis.net\/pt-pt\/dia-internacional-da-saude-e-seguranca-no-trabalho\/"]}]},{"@type":"ImageObject","inLanguage":"pt-pt","@id":"https:\/\/www.omis.net\/pt-pt\/dia-internacional-da-saude-e-seguranca-no-trabalho\/#primaryimage","url":"https:\/\/media.omis.net\/media\/2022\/04\/world-day-for-safety-and-health-at-work-omis-scaled.webp","contentUrl":"https:\/\/media.omis.net\/media\/2022\/04\/world-day-for-safety-and-health-at-work-omis-scaled.webp","width":2560,"height":1839,"caption":"gallery - World day for safety and health at work Omis"},{"@type":"BreadcrumbList","@id":"https:\/\/www.omis.net\/pt-pt\/dia-internacional-da-saude-e-seguranca-no-trabalho\/#breadcrumb","itemListElement":[{"@type":"ListItem","position":1,"name":"Home","item":"https:\/\/www.omis.net\/pt-pt\/pagina-inicial\/"},{"@type":"ListItem","position":2,"name":"Dia Internacional da Sa\u00fade e Seguran\u00e7a no Trabalho"}]},{"@type":"WebSite","@id":"https:\/\/www.omis.net\/it-it\/#website","url":"https:\/\/www.omis.net\/it-it\/","name":"Omis Spa","description":"Movimentazione e sollevamento","publisher":{"@id":"https:\/\/www.omis.net\/it-it\/#organization"},"potentialAction":[{"@type":"SearchAction","target":{"@type":"EntryPoint","urlTemplate":"https:\/\/www.omis.net\/it-it\/?s={search_term_string}"},"query-input":{"@type":"PropertyValueSpecification","valueRequired":true,"valueName":"search_term_string"}}],"inLanguage":"pt-pt"},{"@type":"Organization","@id":"https:\/\/www.omis.net\/it-it\/#organization","name":"Omis Spa","url":"https:\/\/www.omis.net\/it-it\/","logo":{"@type":"ImageObject","inLanguage":"pt-pt","@id":"https:\/\/www.omis.net\/it-it\/#\/schema\/logo\/image\/","url":"https:\/\/media.omis.net\/media\/2024\/08\/logo.jpg","contentUrl":"https:\/\/media.omis.net\/media\/2024\/08\/logo.jpg","width":300,"height":300,"caption":"Omis Spa"},"image":{"@id":"https:\/\/www.omis.net\/it-it\/#\/schema\/logo\/image\/"},"sameAs":["https:\/\/www.facebook.com\/omisgroup","https:\/\/www.linkedin.com\/company\/omis-group","https:\/\/www.youtube.com\/channel\/UCS4L59XDk3kKBI9MnjuxWDw","https:\/\/www.instagram.com\/omisgroup"]},{"@type":"Person","@id":"https:\/\/www.omis.net\/it-it\/#\/schema\/person\/a84b31c39ee8e2b060f51cb288b0c8f4","name":"AQuest","image":{"@type":"ImageObject","inLanguage":"pt-pt","@id":"https:\/\/www.omis.net\/it-it\/#\/schema\/person\/image\/","url":"https:\/\/secure.gravatar.com\/avatar\/189fc3cdb8260330afd047b6aaa36a00?s=96&d=mm&r=g","contentUrl":"https:\/\/secure.gravatar.com\/avatar\/189fc3cdb8260330afd047b6aaa36a00?s=96&d=mm&r=g","caption":"AQuest"}}]}},"_links":{"self":[{"href":"https:\/\/www.omis.net\/pt-pt\/wp-json\/wp\/v2\/posts\/5810"}],"collection":[{"href":"https:\/\/www.omis.net\/pt-pt\/wp-json\/wp\/v2\/posts"}],"about":[{"href":"https:\/\/www.omis.net\/pt-pt\/wp-json\/wp\/v2\/types\/post"}],"author":[{"embeddable":true,"href":"https:\/\/www.omis.net\/pt-pt\/wp-json\/wp\/v2\/users\/2"}],"replies":[{"embeddable":true,"href":"https:\/\/www.omis.net\/pt-pt\/wp-json\/wp\/v2\/comments?post=5810"}],"version-history":[{"count":0,"href":"https:\/\/www.omis.net\/pt-pt\/wp-json\/wp\/v2\/posts\/5810\/revisions"}],"wp:featuredmedia":[{"embeddable":true,"href":"https:\/\/www.omis.net\/pt-pt\/wp-json\/wp\/v2\/media\/9619"}],"wp:attachment":[{"href":"https:\/\/www.omis.net\/pt-pt\/wp-json\/wp\/v2\/media?parent=5810"}],"wp:term":[{"taxonomy":"category","embeddable":true,"href":"https:\/\/www.omis.net\/pt-pt\/wp-json\/wp\/v2\/categories?post=5810"},{"taxonomy":"post_tag","embeddable":true,"href":"https:\/\/www.omis.net\/pt-pt\/wp-json\/wp\/v2\/tags?post=5810"},{"taxonomy":"tipologia-prodotto","embeddable":true,"href":"https:\/\/www.omis.net\/pt-pt\/wp-json\/wp\/v2\/tipologia-prodotto?post=5810"}],"curies":[{"name":"wp","href":"https:\/\/api.w.org\/{rel}","templated":true}]}}