{"id":5796,"date":"2022-10-27T02:00:00","date_gmt":"2022-10-27T00:00:00","guid":{"rendered":"http:\/\/bedrock.local\/we-are-omis-vamos-alimentar-seus-movimentos\/"},"modified":"2022-10-27T02:00:00","modified_gmt":"2022-10-27T00:00:00","slug":"we-are-omis-vamos-alimentar-seus-movimentos","status":"publish","type":"post","link":"https:\/\/www.omis.net\/pt-pt\/we-are-omis-vamos-alimentar-seus-movimentos\/","title":{"rendered":"WE ARE OMIS &#8211; Vamos alimentar seus movimentos"},"content":{"rendered":"<p>Na OMIS, projetamos nossos quadros de distribui\u00e7\u00e3o com a m\u00e1xima precis\u00e3o, selecionando os melhores componentes dispon\u00edveis em todo o mundo. Oferecemos uma ampla gama de pain\u00e9is de distribui\u00e7\u00e3o, desde solu\u00e7\u00f5es padr\u00e3o at\u00e9 solu\u00e7\u00f5es altamente personalizadas, para atender a todas as aplica\u00e7\u00f5es, tanto na It\u00e1lia quanto no exterior.<\/p><p>Cada produto \u00e9 desenvolvido de acordo com as especifica\u00e7\u00f5es fornecidas por nossos clientes, constru\u00eddo em nossas oficinas e submetido a testes rigorosos para garantir o m\u00e1ximo desempenho operacional e confiabilidade. Com 9.200 horas dedicadas ao projeto somente em 2021 e mais de 2.500 quadros de distribui\u00e7\u00e3o projetados anualmente, garantimos que cada componente e cada detalhe atendam aos mais altos padr\u00f5es do setor.<\/p><p>Nosso foco em qualidade e personaliza\u00e7\u00e3o nos permite fornecer solu\u00e7\u00f5es otimizadas que atendem \u00e0s necessidades espec\u00edficas de cada cliente, garantindo uma opera\u00e7\u00e3o perfeita e duradoura. Os quadros de distribui\u00e7\u00e3o OMIS combinam inova\u00e7\u00e3o, precis\u00e3o e confiabilidade tanto para aplica\u00e7\u00f5es padr\u00e3o quanto para requisitos especiais.<\/p>","protected":false},"excerpt":{"rendered":"<p>Na OMIS, projetamos nossos quadros de distribui\u00e7\u00e3o com a m\u00e1xima precis\u00e3o, selecionando os melhores componentes dispon\u00edveis em todo o mundo. Oferecemos uma ampla gama de pain\u00e9is de distribui\u00e7\u00e3o, desde solu\u00e7\u00f5es padr\u00e3o at\u00e9 solu\u00e7\u00f5es altamente personalizadas, para atender a todas as aplica\u00e7\u00f5es, tanto na It\u00e1lia quanto no exterior. Cada produto \u00e9 desenvolvido de acordo com as [&hellip;]<\/p>\n","protected":false},"author":2,"featured_media":10102,"comment_status":"closed","ping_status":"closed","sticky":false,"template":"","format":"standard","meta":{"_acf_changed":false,"footnotes":""},"categories":[678],"tags":[375,376,377,378,272,273,373,389,289,374],"tipologia-prodotto":[],"class_list":["post-5796","post","type-post","status-publish","format-standard","has-post-thumbnail","hentry","category-weareomis-pt","tag-electric","tag-electricalengineering","tag-electricequipment","tag-electricpanel","tag-omisborntolift","tag-omiscranes","tag-omiselectric","tag-omisgroup","tag-weareomis","tag-weareomisgroup"],"acf":{"import_csv_id":"53","seo_title":"WE ARE OMIS - Vamos alimentar seus movimentos | Not\u00edcias da OMIS","seo_description":"Projetamos nossos quadros de distribui\u00e7\u00e3o com precis\u00e3o, escolhendo os melhores componentes do mundo. Produzimos uma ampla gama de quadros de distribui\u00e7\u00e3o, de qualquer tamanho e escopo, para aplica\u00e7\u00f5es padr\u00e3o e especiais, na It\u00e1lia e tamb\u00e9m no exterior.\n Todos os nossos produtos s\u00e3o desenvolvidos de acordo com as especifica\u00e7\u00f5es, fabricados em nossas oficinas e, por fim, testados para garantir o m\u00e1ximo desempenho operacional.\n 9200 horas dedicadas a projetos em 2021\n +2500 quadros de distribui\u00e7\u00e3o projetados anualmente. Leia as novidades | OMIS"},"yoast_head":"<!-- This site is optimized with the Yoast SEO plugin v23.9 - https:\/\/yoast.com\/wordpress\/plugins\/seo\/ -->\n<title>WE ARE OMIS - Vamos alimentar seus movimentos | Not\u00edcias da OMIS<\/title>\n<meta name=\"description\" content=\"Projetamos nossos quadros de distribui\u00e7\u00e3o com precis\u00e3o, escolhendo os melhores componentes do mundo. Produzimos uma ampla gama de quadros de distribui\u00e7\u00e3o, de qualquer tamanho e escopo, para aplica\u00e7\u00f5es padr\u00e3o e especiais, na It\u00e1lia e tamb\u00e9m no exterior. Todos os nossos produtos s\u00e3o desenvolvidos de acordo com as especifica\u00e7\u00f5es, fabricados em nossas oficinas e, por fim, testados para garantir o m\u00e1ximo desempenho operacional. 9200 horas dedicadas a projetos em 2021 +2500 quadros de distribui\u00e7\u00e3o projetados anualmente. Leia as novidades | OMIS\" \/>\n<meta name=\"robots\" content=\"index, follow, max-snippet:-1, max-image-preview:large, max-video-preview:-1\" \/>\n<meta property=\"og:locale\" content=\"pt_PT\" \/>\n<meta property=\"og:type\" content=\"article\" \/>\n<meta property=\"og:title\" content=\"WE ARE OMIS - Vamos alimentar seus movimentos | Not\u00edcias da OMIS\" \/>\n<meta property=\"og:description\" content=\"Projetamos nossos quadros de distribui\u00e7\u00e3o com precis\u00e3o, escolhendo os melhores componentes do mundo. Produzimos uma ampla gama de quadros de distribui\u00e7\u00e3o, de qualquer tamanho e escopo, para aplica\u00e7\u00f5es padr\u00e3o e especiais, na It\u00e1lia e tamb\u00e9m no exterior. Todos os nossos produtos s\u00e3o desenvolvidos de acordo com as especifica\u00e7\u00f5es, fabricados em nossas oficinas e, por fim, testados para garantir o m\u00e1ximo desempenho operacional. 9200 horas dedicadas a projetos em 2021 +2500 quadros de distribui\u00e7\u00e3o projetados anualmente. Leia as novidades | OMIS\" \/>\n<meta property=\"og:url\" content=\"https:\/\/www.omis.net\/pt-pt\/we-are-omis-vamos-alimentar-seus-movimentos\/\" \/>\n<meta property=\"og:site_name\" content=\"Omis Spa\" \/>\n<meta property=\"article:publisher\" content=\"https:\/\/www.facebook.com\/omisgroup\" \/>\n<meta property=\"article:published_time\" content=\"2022-10-27T00:00:00+00:00\" \/>\n<meta property=\"og:image\" content=\"https:\/\/media.omis.net\/media\/2022\/10\/we-are-omis-we-power-your-movements-banner-omis-scaled.webp\" \/>\n\t<meta property=\"og:image:width\" content=\"2560\" \/>\n\t<meta property=\"og:image:height\" content=\"2560\" \/>\n\t<meta property=\"og:image:type\" content=\"image\/webp\" \/>\n<meta name=\"author\" content=\"AQuest\" \/>\n<meta name=\"twitter:card\" content=\"summary_large_image\" \/>\n<meta name=\"twitter:label1\" content=\"Written by\" \/>\n\t<meta name=\"twitter:data1\" content=\"AQuest\" \/>\n\t<meta name=\"twitter:label2\" content=\"Est. reading time\" \/>\n\t<meta name=\"twitter:data2\" content=\"1 minute\" \/>\n<script type=\"application\/ld+json\" class=\"yoast-schema-graph\">{\"@context\":\"https:\/\/schema.org\",\"@graph\":[{\"@type\":\"Article\",\"@id\":\"https:\/\/www.omis.net\/pt-pt\/we-are-omis-vamos-alimentar-seus-movimentos\/#article\",\"isPartOf\":{\"@id\":\"https:\/\/www.omis.net\/pt-pt\/we-are-omis-vamos-alimentar-seus-movimentos\/\"},\"author\":{\"name\":\"AQuest\",\"@id\":\"https:\/\/www.omis.net\/it-it\/#\/schema\/person\/a84b31c39ee8e2b060f51cb288b0c8f4\"},\"headline\":\"WE ARE OMIS &#8211; Vamos alimentar seus movimentos\",\"datePublished\":\"2022-10-27T00:00:00+00:00\",\"dateModified\":\"2022-10-27T00:00:00+00:00\",\"mainEntityOfPage\":{\"@id\":\"https:\/\/www.omis.net\/pt-pt\/we-are-omis-vamos-alimentar-seus-movimentos\/\"},\"wordCount\":181,\"publisher\":{\"@id\":\"https:\/\/www.omis.net\/it-it\/#organization\"},\"image\":{\"@id\":\"https:\/\/www.omis.net\/pt-pt\/we-are-omis-vamos-alimentar-seus-movimentos\/#primaryimage\"},\"thumbnailUrl\":\"https:\/\/media.omis.net\/media\/2022\/10\/we-are-omis-we-power-your-movements-banner-omis-scaled.webp\",\"keywords\":[\"electric\",\"electricalengineering\",\"electricequipment\",\"electricpanel\",\"omisborntolift\",\"omiscranes\",\"omiselectric\",\"omisgroup\",\"weareomis\",\"weareomisgroup\"],\"articleSection\":[\"WeAreOMIS\"],\"inLanguage\":\"pt-pt\"},{\"@type\":\"WebPage\",\"@id\":\"https:\/\/www.omis.net\/pt-pt\/we-are-omis-vamos-alimentar-seus-movimentos\/\",\"url\":\"https:\/\/www.omis.net\/pt-pt\/we-are-omis-vamos-alimentar-seus-movimentos\/\",\"name\":\"WE ARE OMIS - Vamos alimentar seus movimentos | Not\u00edcias da OMIS\",\"isPartOf\":{\"@id\":\"https:\/\/www.omis.net\/it-it\/#website\"},\"primaryImageOfPage\":{\"@id\":\"https:\/\/www.omis.net\/pt-pt\/we-are-omis-vamos-alimentar-seus-movimentos\/#primaryimage\"},\"image\":{\"@id\":\"https:\/\/www.omis.net\/pt-pt\/we-are-omis-vamos-alimentar-seus-movimentos\/#primaryimage\"},\"thumbnailUrl\":\"https:\/\/media.omis.net\/media\/2022\/10\/we-are-omis-we-power-your-movements-banner-omis-scaled.webp\",\"datePublished\":\"2022-10-27T00:00:00+00:00\",\"dateModified\":\"2022-10-27T00:00:00+00:00\",\"description\":\"Projetamos nossos quadros de distribui\u00e7\u00e3o com precis\u00e3o, escolhendo os melhores componentes do mundo. Produzimos uma ampla gama de quadros de distribui\u00e7\u00e3o, de qualquer tamanho e escopo, para aplica\u00e7\u00f5es padr\u00e3o e especiais, na It\u00e1lia e tamb\u00e9m no exterior. Todos os nossos produtos s\u00e3o desenvolvidos de acordo com as especifica\u00e7\u00f5es, fabricados em nossas oficinas e, por fim, testados para garantir o m\u00e1ximo desempenho operacional. 9200 horas dedicadas a projetos em 2021 +2500 quadros de distribui\u00e7\u00e3o projetados anualmente. Leia as novidades | OMIS\",\"breadcrumb\":{\"@id\":\"https:\/\/www.omis.net\/pt-pt\/we-are-omis-vamos-alimentar-seus-movimentos\/#breadcrumb\"},\"inLanguage\":\"pt-pt\",\"potentialAction\":[{\"@type\":\"ReadAction\",\"target\":[\"https:\/\/www.omis.net\/pt-pt\/we-are-omis-vamos-alimentar-seus-movimentos\/\"]}]},{\"@type\":\"ImageObject\",\"inLanguage\":\"pt-pt\",\"@id\":\"https:\/\/www.omis.net\/pt-pt\/we-are-omis-vamos-alimentar-seus-movimentos\/#primaryimage\",\"url\":\"https:\/\/media.omis.net\/media\/2022\/10\/we-are-omis-we-power-your-movements-banner-omis-scaled.webp\",\"contentUrl\":\"https:\/\/media.omis.net\/media\/2022\/10\/we-are-omis-we-power-your-movements-banner-omis-scaled.webp\",\"width\":2560,\"height\":2560,\"caption\":\"gallery - We are Omis we power your movements banner Omis\"},{\"@type\":\"BreadcrumbList\",\"@id\":\"https:\/\/www.omis.net\/pt-pt\/we-are-omis-vamos-alimentar-seus-movimentos\/#breadcrumb\",\"itemListElement\":[{\"@type\":\"ListItem\",\"position\":1,\"name\":\"Home\",\"item\":\"https:\/\/www.omis.net\/pt-pt\/pagina-inicial\/\"},{\"@type\":\"ListItem\",\"position\":2,\"name\":\"WE ARE OMIS &#8211; Vamos alimentar seus movimentos\"}]},{\"@type\":\"WebSite\",\"@id\":\"https:\/\/www.omis.net\/it-it\/#website\",\"url\":\"https:\/\/www.omis.net\/it-it\/\",\"name\":\"Omis Spa\",\"description\":\"Movimentazione e sollevamento\",\"publisher\":{\"@id\":\"https:\/\/www.omis.net\/it-it\/#organization\"},\"potentialAction\":[{\"@type\":\"SearchAction\",\"target\":{\"@type\":\"EntryPoint\",\"urlTemplate\":\"https:\/\/www.omis.net\/it-it\/?s={search_term_string}\"},\"query-input\":{\"@type\":\"PropertyValueSpecification\",\"valueRequired\":true,\"valueName\":\"search_term_string\"}}],\"inLanguage\":\"pt-pt\"},{\"@type\":\"Organization\",\"@id\":\"https:\/\/www.omis.net\/it-it\/#organization\",\"name\":\"Omis Spa\",\"url\":\"https:\/\/www.omis.net\/it-it\/\",\"logo\":{\"@type\":\"ImageObject\",\"inLanguage\":\"pt-pt\",\"@id\":\"https:\/\/www.omis.net\/it-it\/#\/schema\/logo\/image\/\",\"url\":\"https:\/\/media.omis.net\/media\/2024\/08\/logo.jpg\",\"contentUrl\":\"https:\/\/media.omis.net\/media\/2024\/08\/logo.jpg\",\"width\":300,\"height\":300,\"caption\":\"Omis Spa\"},\"image\":{\"@id\":\"https:\/\/www.omis.net\/it-it\/#\/schema\/logo\/image\/\"},\"sameAs\":[\"https:\/\/www.facebook.com\/omisgroup\",\"https:\/\/www.linkedin.com\/company\/omis-group\",\"https:\/\/www.youtube.com\/channel\/UCS4L59XDk3kKBI9MnjuxWDw\",\"https:\/\/www.instagram.com\/omisgroup\"]},{\"@type\":\"Person\",\"@id\":\"https:\/\/www.omis.net\/it-it\/#\/schema\/person\/a84b31c39ee8e2b060f51cb288b0c8f4\",\"name\":\"AQuest\",\"image\":{\"@type\":\"ImageObject\",\"inLanguage\":\"pt-pt\",\"@id\":\"https:\/\/www.omis.net\/it-it\/#\/schema\/person\/image\/\",\"url\":\"https:\/\/secure.gravatar.com\/avatar\/189fc3cdb8260330afd047b6aaa36a00?s=96&d=mm&r=g\",\"contentUrl\":\"https:\/\/secure.gravatar.com\/avatar\/189fc3cdb8260330afd047b6aaa36a00?s=96&d=mm&r=g\",\"caption\":\"AQuest\"}}]}<\/script>\n<!-- \/ Yoast SEO plugin. -->","yoast_head_json":{"title":"WE ARE OMIS - Vamos alimentar seus movimentos | Not\u00edcias da OMIS","description":"Projetamos nossos quadros de distribui\u00e7\u00e3o com precis\u00e3o, escolhendo os melhores componentes do mundo. Produzimos uma ampla gama de quadros de distribui\u00e7\u00e3o, de qualquer tamanho e escopo, para aplica\u00e7\u00f5es padr\u00e3o e especiais, na It\u00e1lia e tamb\u00e9m no exterior. Todos os nossos produtos s\u00e3o desenvolvidos de acordo com as especifica\u00e7\u00f5es, fabricados em nossas oficinas e, por fim, testados para garantir o m\u00e1ximo desempenho operacional. 9200 horas dedicadas a projetos em 2021 +2500 quadros de distribui\u00e7\u00e3o projetados anualmente. Leia as novidades | OMIS","robots":{"index":"index","follow":"follow","max-snippet":"max-snippet:-1","max-image-preview":"max-image-preview:large","max-video-preview":"max-video-preview:-1"},"og_locale":"pt_PT","og_type":"article","og_title":"WE ARE OMIS - Vamos alimentar seus movimentos | Not\u00edcias da OMIS","og_description":"Projetamos nossos quadros de distribui\u00e7\u00e3o com precis\u00e3o, escolhendo os melhores componentes do mundo. Produzimos uma ampla gama de quadros de distribui\u00e7\u00e3o, de qualquer tamanho e escopo, para aplica\u00e7\u00f5es padr\u00e3o e especiais, na It\u00e1lia e tamb\u00e9m no exterior. Todos os nossos produtos s\u00e3o desenvolvidos de acordo com as especifica\u00e7\u00f5es, fabricados em nossas oficinas e, por fim, testados para garantir o m\u00e1ximo desempenho operacional. 9200 horas dedicadas a projetos em 2021 +2500 quadros de distribui\u00e7\u00e3o projetados anualmente. Leia as novidades | OMIS","og_url":"https:\/\/www.omis.net\/pt-pt\/we-are-omis-vamos-alimentar-seus-movimentos\/","og_site_name":"Omis Spa","article_publisher":"https:\/\/www.facebook.com\/omisgroup","article_published_time":"2022-10-27T00:00:00+00:00","og_image":[{"width":2560,"height":2560,"url":"https:\/\/media.omis.net\/media\/2022\/10\/we-are-omis-we-power-your-movements-banner-omis-scaled.webp","type":"image\/webp"}],"author":"AQuest","twitter_card":"summary_large_image","twitter_misc":{"Written by":"AQuest","Est. reading time":"1 minute"},"schema":{"@context":"https:\/\/schema.org","@graph":[{"@type":"Article","@id":"https:\/\/www.omis.net\/pt-pt\/we-are-omis-vamos-alimentar-seus-movimentos\/#article","isPartOf":{"@id":"https:\/\/www.omis.net\/pt-pt\/we-are-omis-vamos-alimentar-seus-movimentos\/"},"author":{"name":"AQuest","@id":"https:\/\/www.omis.net\/it-it\/#\/schema\/person\/a84b31c39ee8e2b060f51cb288b0c8f4"},"headline":"WE ARE OMIS &#8211; Vamos alimentar seus movimentos","datePublished":"2022-10-27T00:00:00+00:00","dateModified":"2022-10-27T00:00:00+00:00","mainEntityOfPage":{"@id":"https:\/\/www.omis.net\/pt-pt\/we-are-omis-vamos-alimentar-seus-movimentos\/"},"wordCount":181,"publisher":{"@id":"https:\/\/www.omis.net\/it-it\/#organization"},"image":{"@id":"https:\/\/www.omis.net\/pt-pt\/we-are-omis-vamos-alimentar-seus-movimentos\/#primaryimage"},"thumbnailUrl":"https:\/\/media.omis.net\/media\/2022\/10\/we-are-omis-we-power-your-movements-banner-omis-scaled.webp","keywords":["electric","electricalengineering","electricequipment","electricpanel","omisborntolift","omiscranes","omiselectric","omisgroup","weareomis","weareomisgroup"],"articleSection":["WeAreOMIS"],"inLanguage":"pt-pt"},{"@type":"WebPage","@id":"https:\/\/www.omis.net\/pt-pt\/we-are-omis-vamos-alimentar-seus-movimentos\/","url":"https:\/\/www.omis.net\/pt-pt\/we-are-omis-vamos-alimentar-seus-movimentos\/","name":"WE ARE OMIS - Vamos alimentar seus movimentos | Not\u00edcias da OMIS","isPartOf":{"@id":"https:\/\/www.omis.net\/it-it\/#website"},"primaryImageOfPage":{"@id":"https:\/\/www.omis.net\/pt-pt\/we-are-omis-vamos-alimentar-seus-movimentos\/#primaryimage"},"image":{"@id":"https:\/\/www.omis.net\/pt-pt\/we-are-omis-vamos-alimentar-seus-movimentos\/#primaryimage"},"thumbnailUrl":"https:\/\/media.omis.net\/media\/2022\/10\/we-are-omis-we-power-your-movements-banner-omis-scaled.webp","datePublished":"2022-10-27T00:00:00+00:00","dateModified":"2022-10-27T00:00:00+00:00","description":"Projetamos nossos quadros de distribui\u00e7\u00e3o com precis\u00e3o, escolhendo os melhores componentes do mundo. Produzimos uma ampla gama de quadros de distribui\u00e7\u00e3o, de qualquer tamanho e escopo, para aplica\u00e7\u00f5es padr\u00e3o e especiais, na It\u00e1lia e tamb\u00e9m no exterior. Todos os nossos produtos s\u00e3o desenvolvidos de acordo com as especifica\u00e7\u00f5es, fabricados em nossas oficinas e, por fim, testados para garantir o m\u00e1ximo desempenho operacional. 9200 horas dedicadas a projetos em 2021 +2500 quadros de distribui\u00e7\u00e3o projetados anualmente. Leia as novidades | OMIS","breadcrumb":{"@id":"https:\/\/www.omis.net\/pt-pt\/we-are-omis-vamos-alimentar-seus-movimentos\/#breadcrumb"},"inLanguage":"pt-pt","potentialAction":[{"@type":"ReadAction","target":["https:\/\/www.omis.net\/pt-pt\/we-are-omis-vamos-alimentar-seus-movimentos\/"]}]},{"@type":"ImageObject","inLanguage":"pt-pt","@id":"https:\/\/www.omis.net\/pt-pt\/we-are-omis-vamos-alimentar-seus-movimentos\/#primaryimage","url":"https:\/\/media.omis.net\/media\/2022\/10\/we-are-omis-we-power-your-movements-banner-omis-scaled.webp","contentUrl":"https:\/\/media.omis.net\/media\/2022\/10\/we-are-omis-we-power-your-movements-banner-omis-scaled.webp","width":2560,"height":2560,"caption":"gallery - We are Omis we power your movements banner Omis"},{"@type":"BreadcrumbList","@id":"https:\/\/www.omis.net\/pt-pt\/we-are-omis-vamos-alimentar-seus-movimentos\/#breadcrumb","itemListElement":[{"@type":"ListItem","position":1,"name":"Home","item":"https:\/\/www.omis.net\/pt-pt\/pagina-inicial\/"},{"@type":"ListItem","position":2,"name":"WE ARE OMIS &#8211; Vamos alimentar seus movimentos"}]},{"@type":"WebSite","@id":"https:\/\/www.omis.net\/it-it\/#website","url":"https:\/\/www.omis.net\/it-it\/","name":"Omis Spa","description":"Movimentazione e sollevamento","publisher":{"@id":"https:\/\/www.omis.net\/it-it\/#organization"},"potentialAction":[{"@type":"SearchAction","target":{"@type":"EntryPoint","urlTemplate":"https:\/\/www.omis.net\/it-it\/?s={search_term_string}"},"query-input":{"@type":"PropertyValueSpecification","valueRequired":true,"valueName":"search_term_string"}}],"inLanguage":"pt-pt"},{"@type":"Organization","@id":"https:\/\/www.omis.net\/it-it\/#organization","name":"Omis Spa","url":"https:\/\/www.omis.net\/it-it\/","logo":{"@type":"ImageObject","inLanguage":"pt-pt","@id":"https:\/\/www.omis.net\/it-it\/#\/schema\/logo\/image\/","url":"https:\/\/media.omis.net\/media\/2024\/08\/logo.jpg","contentUrl":"https:\/\/media.omis.net\/media\/2024\/08\/logo.jpg","width":300,"height":300,"caption":"Omis Spa"},"image":{"@id":"https:\/\/www.omis.net\/it-it\/#\/schema\/logo\/image\/"},"sameAs":["https:\/\/www.facebook.com\/omisgroup","https:\/\/www.linkedin.com\/company\/omis-group","https:\/\/www.youtube.com\/channel\/UCS4L59XDk3kKBI9MnjuxWDw","https:\/\/www.instagram.com\/omisgroup"]},{"@type":"Person","@id":"https:\/\/www.omis.net\/it-it\/#\/schema\/person\/a84b31c39ee8e2b060f51cb288b0c8f4","name":"AQuest","image":{"@type":"ImageObject","inLanguage":"pt-pt","@id":"https:\/\/www.omis.net\/it-it\/#\/schema\/person\/image\/","url":"https:\/\/secure.gravatar.com\/avatar\/189fc3cdb8260330afd047b6aaa36a00?s=96&d=mm&r=g","contentUrl":"https:\/\/secure.gravatar.com\/avatar\/189fc3cdb8260330afd047b6aaa36a00?s=96&d=mm&r=g","caption":"AQuest"}}]}},"_links":{"self":[{"href":"https:\/\/www.omis.net\/pt-pt\/wp-json\/wp\/v2\/posts\/5796"}],"collection":[{"href":"https:\/\/www.omis.net\/pt-pt\/wp-json\/wp\/v2\/posts"}],"about":[{"href":"https:\/\/www.omis.net\/pt-pt\/wp-json\/wp\/v2\/types\/post"}],"author":[{"embeddable":true,"href":"https:\/\/www.omis.net\/pt-pt\/wp-json\/wp\/v2\/users\/2"}],"replies":[{"embeddable":true,"href":"https:\/\/www.omis.net\/pt-pt\/wp-json\/wp\/v2\/comments?post=5796"}],"version-history":[{"count":0,"href":"https:\/\/www.omis.net\/pt-pt\/wp-json\/wp\/v2\/posts\/5796\/revisions"}],"wp:featuredmedia":[{"embeddable":true,"href":"https:\/\/www.omis.net\/pt-pt\/wp-json\/wp\/v2\/media\/10102"}],"wp:attachment":[{"href":"https:\/\/www.omis.net\/pt-pt\/wp-json\/wp\/v2\/media?parent=5796"}],"wp:term":[{"taxonomy":"category","embeddable":true,"href":"https:\/\/www.omis.net\/pt-pt\/wp-json\/wp\/v2\/categories?post=5796"},{"taxonomy":"post_tag","embeddable":true,"href":"https:\/\/www.omis.net\/pt-pt\/wp-json\/wp\/v2\/tags?post=5796"},{"taxonomy":"tipologia-prodotto","embeddable":true,"href":"https:\/\/www.omis.net\/pt-pt\/wp-json\/wp\/v2\/tipologia-prodotto?post=5796"}],"curies":[{"name":"wp","href":"https:\/\/api.w.org\/{rel}","templated":true}]}}