{"id":5783,"date":"2023-02-23T01:00:00","date_gmt":"2023-02-23T00:00:00","guid":{"rendered":"http:\/\/bedrock.local\/omis-academy-3\/"},"modified":"2025-04-10T10:34:13","modified_gmt":"2025-04-10T08:34:13","slug":"omis-academy-2","status":"publish","type":"post","link":"https:\/\/www.omis.net\/pt-pt\/omis-academy-2\/","title":{"rendered":"OMIS academy"},"content":{"rendered":"<p>OMIS ACADEMY &#8211; INSCRI\u00c7\u00d5ES ABERTAS<\/p><p>Nossa academia corporativa em coopera\u00e7\u00e3o com o GiGroup come\u00e7a em 27 de fevereiro para se tornar um profissional em montagem e fia\u00e7\u00e3o el\u00e9trica.<\/p><p>O treinamento inclui 120 horas em tempo integral, certifica\u00e7\u00e3o TEST e PAV e a oportunidade de ingressar em nosso Grupo com um contrato de prazo fixo visando a um emprego permanente.<\/p><p>O objetivo \u00e9 oferecer oportunidades de desenvolvimento profissional para o maior n\u00famero poss\u00edvel de participantes.<\/p><p>OMIS \u00e9 sin\u00f4nimo de concretude e futuro para o setor de eleva\u00e7\u00e3o e seus funcion\u00e1rios. Oferecemos oportunidades concretas de carreira e acreditamos no crescimento cont\u00ednuo de nossos funcion\u00e1rios.<\/p><p>Nossa Academia \u00e9 apenas uma das muitas atividades que demonstram o compromisso da OMIS em oferecer oportunidades de crescimento profissional e pessoal. Nossa integridade sustenta todas as iniciativas que tomamos para construir um futuro de sucesso tanto para o nosso setor quanto para as pessoas que trabalham conosco.<\/p><p>Entre em contato com a filial do GiGroup de Thiene para obter mais informa\u00e7\u00f5es: +39 0445382760<\/p>","protected":false},"excerpt":{"rendered":"<p>OMIS ACADEMY &#8211; INSCRI\u00c7\u00d5ES ABERTAS Nossa academia corporativa em coopera\u00e7\u00e3o com o GiGroup come\u00e7a em 27 de fevereiro para se tornar um profissional em montagem e fia\u00e7\u00e3o el\u00e9trica. O treinamento inclui 120 horas em tempo integral, certifica\u00e7\u00e3o TEST e PAV e a oportunidade de ingressar em nosso Grupo com um contrato de prazo fixo visando [&hellip;]<\/p>\n","protected":false},"author":2,"featured_media":10459,"comment_status":"closed","ping_status":"closed","sticky":false,"template":"","format":"standard","meta":{"_acf_changed":false,"footnotes":""},"categories":[659],"tags":[296,274,297,272,273,389],"tipologia-prodotto":[],"class_list":["post-5783","post","type-post","status-publish","format-standard","has-post-thumbnail","hentry","category-academy-pt","tag-gigroup","tag-liftingsolutions","tag-omisacademy","tag-omisborntolift","tag-omiscranes","tag-omisgroup"],"acf":{"import_csv_id":"40","seo_title":"OMIS academy | Not\u00edcias da OMIS","seo_description":"OMIS ACADEMY - INSCRI\u00c7\u00d5ES ABERTAS\r\nNossa academia corporativa em coopera\u00e7\u00e3o com o GiGroup come\u00e7a em 27 de fevereiro para se tornar um profissional em montagem e fia\u00e7\u00e3o el\u00e9trica.\r\nO treinamento inclui 120 horas em tempo integral, certifica\u00e7\u00e3o TEST e PAV e a oportunidade de ingressar em nosso Grupo com um contrato de prazo fixo visando a um emprego permanente.\r\nO objetivo \u00e9 oferecer oportunidades de desenvolvimento profissional para o maior n\u00famero poss\u00edvel de participantes.\r\nOMIS \u00e9 sin\u00f4nimo de concretude e futuro para o setor de eleva\u00e7\u00e3o e seus funcion\u00e1rios. Oferecemos oportunidades concretas de carreira e acreditamos no crescimento cont\u00ednuo de nossos funcion\u00e1rios.\r\nNossa Academia \u00e9 apenas uma das muitas atividades que demonstram o compromisso da OMIS em oferecer oportunidades de crescimento profissional e pessoal. Nossa integridade sustenta todas as iniciativas que tomamos para construir um futuro de sucesso tanto para o nosso setor quanto para as pessoas que trabalham conosco.\r\nEntre em contato com a filial do GiGroup de Thiene para obter mais informa\u00e7\u00f5es: +39 0445382760. Leia as novidades | OMIS"},"yoast_head":"<!-- This site is optimized with the Yoast SEO plugin v23.9 - https:\/\/yoast.com\/wordpress\/plugins\/seo\/ -->\n<title>OMIS academy | Not\u00edcias da OMIS<\/title>\n<meta name=\"description\" content=\"OMIS ACADEMY - INSCRI\u00c7\u00d5ES ABERTAS Nossa academia corporativa em coopera\u00e7\u00e3o com o GiGroup come\u00e7a em 27 de fevereiro para se tornar um profissional em montagem e fia\u00e7\u00e3o el\u00e9trica. O treinamento inclui 120 horas em tempo integral, certifica\u00e7\u00e3o TEST e PAV e a oportunidade de ingressar em nosso Grupo com um contrato de prazo fixo visando a um emprego permanente. O objetivo \u00e9 oferecer oportunidades de desenvolvimento profissional para o maior n\u00famero poss\u00edvel de participantes. OMIS \u00e9 sin\u00f4nimo de concretude e futuro para o setor de eleva\u00e7\u00e3o e seus funcion\u00e1rios. Oferecemos oportunidades concretas de carreira e acreditamos no crescimento cont\u00ednuo de nossos funcion\u00e1rios. Nossa Academia \u00e9 apenas uma das muitas atividades que demonstram o compromisso da OMIS em oferecer oportunidades de crescimento profissional e pessoal. Nossa integridade sustenta todas as iniciativas que tomamos para construir um futuro de sucesso tanto para o nosso setor quanto para as pessoas que trabalham conosco. Entre em contato com a filial do GiGroup de Thiene para obter mais informa\u00e7\u00f5es: +39 0445382760. Leia as novidades | OMIS\" \/>\n<meta name=\"robots\" content=\"index, follow, max-snippet:-1, max-image-preview:large, max-video-preview:-1\" \/>\n<meta property=\"og:locale\" content=\"pt_PT\" \/>\n<meta property=\"og:type\" content=\"article\" \/>\n<meta property=\"og:title\" content=\"OMIS academy | Not\u00edcias da OMIS\" \/>\n<meta property=\"og:description\" content=\"OMIS ACADEMY - INSCRI\u00c7\u00d5ES ABERTAS Nossa academia corporativa em coopera\u00e7\u00e3o com o GiGroup come\u00e7a em 27 de fevereiro para se tornar um profissional em montagem e fia\u00e7\u00e3o el\u00e9trica. O treinamento inclui 120 horas em tempo integral, certifica\u00e7\u00e3o TEST e PAV e a oportunidade de ingressar em nosso Grupo com um contrato de prazo fixo visando a um emprego permanente. O objetivo \u00e9 oferecer oportunidades de desenvolvimento profissional para o maior n\u00famero poss\u00edvel de participantes. OMIS \u00e9 sin\u00f4nimo de concretude e futuro para o setor de eleva\u00e7\u00e3o e seus funcion\u00e1rios. Oferecemos oportunidades concretas de carreira e acreditamos no crescimento cont\u00ednuo de nossos funcion\u00e1rios. Nossa Academia \u00e9 apenas uma das muitas atividades que demonstram o compromisso da OMIS em oferecer oportunidades de crescimento profissional e pessoal. Nossa integridade sustenta todas as iniciativas que tomamos para construir um futuro de sucesso tanto para o nosso setor quanto para as pessoas que trabalham conosco. Entre em contato com a filial do GiGroup de Thiene para obter mais informa\u00e7\u00f5es: +39 0445382760. Leia as novidades | OMIS\" \/>\n<meta property=\"og:url\" content=\"https:\/\/www.omis.net\/pt-pt\/omis-academy-2\/\" \/>\n<meta property=\"og:site_name\" content=\"Omis Spa\" \/>\n<meta property=\"article:publisher\" content=\"https:\/\/www.facebook.com\/omisgroup\" \/>\n<meta property=\"article:published_time\" content=\"2023-02-23T00:00:00+00:00\" \/>\n<meta property=\"article:modified_time\" content=\"2025-04-10T08:34:13+00:00\" \/>\n<meta property=\"og:image\" content=\"https:\/\/media.omis.net\/media\/2023\/02\/academy-welding-omis-scaled.webp\" \/>\n\t<meta property=\"og:image:width\" content=\"2560\" \/>\n\t<meta property=\"og:image:height\" content=\"1839\" \/>\n\t<meta property=\"og:image:type\" content=\"image\/webp\" \/>\n<meta name=\"author\" content=\"AQuest\" \/>\n<meta name=\"twitter:card\" content=\"summary_large_image\" \/>\n<meta name=\"twitter:label1\" content=\"Written by\" \/>\n\t<meta name=\"twitter:data1\" content=\"AQuest\" \/>\n\t<meta name=\"twitter:label2\" content=\"Est. reading time\" \/>\n\t<meta name=\"twitter:data2\" content=\"2 minutes\" \/>\n<script type=\"application\/ld+json\" class=\"yoast-schema-graph\">{\"@context\":\"https:\/\/schema.org\",\"@graph\":[{\"@type\":\"Article\",\"@id\":\"https:\/\/www.omis.net\/pt-pt\/omis-academy-2\/#article\",\"isPartOf\":{\"@id\":\"https:\/\/www.omis.net\/pt-pt\/omis-academy-2\/\"},\"author\":{\"name\":\"AQuest\",\"@id\":\"https:\/\/www.omis.net\/it-it\/#\/schema\/person\/a84b31c39ee8e2b060f51cb288b0c8f4\"},\"headline\":\"OMIS academy\",\"datePublished\":\"2023-02-23T00:00:00+00:00\",\"dateModified\":\"2025-04-10T08:34:13+00:00\",\"mainEntityOfPage\":{\"@id\":\"https:\/\/www.omis.net\/pt-pt\/omis-academy-2\/\"},\"wordCount\":175,\"publisher\":{\"@id\":\"https:\/\/www.omis.net\/it-it\/#organization\"},\"image\":{\"@id\":\"https:\/\/www.omis.net\/pt-pt\/omis-academy-2\/#primaryimage\"},\"thumbnailUrl\":\"https:\/\/media.omis.net\/media\/2023\/02\/academy-welding-omis-scaled.webp\",\"keywords\":[\"GiGroup\",\"liftingsolutions\",\"omisacademy\",\"omisborntolift\",\"omiscranes\",\"omisgroup\"],\"articleSection\":[\"Academy\"],\"inLanguage\":\"pt-pt\"},{\"@type\":\"WebPage\",\"@id\":\"https:\/\/www.omis.net\/pt-pt\/omis-academy-2\/\",\"url\":\"https:\/\/www.omis.net\/pt-pt\/omis-academy-2\/\",\"name\":\"OMIS academy | Not\u00edcias da OMIS\",\"isPartOf\":{\"@id\":\"https:\/\/www.omis.net\/it-it\/#website\"},\"primaryImageOfPage\":{\"@id\":\"https:\/\/www.omis.net\/pt-pt\/omis-academy-2\/#primaryimage\"},\"image\":{\"@id\":\"https:\/\/www.omis.net\/pt-pt\/omis-academy-2\/#primaryimage\"},\"thumbnailUrl\":\"https:\/\/media.omis.net\/media\/2023\/02\/academy-welding-omis-scaled.webp\",\"datePublished\":\"2023-02-23T00:00:00+00:00\",\"dateModified\":\"2025-04-10T08:34:13+00:00\",\"description\":\"OMIS ACADEMY - INSCRI\u00c7\u00d5ES ABERTAS Nossa academia corporativa em coopera\u00e7\u00e3o com o GiGroup come\u00e7a em 27 de fevereiro para se tornar um profissional em montagem e fia\u00e7\u00e3o el\u00e9trica. O treinamento inclui 120 horas em tempo integral, certifica\u00e7\u00e3o TEST e PAV e a oportunidade de ingressar em nosso Grupo com um contrato de prazo fixo visando a um emprego permanente. O objetivo \u00e9 oferecer oportunidades de desenvolvimento profissional para o maior n\u00famero poss\u00edvel de participantes. OMIS \u00e9 sin\u00f4nimo de concretude e futuro para o setor de eleva\u00e7\u00e3o e seus funcion\u00e1rios. Oferecemos oportunidades concretas de carreira e acreditamos no crescimento cont\u00ednuo de nossos funcion\u00e1rios. Nossa Academia \u00e9 apenas uma das muitas atividades que demonstram o compromisso da OMIS em oferecer oportunidades de crescimento profissional e pessoal. Nossa integridade sustenta todas as iniciativas que tomamos para construir um futuro de sucesso tanto para o nosso setor quanto para as pessoas que trabalham conosco. Entre em contato com a filial do GiGroup de Thiene para obter mais informa\u00e7\u00f5es: +39 0445382760. Leia as novidades | OMIS\",\"breadcrumb\":{\"@id\":\"https:\/\/www.omis.net\/pt-pt\/omis-academy-2\/#breadcrumb\"},\"inLanguage\":\"pt-pt\",\"potentialAction\":[{\"@type\":\"ReadAction\",\"target\":[\"https:\/\/www.omis.net\/pt-pt\/omis-academy-2\/\"]}]},{\"@type\":\"ImageObject\",\"inLanguage\":\"pt-pt\",\"@id\":\"https:\/\/www.omis.net\/pt-pt\/omis-academy-2\/#primaryimage\",\"url\":\"https:\/\/media.omis.net\/media\/2023\/02\/academy-welding-omis-scaled.webp\",\"contentUrl\":\"https:\/\/media.omis.net\/media\/2023\/02\/academy-welding-omis-scaled.webp\",\"width\":2560,\"height\":1839,\"caption\":\"gallery - Academy Omis\"},{\"@type\":\"BreadcrumbList\",\"@id\":\"https:\/\/www.omis.net\/pt-pt\/omis-academy-2\/#breadcrumb\",\"itemListElement\":[{\"@type\":\"ListItem\",\"position\":1,\"name\":\"Home\",\"item\":\"https:\/\/www.omis.net\/pt-pt\/pagina-inicial\/\"},{\"@type\":\"ListItem\",\"position\":2,\"name\":\"OMIS academy\"}]},{\"@type\":\"WebSite\",\"@id\":\"https:\/\/www.omis.net\/it-it\/#website\",\"url\":\"https:\/\/www.omis.net\/it-it\/\",\"name\":\"Omis Spa\",\"description\":\"Movimentazione e sollevamento\",\"publisher\":{\"@id\":\"https:\/\/www.omis.net\/it-it\/#organization\"},\"potentialAction\":[{\"@type\":\"SearchAction\",\"target\":{\"@type\":\"EntryPoint\",\"urlTemplate\":\"https:\/\/www.omis.net\/it-it\/?s={search_term_string}\"},\"query-input\":{\"@type\":\"PropertyValueSpecification\",\"valueRequired\":true,\"valueName\":\"search_term_string\"}}],\"inLanguage\":\"pt-pt\"},{\"@type\":\"Organization\",\"@id\":\"https:\/\/www.omis.net\/it-it\/#organization\",\"name\":\"Omis Spa\",\"url\":\"https:\/\/www.omis.net\/it-it\/\",\"logo\":{\"@type\":\"ImageObject\",\"inLanguage\":\"pt-pt\",\"@id\":\"https:\/\/www.omis.net\/it-it\/#\/schema\/logo\/image\/\",\"url\":\"https:\/\/media.omis.net\/media\/2024\/08\/logo.jpg\",\"contentUrl\":\"https:\/\/media.omis.net\/media\/2024\/08\/logo.jpg\",\"width\":300,\"height\":300,\"caption\":\"Omis Spa\"},\"image\":{\"@id\":\"https:\/\/www.omis.net\/it-it\/#\/schema\/logo\/image\/\"},\"sameAs\":[\"https:\/\/www.facebook.com\/omisgroup\",\"https:\/\/www.linkedin.com\/company\/omis-group\",\"https:\/\/www.youtube.com\/channel\/UCS4L59XDk3kKBI9MnjuxWDw\",\"https:\/\/www.instagram.com\/omisgroup\"]},{\"@type\":\"Person\",\"@id\":\"https:\/\/www.omis.net\/it-it\/#\/schema\/person\/a84b31c39ee8e2b060f51cb288b0c8f4\",\"name\":\"AQuest\",\"image\":{\"@type\":\"ImageObject\",\"inLanguage\":\"pt-pt\",\"@id\":\"https:\/\/www.omis.net\/it-it\/#\/schema\/person\/image\/\",\"url\":\"https:\/\/secure.gravatar.com\/avatar\/189fc3cdb8260330afd047b6aaa36a00?s=96&d=mm&r=g\",\"contentUrl\":\"https:\/\/secure.gravatar.com\/avatar\/189fc3cdb8260330afd047b6aaa36a00?s=96&d=mm&r=g\",\"caption\":\"AQuest\"}}]}<\/script>\n<!-- \/ Yoast SEO plugin. -->","yoast_head_json":{"title":"OMIS academy | Not\u00edcias da OMIS","description":"OMIS ACADEMY - INSCRI\u00c7\u00d5ES ABERTAS Nossa academia corporativa em coopera\u00e7\u00e3o com o GiGroup come\u00e7a em 27 de fevereiro para se tornar um profissional em montagem e fia\u00e7\u00e3o el\u00e9trica. O treinamento inclui 120 horas em tempo integral, certifica\u00e7\u00e3o TEST e PAV e a oportunidade de ingressar em nosso Grupo com um contrato de prazo fixo visando a um emprego permanente. O objetivo \u00e9 oferecer oportunidades de desenvolvimento profissional para o maior n\u00famero poss\u00edvel de participantes. OMIS \u00e9 sin\u00f4nimo de concretude e futuro para o setor de eleva\u00e7\u00e3o e seus funcion\u00e1rios. Oferecemos oportunidades concretas de carreira e acreditamos no crescimento cont\u00ednuo de nossos funcion\u00e1rios. Nossa Academia \u00e9 apenas uma das muitas atividades que demonstram o compromisso da OMIS em oferecer oportunidades de crescimento profissional e pessoal. Nossa integridade sustenta todas as iniciativas que tomamos para construir um futuro de sucesso tanto para o nosso setor quanto para as pessoas que trabalham conosco. Entre em contato com a filial do GiGroup de Thiene para obter mais informa\u00e7\u00f5es: +39 0445382760. Leia as novidades | OMIS","robots":{"index":"index","follow":"follow","max-snippet":"max-snippet:-1","max-image-preview":"max-image-preview:large","max-video-preview":"max-video-preview:-1"},"og_locale":"pt_PT","og_type":"article","og_title":"OMIS academy | Not\u00edcias da OMIS","og_description":"OMIS ACADEMY - INSCRI\u00c7\u00d5ES ABERTAS Nossa academia corporativa em coopera\u00e7\u00e3o com o GiGroup come\u00e7a em 27 de fevereiro para se tornar um profissional em montagem e fia\u00e7\u00e3o el\u00e9trica. O treinamento inclui 120 horas em tempo integral, certifica\u00e7\u00e3o TEST e PAV e a oportunidade de ingressar em nosso Grupo com um contrato de prazo fixo visando a um emprego permanente. O objetivo \u00e9 oferecer oportunidades de desenvolvimento profissional para o maior n\u00famero poss\u00edvel de participantes. OMIS \u00e9 sin\u00f4nimo de concretude e futuro para o setor de eleva\u00e7\u00e3o e seus funcion\u00e1rios. Oferecemos oportunidades concretas de carreira e acreditamos no crescimento cont\u00ednuo de nossos funcion\u00e1rios. Nossa Academia \u00e9 apenas uma das muitas atividades que demonstram o compromisso da OMIS em oferecer oportunidades de crescimento profissional e pessoal. Nossa integridade sustenta todas as iniciativas que tomamos para construir um futuro de sucesso tanto para o nosso setor quanto para as pessoas que trabalham conosco. Entre em contato com a filial do GiGroup de Thiene para obter mais informa\u00e7\u00f5es: +39 0445382760. Leia as novidades | OMIS","og_url":"https:\/\/www.omis.net\/pt-pt\/omis-academy-2\/","og_site_name":"Omis Spa","article_publisher":"https:\/\/www.facebook.com\/omisgroup","article_published_time":"2023-02-23T00:00:00+00:00","article_modified_time":"2025-04-10T08:34:13+00:00","og_image":[{"width":2560,"height":1839,"url":"https:\/\/media.omis.net\/media\/2023\/02\/academy-welding-omis-scaled.webp","type":"image\/webp"}],"author":"AQuest","twitter_card":"summary_large_image","twitter_misc":{"Written by":"AQuest","Est. reading time":"2 minutes"},"schema":{"@context":"https:\/\/schema.org","@graph":[{"@type":"Article","@id":"https:\/\/www.omis.net\/pt-pt\/omis-academy-2\/#article","isPartOf":{"@id":"https:\/\/www.omis.net\/pt-pt\/omis-academy-2\/"},"author":{"name":"AQuest","@id":"https:\/\/www.omis.net\/it-it\/#\/schema\/person\/a84b31c39ee8e2b060f51cb288b0c8f4"},"headline":"OMIS academy","datePublished":"2023-02-23T00:00:00+00:00","dateModified":"2025-04-10T08:34:13+00:00","mainEntityOfPage":{"@id":"https:\/\/www.omis.net\/pt-pt\/omis-academy-2\/"},"wordCount":175,"publisher":{"@id":"https:\/\/www.omis.net\/it-it\/#organization"},"image":{"@id":"https:\/\/www.omis.net\/pt-pt\/omis-academy-2\/#primaryimage"},"thumbnailUrl":"https:\/\/media.omis.net\/media\/2023\/02\/academy-welding-omis-scaled.webp","keywords":["GiGroup","liftingsolutions","omisacademy","omisborntolift","omiscranes","omisgroup"],"articleSection":["Academy"],"inLanguage":"pt-pt"},{"@type":"WebPage","@id":"https:\/\/www.omis.net\/pt-pt\/omis-academy-2\/","url":"https:\/\/www.omis.net\/pt-pt\/omis-academy-2\/","name":"OMIS academy | Not\u00edcias da OMIS","isPartOf":{"@id":"https:\/\/www.omis.net\/it-it\/#website"},"primaryImageOfPage":{"@id":"https:\/\/www.omis.net\/pt-pt\/omis-academy-2\/#primaryimage"},"image":{"@id":"https:\/\/www.omis.net\/pt-pt\/omis-academy-2\/#primaryimage"},"thumbnailUrl":"https:\/\/media.omis.net\/media\/2023\/02\/academy-welding-omis-scaled.webp","datePublished":"2023-02-23T00:00:00+00:00","dateModified":"2025-04-10T08:34:13+00:00","description":"OMIS ACADEMY - INSCRI\u00c7\u00d5ES ABERTAS Nossa academia corporativa em coopera\u00e7\u00e3o com o GiGroup come\u00e7a em 27 de fevereiro para se tornar um profissional em montagem e fia\u00e7\u00e3o el\u00e9trica. O treinamento inclui 120 horas em tempo integral, certifica\u00e7\u00e3o TEST e PAV e a oportunidade de ingressar em nosso Grupo com um contrato de prazo fixo visando a um emprego permanente. O objetivo \u00e9 oferecer oportunidades de desenvolvimento profissional para o maior n\u00famero poss\u00edvel de participantes. OMIS \u00e9 sin\u00f4nimo de concretude e futuro para o setor de eleva\u00e7\u00e3o e seus funcion\u00e1rios. Oferecemos oportunidades concretas de carreira e acreditamos no crescimento cont\u00ednuo de nossos funcion\u00e1rios. Nossa Academia \u00e9 apenas uma das muitas atividades que demonstram o compromisso da OMIS em oferecer oportunidades de crescimento profissional e pessoal. Nossa integridade sustenta todas as iniciativas que tomamos para construir um futuro de sucesso tanto para o nosso setor quanto para as pessoas que trabalham conosco. Entre em contato com a filial do GiGroup de Thiene para obter mais informa\u00e7\u00f5es: +39 0445382760. Leia as novidades | OMIS","breadcrumb":{"@id":"https:\/\/www.omis.net\/pt-pt\/omis-academy-2\/#breadcrumb"},"inLanguage":"pt-pt","potentialAction":[{"@type":"ReadAction","target":["https:\/\/www.omis.net\/pt-pt\/omis-academy-2\/"]}]},{"@type":"ImageObject","inLanguage":"pt-pt","@id":"https:\/\/www.omis.net\/pt-pt\/omis-academy-2\/#primaryimage","url":"https:\/\/media.omis.net\/media\/2023\/02\/academy-welding-omis-scaled.webp","contentUrl":"https:\/\/media.omis.net\/media\/2023\/02\/academy-welding-omis-scaled.webp","width":2560,"height":1839,"caption":"gallery - Academy Omis"},{"@type":"BreadcrumbList","@id":"https:\/\/www.omis.net\/pt-pt\/omis-academy-2\/#breadcrumb","itemListElement":[{"@type":"ListItem","position":1,"name":"Home","item":"https:\/\/www.omis.net\/pt-pt\/pagina-inicial\/"},{"@type":"ListItem","position":2,"name":"OMIS academy"}]},{"@type":"WebSite","@id":"https:\/\/www.omis.net\/it-it\/#website","url":"https:\/\/www.omis.net\/it-it\/","name":"Omis Spa","description":"Movimentazione e sollevamento","publisher":{"@id":"https:\/\/www.omis.net\/it-it\/#organization"},"potentialAction":[{"@type":"SearchAction","target":{"@type":"EntryPoint","urlTemplate":"https:\/\/www.omis.net\/it-it\/?s={search_term_string}"},"query-input":{"@type":"PropertyValueSpecification","valueRequired":true,"valueName":"search_term_string"}}],"inLanguage":"pt-pt"},{"@type":"Organization","@id":"https:\/\/www.omis.net\/it-it\/#organization","name":"Omis Spa","url":"https:\/\/www.omis.net\/it-it\/","logo":{"@type":"ImageObject","inLanguage":"pt-pt","@id":"https:\/\/www.omis.net\/it-it\/#\/schema\/logo\/image\/","url":"https:\/\/media.omis.net\/media\/2024\/08\/logo.jpg","contentUrl":"https:\/\/media.omis.net\/media\/2024\/08\/logo.jpg","width":300,"height":300,"caption":"Omis Spa"},"image":{"@id":"https:\/\/www.omis.net\/it-it\/#\/schema\/logo\/image\/"},"sameAs":["https:\/\/www.facebook.com\/omisgroup","https:\/\/www.linkedin.com\/company\/omis-group","https:\/\/www.youtube.com\/channel\/UCS4L59XDk3kKBI9MnjuxWDw","https:\/\/www.instagram.com\/omisgroup"]},{"@type":"Person","@id":"https:\/\/www.omis.net\/it-it\/#\/schema\/person\/a84b31c39ee8e2b060f51cb288b0c8f4","name":"AQuest","image":{"@type":"ImageObject","inLanguage":"pt-pt","@id":"https:\/\/www.omis.net\/it-it\/#\/schema\/person\/image\/","url":"https:\/\/secure.gravatar.com\/avatar\/189fc3cdb8260330afd047b6aaa36a00?s=96&d=mm&r=g","contentUrl":"https:\/\/secure.gravatar.com\/avatar\/189fc3cdb8260330afd047b6aaa36a00?s=96&d=mm&r=g","caption":"AQuest"}}]}},"_links":{"self":[{"href":"https:\/\/www.omis.net\/pt-pt\/wp-json\/wp\/v2\/posts\/5783"}],"collection":[{"href":"https:\/\/www.omis.net\/pt-pt\/wp-json\/wp\/v2\/posts"}],"about":[{"href":"https:\/\/www.omis.net\/pt-pt\/wp-json\/wp\/v2\/types\/post"}],"author":[{"embeddable":true,"href":"https:\/\/www.omis.net\/pt-pt\/wp-json\/wp\/v2\/users\/2"}],"replies":[{"embeddable":true,"href":"https:\/\/www.omis.net\/pt-pt\/wp-json\/wp\/v2\/comments?post=5783"}],"version-history":[{"count":1,"href":"https:\/\/www.omis.net\/pt-pt\/wp-json\/wp\/v2\/posts\/5783\/revisions"}],"predecessor-version":[{"id":17791,"href":"https:\/\/www.omis.net\/pt-pt\/wp-json\/wp\/v2\/posts\/5783\/revisions\/17791"}],"wp:featuredmedia":[{"embeddable":true,"href":"https:\/\/www.omis.net\/pt-pt\/wp-json\/wp\/v2\/media\/10459"}],"wp:attachment":[{"href":"https:\/\/www.omis.net\/pt-pt\/wp-json\/wp\/v2\/media?parent=5783"}],"wp:term":[{"taxonomy":"category","embeddable":true,"href":"https:\/\/www.omis.net\/pt-pt\/wp-json\/wp\/v2\/categories?post=5783"},{"taxonomy":"post_tag","embeddable":true,"href":"https:\/\/www.omis.net\/pt-pt\/wp-json\/wp\/v2\/tags?post=5783"},{"taxonomy":"tipologia-prodotto","embeddable":true,"href":"https:\/\/www.omis.net\/pt-pt\/wp-json\/wp\/v2\/tipologia-prodotto?post=5783"}],"curies":[{"name":"wp","href":"https:\/\/api.w.org\/{rel}","templated":true}]}}