{"id":5779,"date":"2023-03-23T01:00:00","date_gmt":"2023-03-23T00:00:00","guid":{"rendered":"http:\/\/bedrock.local\/braco-giratorio-omis\/"},"modified":"2023-03-23T01:00:00","modified_gmt":"2023-03-23T00:00:00","slug":"braco-giratorio-omis","status":"publish","type":"post","link":"https:\/\/www.omis.net\/pt-pt\/braco-giratorio-omis\/","title":{"rendered":"Bra\u00e7o girat\u00f3rio OMIS"},"content":{"rendered":"<p>O bra\u00e7o girat\u00f3rio OMIS prova ser a solu\u00e7\u00e3o ideal para o manuseio de cargas em diferentes esta\u00e7\u00f5es de trabalho, oferecendo uma versatilidade que o torna adequado para empresas de pequeno e grande porte. Sua adaptabilidade permite opera\u00e7\u00f5es otimizadas em ambientes industriais variados e diversificados.<\/p><p>No setor automotivo, o bra\u00e7o girat\u00f3rio OMIS se destaca como um excelente aliado para simplificar as opera\u00e7\u00f5es de eleva\u00e7\u00e3o, manuten\u00e7\u00e3o e extra\u00e7\u00e3o de motores. Seu design permite trabalhar com efici\u00eancia mesmo nos espa\u00e7os mais apertados das oficinas mec\u00e2nicas, facilitando o trabalho nos ve\u00edculos dos clientes e garantindo o manuseio suave e preciso das cargas.<\/p><p>Com um bra\u00e7o girat\u00f3rio OMIS, toda empresa pode melhorar a efici\u00eancia operacional e a seguran\u00e7a, otimizando os procedimentos de trabalho e reduzindo os tempos de interven\u00e7\u00e3o. Entre em contato conosco para obter mais sugest\u00f5es e solu\u00e7\u00f5es personalizadas para suas necessidades de eleva\u00e7\u00e3o.<\/p>","protected":false},"excerpt":{"rendered":"<p>O bra\u00e7o girat\u00f3rio OMIS prova ser a solu\u00e7\u00e3o ideal para o manuseio de cargas em diferentes esta\u00e7\u00f5es de trabalho, oferecendo uma versatilidade que o torna adequado para empresas de pequeno e grande porte. Sua adaptabilidade permite opera\u00e7\u00f5es otimizadas em ambientes industriais variados e diversificados. No setor automotivo, o bra\u00e7o girat\u00f3rio OMIS se destaca como um [&hellip;]<\/p>\n","protected":false},"author":2,"featured_media":10547,"comment_status":"closed","ping_status":"closed","sticky":false,"template":"","format":"standard","meta":{"_acf_changed":false,"footnotes":""},"categories":[671],"tags":[337,333,332,274,306,279,334,335,336,272,273,338,339],"tipologia-prodotto":[],"class_list":["post-5779","post","type-post","status-publish","format-standard","has-post-thumbnail","hentry","category-produtos","tag-automotive","tag-industry","tag-jibcranes","tag-liftingsolutions","tag-maintenance","tag-materialhandling","tag-mechanical","tag-officina","tag-officinameccanica","tag-omisborntolift","tag-omiscranes","tag-tractor","tag-tractormechanic"],"acf":{"import_csv_id":"36","seo_title":"Bra\u00e7o girat\u00f3rio OMIS | Not\u00edcias da OMIS","seo_description":"O bra\u00e7o girat\u00f3rio \u00e9 a solu\u00e7\u00e3o ideal para o manuseio de cargas em diferentes locais de trabalho, gra\u00e7as \u00e0 sua versatilidade que se adapta \u00e0s necessidades de grandes e pequenas empresas.\nNo setor automotivo, o bra\u00e7o girat\u00f3rio \u00e9 uma excelente solu\u00e7\u00e3o para simplificar as opera\u00e7\u00f5es de eleva\u00e7\u00e3o, manuten\u00e7\u00e3o e remo\u00e7\u00e3o de motores, bem como para o trabalho nos ve\u00edculos dos clientes, gra\u00e7as \u00e0 sua capacidade de lidar com cargas mesmo nos espa\u00e7os mais apertados das oficinas mec\u00e2nicas. #omisgroup. Leia as novidades | OMIS"},"yoast_head":"<!-- This site is optimized with the Yoast SEO plugin v23.9 - https:\/\/yoast.com\/wordpress\/plugins\/seo\/ -->\n<title>Bra\u00e7o girat\u00f3rio OMIS | Not\u00edcias da OMIS<\/title>\n<meta name=\"description\" content=\"O bra\u00e7o girat\u00f3rio \u00e9 a solu\u00e7\u00e3o ideal para o manuseio de cargas em diferentes locais de trabalho, gra\u00e7as \u00e0 sua versatilidade que se adapta \u00e0s necessidades de grandes e pequenas empresas. No setor automotivo, o bra\u00e7o girat\u00f3rio \u00e9 uma excelente solu\u00e7\u00e3o para simplificar as opera\u00e7\u00f5es de eleva\u00e7\u00e3o, manuten\u00e7\u00e3o e remo\u00e7\u00e3o de motores, bem como para o trabalho nos ve\u00edculos dos clientes, gra\u00e7as \u00e0 sua capacidade de lidar com cargas mesmo nos espa\u00e7os mais apertados das oficinas mec\u00e2nicas. #omisgroup. Leia as novidades | OMIS\" \/>\n<meta name=\"robots\" content=\"index, follow, max-snippet:-1, max-image-preview:large, max-video-preview:-1\" \/>\n<meta property=\"og:locale\" content=\"pt_PT\" \/>\n<meta property=\"og:type\" content=\"article\" \/>\n<meta property=\"og:title\" content=\"Bra\u00e7o girat\u00f3rio OMIS | Not\u00edcias da OMIS\" \/>\n<meta property=\"og:description\" content=\"O bra\u00e7o girat\u00f3rio \u00e9 a solu\u00e7\u00e3o ideal para o manuseio de cargas em diferentes locais de trabalho, gra\u00e7as \u00e0 sua versatilidade que se adapta \u00e0s necessidades de grandes e pequenas empresas. No setor automotivo, o bra\u00e7o girat\u00f3rio \u00e9 uma excelente solu\u00e7\u00e3o para simplificar as opera\u00e7\u00f5es de eleva\u00e7\u00e3o, manuten\u00e7\u00e3o e remo\u00e7\u00e3o de motores, bem como para o trabalho nos ve\u00edculos dos clientes, gra\u00e7as \u00e0 sua capacidade de lidar com cargas mesmo nos espa\u00e7os mais apertados das oficinas mec\u00e2nicas. #omisgroup. Leia as novidades | OMIS\" \/>\n<meta property=\"og:url\" content=\"https:\/\/www.omis.net\/pt-pt\/braco-giratorio-omis\/\" \/>\n<meta property=\"og:site_name\" content=\"Omis Spa\" \/>\n<meta property=\"article:publisher\" content=\"https:\/\/www.facebook.com\/omisgroup\" \/>\n<meta property=\"article:published_time\" content=\"2023-03-23T00:00:00+00:00\" \/>\n<meta property=\"og:image\" content=\"https:\/\/media.omis.net\/media\/2023\/03\/jib-crane-for-tractor-maintenance-omis-scaled.webp\" \/>\n\t<meta property=\"og:image:width\" content=\"2048\" \/>\n\t<meta property=\"og:image:height\" content=\"2560\" \/>\n\t<meta property=\"og:image:type\" content=\"image\/webp\" \/>\n<meta name=\"author\" content=\"AQuest\" \/>\n<meta name=\"twitter:card\" content=\"summary_large_image\" \/>\n<meta name=\"twitter:label1\" content=\"Written by\" \/>\n\t<meta name=\"twitter:data1\" content=\"AQuest\" \/>\n\t<meta name=\"twitter:label2\" content=\"Est. reading time\" \/>\n\t<meta name=\"twitter:data2\" content=\"1 minute\" \/>\n<script type=\"application\/ld+json\" class=\"yoast-schema-graph\">{\"@context\":\"https:\/\/schema.org\",\"@graph\":[{\"@type\":\"Article\",\"@id\":\"https:\/\/www.omis.net\/pt-pt\/braco-giratorio-omis\/#article\",\"isPartOf\":{\"@id\":\"https:\/\/www.omis.net\/pt-pt\/braco-giratorio-omis\/\"},\"author\":{\"name\":\"AQuest\",\"@id\":\"https:\/\/www.omis.net\/it-it\/#\/schema\/person\/a84b31c39ee8e2b060f51cb288b0c8f4\"},\"headline\":\"Bra\u00e7o girat\u00f3rio OMIS\",\"datePublished\":\"2023-03-23T00:00:00+00:00\",\"dateModified\":\"2023-03-23T00:00:00+00:00\",\"mainEntityOfPage\":{\"@id\":\"https:\/\/www.omis.net\/pt-pt\/braco-giratorio-omis\/\"},\"wordCount\":168,\"publisher\":{\"@id\":\"https:\/\/www.omis.net\/it-it\/#organization\"},\"image\":{\"@id\":\"https:\/\/www.omis.net\/pt-pt\/braco-giratorio-omis\/#primaryimage\"},\"thumbnailUrl\":\"https:\/\/media.omis.net\/media\/2023\/03\/jib-crane-for-tractor-maintenance-omis-scaled.webp\",\"keywords\":[\"automotive\",\"industry\",\"jibcranes\",\"liftingsolutions\",\"maintenance\",\"materialhandling\",\"mechanical\",\"officina\",\"officinameccanica\",\"omisborntolift\",\"omiscranes\",\"tractor\",\"tractormechanic\"],\"articleSection\":[\"Produtos\"],\"inLanguage\":\"pt-pt\"},{\"@type\":\"WebPage\",\"@id\":\"https:\/\/www.omis.net\/pt-pt\/braco-giratorio-omis\/\",\"url\":\"https:\/\/www.omis.net\/pt-pt\/braco-giratorio-omis\/\",\"name\":\"Bra\u00e7o girat\u00f3rio OMIS | Not\u00edcias da OMIS\",\"isPartOf\":{\"@id\":\"https:\/\/www.omis.net\/it-it\/#website\"},\"primaryImageOfPage\":{\"@id\":\"https:\/\/www.omis.net\/pt-pt\/braco-giratorio-omis\/#primaryimage\"},\"image\":{\"@id\":\"https:\/\/www.omis.net\/pt-pt\/braco-giratorio-omis\/#primaryimage\"},\"thumbnailUrl\":\"https:\/\/media.omis.net\/media\/2023\/03\/jib-crane-for-tractor-maintenance-omis-scaled.webp\",\"datePublished\":\"2023-03-23T00:00:00+00:00\",\"dateModified\":\"2023-03-23T00:00:00+00:00\",\"description\":\"O bra\u00e7o girat\u00f3rio \u00e9 a solu\u00e7\u00e3o ideal para o manuseio de cargas em diferentes locais de trabalho, gra\u00e7as \u00e0 sua versatilidade que se adapta \u00e0s necessidades de grandes e pequenas empresas. No setor automotivo, o bra\u00e7o girat\u00f3rio \u00e9 uma excelente solu\u00e7\u00e3o para simplificar as opera\u00e7\u00f5es de eleva\u00e7\u00e3o, manuten\u00e7\u00e3o e remo\u00e7\u00e3o de motores, bem como para o trabalho nos ve\u00edculos dos clientes, gra\u00e7as \u00e0 sua capacidade de lidar com cargas mesmo nos espa\u00e7os mais apertados das oficinas mec\u00e2nicas. #omisgroup. Leia as novidades | OMIS\",\"breadcrumb\":{\"@id\":\"https:\/\/www.omis.net\/pt-pt\/braco-giratorio-omis\/#breadcrumb\"},\"inLanguage\":\"pt-pt\",\"potentialAction\":[{\"@type\":\"ReadAction\",\"target\":[\"https:\/\/www.omis.net\/pt-pt\/braco-giratorio-omis\/\"]}]},{\"@type\":\"ImageObject\",\"inLanguage\":\"pt-pt\",\"@id\":\"https:\/\/www.omis.net\/pt-pt\/braco-giratorio-omis\/#primaryimage\",\"url\":\"https:\/\/media.omis.net\/media\/2023\/03\/jib-crane-for-tractor-maintenance-omis-scaled.webp\",\"contentUrl\":\"https:\/\/media.omis.net\/media\/2023\/03\/jib-crane-for-tractor-maintenance-omis-scaled.webp\",\"width\":2048,\"height\":2560,\"caption\":\"gallery - Jib crane for tractor maintenance Omis\"},{\"@type\":\"BreadcrumbList\",\"@id\":\"https:\/\/www.omis.net\/pt-pt\/braco-giratorio-omis\/#breadcrumb\",\"itemListElement\":[{\"@type\":\"ListItem\",\"position\":1,\"name\":\"Home\",\"item\":\"https:\/\/www.omis.net\/pt-pt\/pagina-inicial\/\"},{\"@type\":\"ListItem\",\"position\":2,\"name\":\"Bra\u00e7o girat\u00f3rio OMIS\"}]},{\"@type\":\"WebSite\",\"@id\":\"https:\/\/www.omis.net\/it-it\/#website\",\"url\":\"https:\/\/www.omis.net\/it-it\/\",\"name\":\"Omis Spa\",\"description\":\"Movimentazione e sollevamento\",\"publisher\":{\"@id\":\"https:\/\/www.omis.net\/it-it\/#organization\"},\"potentialAction\":[{\"@type\":\"SearchAction\",\"target\":{\"@type\":\"EntryPoint\",\"urlTemplate\":\"https:\/\/www.omis.net\/it-it\/?s={search_term_string}\"},\"query-input\":{\"@type\":\"PropertyValueSpecification\",\"valueRequired\":true,\"valueName\":\"search_term_string\"}}],\"inLanguage\":\"pt-pt\"},{\"@type\":\"Organization\",\"@id\":\"https:\/\/www.omis.net\/it-it\/#organization\",\"name\":\"Omis Spa\",\"url\":\"https:\/\/www.omis.net\/it-it\/\",\"logo\":{\"@type\":\"ImageObject\",\"inLanguage\":\"pt-pt\",\"@id\":\"https:\/\/www.omis.net\/it-it\/#\/schema\/logo\/image\/\",\"url\":\"https:\/\/media.omis.net\/media\/2024\/08\/logo.jpg\",\"contentUrl\":\"https:\/\/media.omis.net\/media\/2024\/08\/logo.jpg\",\"width\":300,\"height\":300,\"caption\":\"Omis Spa\"},\"image\":{\"@id\":\"https:\/\/www.omis.net\/it-it\/#\/schema\/logo\/image\/\"},\"sameAs\":[\"https:\/\/www.facebook.com\/omisgroup\",\"https:\/\/www.linkedin.com\/company\/omis-group\",\"https:\/\/www.youtube.com\/channel\/UCS4L59XDk3kKBI9MnjuxWDw\",\"https:\/\/www.instagram.com\/omisgroup\"]},{\"@type\":\"Person\",\"@id\":\"https:\/\/www.omis.net\/it-it\/#\/schema\/person\/a84b31c39ee8e2b060f51cb288b0c8f4\",\"name\":\"AQuest\",\"image\":{\"@type\":\"ImageObject\",\"inLanguage\":\"pt-pt\",\"@id\":\"https:\/\/www.omis.net\/it-it\/#\/schema\/person\/image\/\",\"url\":\"https:\/\/secure.gravatar.com\/avatar\/189fc3cdb8260330afd047b6aaa36a00?s=96&d=mm&r=g\",\"contentUrl\":\"https:\/\/secure.gravatar.com\/avatar\/189fc3cdb8260330afd047b6aaa36a00?s=96&d=mm&r=g\",\"caption\":\"AQuest\"}}]}<\/script>\n<!-- \/ Yoast SEO plugin. -->","yoast_head_json":{"title":"Bra\u00e7o girat\u00f3rio OMIS | Not\u00edcias da OMIS","description":"O bra\u00e7o girat\u00f3rio \u00e9 a solu\u00e7\u00e3o ideal para o manuseio de cargas em diferentes locais de trabalho, gra\u00e7as \u00e0 sua versatilidade que se adapta \u00e0s necessidades de grandes e pequenas empresas. No setor automotivo, o bra\u00e7o girat\u00f3rio \u00e9 uma excelente solu\u00e7\u00e3o para simplificar as opera\u00e7\u00f5es de eleva\u00e7\u00e3o, manuten\u00e7\u00e3o e remo\u00e7\u00e3o de motores, bem como para o trabalho nos ve\u00edculos dos clientes, gra\u00e7as \u00e0 sua capacidade de lidar com cargas mesmo nos espa\u00e7os mais apertados das oficinas mec\u00e2nicas. #omisgroup. Leia as novidades | OMIS","robots":{"index":"index","follow":"follow","max-snippet":"max-snippet:-1","max-image-preview":"max-image-preview:large","max-video-preview":"max-video-preview:-1"},"og_locale":"pt_PT","og_type":"article","og_title":"Bra\u00e7o girat\u00f3rio OMIS | Not\u00edcias da OMIS","og_description":"O bra\u00e7o girat\u00f3rio \u00e9 a solu\u00e7\u00e3o ideal para o manuseio de cargas em diferentes locais de trabalho, gra\u00e7as \u00e0 sua versatilidade que se adapta \u00e0s necessidades de grandes e pequenas empresas. No setor automotivo, o bra\u00e7o girat\u00f3rio \u00e9 uma excelente solu\u00e7\u00e3o para simplificar as opera\u00e7\u00f5es de eleva\u00e7\u00e3o, manuten\u00e7\u00e3o e remo\u00e7\u00e3o de motores, bem como para o trabalho nos ve\u00edculos dos clientes, gra\u00e7as \u00e0 sua capacidade de lidar com cargas mesmo nos espa\u00e7os mais apertados das oficinas mec\u00e2nicas. #omisgroup. Leia as novidades | OMIS","og_url":"https:\/\/www.omis.net\/pt-pt\/braco-giratorio-omis\/","og_site_name":"Omis Spa","article_publisher":"https:\/\/www.facebook.com\/omisgroup","article_published_time":"2023-03-23T00:00:00+00:00","og_image":[{"width":2048,"height":2560,"url":"https:\/\/media.omis.net\/media\/2023\/03\/jib-crane-for-tractor-maintenance-omis-scaled.webp","type":"image\/webp"}],"author":"AQuest","twitter_card":"summary_large_image","twitter_misc":{"Written by":"AQuest","Est. reading time":"1 minute"},"schema":{"@context":"https:\/\/schema.org","@graph":[{"@type":"Article","@id":"https:\/\/www.omis.net\/pt-pt\/braco-giratorio-omis\/#article","isPartOf":{"@id":"https:\/\/www.omis.net\/pt-pt\/braco-giratorio-omis\/"},"author":{"name":"AQuest","@id":"https:\/\/www.omis.net\/it-it\/#\/schema\/person\/a84b31c39ee8e2b060f51cb288b0c8f4"},"headline":"Bra\u00e7o girat\u00f3rio OMIS","datePublished":"2023-03-23T00:00:00+00:00","dateModified":"2023-03-23T00:00:00+00:00","mainEntityOfPage":{"@id":"https:\/\/www.omis.net\/pt-pt\/braco-giratorio-omis\/"},"wordCount":168,"publisher":{"@id":"https:\/\/www.omis.net\/it-it\/#organization"},"image":{"@id":"https:\/\/www.omis.net\/pt-pt\/braco-giratorio-omis\/#primaryimage"},"thumbnailUrl":"https:\/\/media.omis.net\/media\/2023\/03\/jib-crane-for-tractor-maintenance-omis-scaled.webp","keywords":["automotive","industry","jibcranes","liftingsolutions","maintenance","materialhandling","mechanical","officina","officinameccanica","omisborntolift","omiscranes","tractor","tractormechanic"],"articleSection":["Produtos"],"inLanguage":"pt-pt"},{"@type":"WebPage","@id":"https:\/\/www.omis.net\/pt-pt\/braco-giratorio-omis\/","url":"https:\/\/www.omis.net\/pt-pt\/braco-giratorio-omis\/","name":"Bra\u00e7o girat\u00f3rio OMIS | Not\u00edcias da OMIS","isPartOf":{"@id":"https:\/\/www.omis.net\/it-it\/#website"},"primaryImageOfPage":{"@id":"https:\/\/www.omis.net\/pt-pt\/braco-giratorio-omis\/#primaryimage"},"image":{"@id":"https:\/\/www.omis.net\/pt-pt\/braco-giratorio-omis\/#primaryimage"},"thumbnailUrl":"https:\/\/media.omis.net\/media\/2023\/03\/jib-crane-for-tractor-maintenance-omis-scaled.webp","datePublished":"2023-03-23T00:00:00+00:00","dateModified":"2023-03-23T00:00:00+00:00","description":"O bra\u00e7o girat\u00f3rio \u00e9 a solu\u00e7\u00e3o ideal para o manuseio de cargas em diferentes locais de trabalho, gra\u00e7as \u00e0 sua versatilidade que se adapta \u00e0s necessidades de grandes e pequenas empresas. No setor automotivo, o bra\u00e7o girat\u00f3rio \u00e9 uma excelente solu\u00e7\u00e3o para simplificar as opera\u00e7\u00f5es de eleva\u00e7\u00e3o, manuten\u00e7\u00e3o e remo\u00e7\u00e3o de motores, bem como para o trabalho nos ve\u00edculos dos clientes, gra\u00e7as \u00e0 sua capacidade de lidar com cargas mesmo nos espa\u00e7os mais apertados das oficinas mec\u00e2nicas. #omisgroup. Leia as novidades | OMIS","breadcrumb":{"@id":"https:\/\/www.omis.net\/pt-pt\/braco-giratorio-omis\/#breadcrumb"},"inLanguage":"pt-pt","potentialAction":[{"@type":"ReadAction","target":["https:\/\/www.omis.net\/pt-pt\/braco-giratorio-omis\/"]}]},{"@type":"ImageObject","inLanguage":"pt-pt","@id":"https:\/\/www.omis.net\/pt-pt\/braco-giratorio-omis\/#primaryimage","url":"https:\/\/media.omis.net\/media\/2023\/03\/jib-crane-for-tractor-maintenance-omis-scaled.webp","contentUrl":"https:\/\/media.omis.net\/media\/2023\/03\/jib-crane-for-tractor-maintenance-omis-scaled.webp","width":2048,"height":2560,"caption":"gallery - Jib crane for tractor maintenance Omis"},{"@type":"BreadcrumbList","@id":"https:\/\/www.omis.net\/pt-pt\/braco-giratorio-omis\/#breadcrumb","itemListElement":[{"@type":"ListItem","position":1,"name":"Home","item":"https:\/\/www.omis.net\/pt-pt\/pagina-inicial\/"},{"@type":"ListItem","position":2,"name":"Bra\u00e7o girat\u00f3rio OMIS"}]},{"@type":"WebSite","@id":"https:\/\/www.omis.net\/it-it\/#website","url":"https:\/\/www.omis.net\/it-it\/","name":"Omis Spa","description":"Movimentazione e sollevamento","publisher":{"@id":"https:\/\/www.omis.net\/it-it\/#organization"},"potentialAction":[{"@type":"SearchAction","target":{"@type":"EntryPoint","urlTemplate":"https:\/\/www.omis.net\/it-it\/?s={search_term_string}"},"query-input":{"@type":"PropertyValueSpecification","valueRequired":true,"valueName":"search_term_string"}}],"inLanguage":"pt-pt"},{"@type":"Organization","@id":"https:\/\/www.omis.net\/it-it\/#organization","name":"Omis Spa","url":"https:\/\/www.omis.net\/it-it\/","logo":{"@type":"ImageObject","inLanguage":"pt-pt","@id":"https:\/\/www.omis.net\/it-it\/#\/schema\/logo\/image\/","url":"https:\/\/media.omis.net\/media\/2024\/08\/logo.jpg","contentUrl":"https:\/\/media.omis.net\/media\/2024\/08\/logo.jpg","width":300,"height":300,"caption":"Omis Spa"},"image":{"@id":"https:\/\/www.omis.net\/it-it\/#\/schema\/logo\/image\/"},"sameAs":["https:\/\/www.facebook.com\/omisgroup","https:\/\/www.linkedin.com\/company\/omis-group","https:\/\/www.youtube.com\/channel\/UCS4L59XDk3kKBI9MnjuxWDw","https:\/\/www.instagram.com\/omisgroup"]},{"@type":"Person","@id":"https:\/\/www.omis.net\/it-it\/#\/schema\/person\/a84b31c39ee8e2b060f51cb288b0c8f4","name":"AQuest","image":{"@type":"ImageObject","inLanguage":"pt-pt","@id":"https:\/\/www.omis.net\/it-it\/#\/schema\/person\/image\/","url":"https:\/\/secure.gravatar.com\/avatar\/189fc3cdb8260330afd047b6aaa36a00?s=96&d=mm&r=g","contentUrl":"https:\/\/secure.gravatar.com\/avatar\/189fc3cdb8260330afd047b6aaa36a00?s=96&d=mm&r=g","caption":"AQuest"}}]}},"_links":{"self":[{"href":"https:\/\/www.omis.net\/pt-pt\/wp-json\/wp\/v2\/posts\/5779"}],"collection":[{"href":"https:\/\/www.omis.net\/pt-pt\/wp-json\/wp\/v2\/posts"}],"about":[{"href":"https:\/\/www.omis.net\/pt-pt\/wp-json\/wp\/v2\/types\/post"}],"author":[{"embeddable":true,"href":"https:\/\/www.omis.net\/pt-pt\/wp-json\/wp\/v2\/users\/2"}],"replies":[{"embeddable":true,"href":"https:\/\/www.omis.net\/pt-pt\/wp-json\/wp\/v2\/comments?post=5779"}],"version-history":[{"count":0,"href":"https:\/\/www.omis.net\/pt-pt\/wp-json\/wp\/v2\/posts\/5779\/revisions"}],"wp:featuredmedia":[{"embeddable":true,"href":"https:\/\/www.omis.net\/pt-pt\/wp-json\/wp\/v2\/media\/10547"}],"wp:attachment":[{"href":"https:\/\/www.omis.net\/pt-pt\/wp-json\/wp\/v2\/media?parent=5779"}],"wp:term":[{"taxonomy":"category","embeddable":true,"href":"https:\/\/www.omis.net\/pt-pt\/wp-json\/wp\/v2\/categories?post=5779"},{"taxonomy":"post_tag","embeddable":true,"href":"https:\/\/www.omis.net\/pt-pt\/wp-json\/wp\/v2\/tags?post=5779"},{"taxonomy":"tipologia-prodotto","embeddable":true,"href":"https:\/\/www.omis.net\/pt-pt\/wp-json\/wp\/v2\/tipologia-prodotto?post=5779"}],"curies":[{"name":"wp","href":"https:\/\/api.w.org\/{rel}","templated":true}]}}