{"id":5450,"date":"2023-09-06T02:00:00","date_gmt":"2023-09-06T00:00:00","guid":{"rendered":"http:\/\/bedrock.local\/?p=5450"},"modified":"2024-12-07T10:55:48","modified_gmt":"2024-12-07T09:55:48","slug":"omis-academy","status":"publish","type":"post","link":"https:\/\/www.omis.net\/it-it\/omis-academy\/","title":{"rendered":"OMIS Academy"},"content":{"rendered":"<p>ISCRIZIONI APERTE<\/p><p>Il 2 ottobre parte la nostra Academy Aziendale in collaborazione con GiGroup, per<\/p><p>ADDETTO\/ADDETTA ALLA SALDATURA MANUALE A FILO E ROBOTIZZATA.<\/p><p>Un percorso formativo completo e retribuito, che si svolger\u00e0 presso l&#8217;Istituto professionale San Gaetano a Vicenza fino al 31 ottobre 2023. Lezioni teoriche e laboratori pratici consentiranno di acquisire competenze nella lettura dei disegni tecnici e nella saldatura manuale e robotizzata. La priorit\u00e0 \u00e8 offrire ai partecipanti opportunit\u00e0 di assunzione e sviluppo professionale fin dall&#8217;inizio, attraverso contratti a tempo determinato finalizzati all\u2019inserimento stabile. OMIS si impegna costantemente nell&#8217;investimento per l&#8217;ottimizzazione delle operazioni e del suo parco macchine, con l&#8217;obiettivo di mantenere la posizione di leadership nel mercato di riferimento. Questa iniziativa mira a integrare le capacit\u00e0 del personale OMIS con soluzioni futuristiche e sostenibili, creando benessere e simbiosi tra risorse umane e tecnologia.<\/p><p>Contatta la filiale GiGroup di Thiene per maggiori informazioni. Tel.: 0445382760 &#8211; Email: thiene.vincenzo@gigroup.com<\/p>","protected":false},"excerpt":{"rendered":"<p>ISCRIZIONI APERTE Il 2 ottobre parte la nostra Academy Aziendale in collaborazione con GiGroup, per ADDETTO\/ADDETTA ALLA SALDATURA MANUALE A FILO E ROBOTIZZATA. Un percorso formativo completo e retribuito, che si svolger\u00e0 presso l&#8217;Istituto professionale San Gaetano a Vicenza fino al 31 ottobre 2023. Lezioni teoriche e laboratori pratici consentiranno di acquisire competenze nella lettura [&hellip;]<\/p>\n","protected":false},"author":2,"featured_media":10717,"comment_status":"closed","ping_status":"closed","sticky":false,"template":"","format":"standard","meta":{"_acf_changed":true,"footnotes":""},"categories":[393],"tags":[300,296,298,274,297,272,273,389,299],"tipologia-prodotto":[],"class_list":["post-5450","post","type-post","status-publish","format-standard","has-post-thumbnail","hentry","category-academy","tag-careeropportunity","tag-gigroup","tag-hiring","tag-liftingsolutions","tag-omisacademy","tag-omisborntolift","tag-omiscranes","tag-omisgroup","tag-recruitment"],"acf":{"import_csv_id":"27","seo_title":"OMIS Academy | News by OMIS","seo_description":"ISCRIZIONI APERTE\r\nIl 2 ottobre parte la nostra Academy Aziendale in collaborazione con GiGroup, per\r\nADDETTO\/ADDETTA ALLA SALDATURA MANUALE A FILO E ROBOTIZZATA.\r\nUn percorso formativo completo e retribuito, che si svolger\u00e0 presso l'Istituto professionale San Gaetano a Vicenza fino al 31 ottobre 2023. Lezioni teoriche e laboratori pratici consentiranno di acquisire competenze nella lettura dei disegni tecnici e nella saldatura manuale e robotizzata. La priorit\u00e0 \u00e8 offrire ai partecipanti opportunit\u00e0 di assunzione e sviluppo professionale fin dall'inizio, attraverso contratti a tempo determinato finalizzati all\u2019inserimento stabile. OMIS si impegna costantemente nell'investimento per l'ottimizzazione delle operazioni e del suo parco macchine, con l'obiettivo di mantenere la posizione di leadership nel mercato di riferimento. Questa iniziativa mira a integrare le capacit\u00e0 del personale OMIS con soluzioni futuristiche e sostenibili, creando benessere e simbiosi tra risorse umane e tecnologia.\r\nContatta la filiale GiGroup di Thiene per maggiori informazioni. Tel.: 0445382760 - Email: thiene.vincenzo@gigroup.com. Leggi la news | OMIS"},"yoast_head":"<!-- This site is optimized with the Yoast SEO plugin v23.9 - https:\/\/yoast.com\/wordpress\/plugins\/seo\/ -->\n<title>OMIS Academy | News by OMIS<\/title>\n<meta name=\"description\" content=\"ISCRIZIONI APERTE Il 2 ottobre parte la nostra Academy Aziendale in collaborazione con GiGroup, per ADDETTO\/ADDETTA ALLA SALDATURA MANUALE A FILO E ROBOTIZZATA. Un percorso formativo completo e retribuito, che si svolger\u00e0 presso l&#039;Istituto professionale San Gaetano a Vicenza fino al 31 ottobre 2023. Lezioni teoriche e laboratori pratici consentiranno di acquisire competenze nella lettura dei disegni tecnici e nella saldatura manuale e robotizzata. La priorit\u00e0 \u00e8 offrire ai partecipanti opportunit\u00e0 di assunzione e sviluppo professionale fin dall&#039;inizio, attraverso contratti a tempo determinato finalizzati all\u2019inserimento stabile. OMIS si impegna costantemente nell&#039;investimento per l&#039;ottimizzazione delle operazioni e del suo parco macchine, con l&#039;obiettivo di mantenere la posizione di leadership nel mercato di riferimento. Questa iniziativa mira a integrare le capacit\u00e0 del personale OMIS con soluzioni futuristiche e sostenibili, creando benessere e simbiosi tra risorse umane e tecnologia. Contatta la filiale GiGroup di Thiene per maggiori informazioni. Tel.: 0445382760 - Email: thiene.vincenzo@gigroup.com. Leggi la news | OMIS\" \/>\n<meta name=\"robots\" content=\"index, follow, max-snippet:-1, max-image-preview:large, max-video-preview:-1\" \/>\n<meta property=\"og:locale\" content=\"it_IT\" \/>\n<meta property=\"og:type\" content=\"article\" \/>\n<meta property=\"og:title\" content=\"OMIS Academy | News by OMIS\" \/>\n<meta property=\"og:description\" content=\"ISCRIZIONI APERTE Il 2 ottobre parte la nostra Academy Aziendale in collaborazione con GiGroup, per ADDETTO\/ADDETTA ALLA SALDATURA MANUALE A FILO E ROBOTIZZATA. Un percorso formativo completo e retribuito, che si svolger\u00e0 presso l&#039;Istituto professionale San Gaetano a Vicenza fino al 31 ottobre 2023. Lezioni teoriche e laboratori pratici consentiranno di acquisire competenze nella lettura dei disegni tecnici e nella saldatura manuale e robotizzata. La priorit\u00e0 \u00e8 offrire ai partecipanti opportunit\u00e0 di assunzione e sviluppo professionale fin dall&#039;inizio, attraverso contratti a tempo determinato finalizzati all\u2019inserimento stabile. OMIS si impegna costantemente nell&#039;investimento per l&#039;ottimizzazione delle operazioni e del suo parco macchine, con l&#039;obiettivo di mantenere la posizione di leadership nel mercato di riferimento. Questa iniziativa mira a integrare le capacit\u00e0 del personale OMIS con soluzioni futuristiche e sostenibili, creando benessere e simbiosi tra risorse umane e tecnologia. Contatta la filiale GiGroup di Thiene per maggiori informazioni. Tel.: 0445382760 - Email: thiene.vincenzo@gigroup.com. Leggi la news | OMIS\" \/>\n<meta property=\"og:url\" content=\"https:\/\/www.omis.net\/it-it\/omis-academy\/\" \/>\n<meta property=\"og:site_name\" content=\"OMIS\" \/>\n<meta property=\"article:publisher\" content=\"https:\/\/www.facebook.com\/omisgroup\" \/>\n<meta property=\"article:published_time\" content=\"2023-09-06T00:00:00+00:00\" \/>\n<meta property=\"article:modified_time\" content=\"2024-12-07T09:55:48+00:00\" \/>\n<meta property=\"og:image\" content=\"https:\/\/media.omis.net\/media\/2023\/09\/academy-welding-omis-scaled.webp\" \/>\n\t<meta property=\"og:image:width\" content=\"2560\" \/>\n\t<meta property=\"og:image:height\" content=\"1839\" \/>\n\t<meta property=\"og:image:type\" content=\"image\/webp\" \/>\n<meta name=\"author\" content=\"AQuest\" \/>\n<meta name=\"twitter:card\" content=\"summary_large_image\" \/>\n<meta name=\"twitter:label1\" content=\"Written by\" \/>\n\t<meta name=\"twitter:data1\" content=\"AQuest\" \/>\n\t<meta name=\"twitter:label2\" content=\"Est. reading time\" \/>\n\t<meta name=\"twitter:data2\" content=\"2 minutes\" \/>\n<script type=\"application\/ld+json\" class=\"yoast-schema-graph\">{\"@context\":\"https:\/\/schema.org\",\"@graph\":[{\"@type\":\"Article\",\"@id\":\"https:\/\/www.omis.net\/it-it\/omis-academy\/#article\",\"isPartOf\":{\"@id\":\"https:\/\/www.omis.net\/it-it\/omis-academy\/\"},\"author\":{\"name\":\"AQuest\",\"@id\":\"https:\/\/www.omis.net\/it-it\/#\/schema\/person\/a84b31c39ee8e2b060f51cb288b0c8f4\"},\"headline\":\"OMIS Academy\",\"datePublished\":\"2023-09-06T00:00:00+00:00\",\"dateModified\":\"2024-12-07T09:55:48+00:00\",\"mainEntityOfPage\":{\"@id\":\"https:\/\/www.omis.net\/it-it\/omis-academy\/\"},\"wordCount\":157,\"publisher\":{\"@id\":\"https:\/\/www.omis.net\/it-it\/#organization\"},\"image\":{\"@id\":\"https:\/\/www.omis.net\/it-it\/omis-academy\/#primaryimage\"},\"thumbnailUrl\":\"https:\/\/media.omis.net\/media\/2023\/09\/academy-welding-omis-scaled.webp\",\"keywords\":[\"careeropportunity\",\"GiGroup\",\"hiring\",\"liftingsolutions\",\"omisacademy\",\"omisborntolift\",\"omiscranes\",\"omisgroup\",\"recruitment\"],\"articleSection\":[\"Academy\"],\"inLanguage\":\"it-it\"},{\"@type\":\"WebPage\",\"@id\":\"https:\/\/www.omis.net\/it-it\/omis-academy\/\",\"url\":\"https:\/\/www.omis.net\/it-it\/omis-academy\/\",\"name\":\"OMIS Academy | News by OMIS\",\"isPartOf\":{\"@id\":\"https:\/\/www.omis.net\/it-it\/#website\"},\"primaryImageOfPage\":{\"@id\":\"https:\/\/www.omis.net\/it-it\/omis-academy\/#primaryimage\"},\"image\":{\"@id\":\"https:\/\/www.omis.net\/it-it\/omis-academy\/#primaryimage\"},\"thumbnailUrl\":\"https:\/\/media.omis.net\/media\/2023\/09\/academy-welding-omis-scaled.webp\",\"datePublished\":\"2023-09-06T00:00:00+00:00\",\"dateModified\":\"2024-12-07T09:55:48+00:00\",\"description\":\"ISCRIZIONI APERTE Il 2 ottobre parte la nostra Academy Aziendale in collaborazione con GiGroup, per ADDETTO\/ADDETTA ALLA SALDATURA MANUALE A FILO E ROBOTIZZATA. Un percorso formativo completo e retribuito, che si svolger\u00e0 presso l'Istituto professionale San Gaetano a Vicenza fino al 31 ottobre 2023. Lezioni teoriche e laboratori pratici consentiranno di acquisire competenze nella lettura dei disegni tecnici e nella saldatura manuale e robotizzata. La priorit\u00e0 \u00e8 offrire ai partecipanti opportunit\u00e0 di assunzione e sviluppo professionale fin dall'inizio, attraverso contratti a tempo determinato finalizzati all\u2019inserimento stabile. OMIS si impegna costantemente nell'investimento per l'ottimizzazione delle operazioni e del suo parco macchine, con l'obiettivo di mantenere la posizione di leadership nel mercato di riferimento. Questa iniziativa mira a integrare le capacit\u00e0 del personale OMIS con soluzioni futuristiche e sostenibili, creando benessere e simbiosi tra risorse umane e tecnologia. Contatta la filiale GiGroup di Thiene per maggiori informazioni. Tel.: 0445382760 - Email: thiene.vincenzo@gigroup.com. Leggi la news | OMIS\",\"breadcrumb\":{\"@id\":\"https:\/\/www.omis.net\/it-it\/omis-academy\/#breadcrumb\"},\"inLanguage\":\"it-it\",\"potentialAction\":[{\"@type\":\"ReadAction\",\"target\":[\"https:\/\/www.omis.net\/it-it\/omis-academy\/\"]}]},{\"@type\":\"ImageObject\",\"inLanguage\":\"it-it\",\"@id\":\"https:\/\/www.omis.net\/it-it\/omis-academy\/#primaryimage\",\"url\":\"https:\/\/media.omis.net\/media\/2023\/09\/academy-welding-omis-scaled.webp\",\"contentUrl\":\"https:\/\/media.omis.net\/media\/2023\/09\/academy-welding-omis-scaled.webp\",\"width\":2560,\"height\":1839,\"caption\":\"gallery - Academy welding Omis\"},{\"@type\":\"BreadcrumbList\",\"@id\":\"https:\/\/www.omis.net\/it-it\/omis-academy\/#breadcrumb\",\"itemListElement\":[{\"@type\":\"ListItem\",\"position\":1,\"name\":\"Home\",\"item\":\"https:\/\/www.omis.net\/it-it\/\"},{\"@type\":\"ListItem\",\"position\":2,\"name\":\"OMIS Academy\"}]},{\"@type\":\"WebSite\",\"@id\":\"https:\/\/www.omis.net\/it-it\/#website\",\"url\":\"https:\/\/www.omis.net\/it-it\/\",\"name\":\"Omis Spa\",\"description\":\"Movimentazione e sollevamento\",\"publisher\":{\"@id\":\"https:\/\/www.omis.net\/it-it\/#organization\"},\"potentialAction\":[{\"@type\":\"SearchAction\",\"target\":{\"@type\":\"EntryPoint\",\"urlTemplate\":\"https:\/\/www.omis.net\/it-it\/?s={search_term_string}\"},\"query-input\":{\"@type\":\"PropertyValueSpecification\",\"valueRequired\":true,\"valueName\":\"search_term_string\"}}],\"inLanguage\":\"it-it\"},{\"@type\":\"Organization\",\"@id\":\"https:\/\/www.omis.net\/it-it\/#organization\",\"name\":\"Omis Spa\",\"url\":\"https:\/\/www.omis.net\/it-it\/\",\"logo\":{\"@type\":\"ImageObject\",\"inLanguage\":\"it-it\",\"@id\":\"https:\/\/www.omis.net\/it-it\/#\/schema\/logo\/image\/\",\"url\":\"https:\/\/media.omis.net\/media\/2024\/08\/logo.jpg\",\"contentUrl\":\"https:\/\/media.omis.net\/media\/2024\/08\/logo.jpg\",\"width\":300,\"height\":300,\"caption\":\"Omis Spa\"},\"image\":{\"@id\":\"https:\/\/www.omis.net\/it-it\/#\/schema\/logo\/image\/\"},\"sameAs\":[\"https:\/\/www.facebook.com\/omisgroup\",\"https:\/\/www.linkedin.com\/company\/omis-group\",\"https:\/\/www.youtube.com\/channel\/UCS4L59XDk3kKBI9MnjuxWDw\",\"https:\/\/www.instagram.com\/omisgroup\"]},{\"@type\":\"Person\",\"@id\":\"https:\/\/www.omis.net\/it-it\/#\/schema\/person\/a84b31c39ee8e2b060f51cb288b0c8f4\",\"name\":\"AQuest\",\"image\":{\"@type\":\"ImageObject\",\"inLanguage\":\"it-it\",\"@id\":\"https:\/\/www.omis.net\/it-it\/#\/schema\/person\/image\/\",\"url\":\"https:\/\/secure.gravatar.com\/avatar\/189fc3cdb8260330afd047b6aaa36a00?s=96&d=mm&r=g\",\"contentUrl\":\"https:\/\/secure.gravatar.com\/avatar\/189fc3cdb8260330afd047b6aaa36a00?s=96&d=mm&r=g\",\"caption\":\"AQuest\"}}]}<\/script>\n<!-- \/ Yoast SEO plugin. -->","yoast_head_json":{"title":"OMIS Academy | News by OMIS","description":"ISCRIZIONI APERTE Il 2 ottobre parte la nostra Academy Aziendale in collaborazione con GiGroup, per ADDETTO\/ADDETTA ALLA SALDATURA MANUALE A FILO E ROBOTIZZATA. Un percorso formativo completo e retribuito, che si svolger\u00e0 presso l'Istituto professionale San Gaetano a Vicenza fino al 31 ottobre 2023. Lezioni teoriche e laboratori pratici consentiranno di acquisire competenze nella lettura dei disegni tecnici e nella saldatura manuale e robotizzata. La priorit\u00e0 \u00e8 offrire ai partecipanti opportunit\u00e0 di assunzione e sviluppo professionale fin dall'inizio, attraverso contratti a tempo determinato finalizzati all\u2019inserimento stabile. OMIS si impegna costantemente nell'investimento per l'ottimizzazione delle operazioni e del suo parco macchine, con l'obiettivo di mantenere la posizione di leadership nel mercato di riferimento. Questa iniziativa mira a integrare le capacit\u00e0 del personale OMIS con soluzioni futuristiche e sostenibili, creando benessere e simbiosi tra risorse umane e tecnologia. Contatta la filiale GiGroup di Thiene per maggiori informazioni. Tel.: 0445382760 - Email: thiene.vincenzo@gigroup.com. Leggi la news | OMIS","robots":{"index":"index","follow":"follow","max-snippet":"max-snippet:-1","max-image-preview":"max-image-preview:large","max-video-preview":"max-video-preview:-1"},"og_locale":"it_IT","og_type":"article","og_title":"OMIS Academy | News by OMIS","og_description":"ISCRIZIONI APERTE Il 2 ottobre parte la nostra Academy Aziendale in collaborazione con GiGroup, per ADDETTO\/ADDETTA ALLA SALDATURA MANUALE A FILO E ROBOTIZZATA. Un percorso formativo completo e retribuito, che si svolger\u00e0 presso l'Istituto professionale San Gaetano a Vicenza fino al 31 ottobre 2023. Lezioni teoriche e laboratori pratici consentiranno di acquisire competenze nella lettura dei disegni tecnici e nella saldatura manuale e robotizzata. La priorit\u00e0 \u00e8 offrire ai partecipanti opportunit\u00e0 di assunzione e sviluppo professionale fin dall'inizio, attraverso contratti a tempo determinato finalizzati all\u2019inserimento stabile. OMIS si impegna costantemente nell'investimento per l'ottimizzazione delle operazioni e del suo parco macchine, con l'obiettivo di mantenere la posizione di leadership nel mercato di riferimento. Questa iniziativa mira a integrare le capacit\u00e0 del personale OMIS con soluzioni futuristiche e sostenibili, creando benessere e simbiosi tra risorse umane e tecnologia. Contatta la filiale GiGroup di Thiene per maggiori informazioni. Tel.: 0445382760 - Email: thiene.vincenzo@gigroup.com. Leggi la news | OMIS","og_url":"https:\/\/www.omis.net\/it-it\/omis-academy\/","og_site_name":"OMIS","article_publisher":"https:\/\/www.facebook.com\/omisgroup","article_published_time":"2023-09-06T00:00:00+00:00","article_modified_time":"2024-12-07T09:55:48+00:00","og_image":[{"width":2560,"height":1839,"url":"https:\/\/media.omis.net\/media\/2023\/09\/academy-welding-omis-scaled.webp","type":"image\/webp"}],"author":"AQuest","twitter_card":"summary_large_image","twitter_misc":{"Written by":"AQuest","Est. reading time":"2 minutes"},"schema":{"@context":"https:\/\/schema.org","@graph":[{"@type":"Article","@id":"https:\/\/www.omis.net\/it-it\/omis-academy\/#article","isPartOf":{"@id":"https:\/\/www.omis.net\/it-it\/omis-academy\/"},"author":{"name":"AQuest","@id":"https:\/\/www.omis.net\/it-it\/#\/schema\/person\/a84b31c39ee8e2b060f51cb288b0c8f4"},"headline":"OMIS Academy","datePublished":"2023-09-06T00:00:00+00:00","dateModified":"2024-12-07T09:55:48+00:00","mainEntityOfPage":{"@id":"https:\/\/www.omis.net\/it-it\/omis-academy\/"},"wordCount":157,"publisher":{"@id":"https:\/\/www.omis.net\/it-it\/#organization"},"image":{"@id":"https:\/\/www.omis.net\/it-it\/omis-academy\/#primaryimage"},"thumbnailUrl":"https:\/\/media.omis.net\/media\/2023\/09\/academy-welding-omis-scaled.webp","keywords":["careeropportunity","GiGroup","hiring","liftingsolutions","omisacademy","omisborntolift","omiscranes","omisgroup","recruitment"],"articleSection":["Academy"],"inLanguage":"it-it"},{"@type":"WebPage","@id":"https:\/\/www.omis.net\/it-it\/omis-academy\/","url":"https:\/\/www.omis.net\/it-it\/omis-academy\/","name":"OMIS Academy | News by OMIS","isPartOf":{"@id":"https:\/\/www.omis.net\/it-it\/#website"},"primaryImageOfPage":{"@id":"https:\/\/www.omis.net\/it-it\/omis-academy\/#primaryimage"},"image":{"@id":"https:\/\/www.omis.net\/it-it\/omis-academy\/#primaryimage"},"thumbnailUrl":"https:\/\/media.omis.net\/media\/2023\/09\/academy-welding-omis-scaled.webp","datePublished":"2023-09-06T00:00:00+00:00","dateModified":"2024-12-07T09:55:48+00:00","description":"ISCRIZIONI APERTE Il 2 ottobre parte la nostra Academy Aziendale in collaborazione con GiGroup, per ADDETTO\/ADDETTA ALLA SALDATURA MANUALE A FILO E ROBOTIZZATA. Un percorso formativo completo e retribuito, che si svolger\u00e0 presso l'Istituto professionale San Gaetano a Vicenza fino al 31 ottobre 2023. Lezioni teoriche e laboratori pratici consentiranno di acquisire competenze nella lettura dei disegni tecnici e nella saldatura manuale e robotizzata. La priorit\u00e0 \u00e8 offrire ai partecipanti opportunit\u00e0 di assunzione e sviluppo professionale fin dall'inizio, attraverso contratti a tempo determinato finalizzati all\u2019inserimento stabile. OMIS si impegna costantemente nell'investimento per l'ottimizzazione delle operazioni e del suo parco macchine, con l'obiettivo di mantenere la posizione di leadership nel mercato di riferimento. Questa iniziativa mira a integrare le capacit\u00e0 del personale OMIS con soluzioni futuristiche e sostenibili, creando benessere e simbiosi tra risorse umane e tecnologia. Contatta la filiale GiGroup di Thiene per maggiori informazioni. Tel.: 0445382760 - Email: thiene.vincenzo@gigroup.com. Leggi la news | OMIS","breadcrumb":{"@id":"https:\/\/www.omis.net\/it-it\/omis-academy\/#breadcrumb"},"inLanguage":"it-it","potentialAction":[{"@type":"ReadAction","target":["https:\/\/www.omis.net\/it-it\/omis-academy\/"]}]},{"@type":"ImageObject","inLanguage":"it-it","@id":"https:\/\/www.omis.net\/it-it\/omis-academy\/#primaryimage","url":"https:\/\/media.omis.net\/media\/2023\/09\/academy-welding-omis-scaled.webp","contentUrl":"https:\/\/media.omis.net\/media\/2023\/09\/academy-welding-omis-scaled.webp","width":2560,"height":1839,"caption":"gallery - Academy welding Omis"},{"@type":"BreadcrumbList","@id":"https:\/\/www.omis.net\/it-it\/omis-academy\/#breadcrumb","itemListElement":[{"@type":"ListItem","position":1,"name":"Home","item":"https:\/\/www.omis.net\/it-it\/"},{"@type":"ListItem","position":2,"name":"OMIS Academy"}]},{"@type":"WebSite","@id":"https:\/\/www.omis.net\/it-it\/#website","url":"https:\/\/www.omis.net\/it-it\/","name":"Omis Spa","description":"Movimentazione e sollevamento","publisher":{"@id":"https:\/\/www.omis.net\/it-it\/#organization"},"potentialAction":[{"@type":"SearchAction","target":{"@type":"EntryPoint","urlTemplate":"https:\/\/www.omis.net\/it-it\/?s={search_term_string}"},"query-input":{"@type":"PropertyValueSpecification","valueRequired":true,"valueName":"search_term_string"}}],"inLanguage":"it-it"},{"@type":"Organization","@id":"https:\/\/www.omis.net\/it-it\/#organization","name":"Omis Spa","url":"https:\/\/www.omis.net\/it-it\/","logo":{"@type":"ImageObject","inLanguage":"it-it","@id":"https:\/\/www.omis.net\/it-it\/#\/schema\/logo\/image\/","url":"https:\/\/media.omis.net\/media\/2024\/08\/logo.jpg","contentUrl":"https:\/\/media.omis.net\/media\/2024\/08\/logo.jpg","width":300,"height":300,"caption":"Omis Spa"},"image":{"@id":"https:\/\/www.omis.net\/it-it\/#\/schema\/logo\/image\/"},"sameAs":["https:\/\/www.facebook.com\/omisgroup","https:\/\/www.linkedin.com\/company\/omis-group","https:\/\/www.youtube.com\/channel\/UCS4L59XDk3kKBI9MnjuxWDw","https:\/\/www.instagram.com\/omisgroup"]},{"@type":"Person","@id":"https:\/\/www.omis.net\/it-it\/#\/schema\/person\/a84b31c39ee8e2b060f51cb288b0c8f4","name":"AQuest","image":{"@type":"ImageObject","inLanguage":"it-it","@id":"https:\/\/www.omis.net\/it-it\/#\/schema\/person\/image\/","url":"https:\/\/secure.gravatar.com\/avatar\/189fc3cdb8260330afd047b6aaa36a00?s=96&d=mm&r=g","contentUrl":"https:\/\/secure.gravatar.com\/avatar\/189fc3cdb8260330afd047b6aaa36a00?s=96&d=mm&r=g","caption":"AQuest"}}]}},"_links":{"self":[{"href":"https:\/\/www.omis.net\/it-it\/wp-json\/wp\/v2\/posts\/5450"}],"collection":[{"href":"https:\/\/www.omis.net\/it-it\/wp-json\/wp\/v2\/posts"}],"about":[{"href":"https:\/\/www.omis.net\/it-it\/wp-json\/wp\/v2\/types\/post"}],"author":[{"embeddable":true,"href":"https:\/\/www.omis.net\/it-it\/wp-json\/wp\/v2\/users\/2"}],"replies":[{"embeddable":true,"href":"https:\/\/www.omis.net\/it-it\/wp-json\/wp\/v2\/comments?post=5450"}],"version-history":[{"count":0,"href":"https:\/\/www.omis.net\/it-it\/wp-json\/wp\/v2\/posts\/5450\/revisions"}],"wp:featuredmedia":[{"embeddable":true,"href":"https:\/\/www.omis.net\/it-it\/wp-json\/wp\/v2\/media\/10717"}],"wp:attachment":[{"href":"https:\/\/www.omis.net\/it-it\/wp-json\/wp\/v2\/media?parent=5450"}],"wp:term":[{"taxonomy":"category","embeddable":true,"href":"https:\/\/www.omis.net\/it-it\/wp-json\/wp\/v2\/categories?post=5450"},{"taxonomy":"post_tag","embeddable":true,"href":"https:\/\/www.omis.net\/it-it\/wp-json\/wp\/v2\/tags?post=5450"},{"taxonomy":"tipologia-prodotto","embeddable":true,"href":"https:\/\/www.omis.net\/it-it\/wp-json\/wp\/v2\/tipologia-prodotto?post=5450"}],"curies":[{"name":"wp","href":"https:\/\/api.w.org\/{rel}","templated":true}]}}