{"id":5633,"date":"2022-01-20T01:00:00","date_gmt":"2022-01-20T00:00:00","guid":{"rendered":"http:\/\/bedrock.local\/we-are-omis-nous-nous-occupons-des-charges-legeres\/"},"modified":"2022-01-20T01:00:00","modified_gmt":"2022-01-20T00:00:00","slug":"we-are-omis-nous-nous-occupons-des-charges-legeres","status":"publish","type":"post","link":"https:\/\/www.omis.net\/fr-fr\/we-are-omis-nous-nous-occupons-des-charges-legeres\/","title":{"rendered":"WE ARE OMIS &#8211; Nous nous occupons des charges l\u00e9g\u00e8res"},"content":{"rendered":"<p>Nous nous occupons des charges l\u00e9g\u00e8res, jusqu&#8217;\u00e0 5\u00a0000\u00a0kg, de la conception de la potence \u00e0 l&#8217;\u00e9tude des installations suspendues.<\/p><p> Chez OMIS FAC, nous \u00e9tudions et r\u00e9alisons des solutions pratiques et \u00e9conomiques pour rendre autonome chaque lieu de travail.<\/p><p> Plus de 180\u00a0potences \u00e9lectriques con\u00e7ues en 2021<\/p><p> Plus de 90\u00a0palonniers con\u00e7us en 2021<\/p>","protected":false},"excerpt":{"rendered":"<p>Nous nous occupons des charges l\u00e9g\u00e8res, jusqu&#8217;\u00e0 5\u00a0000\u00a0kg, de la conception de la potence \u00e0 l&#8217;\u00e9tude des installations suspendues. Chez OMIS FAC, nous \u00e9tudions et r\u00e9alisons des solutions pratiques et \u00e9conomiques pour rendre autonome chaque lieu de travail. Plus de 180\u00a0potences \u00e9lectriques con\u00e7ues en 2021 Plus de 90\u00a0palonniers con\u00e7us en 2021<\/p>\n","protected":false},"author":2,"featured_media":8963,"comment_status":"closed","ping_status":"closed","sticky":false,"template":"","format":"standard","meta":{"_acf_changed":false,"footnotes":""},"categories":[650],"tags":[332,274,272,481,472,389,482,437,289],"tipologia-prodotto":[],"class_list":["post-5633","post","type-post","status-publish","format-standard","has-post-thumbnail","hentry","category-weareomis-fr","tag-jibcranes","tag-liftingsolutions","tag-omisborntolift","tag-omiscrane","tag-omisfac","tag-omisgroup","tag-omisjibcrane","tag-omispeople","tag-weareomis"],"acf":{"import_csv_id":"82","seo_title":"WE ARE OMIS - Nous nous occupons des charges l\u00e9g\u00e8res | News by OMIS","seo_description":"Nous nous occupons des charges l\u00e9g\u00e8res, jusqu'\u00e0 5\u00a0000\u00a0kg, de la conception de la potence \u00e0 l'\u00e9tude des installations suspendues.\n Chez OMIS FAC, nous \u00e9tudions et r\u00e9alisons des solutions pratiques et \u00e9conomiques pour rendre autonome chaque lieu de travail.\n Plus de 180\u00a0potences \u00e9lectriques con\u00e7ues en 2021\n Plus de 90\u00a0palonniers con\u00e7us en 2021. Lire la news | OMIS"},"yoast_head":"<!-- This site is optimized with the Yoast SEO plugin v23.9 - https:\/\/yoast.com\/wordpress\/plugins\/seo\/ -->\n<title>WE ARE OMIS - Nous nous occupons des charges l\u00e9g\u00e8res | News by OMIS<\/title>\n<meta name=\"description\" content=\"Nous nous occupons des charges l\u00e9g\u00e8res, jusqu&#039;\u00e0 5\u00a0000\u00a0kg, de la conception de la potence \u00e0 l&#039;\u00e9tude des installations suspendues. Chez OMIS FAC, nous \u00e9tudions et r\u00e9alisons des solutions pratiques et \u00e9conomiques pour rendre autonome chaque lieu de travail. Plus de 180\u00a0potences \u00e9lectriques con\u00e7ues en 2021 Plus de 90\u00a0palonniers con\u00e7us en 2021. Lire la news | OMIS\" \/>\n<meta name=\"robots\" content=\"index, follow, max-snippet:-1, max-image-preview:large, max-video-preview:-1\" \/>\n<meta property=\"og:locale\" content=\"fr_FR\" \/>\n<meta property=\"og:type\" content=\"article\" \/>\n<meta property=\"og:title\" content=\"WE ARE OMIS - Nous nous occupons des charges l\u00e9g\u00e8res | News by OMIS\" \/>\n<meta property=\"og:description\" content=\"Nous nous occupons des charges l\u00e9g\u00e8res, jusqu&#039;\u00e0 5\u00a0000\u00a0kg, de la conception de la potence \u00e0 l&#039;\u00e9tude des installations suspendues. Chez OMIS FAC, nous \u00e9tudions et r\u00e9alisons des solutions pratiques et \u00e9conomiques pour rendre autonome chaque lieu de travail. Plus de 180\u00a0potences \u00e9lectriques con\u00e7ues en 2021 Plus de 90\u00a0palonniers con\u00e7us en 2021. Lire la news | OMIS\" \/>\n<meta property=\"og:url\" content=\"https:\/\/www.omis.net\/fr-fr\/we-are-omis-nous-nous-occupons-des-charges-legeres\/\" \/>\n<meta property=\"og:site_name\" content=\"Omis Spa\" \/>\n<meta property=\"article:publisher\" content=\"https:\/\/www.facebook.com\/omisgroup\" \/>\n<meta property=\"article:published_time\" content=\"2022-01-20T00:00:00+00:00\" \/>\n<meta property=\"og:image\" content=\"https:\/\/media.omis.net\/media\/2022\/01\/we-are-omis-we-take-care-of-light-loads-omis-scaled.webp\" \/>\n\t<meta property=\"og:image:width\" content=\"2560\" \/>\n\t<meta property=\"og:image:height\" content=\"2560\" \/>\n\t<meta property=\"og:image:type\" content=\"image\/webp\" \/>\n<meta name=\"author\" content=\"AQuest\" \/>\n<meta name=\"twitter:card\" content=\"summary_large_image\" \/>\n<meta name=\"twitter:label1\" content=\"Written by\" \/>\n\t<meta name=\"twitter:data1\" content=\"AQuest\" \/>\n<script type=\"application\/ld+json\" class=\"yoast-schema-graph\">{\"@context\":\"https:\/\/schema.org\",\"@graph\":[{\"@type\":\"Article\",\"@id\":\"https:\/\/www.omis.net\/fr-fr\/we-are-omis-nous-nous-occupons-des-charges-legeres\/#article\",\"isPartOf\":{\"@id\":\"https:\/\/www.omis.net\/fr-fr\/we-are-omis-nous-nous-occupons-des-charges-legeres\/\"},\"author\":{\"name\":\"AQuest\",\"@id\":\"https:\/\/www.omis.net\/it-it\/#\/schema\/person\/a84b31c39ee8e2b060f51cb288b0c8f4\"},\"headline\":\"WE ARE OMIS &#8211; Nous nous occupons des charges l\u00e9g\u00e8res\",\"datePublished\":\"2022-01-20T00:00:00+00:00\",\"dateModified\":\"2022-01-20T00:00:00+00:00\",\"mainEntityOfPage\":{\"@id\":\"https:\/\/www.omis.net\/fr-fr\/we-are-omis-nous-nous-occupons-des-charges-legeres\/\"},\"wordCount\":66,\"publisher\":{\"@id\":\"https:\/\/www.omis.net\/it-it\/#organization\"},\"image\":{\"@id\":\"https:\/\/www.omis.net\/fr-fr\/we-are-omis-nous-nous-occupons-des-charges-legeres\/#primaryimage\"},\"thumbnailUrl\":\"https:\/\/media.omis.net\/media\/2022\/01\/we-are-omis-we-take-care-of-light-loads-omis-scaled.webp\",\"keywords\":[\"jibcranes\",\"liftingsolutions\",\"omisborntolift\",\"omiscrane\",\"omisfac\",\"omisgroup\",\"omisjibcrane\",\"omispeople\",\"weareomis\"],\"articleSection\":[\"WeAreOMIS\"],\"inLanguage\":\"fr-fr\"},{\"@type\":\"WebPage\",\"@id\":\"https:\/\/www.omis.net\/fr-fr\/we-are-omis-nous-nous-occupons-des-charges-legeres\/\",\"url\":\"https:\/\/www.omis.net\/fr-fr\/we-are-omis-nous-nous-occupons-des-charges-legeres\/\",\"name\":\"WE ARE OMIS - Nous nous occupons des charges l\u00e9g\u00e8res | News by OMIS\",\"isPartOf\":{\"@id\":\"https:\/\/www.omis.net\/it-it\/#website\"},\"primaryImageOfPage\":{\"@id\":\"https:\/\/www.omis.net\/fr-fr\/we-are-omis-nous-nous-occupons-des-charges-legeres\/#primaryimage\"},\"image\":{\"@id\":\"https:\/\/www.omis.net\/fr-fr\/we-are-omis-nous-nous-occupons-des-charges-legeres\/#primaryimage\"},\"thumbnailUrl\":\"https:\/\/media.omis.net\/media\/2022\/01\/we-are-omis-we-take-care-of-light-loads-omis-scaled.webp\",\"datePublished\":\"2022-01-20T00:00:00+00:00\",\"dateModified\":\"2022-01-20T00:00:00+00:00\",\"description\":\"Nous nous occupons des charges l\u00e9g\u00e8res, jusqu'\u00e0 5\u00a0000\u00a0kg, de la conception de la potence \u00e0 l'\u00e9tude des installations suspendues. Chez OMIS FAC, nous \u00e9tudions et r\u00e9alisons des solutions pratiques et \u00e9conomiques pour rendre autonome chaque lieu de travail. Plus de 180\u00a0potences \u00e9lectriques con\u00e7ues en 2021 Plus de 90\u00a0palonniers con\u00e7us en 2021. Lire la news | OMIS\",\"breadcrumb\":{\"@id\":\"https:\/\/www.omis.net\/fr-fr\/we-are-omis-nous-nous-occupons-des-charges-legeres\/#breadcrumb\"},\"inLanguage\":\"fr-fr\",\"potentialAction\":[{\"@type\":\"ReadAction\",\"target\":[\"https:\/\/www.omis.net\/fr-fr\/we-are-omis-nous-nous-occupons-des-charges-legeres\/\"]}]},{\"@type\":\"ImageObject\",\"inLanguage\":\"fr-fr\",\"@id\":\"https:\/\/www.omis.net\/fr-fr\/we-are-omis-nous-nous-occupons-des-charges-legeres\/#primaryimage\",\"url\":\"https:\/\/media.omis.net\/media\/2022\/01\/we-are-omis-we-take-care-of-light-loads-omis-scaled.webp\",\"contentUrl\":\"https:\/\/media.omis.net\/media\/2022\/01\/we-are-omis-we-take-care-of-light-loads-omis-scaled.webp\",\"width\":2560,\"height\":2560,\"caption\":\"gallery - We are Omis we take care of light loads Omis\"},{\"@type\":\"BreadcrumbList\",\"@id\":\"https:\/\/www.omis.net\/fr-fr\/we-are-omis-nous-nous-occupons-des-charges-legeres\/#breadcrumb\",\"itemListElement\":[{\"@type\":\"ListItem\",\"position\":1,\"name\":\"Home\",\"item\":\"https:\/\/www.omis.net\/fr-fr\/\"},{\"@type\":\"ListItem\",\"position\":2,\"name\":\"WE ARE OMIS &#8211; Nous nous occupons des charges l\u00e9g\u00e8res\"}]},{\"@type\":\"WebSite\",\"@id\":\"https:\/\/www.omis.net\/it-it\/#website\",\"url\":\"https:\/\/www.omis.net\/it-it\/\",\"name\":\"Omis Spa\",\"description\":\"Movimentazione e sollevamento\",\"publisher\":{\"@id\":\"https:\/\/www.omis.net\/it-it\/#organization\"},\"potentialAction\":[{\"@type\":\"SearchAction\",\"target\":{\"@type\":\"EntryPoint\",\"urlTemplate\":\"https:\/\/www.omis.net\/it-it\/?s={search_term_string}\"},\"query-input\":{\"@type\":\"PropertyValueSpecification\",\"valueRequired\":true,\"valueName\":\"search_term_string\"}}],\"inLanguage\":\"fr-fr\"},{\"@type\":\"Organization\",\"@id\":\"https:\/\/www.omis.net\/it-it\/#organization\",\"name\":\"Omis Spa\",\"url\":\"https:\/\/www.omis.net\/it-it\/\",\"logo\":{\"@type\":\"ImageObject\",\"inLanguage\":\"fr-fr\",\"@id\":\"https:\/\/www.omis.net\/it-it\/#\/schema\/logo\/image\/\",\"url\":\"https:\/\/media.omis.net\/media\/2024\/08\/logo.jpg\",\"contentUrl\":\"https:\/\/media.omis.net\/media\/2024\/08\/logo.jpg\",\"width\":300,\"height\":300,\"caption\":\"Omis Spa\"},\"image\":{\"@id\":\"https:\/\/www.omis.net\/it-it\/#\/schema\/logo\/image\/\"},\"sameAs\":[\"https:\/\/www.facebook.com\/omisgroup\",\"https:\/\/www.linkedin.com\/company\/omis-group\",\"https:\/\/www.youtube.com\/channel\/UCS4L59XDk3kKBI9MnjuxWDw\",\"https:\/\/www.instagram.com\/omisgroup\"]},{\"@type\":\"Person\",\"@id\":\"https:\/\/www.omis.net\/it-it\/#\/schema\/person\/a84b31c39ee8e2b060f51cb288b0c8f4\",\"name\":\"AQuest\",\"image\":{\"@type\":\"ImageObject\",\"inLanguage\":\"fr-fr\",\"@id\":\"https:\/\/www.omis.net\/it-it\/#\/schema\/person\/image\/\",\"url\":\"https:\/\/secure.gravatar.com\/avatar\/189fc3cdb8260330afd047b6aaa36a00?s=96&d=mm&r=g\",\"contentUrl\":\"https:\/\/secure.gravatar.com\/avatar\/189fc3cdb8260330afd047b6aaa36a00?s=96&d=mm&r=g\",\"caption\":\"AQuest\"}}]}<\/script>\n<!-- \/ Yoast SEO plugin. -->","yoast_head_json":{"title":"WE ARE OMIS - Nous nous occupons des charges l\u00e9g\u00e8res | News by OMIS","description":"Nous nous occupons des charges l\u00e9g\u00e8res, jusqu'\u00e0 5\u00a0000\u00a0kg, de la conception de la potence \u00e0 l'\u00e9tude des installations suspendues. Chez OMIS FAC, nous \u00e9tudions et r\u00e9alisons des solutions pratiques et \u00e9conomiques pour rendre autonome chaque lieu de travail. Plus de 180\u00a0potences \u00e9lectriques con\u00e7ues en 2021 Plus de 90\u00a0palonniers con\u00e7us en 2021. Lire la news | OMIS","robots":{"index":"index","follow":"follow","max-snippet":"max-snippet:-1","max-image-preview":"max-image-preview:large","max-video-preview":"max-video-preview:-1"},"og_locale":"fr_FR","og_type":"article","og_title":"WE ARE OMIS - Nous nous occupons des charges l\u00e9g\u00e8res | News by OMIS","og_description":"Nous nous occupons des charges l\u00e9g\u00e8res, jusqu'\u00e0 5\u00a0000\u00a0kg, de la conception de la potence \u00e0 l'\u00e9tude des installations suspendues. Chez OMIS FAC, nous \u00e9tudions et r\u00e9alisons des solutions pratiques et \u00e9conomiques pour rendre autonome chaque lieu de travail. Plus de 180\u00a0potences \u00e9lectriques con\u00e7ues en 2021 Plus de 90\u00a0palonniers con\u00e7us en 2021. Lire la news | OMIS","og_url":"https:\/\/www.omis.net\/fr-fr\/we-are-omis-nous-nous-occupons-des-charges-legeres\/","og_site_name":"Omis Spa","article_publisher":"https:\/\/www.facebook.com\/omisgroup","article_published_time":"2022-01-20T00:00:00+00:00","og_image":[{"width":2560,"height":2560,"url":"https:\/\/media.omis.net\/media\/2022\/01\/we-are-omis-we-take-care-of-light-loads-omis-scaled.webp","type":"image\/webp"}],"author":"AQuest","twitter_card":"summary_large_image","twitter_misc":{"Written by":"AQuest"},"schema":{"@context":"https:\/\/schema.org","@graph":[{"@type":"Article","@id":"https:\/\/www.omis.net\/fr-fr\/we-are-omis-nous-nous-occupons-des-charges-legeres\/#article","isPartOf":{"@id":"https:\/\/www.omis.net\/fr-fr\/we-are-omis-nous-nous-occupons-des-charges-legeres\/"},"author":{"name":"AQuest","@id":"https:\/\/www.omis.net\/it-it\/#\/schema\/person\/a84b31c39ee8e2b060f51cb288b0c8f4"},"headline":"WE ARE OMIS &#8211; Nous nous occupons des charges l\u00e9g\u00e8res","datePublished":"2022-01-20T00:00:00+00:00","dateModified":"2022-01-20T00:00:00+00:00","mainEntityOfPage":{"@id":"https:\/\/www.omis.net\/fr-fr\/we-are-omis-nous-nous-occupons-des-charges-legeres\/"},"wordCount":66,"publisher":{"@id":"https:\/\/www.omis.net\/it-it\/#organization"},"image":{"@id":"https:\/\/www.omis.net\/fr-fr\/we-are-omis-nous-nous-occupons-des-charges-legeres\/#primaryimage"},"thumbnailUrl":"https:\/\/media.omis.net\/media\/2022\/01\/we-are-omis-we-take-care-of-light-loads-omis-scaled.webp","keywords":["jibcranes","liftingsolutions","omisborntolift","omiscrane","omisfac","omisgroup","omisjibcrane","omispeople","weareomis"],"articleSection":["WeAreOMIS"],"inLanguage":"fr-fr"},{"@type":"WebPage","@id":"https:\/\/www.omis.net\/fr-fr\/we-are-omis-nous-nous-occupons-des-charges-legeres\/","url":"https:\/\/www.omis.net\/fr-fr\/we-are-omis-nous-nous-occupons-des-charges-legeres\/","name":"WE ARE OMIS - Nous nous occupons des charges l\u00e9g\u00e8res | News by OMIS","isPartOf":{"@id":"https:\/\/www.omis.net\/it-it\/#website"},"primaryImageOfPage":{"@id":"https:\/\/www.omis.net\/fr-fr\/we-are-omis-nous-nous-occupons-des-charges-legeres\/#primaryimage"},"image":{"@id":"https:\/\/www.omis.net\/fr-fr\/we-are-omis-nous-nous-occupons-des-charges-legeres\/#primaryimage"},"thumbnailUrl":"https:\/\/media.omis.net\/media\/2022\/01\/we-are-omis-we-take-care-of-light-loads-omis-scaled.webp","datePublished":"2022-01-20T00:00:00+00:00","dateModified":"2022-01-20T00:00:00+00:00","description":"Nous nous occupons des charges l\u00e9g\u00e8res, jusqu'\u00e0 5\u00a0000\u00a0kg, de la conception de la potence \u00e0 l'\u00e9tude des installations suspendues. Chez OMIS FAC, nous \u00e9tudions et r\u00e9alisons des solutions pratiques et \u00e9conomiques pour rendre autonome chaque lieu de travail. Plus de 180\u00a0potences \u00e9lectriques con\u00e7ues en 2021 Plus de 90\u00a0palonniers con\u00e7us en 2021. Lire la news | OMIS","breadcrumb":{"@id":"https:\/\/www.omis.net\/fr-fr\/we-are-omis-nous-nous-occupons-des-charges-legeres\/#breadcrumb"},"inLanguage":"fr-fr","potentialAction":[{"@type":"ReadAction","target":["https:\/\/www.omis.net\/fr-fr\/we-are-omis-nous-nous-occupons-des-charges-legeres\/"]}]},{"@type":"ImageObject","inLanguage":"fr-fr","@id":"https:\/\/www.omis.net\/fr-fr\/we-are-omis-nous-nous-occupons-des-charges-legeres\/#primaryimage","url":"https:\/\/media.omis.net\/media\/2022\/01\/we-are-omis-we-take-care-of-light-loads-omis-scaled.webp","contentUrl":"https:\/\/media.omis.net\/media\/2022\/01\/we-are-omis-we-take-care-of-light-loads-omis-scaled.webp","width":2560,"height":2560,"caption":"gallery - We are Omis we take care of light loads Omis"},{"@type":"BreadcrumbList","@id":"https:\/\/www.omis.net\/fr-fr\/we-are-omis-nous-nous-occupons-des-charges-legeres\/#breadcrumb","itemListElement":[{"@type":"ListItem","position":1,"name":"Home","item":"https:\/\/www.omis.net\/fr-fr\/"},{"@type":"ListItem","position":2,"name":"WE ARE OMIS &#8211; Nous nous occupons des charges l\u00e9g\u00e8res"}]},{"@type":"WebSite","@id":"https:\/\/www.omis.net\/it-it\/#website","url":"https:\/\/www.omis.net\/it-it\/","name":"Omis Spa","description":"Movimentazione e sollevamento","publisher":{"@id":"https:\/\/www.omis.net\/it-it\/#organization"},"potentialAction":[{"@type":"SearchAction","target":{"@type":"EntryPoint","urlTemplate":"https:\/\/www.omis.net\/it-it\/?s={search_term_string}"},"query-input":{"@type":"PropertyValueSpecification","valueRequired":true,"valueName":"search_term_string"}}],"inLanguage":"fr-fr"},{"@type":"Organization","@id":"https:\/\/www.omis.net\/it-it\/#organization","name":"Omis Spa","url":"https:\/\/www.omis.net\/it-it\/","logo":{"@type":"ImageObject","inLanguage":"fr-fr","@id":"https:\/\/www.omis.net\/it-it\/#\/schema\/logo\/image\/","url":"https:\/\/media.omis.net\/media\/2024\/08\/logo.jpg","contentUrl":"https:\/\/media.omis.net\/media\/2024\/08\/logo.jpg","width":300,"height":300,"caption":"Omis Spa"},"image":{"@id":"https:\/\/www.omis.net\/it-it\/#\/schema\/logo\/image\/"},"sameAs":["https:\/\/www.facebook.com\/omisgroup","https:\/\/www.linkedin.com\/company\/omis-group","https:\/\/www.youtube.com\/channel\/UCS4L59XDk3kKBI9MnjuxWDw","https:\/\/www.instagram.com\/omisgroup"]},{"@type":"Person","@id":"https:\/\/www.omis.net\/it-it\/#\/schema\/person\/a84b31c39ee8e2b060f51cb288b0c8f4","name":"AQuest","image":{"@type":"ImageObject","inLanguage":"fr-fr","@id":"https:\/\/www.omis.net\/it-it\/#\/schema\/person\/image\/","url":"https:\/\/secure.gravatar.com\/avatar\/189fc3cdb8260330afd047b6aaa36a00?s=96&d=mm&r=g","contentUrl":"https:\/\/secure.gravatar.com\/avatar\/189fc3cdb8260330afd047b6aaa36a00?s=96&d=mm&r=g","caption":"AQuest"}}]}},"_links":{"self":[{"href":"https:\/\/www.omis.net\/fr-fr\/wp-json\/wp\/v2\/posts\/5633"}],"collection":[{"href":"https:\/\/www.omis.net\/fr-fr\/wp-json\/wp\/v2\/posts"}],"about":[{"href":"https:\/\/www.omis.net\/fr-fr\/wp-json\/wp\/v2\/types\/post"}],"author":[{"embeddable":true,"href":"https:\/\/www.omis.net\/fr-fr\/wp-json\/wp\/v2\/users\/2"}],"replies":[{"embeddable":true,"href":"https:\/\/www.omis.net\/fr-fr\/wp-json\/wp\/v2\/comments?post=5633"}],"version-history":[{"count":0,"href":"https:\/\/www.omis.net\/fr-fr\/wp-json\/wp\/v2\/posts\/5633\/revisions"}],"wp:featuredmedia":[{"embeddable":true,"href":"https:\/\/www.omis.net\/fr-fr\/wp-json\/wp\/v2\/media\/8963"}],"wp:attachment":[{"href":"https:\/\/www.omis.net\/fr-fr\/wp-json\/wp\/v2\/media?parent=5633"}],"wp:term":[{"taxonomy":"category","embeddable":true,"href":"https:\/\/www.omis.net\/fr-fr\/wp-json\/wp\/v2\/categories?post=5633"},{"taxonomy":"post_tag","embeddable":true,"href":"https:\/\/www.omis.net\/fr-fr\/wp-json\/wp\/v2\/tags?post=5633"},{"taxonomy":"tipologia-prodotto","embeddable":true,"href":"https:\/\/www.omis.net\/fr-fr\/wp-json\/wp\/v2\/tipologia-prodotto?post=5633"}],"curies":[{"name":"wp","href":"https:\/\/api.w.org\/{rel}","templated":true}]}}