{"id":5629,"date":"2022-02-18T01:00:00","date_gmt":"2022-02-18T00:00:00","guid":{"rendered":"http:\/\/bedrock.local\/journee-mondiale-des-economies-denergie\/"},"modified":"2022-02-18T01:00:00","modified_gmt":"2022-02-18T00:00:00","slug":"journee-mondiale-des-economies-denergie","status":"publish","type":"post","link":"https:\/\/www.omis.net\/fr-fr\/journee-mondiale-des-economies-denergie\/","title":{"rendered":"Journ\u00e9e mondiale des \u00e9conomies d&#8217;\u00e9nergie"},"content":{"rendered":"<p>OMIS choisit de consommer de produire de l&#8217;\u00e9nergie renouvelable et certifi\u00e9e EKOenergy, ce qui favorise la r\u00e9duction de CO2 dans l&#8217;atmosph\u00e8re.<\/p>","protected":false},"excerpt":{"rendered":"<p>OMIS choisit de consommer de produire de l&#8217;\u00e9nergie renouvelable et certifi\u00e9e EKOenergy, ce qui favorise la r\u00e9duction de CO2 dans l&#8217;atmosph\u00e8re.<\/p>\n","protected":false},"author":2,"featured_media":9183,"comment_status":"closed","ping_status":"closed","sticky":false,"template":"","format":"standard","meta":{"_acf_changed":false,"footnotes":""},"categories":[646],"tags":[475,428,272,273,389,476,474],"tipologia-prodotto":[],"class_list":["post-5629","post","type-post","status-publish","format-standard","has-post-thumbnail","hentry","category-communications-fr","tag-energysaving","tag-liftingsolution","tag-omisborntolift","tag-omiscranes","tag-omisgroup","tag-reductionofco2","tag-renowableenergy"],"acf":{"import_csv_id":"78","seo_title":"Journ\u00e9e mondiale des \u00e9conomies d'\u00e9nergie | News by OMIS","seo_description":"OMIS choisit de consommer de produire de l'\u00e9nergie renouvelable et certifi\u00e9e EKOenergy, ce qui favorise la r\u00e9duction de CO2 dans l'atmosph\u00e8re. Lire la news | OMIS"},"yoast_head":"<!-- This site is optimized with the Yoast SEO plugin v23.9 - https:\/\/yoast.com\/wordpress\/plugins\/seo\/ -->\n<title>Journ\u00e9e mondiale des \u00e9conomies d&#039;\u00e9nergie | News by OMIS<\/title>\n<meta name=\"description\" content=\"OMIS choisit de consommer de produire de l&#039;\u00e9nergie renouvelable et certifi\u00e9e EKOenergy, ce qui favorise la r\u00e9duction de CO2 dans l&#039;atmosph\u00e8re. Lire la news | OMIS\" \/>\n<meta name=\"robots\" content=\"index, follow, max-snippet:-1, max-image-preview:large, max-video-preview:-1\" \/>\n<meta property=\"og:locale\" content=\"fr_FR\" \/>\n<meta property=\"og:type\" content=\"article\" \/>\n<meta property=\"og:title\" content=\"Journ\u00e9e mondiale des \u00e9conomies d&#039;\u00e9nergie | News by OMIS\" \/>\n<meta property=\"og:description\" content=\"OMIS choisit de consommer de produire de l&#039;\u00e9nergie renouvelable et certifi\u00e9e EKOenergy, ce qui favorise la r\u00e9duction de CO2 dans l&#039;atmosph\u00e8re. Lire la news | OMIS\" \/>\n<meta property=\"og:url\" content=\"https:\/\/www.omis.net\/fr-fr\/journee-mondiale-des-economies-denergie\/\" \/>\n<meta property=\"og:site_name\" content=\"Omis Spa\" \/>\n<meta property=\"article:publisher\" content=\"https:\/\/www.facebook.com\/omisgroup\" \/>\n<meta property=\"article:published_time\" content=\"2022-02-18T00:00:00+00:00\" \/>\n<meta property=\"og:image\" content=\"https:\/\/media.omis.net\/media\/2022\/02\/world-energy-saving-day-header-omis-scaled.webp\" \/>\n\t<meta property=\"og:image:width\" content=\"2560\" \/>\n\t<meta property=\"og:image:height\" content=\"2560\" \/>\n\t<meta property=\"og:image:type\" content=\"image\/webp\" \/>\n<meta name=\"author\" content=\"AQuest\" \/>\n<meta name=\"twitter:card\" content=\"summary_large_image\" \/>\n<meta name=\"twitter:label1\" content=\"Written by\" \/>\n\t<meta name=\"twitter:data1\" content=\"AQuest\" \/>\n<script type=\"application\/ld+json\" class=\"yoast-schema-graph\">{\"@context\":\"https:\/\/schema.org\",\"@graph\":[{\"@type\":\"Article\",\"@id\":\"https:\/\/www.omis.net\/fr-fr\/journee-mondiale-des-economies-denergie\/#article\",\"isPartOf\":{\"@id\":\"https:\/\/www.omis.net\/fr-fr\/journee-mondiale-des-economies-denergie\/\"},\"author\":{\"name\":\"AQuest\",\"@id\":\"https:\/\/www.omis.net\/it-it\/#\/schema\/person\/a84b31c39ee8e2b060f51cb288b0c8f4\"},\"headline\":\"Journ\u00e9e mondiale des \u00e9conomies d&#8217;\u00e9nergie\",\"datePublished\":\"2022-02-18T00:00:00+00:00\",\"dateModified\":\"2022-02-18T00:00:00+00:00\",\"mainEntityOfPage\":{\"@id\":\"https:\/\/www.omis.net\/fr-fr\/journee-mondiale-des-economies-denergie\/\"},\"wordCount\":33,\"publisher\":{\"@id\":\"https:\/\/www.omis.net\/it-it\/#organization\"},\"image\":{\"@id\":\"https:\/\/www.omis.net\/fr-fr\/journee-mondiale-des-economies-denergie\/#primaryimage\"},\"thumbnailUrl\":\"https:\/\/media.omis.net\/media\/2022\/02\/world-energy-saving-day-header-omis-scaled.webp\",\"keywords\":[\"energysaving\",\"liftingsolution\",\"omisborntolift\",\"omiscranes\",\"omisgroup\",\"reductionofco2\",\"renowableenergy\"],\"articleSection\":[\"Communications\"],\"inLanguage\":\"fr-fr\"},{\"@type\":\"WebPage\",\"@id\":\"https:\/\/www.omis.net\/fr-fr\/journee-mondiale-des-economies-denergie\/\",\"url\":\"https:\/\/www.omis.net\/fr-fr\/journee-mondiale-des-economies-denergie\/\",\"name\":\"Journ\u00e9e mondiale des \u00e9conomies d'\u00e9nergie | News by OMIS\",\"isPartOf\":{\"@id\":\"https:\/\/www.omis.net\/it-it\/#website\"},\"primaryImageOfPage\":{\"@id\":\"https:\/\/www.omis.net\/fr-fr\/journee-mondiale-des-economies-denergie\/#primaryimage\"},\"image\":{\"@id\":\"https:\/\/www.omis.net\/fr-fr\/journee-mondiale-des-economies-denergie\/#primaryimage\"},\"thumbnailUrl\":\"https:\/\/media.omis.net\/media\/2022\/02\/world-energy-saving-day-header-omis-scaled.webp\",\"datePublished\":\"2022-02-18T00:00:00+00:00\",\"dateModified\":\"2022-02-18T00:00:00+00:00\",\"description\":\"OMIS choisit de consommer de produire de l'\u00e9nergie renouvelable et certifi\u00e9e EKOenergy, ce qui favorise la r\u00e9duction de CO2 dans l'atmosph\u00e8re. Lire la news | OMIS\",\"breadcrumb\":{\"@id\":\"https:\/\/www.omis.net\/fr-fr\/journee-mondiale-des-economies-denergie\/#breadcrumb\"},\"inLanguage\":\"fr-fr\",\"potentialAction\":[{\"@type\":\"ReadAction\",\"target\":[\"https:\/\/www.omis.net\/fr-fr\/journee-mondiale-des-economies-denergie\/\"]}]},{\"@type\":\"ImageObject\",\"inLanguage\":\"fr-fr\",\"@id\":\"https:\/\/www.omis.net\/fr-fr\/journee-mondiale-des-economies-denergie\/#primaryimage\",\"url\":\"https:\/\/media.omis.net\/media\/2022\/02\/world-energy-saving-day-header-omis-scaled.webp\",\"contentUrl\":\"https:\/\/media.omis.net\/media\/2022\/02\/world-energy-saving-day-header-omis-scaled.webp\",\"width\":2560,\"height\":2560,\"caption\":\"gallery - World energy saving day header Omis\"},{\"@type\":\"BreadcrumbList\",\"@id\":\"https:\/\/www.omis.net\/fr-fr\/journee-mondiale-des-economies-denergie\/#breadcrumb\",\"itemListElement\":[{\"@type\":\"ListItem\",\"position\":1,\"name\":\"Home\",\"item\":\"https:\/\/www.omis.net\/fr-fr\/\"},{\"@type\":\"ListItem\",\"position\":2,\"name\":\"Journ\u00e9e mondiale des \u00e9conomies d&#8217;\u00e9nergie\"}]},{\"@type\":\"WebSite\",\"@id\":\"https:\/\/www.omis.net\/it-it\/#website\",\"url\":\"https:\/\/www.omis.net\/it-it\/\",\"name\":\"Omis Spa\",\"description\":\"Movimentazione e sollevamento\",\"publisher\":{\"@id\":\"https:\/\/www.omis.net\/it-it\/#organization\"},\"potentialAction\":[{\"@type\":\"SearchAction\",\"target\":{\"@type\":\"EntryPoint\",\"urlTemplate\":\"https:\/\/www.omis.net\/it-it\/?s={search_term_string}\"},\"query-input\":{\"@type\":\"PropertyValueSpecification\",\"valueRequired\":true,\"valueName\":\"search_term_string\"}}],\"inLanguage\":\"fr-fr\"},{\"@type\":\"Organization\",\"@id\":\"https:\/\/www.omis.net\/it-it\/#organization\",\"name\":\"Omis Spa\",\"url\":\"https:\/\/www.omis.net\/it-it\/\",\"logo\":{\"@type\":\"ImageObject\",\"inLanguage\":\"fr-fr\",\"@id\":\"https:\/\/www.omis.net\/it-it\/#\/schema\/logo\/image\/\",\"url\":\"https:\/\/media.omis.net\/media\/2024\/08\/logo.jpg\",\"contentUrl\":\"https:\/\/media.omis.net\/media\/2024\/08\/logo.jpg\",\"width\":300,\"height\":300,\"caption\":\"Omis Spa\"},\"image\":{\"@id\":\"https:\/\/www.omis.net\/it-it\/#\/schema\/logo\/image\/\"},\"sameAs\":[\"https:\/\/www.facebook.com\/omisgroup\",\"https:\/\/www.linkedin.com\/company\/omis-group\",\"https:\/\/www.youtube.com\/channel\/UCS4L59XDk3kKBI9MnjuxWDw\",\"https:\/\/www.instagram.com\/omisgroup\"]},{\"@type\":\"Person\",\"@id\":\"https:\/\/www.omis.net\/it-it\/#\/schema\/person\/a84b31c39ee8e2b060f51cb288b0c8f4\",\"name\":\"AQuest\",\"image\":{\"@type\":\"ImageObject\",\"inLanguage\":\"fr-fr\",\"@id\":\"https:\/\/www.omis.net\/it-it\/#\/schema\/person\/image\/\",\"url\":\"https:\/\/secure.gravatar.com\/avatar\/189fc3cdb8260330afd047b6aaa36a00?s=96&d=mm&r=g\",\"contentUrl\":\"https:\/\/secure.gravatar.com\/avatar\/189fc3cdb8260330afd047b6aaa36a00?s=96&d=mm&r=g\",\"caption\":\"AQuest\"}}]}<\/script>\n<!-- \/ Yoast SEO plugin. -->","yoast_head_json":{"title":"Journ\u00e9e mondiale des \u00e9conomies d'\u00e9nergie | News by OMIS","description":"OMIS choisit de consommer de produire de l'\u00e9nergie renouvelable et certifi\u00e9e EKOenergy, ce qui favorise la r\u00e9duction de CO2 dans l'atmosph\u00e8re. Lire la news | OMIS","robots":{"index":"index","follow":"follow","max-snippet":"max-snippet:-1","max-image-preview":"max-image-preview:large","max-video-preview":"max-video-preview:-1"},"og_locale":"fr_FR","og_type":"article","og_title":"Journ\u00e9e mondiale des \u00e9conomies d'\u00e9nergie | News by OMIS","og_description":"OMIS choisit de consommer de produire de l'\u00e9nergie renouvelable et certifi\u00e9e EKOenergy, ce qui favorise la r\u00e9duction de CO2 dans l'atmosph\u00e8re. Lire la news | OMIS","og_url":"https:\/\/www.omis.net\/fr-fr\/journee-mondiale-des-economies-denergie\/","og_site_name":"Omis Spa","article_publisher":"https:\/\/www.facebook.com\/omisgroup","article_published_time":"2022-02-18T00:00:00+00:00","og_image":[{"width":2560,"height":2560,"url":"https:\/\/media.omis.net\/media\/2022\/02\/world-energy-saving-day-header-omis-scaled.webp","type":"image\/webp"}],"author":"AQuest","twitter_card":"summary_large_image","twitter_misc":{"Written by":"AQuest"},"schema":{"@context":"https:\/\/schema.org","@graph":[{"@type":"Article","@id":"https:\/\/www.omis.net\/fr-fr\/journee-mondiale-des-economies-denergie\/#article","isPartOf":{"@id":"https:\/\/www.omis.net\/fr-fr\/journee-mondiale-des-economies-denergie\/"},"author":{"name":"AQuest","@id":"https:\/\/www.omis.net\/it-it\/#\/schema\/person\/a84b31c39ee8e2b060f51cb288b0c8f4"},"headline":"Journ\u00e9e mondiale des \u00e9conomies d&#8217;\u00e9nergie","datePublished":"2022-02-18T00:00:00+00:00","dateModified":"2022-02-18T00:00:00+00:00","mainEntityOfPage":{"@id":"https:\/\/www.omis.net\/fr-fr\/journee-mondiale-des-economies-denergie\/"},"wordCount":33,"publisher":{"@id":"https:\/\/www.omis.net\/it-it\/#organization"},"image":{"@id":"https:\/\/www.omis.net\/fr-fr\/journee-mondiale-des-economies-denergie\/#primaryimage"},"thumbnailUrl":"https:\/\/media.omis.net\/media\/2022\/02\/world-energy-saving-day-header-omis-scaled.webp","keywords":["energysaving","liftingsolution","omisborntolift","omiscranes","omisgroup","reductionofco2","renowableenergy"],"articleSection":["Communications"],"inLanguage":"fr-fr"},{"@type":"WebPage","@id":"https:\/\/www.omis.net\/fr-fr\/journee-mondiale-des-economies-denergie\/","url":"https:\/\/www.omis.net\/fr-fr\/journee-mondiale-des-economies-denergie\/","name":"Journ\u00e9e mondiale des \u00e9conomies d'\u00e9nergie | News by OMIS","isPartOf":{"@id":"https:\/\/www.omis.net\/it-it\/#website"},"primaryImageOfPage":{"@id":"https:\/\/www.omis.net\/fr-fr\/journee-mondiale-des-economies-denergie\/#primaryimage"},"image":{"@id":"https:\/\/www.omis.net\/fr-fr\/journee-mondiale-des-economies-denergie\/#primaryimage"},"thumbnailUrl":"https:\/\/media.omis.net\/media\/2022\/02\/world-energy-saving-day-header-omis-scaled.webp","datePublished":"2022-02-18T00:00:00+00:00","dateModified":"2022-02-18T00:00:00+00:00","description":"OMIS choisit de consommer de produire de l'\u00e9nergie renouvelable et certifi\u00e9e EKOenergy, ce qui favorise la r\u00e9duction de CO2 dans l'atmosph\u00e8re. Lire la news | OMIS","breadcrumb":{"@id":"https:\/\/www.omis.net\/fr-fr\/journee-mondiale-des-economies-denergie\/#breadcrumb"},"inLanguage":"fr-fr","potentialAction":[{"@type":"ReadAction","target":["https:\/\/www.omis.net\/fr-fr\/journee-mondiale-des-economies-denergie\/"]}]},{"@type":"ImageObject","inLanguage":"fr-fr","@id":"https:\/\/www.omis.net\/fr-fr\/journee-mondiale-des-economies-denergie\/#primaryimage","url":"https:\/\/media.omis.net\/media\/2022\/02\/world-energy-saving-day-header-omis-scaled.webp","contentUrl":"https:\/\/media.omis.net\/media\/2022\/02\/world-energy-saving-day-header-omis-scaled.webp","width":2560,"height":2560,"caption":"gallery - World energy saving day header Omis"},{"@type":"BreadcrumbList","@id":"https:\/\/www.omis.net\/fr-fr\/journee-mondiale-des-economies-denergie\/#breadcrumb","itemListElement":[{"@type":"ListItem","position":1,"name":"Home","item":"https:\/\/www.omis.net\/fr-fr\/"},{"@type":"ListItem","position":2,"name":"Journ\u00e9e mondiale des \u00e9conomies d&#8217;\u00e9nergie"}]},{"@type":"WebSite","@id":"https:\/\/www.omis.net\/it-it\/#website","url":"https:\/\/www.omis.net\/it-it\/","name":"Omis Spa","description":"Movimentazione e sollevamento","publisher":{"@id":"https:\/\/www.omis.net\/it-it\/#organization"},"potentialAction":[{"@type":"SearchAction","target":{"@type":"EntryPoint","urlTemplate":"https:\/\/www.omis.net\/it-it\/?s={search_term_string}"},"query-input":{"@type":"PropertyValueSpecification","valueRequired":true,"valueName":"search_term_string"}}],"inLanguage":"fr-fr"},{"@type":"Organization","@id":"https:\/\/www.omis.net\/it-it\/#organization","name":"Omis Spa","url":"https:\/\/www.omis.net\/it-it\/","logo":{"@type":"ImageObject","inLanguage":"fr-fr","@id":"https:\/\/www.omis.net\/it-it\/#\/schema\/logo\/image\/","url":"https:\/\/media.omis.net\/media\/2024\/08\/logo.jpg","contentUrl":"https:\/\/media.omis.net\/media\/2024\/08\/logo.jpg","width":300,"height":300,"caption":"Omis Spa"},"image":{"@id":"https:\/\/www.omis.net\/it-it\/#\/schema\/logo\/image\/"},"sameAs":["https:\/\/www.facebook.com\/omisgroup","https:\/\/www.linkedin.com\/company\/omis-group","https:\/\/www.youtube.com\/channel\/UCS4L59XDk3kKBI9MnjuxWDw","https:\/\/www.instagram.com\/omisgroup"]},{"@type":"Person","@id":"https:\/\/www.omis.net\/it-it\/#\/schema\/person\/a84b31c39ee8e2b060f51cb288b0c8f4","name":"AQuest","image":{"@type":"ImageObject","inLanguage":"fr-fr","@id":"https:\/\/www.omis.net\/it-it\/#\/schema\/person\/image\/","url":"https:\/\/secure.gravatar.com\/avatar\/189fc3cdb8260330afd047b6aaa36a00?s=96&d=mm&r=g","contentUrl":"https:\/\/secure.gravatar.com\/avatar\/189fc3cdb8260330afd047b6aaa36a00?s=96&d=mm&r=g","caption":"AQuest"}}]}},"_links":{"self":[{"href":"https:\/\/www.omis.net\/fr-fr\/wp-json\/wp\/v2\/posts\/5629"}],"collection":[{"href":"https:\/\/www.omis.net\/fr-fr\/wp-json\/wp\/v2\/posts"}],"about":[{"href":"https:\/\/www.omis.net\/fr-fr\/wp-json\/wp\/v2\/types\/post"}],"author":[{"embeddable":true,"href":"https:\/\/www.omis.net\/fr-fr\/wp-json\/wp\/v2\/users\/2"}],"replies":[{"embeddable":true,"href":"https:\/\/www.omis.net\/fr-fr\/wp-json\/wp\/v2\/comments?post=5629"}],"version-history":[{"count":0,"href":"https:\/\/www.omis.net\/fr-fr\/wp-json\/wp\/v2\/posts\/5629\/revisions"}],"wp:featuredmedia":[{"embeddable":true,"href":"https:\/\/www.omis.net\/fr-fr\/wp-json\/wp\/v2\/media\/9183"}],"wp:attachment":[{"href":"https:\/\/www.omis.net\/fr-fr\/wp-json\/wp\/v2\/media?parent=5629"}],"wp:term":[{"taxonomy":"category","embeddable":true,"href":"https:\/\/www.omis.net\/fr-fr\/wp-json\/wp\/v2\/categories?post=5629"},{"taxonomy":"post_tag","embeddable":true,"href":"https:\/\/www.omis.net\/fr-fr\/wp-json\/wp\/v2\/tags?post=5629"},{"taxonomy":"tipologia-prodotto","embeddable":true,"href":"https:\/\/www.omis.net\/fr-fr\/wp-json\/wp\/v2\/tipologia-prodotto?post=5629"}],"curies":[{"name":"wp","href":"https:\/\/api.w.org\/{rel}","templated":true}]}}