{"id":5618,"date":"2022-04-28T02:00:00","date_gmt":"2022-04-28T00:00:00","guid":{"rendered":"http:\/\/bedrock.local\/journee-mondiale-de-la-securite-et-de-la-sante-au-travail\/"},"modified":"2022-04-28T02:00:00","modified_gmt":"2022-04-28T00:00:00","slug":"journee-mondiale-de-la-securite-et-de-la-sante-au-travail","status":"publish","type":"post","link":"https:\/\/www.omis.net\/fr-fr\/journee-mondiale-de-la-securite-et-de-la-sante-au-travail\/","title":{"rendered":"Journ\u00e9e mondiale de la s\u00e9curit\u00e9 et de la sant\u00e9 au travail"},"content":{"rendered":"<p>JOURN\u00c9E MONDIALE DE LA S\u00c9CURIT\u00c9 ET DE LA SANT\u00c9 AU TRAVAIL<\/p><p> La chance n&#8217;est PAS un dispositif de S\u00c9CURIT\u00c9<\/p><p> 3\u00a0personnes mortes chaque jour au travail en Italie en 2021<\/p><p> 1\u00a0221\u00a0accidents du travail mortels en Italie en 2021<\/p><p> 55\u00a0288\u00a0maladies professionnelles d\u00e9clar\u00e9es en Italie en 2021<\/p><p> 555\u00a0236\u00a0d\u00e9clarations d&#8217;accidents du travail en Italie en 2021<\/p><p> +9,6\u00a0% d&#8217;accidents du travail mortels en Italie au cours des 2\u00a0premiers mois de 2022<\/p><p> +47\u00a0% d&#8217;accidents du travail signal\u00e9s en Italie au cours des 2\u00a0premiers mois de 2022<\/p>","protected":false},"excerpt":{"rendered":"<p>JOURN\u00c9E MONDIALE DE LA S\u00c9CURIT\u00c9 ET DE LA SANT\u00c9 AU TRAVAIL La chance n&#8217;est PAS un dispositif de S\u00c9CURIT\u00c9 3\u00a0personnes mortes chaque jour au travail en Italie en 2021 1\u00a0221\u00a0accidents du travail mortels en Italie en 2021 55\u00a0288\u00a0maladies professionnelles d\u00e9clar\u00e9es en Italie en 2021 555\u00a0236\u00a0d\u00e9clarations d&#8217;accidents du travail en Italie en 2021 +9,6\u00a0% d&#8217;accidents du [&hellip;]<\/p>\n","protected":false},"author":2,"featured_media":9614,"comment_status":"closed","ping_status":"closed","sticky":false,"template":"","format":"standard","meta":{"_acf_changed":false,"footnotes":""},"categories":[646],"tags":[445,272,273,443,316,446,444,447],"tipologia-prodotto":[],"class_list":["post-5618","post","type-post","status-publish","format-standard","has-post-thumbnail","hentry","category-communications-fr","tag-formazione","tag-omisborntolift","tag-omiscranes","tag-omisgoup","tag-safety","tag-safetyfirst","tag-sicurezzasullavoro","tag-worldayforsafetyandhealthatwork"],"acf":{"import_csv_id":"67","seo_title":"Journ\u00e9e mondiale de la s\u00e9curit\u00e9 et de la sant\u00e9 au travail | News by OMIS","seo_description":"JOURN\u00c9E MONDIALE DE LA S\u00c9CURIT\u00c9 ET DE LA SANT\u00c9 AU TRAVAIL\n La chance n'est PAS un dispositif de S\u00c9CURIT\u00c9\n 3\u00a0personnes mortes chaque jour au travail en Italie en 2021\n 1\u00a0221\u00a0accidents du travail mortels en Italie en 2021\n 55\u00a0288\u00a0maladies professionnelles d\u00e9clar\u00e9es en Italie en 2021\n 555\u00a0236\u00a0d\u00e9clarations d'accidents du travail en Italie en 2021\n +9,6\u00a0% d'accidents du travail mortels en Italie au cours des 2\u00a0premiers mois de 2022\n +47\u00a0% d'accidents du travail signal\u00e9s en Italie au cours des 2\u00a0premiers mois de 2022. Lire la news | OMIS"},"yoast_head":"<!-- This site is optimized with the Yoast SEO plugin v23.9 - https:\/\/yoast.com\/wordpress\/plugins\/seo\/ -->\n<title>Journ\u00e9e mondiale de la s\u00e9curit\u00e9 et de la sant\u00e9 au travail | News by OMIS<\/title>\n<meta name=\"description\" content=\"JOURN\u00c9E MONDIALE DE LA S\u00c9CURIT\u00c9 ET DE LA SANT\u00c9 AU TRAVAIL La chance n&#039;est PAS un dispositif de S\u00c9CURIT\u00c9 3\u00a0personnes mortes chaque jour au travail en Italie en 2021 1\u00a0221\u00a0accidents du travail mortels en Italie en 2021 55\u00a0288\u00a0maladies professionnelles d\u00e9clar\u00e9es en Italie en 2021 555\u00a0236\u00a0d\u00e9clarations d&#039;accidents du travail en Italie en 2021 +9,6\u00a0% d&#039;accidents du travail mortels en Italie au cours des 2\u00a0premiers mois de 2022 +47\u00a0% d&#039;accidents du travail signal\u00e9s en Italie au cours des 2\u00a0premiers mois de 2022. Lire la news | OMIS\" \/>\n<meta name=\"robots\" content=\"index, follow, max-snippet:-1, max-image-preview:large, max-video-preview:-1\" \/>\n<meta property=\"og:locale\" content=\"fr_FR\" \/>\n<meta property=\"og:type\" content=\"article\" \/>\n<meta property=\"og:title\" content=\"Journ\u00e9e mondiale de la s\u00e9curit\u00e9 et de la sant\u00e9 au travail | News by OMIS\" \/>\n<meta property=\"og:description\" content=\"JOURN\u00c9E MONDIALE DE LA S\u00c9CURIT\u00c9 ET DE LA SANT\u00c9 AU TRAVAIL La chance n&#039;est PAS un dispositif de S\u00c9CURIT\u00c9 3\u00a0personnes mortes chaque jour au travail en Italie en 2021 1\u00a0221\u00a0accidents du travail mortels en Italie en 2021 55\u00a0288\u00a0maladies professionnelles d\u00e9clar\u00e9es en Italie en 2021 555\u00a0236\u00a0d\u00e9clarations d&#039;accidents du travail en Italie en 2021 +9,6\u00a0% d&#039;accidents du travail mortels en Italie au cours des 2\u00a0premiers mois de 2022 +47\u00a0% d&#039;accidents du travail signal\u00e9s en Italie au cours des 2\u00a0premiers mois de 2022. Lire la news | OMIS\" \/>\n<meta property=\"og:url\" content=\"https:\/\/www.omis.net\/fr-fr\/journee-mondiale-de-la-securite-et-de-la-sante-au-travail\/\" \/>\n<meta property=\"og:site_name\" content=\"Omis Spa\" \/>\n<meta property=\"article:publisher\" content=\"https:\/\/www.facebook.com\/omisgroup\" \/>\n<meta property=\"article:published_time\" content=\"2022-04-28T00:00:00+00:00\" \/>\n<meta property=\"og:image\" content=\"https:\/\/media.omis.net\/media\/2022\/04\/world-day-for-safety-and-health-at-work-omis-scaled.webp\" \/>\n\t<meta property=\"og:image:width\" content=\"2560\" \/>\n\t<meta property=\"og:image:height\" content=\"1839\" \/>\n\t<meta property=\"og:image:type\" content=\"image\/webp\" \/>\n<meta name=\"author\" content=\"AQuest\" \/>\n<meta name=\"twitter:card\" content=\"summary_large_image\" \/>\n<meta name=\"twitter:label1\" content=\"Written by\" \/>\n\t<meta name=\"twitter:data1\" content=\"AQuest\" \/>\n<script type=\"application\/ld+json\" class=\"yoast-schema-graph\">{\"@context\":\"https:\/\/schema.org\",\"@graph\":[{\"@type\":\"Article\",\"@id\":\"https:\/\/www.omis.net\/fr-fr\/journee-mondiale-de-la-securite-et-de-la-sante-au-travail\/#article\",\"isPartOf\":{\"@id\":\"https:\/\/www.omis.net\/fr-fr\/journee-mondiale-de-la-securite-et-de-la-sante-au-travail\/\"},\"author\":{\"name\":\"AQuest\",\"@id\":\"https:\/\/www.omis.net\/it-it\/#\/schema\/person\/a84b31c39ee8e2b060f51cb288b0c8f4\"},\"headline\":\"Journ\u00e9e mondiale de la s\u00e9curit\u00e9 et de la sant\u00e9 au travail\",\"datePublished\":\"2022-04-28T00:00:00+00:00\",\"dateModified\":\"2022-04-28T00:00:00+00:00\",\"mainEntityOfPage\":{\"@id\":\"https:\/\/www.omis.net\/fr-fr\/journee-mondiale-de-la-securite-et-de-la-sante-au-travail\/\"},\"wordCount\":96,\"publisher\":{\"@id\":\"https:\/\/www.omis.net\/it-it\/#organization\"},\"image\":{\"@id\":\"https:\/\/www.omis.net\/fr-fr\/journee-mondiale-de-la-securite-et-de-la-sante-au-travail\/#primaryimage\"},\"thumbnailUrl\":\"https:\/\/media.omis.net\/media\/2022\/04\/world-day-for-safety-and-health-at-work-omis-scaled.webp\",\"keywords\":[\"formazione\",\"omisborntolift\",\"omiscranes\",\"omisgoup\",\"safety\",\"safetyfirst\",\"sicurezzasullavoro\",\"WorlDayForSafetyAndHealthAtWork\"],\"articleSection\":[\"Communications\"],\"inLanguage\":\"fr-fr\"},{\"@type\":\"WebPage\",\"@id\":\"https:\/\/www.omis.net\/fr-fr\/journee-mondiale-de-la-securite-et-de-la-sante-au-travail\/\",\"url\":\"https:\/\/www.omis.net\/fr-fr\/journee-mondiale-de-la-securite-et-de-la-sante-au-travail\/\",\"name\":\"Journ\u00e9e mondiale de la s\u00e9curit\u00e9 et de la sant\u00e9 au travail | News by OMIS\",\"isPartOf\":{\"@id\":\"https:\/\/www.omis.net\/it-it\/#website\"},\"primaryImageOfPage\":{\"@id\":\"https:\/\/www.omis.net\/fr-fr\/journee-mondiale-de-la-securite-et-de-la-sante-au-travail\/#primaryimage\"},\"image\":{\"@id\":\"https:\/\/www.omis.net\/fr-fr\/journee-mondiale-de-la-securite-et-de-la-sante-au-travail\/#primaryimage\"},\"thumbnailUrl\":\"https:\/\/media.omis.net\/media\/2022\/04\/world-day-for-safety-and-health-at-work-omis-scaled.webp\",\"datePublished\":\"2022-04-28T00:00:00+00:00\",\"dateModified\":\"2022-04-28T00:00:00+00:00\",\"description\":\"JOURN\u00c9E MONDIALE DE LA S\u00c9CURIT\u00c9 ET DE LA SANT\u00c9 AU TRAVAIL La chance n'est PAS un dispositif de S\u00c9CURIT\u00c9 3\u00a0personnes mortes chaque jour au travail en Italie en 2021 1\u00a0221\u00a0accidents du travail mortels en Italie en 2021 55\u00a0288\u00a0maladies professionnelles d\u00e9clar\u00e9es en Italie en 2021 555\u00a0236\u00a0d\u00e9clarations d'accidents du travail en Italie en 2021 +9,6\u00a0% d'accidents du travail mortels en Italie au cours des 2\u00a0premiers mois de 2022 +47\u00a0% d'accidents du travail signal\u00e9s en Italie au cours des 2\u00a0premiers mois de 2022. Lire la news | OMIS\",\"breadcrumb\":{\"@id\":\"https:\/\/www.omis.net\/fr-fr\/journee-mondiale-de-la-securite-et-de-la-sante-au-travail\/#breadcrumb\"},\"inLanguage\":\"fr-fr\",\"potentialAction\":[{\"@type\":\"ReadAction\",\"target\":[\"https:\/\/www.omis.net\/fr-fr\/journee-mondiale-de-la-securite-et-de-la-sante-au-travail\/\"]}]},{\"@type\":\"ImageObject\",\"inLanguage\":\"fr-fr\",\"@id\":\"https:\/\/www.omis.net\/fr-fr\/journee-mondiale-de-la-securite-et-de-la-sante-au-travail\/#primaryimage\",\"url\":\"https:\/\/media.omis.net\/media\/2022\/04\/world-day-for-safety-and-health-at-work-omis-scaled.webp\",\"contentUrl\":\"https:\/\/media.omis.net\/media\/2022\/04\/world-day-for-safety-and-health-at-work-omis-scaled.webp\",\"width\":2560,\"height\":1839,\"caption\":\"gallery - World day for safety and health at work Omis\"},{\"@type\":\"BreadcrumbList\",\"@id\":\"https:\/\/www.omis.net\/fr-fr\/journee-mondiale-de-la-securite-et-de-la-sante-au-travail\/#breadcrumb\",\"itemListElement\":[{\"@type\":\"ListItem\",\"position\":1,\"name\":\"Home\",\"item\":\"https:\/\/www.omis.net\/fr-fr\/\"},{\"@type\":\"ListItem\",\"position\":2,\"name\":\"Journ\u00e9e mondiale de la s\u00e9curit\u00e9 et de la sant\u00e9 au travail\"}]},{\"@type\":\"WebSite\",\"@id\":\"https:\/\/www.omis.net\/it-it\/#website\",\"url\":\"https:\/\/www.omis.net\/it-it\/\",\"name\":\"Omis Spa\",\"description\":\"Movimentazione e sollevamento\",\"publisher\":{\"@id\":\"https:\/\/www.omis.net\/it-it\/#organization\"},\"potentialAction\":[{\"@type\":\"SearchAction\",\"target\":{\"@type\":\"EntryPoint\",\"urlTemplate\":\"https:\/\/www.omis.net\/it-it\/?s={search_term_string}\"},\"query-input\":{\"@type\":\"PropertyValueSpecification\",\"valueRequired\":true,\"valueName\":\"search_term_string\"}}],\"inLanguage\":\"fr-fr\"},{\"@type\":\"Organization\",\"@id\":\"https:\/\/www.omis.net\/it-it\/#organization\",\"name\":\"Omis Spa\",\"url\":\"https:\/\/www.omis.net\/it-it\/\",\"logo\":{\"@type\":\"ImageObject\",\"inLanguage\":\"fr-fr\",\"@id\":\"https:\/\/www.omis.net\/it-it\/#\/schema\/logo\/image\/\",\"url\":\"https:\/\/media.omis.net\/media\/2024\/08\/logo.jpg\",\"contentUrl\":\"https:\/\/media.omis.net\/media\/2024\/08\/logo.jpg\",\"width\":300,\"height\":300,\"caption\":\"Omis Spa\"},\"image\":{\"@id\":\"https:\/\/www.omis.net\/it-it\/#\/schema\/logo\/image\/\"},\"sameAs\":[\"https:\/\/www.facebook.com\/omisgroup\",\"https:\/\/www.linkedin.com\/company\/omis-group\",\"https:\/\/www.youtube.com\/channel\/UCS4L59XDk3kKBI9MnjuxWDw\",\"https:\/\/www.instagram.com\/omisgroup\"]},{\"@type\":\"Person\",\"@id\":\"https:\/\/www.omis.net\/it-it\/#\/schema\/person\/a84b31c39ee8e2b060f51cb288b0c8f4\",\"name\":\"AQuest\",\"image\":{\"@type\":\"ImageObject\",\"inLanguage\":\"fr-fr\",\"@id\":\"https:\/\/www.omis.net\/it-it\/#\/schema\/person\/image\/\",\"url\":\"https:\/\/secure.gravatar.com\/avatar\/189fc3cdb8260330afd047b6aaa36a00?s=96&d=mm&r=g\",\"contentUrl\":\"https:\/\/secure.gravatar.com\/avatar\/189fc3cdb8260330afd047b6aaa36a00?s=96&d=mm&r=g\",\"caption\":\"AQuest\"}}]}<\/script>\n<!-- \/ Yoast SEO plugin. -->","yoast_head_json":{"title":"Journ\u00e9e mondiale de la s\u00e9curit\u00e9 et de la sant\u00e9 au travail | News by OMIS","description":"JOURN\u00c9E MONDIALE DE LA S\u00c9CURIT\u00c9 ET DE LA SANT\u00c9 AU TRAVAIL La chance n'est PAS un dispositif de S\u00c9CURIT\u00c9 3\u00a0personnes mortes chaque jour au travail en Italie en 2021 1\u00a0221\u00a0accidents du travail mortels en Italie en 2021 55\u00a0288\u00a0maladies professionnelles d\u00e9clar\u00e9es en Italie en 2021 555\u00a0236\u00a0d\u00e9clarations d'accidents du travail en Italie en 2021 +9,6\u00a0% d'accidents du travail mortels en Italie au cours des 2\u00a0premiers mois de 2022 +47\u00a0% d'accidents du travail signal\u00e9s en Italie au cours des 2\u00a0premiers mois de 2022. Lire la news | OMIS","robots":{"index":"index","follow":"follow","max-snippet":"max-snippet:-1","max-image-preview":"max-image-preview:large","max-video-preview":"max-video-preview:-1"},"og_locale":"fr_FR","og_type":"article","og_title":"Journ\u00e9e mondiale de la s\u00e9curit\u00e9 et de la sant\u00e9 au travail | News by OMIS","og_description":"JOURN\u00c9E MONDIALE DE LA S\u00c9CURIT\u00c9 ET DE LA SANT\u00c9 AU TRAVAIL La chance n'est PAS un dispositif de S\u00c9CURIT\u00c9 3\u00a0personnes mortes chaque jour au travail en Italie en 2021 1\u00a0221\u00a0accidents du travail mortels en Italie en 2021 55\u00a0288\u00a0maladies professionnelles d\u00e9clar\u00e9es en Italie en 2021 555\u00a0236\u00a0d\u00e9clarations d'accidents du travail en Italie en 2021 +9,6\u00a0% d'accidents du travail mortels en Italie au cours des 2\u00a0premiers mois de 2022 +47\u00a0% d'accidents du travail signal\u00e9s en Italie au cours des 2\u00a0premiers mois de 2022. Lire la news | OMIS","og_url":"https:\/\/www.omis.net\/fr-fr\/journee-mondiale-de-la-securite-et-de-la-sante-au-travail\/","og_site_name":"Omis Spa","article_publisher":"https:\/\/www.facebook.com\/omisgroup","article_published_time":"2022-04-28T00:00:00+00:00","og_image":[{"width":2560,"height":1839,"url":"https:\/\/media.omis.net\/media\/2022\/04\/world-day-for-safety-and-health-at-work-omis-scaled.webp","type":"image\/webp"}],"author":"AQuest","twitter_card":"summary_large_image","twitter_misc":{"Written by":"AQuest"},"schema":{"@context":"https:\/\/schema.org","@graph":[{"@type":"Article","@id":"https:\/\/www.omis.net\/fr-fr\/journee-mondiale-de-la-securite-et-de-la-sante-au-travail\/#article","isPartOf":{"@id":"https:\/\/www.omis.net\/fr-fr\/journee-mondiale-de-la-securite-et-de-la-sante-au-travail\/"},"author":{"name":"AQuest","@id":"https:\/\/www.omis.net\/it-it\/#\/schema\/person\/a84b31c39ee8e2b060f51cb288b0c8f4"},"headline":"Journ\u00e9e mondiale de la s\u00e9curit\u00e9 et de la sant\u00e9 au travail","datePublished":"2022-04-28T00:00:00+00:00","dateModified":"2022-04-28T00:00:00+00:00","mainEntityOfPage":{"@id":"https:\/\/www.omis.net\/fr-fr\/journee-mondiale-de-la-securite-et-de-la-sante-au-travail\/"},"wordCount":96,"publisher":{"@id":"https:\/\/www.omis.net\/it-it\/#organization"},"image":{"@id":"https:\/\/www.omis.net\/fr-fr\/journee-mondiale-de-la-securite-et-de-la-sante-au-travail\/#primaryimage"},"thumbnailUrl":"https:\/\/media.omis.net\/media\/2022\/04\/world-day-for-safety-and-health-at-work-omis-scaled.webp","keywords":["formazione","omisborntolift","omiscranes","omisgoup","safety","safetyfirst","sicurezzasullavoro","WorlDayForSafetyAndHealthAtWork"],"articleSection":["Communications"],"inLanguage":"fr-fr"},{"@type":"WebPage","@id":"https:\/\/www.omis.net\/fr-fr\/journee-mondiale-de-la-securite-et-de-la-sante-au-travail\/","url":"https:\/\/www.omis.net\/fr-fr\/journee-mondiale-de-la-securite-et-de-la-sante-au-travail\/","name":"Journ\u00e9e mondiale de la s\u00e9curit\u00e9 et de la sant\u00e9 au travail | News by OMIS","isPartOf":{"@id":"https:\/\/www.omis.net\/it-it\/#website"},"primaryImageOfPage":{"@id":"https:\/\/www.omis.net\/fr-fr\/journee-mondiale-de-la-securite-et-de-la-sante-au-travail\/#primaryimage"},"image":{"@id":"https:\/\/www.omis.net\/fr-fr\/journee-mondiale-de-la-securite-et-de-la-sante-au-travail\/#primaryimage"},"thumbnailUrl":"https:\/\/media.omis.net\/media\/2022\/04\/world-day-for-safety-and-health-at-work-omis-scaled.webp","datePublished":"2022-04-28T00:00:00+00:00","dateModified":"2022-04-28T00:00:00+00:00","description":"JOURN\u00c9E MONDIALE DE LA S\u00c9CURIT\u00c9 ET DE LA SANT\u00c9 AU TRAVAIL La chance n'est PAS un dispositif de S\u00c9CURIT\u00c9 3\u00a0personnes mortes chaque jour au travail en Italie en 2021 1\u00a0221\u00a0accidents du travail mortels en Italie en 2021 55\u00a0288\u00a0maladies professionnelles d\u00e9clar\u00e9es en Italie en 2021 555\u00a0236\u00a0d\u00e9clarations d'accidents du travail en Italie en 2021 +9,6\u00a0% d'accidents du travail mortels en Italie au cours des 2\u00a0premiers mois de 2022 +47\u00a0% d'accidents du travail signal\u00e9s en Italie au cours des 2\u00a0premiers mois de 2022. Lire la news | OMIS","breadcrumb":{"@id":"https:\/\/www.omis.net\/fr-fr\/journee-mondiale-de-la-securite-et-de-la-sante-au-travail\/#breadcrumb"},"inLanguage":"fr-fr","potentialAction":[{"@type":"ReadAction","target":["https:\/\/www.omis.net\/fr-fr\/journee-mondiale-de-la-securite-et-de-la-sante-au-travail\/"]}]},{"@type":"ImageObject","inLanguage":"fr-fr","@id":"https:\/\/www.omis.net\/fr-fr\/journee-mondiale-de-la-securite-et-de-la-sante-au-travail\/#primaryimage","url":"https:\/\/media.omis.net\/media\/2022\/04\/world-day-for-safety-and-health-at-work-omis-scaled.webp","contentUrl":"https:\/\/media.omis.net\/media\/2022\/04\/world-day-for-safety-and-health-at-work-omis-scaled.webp","width":2560,"height":1839,"caption":"gallery - World day for safety and health at work Omis"},{"@type":"BreadcrumbList","@id":"https:\/\/www.omis.net\/fr-fr\/journee-mondiale-de-la-securite-et-de-la-sante-au-travail\/#breadcrumb","itemListElement":[{"@type":"ListItem","position":1,"name":"Home","item":"https:\/\/www.omis.net\/fr-fr\/"},{"@type":"ListItem","position":2,"name":"Journ\u00e9e mondiale de la s\u00e9curit\u00e9 et de la sant\u00e9 au travail"}]},{"@type":"WebSite","@id":"https:\/\/www.omis.net\/it-it\/#website","url":"https:\/\/www.omis.net\/it-it\/","name":"Omis Spa","description":"Movimentazione e sollevamento","publisher":{"@id":"https:\/\/www.omis.net\/it-it\/#organization"},"potentialAction":[{"@type":"SearchAction","target":{"@type":"EntryPoint","urlTemplate":"https:\/\/www.omis.net\/it-it\/?s={search_term_string}"},"query-input":{"@type":"PropertyValueSpecification","valueRequired":true,"valueName":"search_term_string"}}],"inLanguage":"fr-fr"},{"@type":"Organization","@id":"https:\/\/www.omis.net\/it-it\/#organization","name":"Omis Spa","url":"https:\/\/www.omis.net\/it-it\/","logo":{"@type":"ImageObject","inLanguage":"fr-fr","@id":"https:\/\/www.omis.net\/it-it\/#\/schema\/logo\/image\/","url":"https:\/\/media.omis.net\/media\/2024\/08\/logo.jpg","contentUrl":"https:\/\/media.omis.net\/media\/2024\/08\/logo.jpg","width":300,"height":300,"caption":"Omis Spa"},"image":{"@id":"https:\/\/www.omis.net\/it-it\/#\/schema\/logo\/image\/"},"sameAs":["https:\/\/www.facebook.com\/omisgroup","https:\/\/www.linkedin.com\/company\/omis-group","https:\/\/www.youtube.com\/channel\/UCS4L59XDk3kKBI9MnjuxWDw","https:\/\/www.instagram.com\/omisgroup"]},{"@type":"Person","@id":"https:\/\/www.omis.net\/it-it\/#\/schema\/person\/a84b31c39ee8e2b060f51cb288b0c8f4","name":"AQuest","image":{"@type":"ImageObject","inLanguage":"fr-fr","@id":"https:\/\/www.omis.net\/it-it\/#\/schema\/person\/image\/","url":"https:\/\/secure.gravatar.com\/avatar\/189fc3cdb8260330afd047b6aaa36a00?s=96&d=mm&r=g","contentUrl":"https:\/\/secure.gravatar.com\/avatar\/189fc3cdb8260330afd047b6aaa36a00?s=96&d=mm&r=g","caption":"AQuest"}}]}},"_links":{"self":[{"href":"https:\/\/www.omis.net\/fr-fr\/wp-json\/wp\/v2\/posts\/5618"}],"collection":[{"href":"https:\/\/www.omis.net\/fr-fr\/wp-json\/wp\/v2\/posts"}],"about":[{"href":"https:\/\/www.omis.net\/fr-fr\/wp-json\/wp\/v2\/types\/post"}],"author":[{"embeddable":true,"href":"https:\/\/www.omis.net\/fr-fr\/wp-json\/wp\/v2\/users\/2"}],"replies":[{"embeddable":true,"href":"https:\/\/www.omis.net\/fr-fr\/wp-json\/wp\/v2\/comments?post=5618"}],"version-history":[{"count":0,"href":"https:\/\/www.omis.net\/fr-fr\/wp-json\/wp\/v2\/posts\/5618\/revisions"}],"wp:featuredmedia":[{"embeddable":true,"href":"https:\/\/www.omis.net\/fr-fr\/wp-json\/wp\/v2\/media\/9614"}],"wp:attachment":[{"href":"https:\/\/www.omis.net\/fr-fr\/wp-json\/wp\/v2\/media?parent=5618"}],"wp:term":[{"taxonomy":"category","embeddable":true,"href":"https:\/\/www.omis.net\/fr-fr\/wp-json\/wp\/v2\/categories?post=5618"},{"taxonomy":"post_tag","embeddable":true,"href":"https:\/\/www.omis.net\/fr-fr\/wp-json\/wp\/v2\/tags?post=5618"},{"taxonomy":"tipologia-prodotto","embeddable":true,"href":"https:\/\/www.omis.net\/fr-fr\/wp-json\/wp\/v2\/tipologia-prodotto?post=5618"}],"curies":[{"name":"wp","href":"https:\/\/api.w.org\/{rel}","templated":true}]}}