{"id":5612,"date":"2022-07-07T02:00:00","date_gmt":"2022-07-07T00:00:00","guid":{"rendered":"http:\/\/bedrock.local\/portiques-omis\/"},"modified":"2022-07-07T02:00:00","modified_gmt":"2022-07-07T00:00:00","slug":"portiques-omis","status":"publish","type":"post","link":"https:\/\/www.omis.net\/fr-fr\/portiques-omis\/","title":{"rendered":"Portiques OMIS"},"content":{"rendered":"<p>Les portiques OMIS sont con\u00e7us et fabriqu\u00e9s avec un soin m\u00e9ticuleux pour garantir diff\u00e9rentes capacit\u00e9s et dimensions, r\u00e9pondant ainsi pr\u00e9cis\u00e9ment aux besoins sp\u00e9cifiques de nos clients. Chaque mod\u00e8le est \u00e9tudi\u00e9 sur mesure pour offrir des performances exceptionnelles et une flexibilit\u00e9 op\u00e9rationnelle adapt\u00e9e aux diff\u00e9rents environnements de travail.<\/p><p>Cette double installation est particuli\u00e8rement pertinente pour la port\u00e9e de 32\u00a0m\u00e8tres et une capacit\u00e9 de levage de 20\u00a0tonnes. Cette configuration permet d&#8217;op\u00e9rer \u00e0 une hauteur de 10\u00a0m\u00e8tres avec une fiabilit\u00e9 et une pr\u00e9cision extr\u00eames, assurant un contr\u00f4le maximal lors des op\u00e9rations de levage.<\/p><p>Une caract\u00e9ristique distinctive est le syst\u00e8me master\/slave install\u00e9, qui permet de contr\u00f4ler les deux machines simultan\u00e9ment. Cette caract\u00e9ristique est particuli\u00e8rement avantageuse pour la manutention intensive de pr\u00e9fabriqu\u00e9s de grande taille \u00e0 l&#8217;ext\u00e9rieur, facilitant l&#8217;efficacit\u00e9 op\u00e9rationnelle et la manipulation de charges lourdes.<\/p><p>Cette installation est un exemple clair des comp\u00e9tences d&#8217;OMIS et des performances que nous sommes en mesure d&#8217;offrir. Chaque projet est r\u00e9alis\u00e9 avec le plus grand soin et la plus grande attention aux d\u00e9tails, ce qui d\u00e9montre l&#8217;engagement permanent d&#8217;OMIS \u00e0 cr\u00e9er des solutions de levage robustes et hautement efficaces.<\/p>","protected":false},"excerpt":{"rendered":"<p>Les portiques OMIS sont con\u00e7us et fabriqu\u00e9s avec un soin m\u00e9ticuleux pour garantir diff\u00e9rentes capacit\u00e9s et dimensions, r\u00e9pondant ainsi pr\u00e9cis\u00e9ment aux besoins sp\u00e9cifiques de nos clients. Chaque mod\u00e8le est \u00e9tudi\u00e9 sur mesure pour offrir des performances exceptionnelles et une flexibilit\u00e9 op\u00e9rationnelle adapt\u00e9e aux diff\u00e9rents environnements de travail. Cette double installation est particuli\u00e8rement pertinente pour la [&hellip;]<\/p>\n","protected":false},"author":2,"featured_media":9837,"comment_status":"closed","ping_status":"closed","sticky":false,"template":"","format":"standard","meta":{"_acf_changed":false,"footnotes":""},"categories":[648],"tags":[281,317,429,428,430,272,273,389],"tipologia-prodotto":[],"class_list":["post-5612","post","type-post","status-publish","format-standard","has-post-thumbnail","hentry","category-produits","tag-cranes","tag-custom","tag-gantrycranes","tag-liftingsolution","tag-masterslave","tag-omisborntolift","tag-omiscranes","tag-omisgroup"],"acf":{"import_csv_id":"61","seo_title":"Portiques OMIS | News by OMIS","seo_description":"Les portiques OMIS sont con\u00e7us et r\u00e9alis\u00e9s en garantissant des capacit\u00e9s et des dimensions vari\u00e9es selon les exigences du client. \n Cette double configuration a une port\u00e9e de 32\u00a0m et peut soulever jusqu'\u00e0 20\u00a0t, \u00e0 10\u00a0m de hauteur, de mani\u00e8re fiable et pr\u00e9cise.\n Le syst\u00e8me master\/slave install\u00e9 permet de contr\u00f4ler les 2\u00a0machines simultan\u00e9ment, facilitant la manutention intensive de grands pr\u00e9fabriqu\u00e9s \u00e0 l'ext\u00e9rieur.\n Cette installation est un exemple clair de comp\u00e9tences et de performances de haut niveau. Lire la news | OMIS"},"yoast_head":"<!-- This site is optimized with the Yoast SEO plugin v23.9 - https:\/\/yoast.com\/wordpress\/plugins\/seo\/ -->\n<title>Portiques OMIS | News by OMIS<\/title>\n<meta name=\"description\" content=\"Les portiques OMIS sont con\u00e7us et r\u00e9alis\u00e9s en garantissant des capacit\u00e9s et des dimensions vari\u00e9es selon les exigences du client.  Cette double configuration a une port\u00e9e de 32\u00a0m et peut soulever jusqu&#039;\u00e0 20\u00a0t, \u00e0 10\u00a0m de hauteur, de mani\u00e8re fiable et pr\u00e9cise. Le syst\u00e8me master\/slave install\u00e9 permet de contr\u00f4ler les 2\u00a0machines simultan\u00e9ment, facilitant la manutention intensive de grands pr\u00e9fabriqu\u00e9s \u00e0 l&#039;ext\u00e9rieur. Cette installation est un exemple clair de comp\u00e9tences et de performances de haut niveau. Lire la news | OMIS\" \/>\n<meta name=\"robots\" content=\"index, follow, max-snippet:-1, max-image-preview:large, max-video-preview:-1\" \/>\n<meta property=\"og:locale\" content=\"fr_FR\" \/>\n<meta property=\"og:type\" content=\"article\" \/>\n<meta property=\"og:title\" content=\"Portiques OMIS | News by OMIS\" \/>\n<meta property=\"og:description\" content=\"Les portiques OMIS sont con\u00e7us et r\u00e9alis\u00e9s en garantissant des capacit\u00e9s et des dimensions vari\u00e9es selon les exigences du client.  Cette double configuration a une port\u00e9e de 32\u00a0m et peut soulever jusqu&#039;\u00e0 20\u00a0t, \u00e0 10\u00a0m de hauteur, de mani\u00e8re fiable et pr\u00e9cise. Le syst\u00e8me master\/slave install\u00e9 permet de contr\u00f4ler les 2\u00a0machines simultan\u00e9ment, facilitant la manutention intensive de grands pr\u00e9fabriqu\u00e9s \u00e0 l&#039;ext\u00e9rieur. Cette installation est un exemple clair de comp\u00e9tences et de performances de haut niveau. Lire la news | OMIS\" \/>\n<meta property=\"og:url\" content=\"https:\/\/www.omis.net\/fr-fr\/portiques-omis\/\" \/>\n<meta property=\"og:site_name\" content=\"Omis Spa\" \/>\n<meta property=\"article:publisher\" content=\"https:\/\/www.facebook.com\/omisgroup\" \/>\n<meta property=\"article:published_time\" content=\"2022-07-07T00:00:00+00:00\" \/>\n<meta property=\"og:image\" content=\"https:\/\/media.omis.net\/media\/2022\/07\/gantry-crane-site-omis-scaled.webp\" \/>\n\t<meta property=\"og:image:width\" content=\"2560\" \/>\n\t<meta property=\"og:image:height\" content=\"1839\" \/>\n\t<meta property=\"og:image:type\" content=\"image\/webp\" \/>\n<meta name=\"author\" content=\"AQuest\" \/>\n<meta name=\"twitter:card\" content=\"summary_large_image\" \/>\n<meta name=\"twitter:label1\" content=\"Written by\" \/>\n\t<meta name=\"twitter:data1\" content=\"AQuest\" \/>\n\t<meta name=\"twitter:label2\" content=\"Est. reading time\" \/>\n\t<meta name=\"twitter:data2\" content=\"1 minute\" \/>\n<script type=\"application\/ld+json\" class=\"yoast-schema-graph\">{\"@context\":\"https:\/\/schema.org\",\"@graph\":[{\"@type\":\"Article\",\"@id\":\"https:\/\/www.omis.net\/fr-fr\/portiques-omis\/#article\",\"isPartOf\":{\"@id\":\"https:\/\/www.omis.net\/fr-fr\/portiques-omis\/\"},\"author\":{\"name\":\"AQuest\",\"@id\":\"https:\/\/www.omis.net\/it-it\/#\/schema\/person\/a84b31c39ee8e2b060f51cb288b0c8f4\"},\"headline\":\"Portiques OMIS\",\"datePublished\":\"2022-07-07T00:00:00+00:00\",\"dateModified\":\"2022-07-07T00:00:00+00:00\",\"mainEntityOfPage\":{\"@id\":\"https:\/\/www.omis.net\/fr-fr\/portiques-omis\/\"},\"wordCount\":225,\"publisher\":{\"@id\":\"https:\/\/www.omis.net\/it-it\/#organization\"},\"image\":{\"@id\":\"https:\/\/www.omis.net\/fr-fr\/portiques-omis\/#primaryimage\"},\"thumbnailUrl\":\"https:\/\/media.omis.net\/media\/2022\/07\/gantry-crane-site-omis-scaled.webp\",\"keywords\":[\"cranes\",\"custom\",\"gantrycranes\",\"liftingsolution\",\"masterslave\",\"omisborntolift\",\"omiscranes\",\"omisgroup\"],\"articleSection\":[\"Produits\"],\"inLanguage\":\"fr-fr\"},{\"@type\":\"WebPage\",\"@id\":\"https:\/\/www.omis.net\/fr-fr\/portiques-omis\/\",\"url\":\"https:\/\/www.omis.net\/fr-fr\/portiques-omis\/\",\"name\":\"Portiques OMIS | News by OMIS\",\"isPartOf\":{\"@id\":\"https:\/\/www.omis.net\/it-it\/#website\"},\"primaryImageOfPage\":{\"@id\":\"https:\/\/www.omis.net\/fr-fr\/portiques-omis\/#primaryimage\"},\"image\":{\"@id\":\"https:\/\/www.omis.net\/fr-fr\/portiques-omis\/#primaryimage\"},\"thumbnailUrl\":\"https:\/\/media.omis.net\/media\/2022\/07\/gantry-crane-site-omis-scaled.webp\",\"datePublished\":\"2022-07-07T00:00:00+00:00\",\"dateModified\":\"2022-07-07T00:00:00+00:00\",\"description\":\"Les portiques OMIS sont con\u00e7us et r\u00e9alis\u00e9s en garantissant des capacit\u00e9s et des dimensions vari\u00e9es selon les exigences du client. Cette double configuration a une port\u00e9e de 32\u00a0m et peut soulever jusqu'\u00e0 20\u00a0t, \u00e0 10\u00a0m de hauteur, de mani\u00e8re fiable et pr\u00e9cise. Le syst\u00e8me master\/slave install\u00e9 permet de contr\u00f4ler les 2\u00a0machines simultan\u00e9ment, facilitant la manutention intensive de grands pr\u00e9fabriqu\u00e9s \u00e0 l'ext\u00e9rieur. Cette installation est un exemple clair de comp\u00e9tences et de performances de haut niveau. Lire la news | OMIS\",\"breadcrumb\":{\"@id\":\"https:\/\/www.omis.net\/fr-fr\/portiques-omis\/#breadcrumb\"},\"inLanguage\":\"fr-fr\",\"potentialAction\":[{\"@type\":\"ReadAction\",\"target\":[\"https:\/\/www.omis.net\/fr-fr\/portiques-omis\/\"]}]},{\"@type\":\"ImageObject\",\"inLanguage\":\"fr-fr\",\"@id\":\"https:\/\/www.omis.net\/fr-fr\/portiques-omis\/#primaryimage\",\"url\":\"https:\/\/media.omis.net\/media\/2022\/07\/gantry-crane-site-omis-scaled.webp\",\"contentUrl\":\"https:\/\/media.omis.net\/media\/2022\/07\/gantry-crane-site-omis-scaled.webp\",\"width\":2560,\"height\":1839,\"caption\":\"gallery - Gantry crane site Omis\"},{\"@type\":\"BreadcrumbList\",\"@id\":\"https:\/\/www.omis.net\/fr-fr\/portiques-omis\/#breadcrumb\",\"itemListElement\":[{\"@type\":\"ListItem\",\"position\":1,\"name\":\"Home\",\"item\":\"https:\/\/www.omis.net\/fr-fr\/\"},{\"@type\":\"ListItem\",\"position\":2,\"name\":\"Portiques OMIS\"}]},{\"@type\":\"WebSite\",\"@id\":\"https:\/\/www.omis.net\/it-it\/#website\",\"url\":\"https:\/\/www.omis.net\/it-it\/\",\"name\":\"Omis Spa\",\"description\":\"Movimentazione e sollevamento\",\"publisher\":{\"@id\":\"https:\/\/www.omis.net\/it-it\/#organization\"},\"potentialAction\":[{\"@type\":\"SearchAction\",\"target\":{\"@type\":\"EntryPoint\",\"urlTemplate\":\"https:\/\/www.omis.net\/it-it\/?s={search_term_string}\"},\"query-input\":{\"@type\":\"PropertyValueSpecification\",\"valueRequired\":true,\"valueName\":\"search_term_string\"}}],\"inLanguage\":\"fr-fr\"},{\"@type\":\"Organization\",\"@id\":\"https:\/\/www.omis.net\/it-it\/#organization\",\"name\":\"Omis Spa\",\"url\":\"https:\/\/www.omis.net\/it-it\/\",\"logo\":{\"@type\":\"ImageObject\",\"inLanguage\":\"fr-fr\",\"@id\":\"https:\/\/www.omis.net\/it-it\/#\/schema\/logo\/image\/\",\"url\":\"https:\/\/media.omis.net\/media\/2024\/08\/logo.jpg\",\"contentUrl\":\"https:\/\/media.omis.net\/media\/2024\/08\/logo.jpg\",\"width\":300,\"height\":300,\"caption\":\"Omis Spa\"},\"image\":{\"@id\":\"https:\/\/www.omis.net\/it-it\/#\/schema\/logo\/image\/\"},\"sameAs\":[\"https:\/\/www.facebook.com\/omisgroup\",\"https:\/\/www.linkedin.com\/company\/omis-group\",\"https:\/\/www.youtube.com\/channel\/UCS4L59XDk3kKBI9MnjuxWDw\",\"https:\/\/www.instagram.com\/omisgroup\"]},{\"@type\":\"Person\",\"@id\":\"https:\/\/www.omis.net\/it-it\/#\/schema\/person\/a84b31c39ee8e2b060f51cb288b0c8f4\",\"name\":\"AQuest\",\"image\":{\"@type\":\"ImageObject\",\"inLanguage\":\"fr-fr\",\"@id\":\"https:\/\/www.omis.net\/it-it\/#\/schema\/person\/image\/\",\"url\":\"https:\/\/secure.gravatar.com\/avatar\/189fc3cdb8260330afd047b6aaa36a00?s=96&d=mm&r=g\",\"contentUrl\":\"https:\/\/secure.gravatar.com\/avatar\/189fc3cdb8260330afd047b6aaa36a00?s=96&d=mm&r=g\",\"caption\":\"AQuest\"}}]}<\/script>\n<!-- \/ Yoast SEO plugin. -->","yoast_head_json":{"title":"Portiques OMIS | News by OMIS","description":"Les portiques OMIS sont con\u00e7us et r\u00e9alis\u00e9s en garantissant des capacit\u00e9s et des dimensions vari\u00e9es selon les exigences du client.  Cette double configuration a une port\u00e9e de 32\u00a0m et peut soulever jusqu'\u00e0 20\u00a0t, \u00e0 10\u00a0m de hauteur, de mani\u00e8re fiable et pr\u00e9cise. Le syst\u00e8me master\/slave install\u00e9 permet de contr\u00f4ler les 2\u00a0machines simultan\u00e9ment, facilitant la manutention intensive de grands pr\u00e9fabriqu\u00e9s \u00e0 l'ext\u00e9rieur. Cette installation est un exemple clair de comp\u00e9tences et de performances de haut niveau. Lire la news | OMIS","robots":{"index":"index","follow":"follow","max-snippet":"max-snippet:-1","max-image-preview":"max-image-preview:large","max-video-preview":"max-video-preview:-1"},"og_locale":"fr_FR","og_type":"article","og_title":"Portiques OMIS | News by OMIS","og_description":"Les portiques OMIS sont con\u00e7us et r\u00e9alis\u00e9s en garantissant des capacit\u00e9s et des dimensions vari\u00e9es selon les exigences du client.  Cette double configuration a une port\u00e9e de 32\u00a0m et peut soulever jusqu'\u00e0 20\u00a0t, \u00e0 10\u00a0m de hauteur, de mani\u00e8re fiable et pr\u00e9cise. Le syst\u00e8me master\/slave install\u00e9 permet de contr\u00f4ler les 2\u00a0machines simultan\u00e9ment, facilitant la manutention intensive de grands pr\u00e9fabriqu\u00e9s \u00e0 l'ext\u00e9rieur. Cette installation est un exemple clair de comp\u00e9tences et de performances de haut niveau. Lire la news | OMIS","og_url":"https:\/\/www.omis.net\/fr-fr\/portiques-omis\/","og_site_name":"Omis Spa","article_publisher":"https:\/\/www.facebook.com\/omisgroup","article_published_time":"2022-07-07T00:00:00+00:00","og_image":[{"width":2560,"height":1839,"url":"https:\/\/media.omis.net\/media\/2022\/07\/gantry-crane-site-omis-scaled.webp","type":"image\/webp"}],"author":"AQuest","twitter_card":"summary_large_image","twitter_misc":{"Written by":"AQuest","Est. reading time":"1 minute"},"schema":{"@context":"https:\/\/schema.org","@graph":[{"@type":"Article","@id":"https:\/\/www.omis.net\/fr-fr\/portiques-omis\/#article","isPartOf":{"@id":"https:\/\/www.omis.net\/fr-fr\/portiques-omis\/"},"author":{"name":"AQuest","@id":"https:\/\/www.omis.net\/it-it\/#\/schema\/person\/a84b31c39ee8e2b060f51cb288b0c8f4"},"headline":"Portiques OMIS","datePublished":"2022-07-07T00:00:00+00:00","dateModified":"2022-07-07T00:00:00+00:00","mainEntityOfPage":{"@id":"https:\/\/www.omis.net\/fr-fr\/portiques-omis\/"},"wordCount":225,"publisher":{"@id":"https:\/\/www.omis.net\/it-it\/#organization"},"image":{"@id":"https:\/\/www.omis.net\/fr-fr\/portiques-omis\/#primaryimage"},"thumbnailUrl":"https:\/\/media.omis.net\/media\/2022\/07\/gantry-crane-site-omis-scaled.webp","keywords":["cranes","custom","gantrycranes","liftingsolution","masterslave","omisborntolift","omiscranes","omisgroup"],"articleSection":["Produits"],"inLanguage":"fr-fr"},{"@type":"WebPage","@id":"https:\/\/www.omis.net\/fr-fr\/portiques-omis\/","url":"https:\/\/www.omis.net\/fr-fr\/portiques-omis\/","name":"Portiques OMIS | News by OMIS","isPartOf":{"@id":"https:\/\/www.omis.net\/it-it\/#website"},"primaryImageOfPage":{"@id":"https:\/\/www.omis.net\/fr-fr\/portiques-omis\/#primaryimage"},"image":{"@id":"https:\/\/www.omis.net\/fr-fr\/portiques-omis\/#primaryimage"},"thumbnailUrl":"https:\/\/media.omis.net\/media\/2022\/07\/gantry-crane-site-omis-scaled.webp","datePublished":"2022-07-07T00:00:00+00:00","dateModified":"2022-07-07T00:00:00+00:00","description":"Les portiques OMIS sont con\u00e7us et r\u00e9alis\u00e9s en garantissant des capacit\u00e9s et des dimensions vari\u00e9es selon les exigences du client. Cette double configuration a une port\u00e9e de 32\u00a0m et peut soulever jusqu'\u00e0 20\u00a0t, \u00e0 10\u00a0m de hauteur, de mani\u00e8re fiable et pr\u00e9cise. Le syst\u00e8me master\/slave install\u00e9 permet de contr\u00f4ler les 2\u00a0machines simultan\u00e9ment, facilitant la manutention intensive de grands pr\u00e9fabriqu\u00e9s \u00e0 l'ext\u00e9rieur. Cette installation est un exemple clair de comp\u00e9tences et de performances de haut niveau. Lire la news | OMIS","breadcrumb":{"@id":"https:\/\/www.omis.net\/fr-fr\/portiques-omis\/#breadcrumb"},"inLanguage":"fr-fr","potentialAction":[{"@type":"ReadAction","target":["https:\/\/www.omis.net\/fr-fr\/portiques-omis\/"]}]},{"@type":"ImageObject","inLanguage":"fr-fr","@id":"https:\/\/www.omis.net\/fr-fr\/portiques-omis\/#primaryimage","url":"https:\/\/media.omis.net\/media\/2022\/07\/gantry-crane-site-omis-scaled.webp","contentUrl":"https:\/\/media.omis.net\/media\/2022\/07\/gantry-crane-site-omis-scaled.webp","width":2560,"height":1839,"caption":"gallery - Gantry crane site Omis"},{"@type":"BreadcrumbList","@id":"https:\/\/www.omis.net\/fr-fr\/portiques-omis\/#breadcrumb","itemListElement":[{"@type":"ListItem","position":1,"name":"Home","item":"https:\/\/www.omis.net\/fr-fr\/"},{"@type":"ListItem","position":2,"name":"Portiques OMIS"}]},{"@type":"WebSite","@id":"https:\/\/www.omis.net\/it-it\/#website","url":"https:\/\/www.omis.net\/it-it\/","name":"Omis Spa","description":"Movimentazione e sollevamento","publisher":{"@id":"https:\/\/www.omis.net\/it-it\/#organization"},"potentialAction":[{"@type":"SearchAction","target":{"@type":"EntryPoint","urlTemplate":"https:\/\/www.omis.net\/it-it\/?s={search_term_string}"},"query-input":{"@type":"PropertyValueSpecification","valueRequired":true,"valueName":"search_term_string"}}],"inLanguage":"fr-fr"},{"@type":"Organization","@id":"https:\/\/www.omis.net\/it-it\/#organization","name":"Omis Spa","url":"https:\/\/www.omis.net\/it-it\/","logo":{"@type":"ImageObject","inLanguage":"fr-fr","@id":"https:\/\/www.omis.net\/it-it\/#\/schema\/logo\/image\/","url":"https:\/\/media.omis.net\/media\/2024\/08\/logo.jpg","contentUrl":"https:\/\/media.omis.net\/media\/2024\/08\/logo.jpg","width":300,"height":300,"caption":"Omis Spa"},"image":{"@id":"https:\/\/www.omis.net\/it-it\/#\/schema\/logo\/image\/"},"sameAs":["https:\/\/www.facebook.com\/omisgroup","https:\/\/www.linkedin.com\/company\/omis-group","https:\/\/www.youtube.com\/channel\/UCS4L59XDk3kKBI9MnjuxWDw","https:\/\/www.instagram.com\/omisgroup"]},{"@type":"Person","@id":"https:\/\/www.omis.net\/it-it\/#\/schema\/person\/a84b31c39ee8e2b060f51cb288b0c8f4","name":"AQuest","image":{"@type":"ImageObject","inLanguage":"fr-fr","@id":"https:\/\/www.omis.net\/it-it\/#\/schema\/person\/image\/","url":"https:\/\/secure.gravatar.com\/avatar\/189fc3cdb8260330afd047b6aaa36a00?s=96&d=mm&r=g","contentUrl":"https:\/\/secure.gravatar.com\/avatar\/189fc3cdb8260330afd047b6aaa36a00?s=96&d=mm&r=g","caption":"AQuest"}}]}},"_links":{"self":[{"href":"https:\/\/www.omis.net\/fr-fr\/wp-json\/wp\/v2\/posts\/5612"}],"collection":[{"href":"https:\/\/www.omis.net\/fr-fr\/wp-json\/wp\/v2\/posts"}],"about":[{"href":"https:\/\/www.omis.net\/fr-fr\/wp-json\/wp\/v2\/types\/post"}],"author":[{"embeddable":true,"href":"https:\/\/www.omis.net\/fr-fr\/wp-json\/wp\/v2\/users\/2"}],"replies":[{"embeddable":true,"href":"https:\/\/www.omis.net\/fr-fr\/wp-json\/wp\/v2\/comments?post=5612"}],"version-history":[{"count":0,"href":"https:\/\/www.omis.net\/fr-fr\/wp-json\/wp\/v2\/posts\/5612\/revisions"}],"wp:featuredmedia":[{"embeddable":true,"href":"https:\/\/www.omis.net\/fr-fr\/wp-json\/wp\/v2\/media\/9837"}],"wp:attachment":[{"href":"https:\/\/www.omis.net\/fr-fr\/wp-json\/wp\/v2\/media?parent=5612"}],"wp:term":[{"taxonomy":"category","embeddable":true,"href":"https:\/\/www.omis.net\/fr-fr\/wp-json\/wp\/v2\/categories?post=5612"},{"taxonomy":"post_tag","embeddable":true,"href":"https:\/\/www.omis.net\/fr-fr\/wp-json\/wp\/v2\/tags?post=5612"},{"taxonomy":"tipologia-prodotto","embeddable":true,"href":"https:\/\/www.omis.net\/fr-fr\/wp-json\/wp\/v2\/tipologia-prodotto?post=5612"}],"curies":[{"name":"wp","href":"https:\/\/api.w.org\/{rel}","templated":true}]}}