{"id":5604,"date":"2022-10-27T02:00:00","date_gmt":"2022-10-27T00:00:00","guid":{"rendered":"http:\/\/bedrock.local\/we-are-omis-nous-alimentons-vos-mouvements\/"},"modified":"2022-10-27T02:00:00","modified_gmt":"2022-10-27T00:00:00","slug":"we-are-omis-nous-alimentons-vos-mouvements","status":"publish","type":"post","link":"https:\/\/www.omis.net\/fr-fr\/we-are-omis-nous-alimentons-vos-mouvements\/","title":{"rendered":"WE ARE OMIS &#8211; Nous alimentons vos mouvements"},"content":{"rendered":"<p>Chez OMIS, nous concevons nos armoires \u00e9lectriques avec la plus grande pr\u00e9cision, en s\u00e9lectionnant les meilleurs composants disponibles dans le monde entier. Nous proposons une large gamme d&#8217;armoires \u00e9lectriques, allant des solutions standard aux solutions hautement personnalis\u00e9es, pour r\u00e9pondre \u00e0 toutes les applications, aussi bien en Italie qu&#8217;\u00e0 l&#8217;\u00e9tranger.<\/p><p>Chaque produit est d\u00e9velopp\u00e9 selon les sp\u00e9cifications fournies par nos clients, construit dans nos ateliers et soumis \u00e0 des tests rigoureux pour garantir des performances et une fiabilit\u00e9 maximales. Avec 9\u00a0200\u00a0heures consacr\u00e9es \u00e0 la conception rien qu&#8217;en 2021, et plus de 2\u00a0500\u00a0armoires \u00e9lectriques con\u00e7ues chaque ann\u00e9e, nous veillons \u00e0 ce que chaque composant et chaque d\u00e9tail r\u00e9pondent aux normes industrielles les plus strictes.<\/p><p>L&#8217;attention que nous accordons \u00e0 la qualit\u00e9 et \u00e0 la personnalisation nous permet de fournir des solutions optimis\u00e9es qui r\u00e9pondent aux besoins sp\u00e9cifiques de chaque client, garantissant un fonctionnement impeccable et durable. Les armoires \u00e9lectriques OMIS combinent innovation, pr\u00e9cision et fiabilit\u00e9, aussi bien pour les applications standards que pour des exigences particuli\u00e8res.<\/p>","protected":false},"excerpt":{"rendered":"<p>Chez OMIS, nous concevons nos armoires \u00e9lectriques avec la plus grande pr\u00e9cision, en s\u00e9lectionnant les meilleurs composants disponibles dans le monde entier. Nous proposons une large gamme d&#8217;armoires \u00e9lectriques, allant des solutions standard aux solutions hautement personnalis\u00e9es, pour r\u00e9pondre \u00e0 toutes les applications, aussi bien en Italie qu&#8217;\u00e0 l&#8217;\u00e9tranger. Chaque produit est d\u00e9velopp\u00e9 selon les [&hellip;]<\/p>\n","protected":false},"author":2,"featured_media":10097,"comment_status":"closed","ping_status":"closed","sticky":false,"template":"","format":"standard","meta":{"_acf_changed":false,"footnotes":""},"categories":[650],"tags":[375,376,377,378,272,273,373,389,289,374],"tipologia-prodotto":[],"class_list":["post-5604","post","type-post","status-publish","format-standard","has-post-thumbnail","hentry","category-weareomis-fr","tag-electric","tag-electricalengineering","tag-electricequipment","tag-electricpanel","tag-omisborntolift","tag-omiscranes","tag-omiselectric","tag-omisgroup","tag-weareomis","tag-weareomisgroup"],"acf":{"import_csv_id":"53","seo_title":"WE ARE OMIS - Nous alimentons vos mouvements | News by OMIS","seo_description":"Nous concevons nos armoires \u00e9lectriques avec pr\u00e9cision, en choisissant les meilleurs composants dans le monde entier. Nous r\u00e9alisons une vaste gamme d'armoires \u00e9lectriques, de toute taille et pour tous les secteurs, pour des applications standards et sp\u00e9ciales, en Italie et \u00e0 l'\u00e9tranger.\n Tous nos produits sont d\u00e9velopp\u00e9s selon les sp\u00e9cifications fournies, construits dans nos ateliers et enfin test\u00e9s pour garantir une performance maximale.\n 9\u00a0200\u00a0heures consacr\u00e9es \u00e0 la conception en 2021\n Plus de 2\u00a0500\u00a0armoires \u00e9lectriques con\u00e7ues chaque ann\u00e9e. Lire la news | OMIS"},"yoast_head":"<!-- This site is optimized with the Yoast SEO plugin v23.9 - https:\/\/yoast.com\/wordpress\/plugins\/seo\/ -->\n<title>WE ARE OMIS - Nous alimentons vos mouvements | News by OMIS<\/title>\n<meta name=\"description\" content=\"Nous concevons nos armoires \u00e9lectriques avec pr\u00e9cision, en choisissant les meilleurs composants dans le monde entier. Nous r\u00e9alisons une vaste gamme d&#039;armoires \u00e9lectriques, de toute taille et pour tous les secteurs, pour des applications standards et sp\u00e9ciales, en Italie et \u00e0 l&#039;\u00e9tranger. Tous nos produits sont d\u00e9velopp\u00e9s selon les sp\u00e9cifications fournies, construits dans nos ateliers et enfin test\u00e9s pour garantir une performance maximale. 9\u00a0200\u00a0heures consacr\u00e9es \u00e0 la conception en 2021 Plus de 2\u00a0500\u00a0armoires \u00e9lectriques con\u00e7ues chaque ann\u00e9e. Lire la news | OMIS\" \/>\n<meta name=\"robots\" content=\"index, follow, max-snippet:-1, max-image-preview:large, max-video-preview:-1\" \/>\n<meta property=\"og:locale\" content=\"fr_FR\" \/>\n<meta property=\"og:type\" content=\"article\" \/>\n<meta property=\"og:title\" content=\"WE ARE OMIS - Nous alimentons vos mouvements | News by OMIS\" \/>\n<meta property=\"og:description\" content=\"Nous concevons nos armoires \u00e9lectriques avec pr\u00e9cision, en choisissant les meilleurs composants dans le monde entier. Nous r\u00e9alisons une vaste gamme d&#039;armoires \u00e9lectriques, de toute taille et pour tous les secteurs, pour des applications standards et sp\u00e9ciales, en Italie et \u00e0 l&#039;\u00e9tranger. Tous nos produits sont d\u00e9velopp\u00e9s selon les sp\u00e9cifications fournies, construits dans nos ateliers et enfin test\u00e9s pour garantir une performance maximale. 9\u00a0200\u00a0heures consacr\u00e9es \u00e0 la conception en 2021 Plus de 2\u00a0500\u00a0armoires \u00e9lectriques con\u00e7ues chaque ann\u00e9e. Lire la news | OMIS\" \/>\n<meta property=\"og:url\" content=\"https:\/\/www.omis.net\/fr-fr\/we-are-omis-nous-alimentons-vos-mouvements\/\" \/>\n<meta property=\"og:site_name\" content=\"Omis Spa\" \/>\n<meta property=\"article:publisher\" content=\"https:\/\/www.facebook.com\/omisgroup\" \/>\n<meta property=\"article:published_time\" content=\"2022-10-27T00:00:00+00:00\" \/>\n<meta property=\"og:image\" content=\"https:\/\/media.omis.net\/media\/2022\/10\/we-are-omis-we-power-your-movements-banner-omis-scaled.webp\" \/>\n\t<meta property=\"og:image:width\" content=\"2560\" \/>\n\t<meta property=\"og:image:height\" content=\"2560\" \/>\n\t<meta property=\"og:image:type\" content=\"image\/webp\" \/>\n<meta name=\"author\" content=\"AQuest\" \/>\n<meta name=\"twitter:card\" content=\"summary_large_image\" \/>\n<meta name=\"twitter:label1\" content=\"Written by\" \/>\n\t<meta name=\"twitter:data1\" content=\"AQuest\" \/>\n\t<meta name=\"twitter:label2\" content=\"Est. reading time\" \/>\n\t<meta name=\"twitter:data2\" content=\"1 minute\" \/>\n<script type=\"application\/ld+json\" class=\"yoast-schema-graph\">{\"@context\":\"https:\/\/schema.org\",\"@graph\":[{\"@type\":\"Article\",\"@id\":\"https:\/\/www.omis.net\/fr-fr\/we-are-omis-nous-alimentons-vos-mouvements\/#article\",\"isPartOf\":{\"@id\":\"https:\/\/www.omis.net\/fr-fr\/we-are-omis-nous-alimentons-vos-mouvements\/\"},\"author\":{\"name\":\"AQuest\",\"@id\":\"https:\/\/www.omis.net\/it-it\/#\/schema\/person\/a84b31c39ee8e2b060f51cb288b0c8f4\"},\"headline\":\"WE ARE OMIS &#8211; Nous alimentons vos mouvements\",\"datePublished\":\"2022-10-27T00:00:00+00:00\",\"dateModified\":\"2022-10-27T00:00:00+00:00\",\"mainEntityOfPage\":{\"@id\":\"https:\/\/www.omis.net\/fr-fr\/we-are-omis-nous-alimentons-vos-mouvements\/\"},\"wordCount\":185,\"publisher\":{\"@id\":\"https:\/\/www.omis.net\/it-it\/#organization\"},\"image\":{\"@id\":\"https:\/\/www.omis.net\/fr-fr\/we-are-omis-nous-alimentons-vos-mouvements\/#primaryimage\"},\"thumbnailUrl\":\"https:\/\/media.omis.net\/media\/2022\/10\/we-are-omis-we-power-your-movements-banner-omis-scaled.webp\",\"keywords\":[\"electric\",\"electricalengineering\",\"electricequipment\",\"electricpanel\",\"omisborntolift\",\"omiscranes\",\"omiselectric\",\"omisgroup\",\"weareomis\",\"weareomisgroup\"],\"articleSection\":[\"WeAreOMIS\"],\"inLanguage\":\"fr-fr\"},{\"@type\":\"WebPage\",\"@id\":\"https:\/\/www.omis.net\/fr-fr\/we-are-omis-nous-alimentons-vos-mouvements\/\",\"url\":\"https:\/\/www.omis.net\/fr-fr\/we-are-omis-nous-alimentons-vos-mouvements\/\",\"name\":\"WE ARE OMIS - Nous alimentons vos mouvements | News by OMIS\",\"isPartOf\":{\"@id\":\"https:\/\/www.omis.net\/it-it\/#website\"},\"primaryImageOfPage\":{\"@id\":\"https:\/\/www.omis.net\/fr-fr\/we-are-omis-nous-alimentons-vos-mouvements\/#primaryimage\"},\"image\":{\"@id\":\"https:\/\/www.omis.net\/fr-fr\/we-are-omis-nous-alimentons-vos-mouvements\/#primaryimage\"},\"thumbnailUrl\":\"https:\/\/media.omis.net\/media\/2022\/10\/we-are-omis-we-power-your-movements-banner-omis-scaled.webp\",\"datePublished\":\"2022-10-27T00:00:00+00:00\",\"dateModified\":\"2022-10-27T00:00:00+00:00\",\"description\":\"Nous concevons nos armoires \u00e9lectriques avec pr\u00e9cision, en choisissant les meilleurs composants dans le monde entier. Nous r\u00e9alisons une vaste gamme d'armoires \u00e9lectriques, de toute taille et pour tous les secteurs, pour des applications standards et sp\u00e9ciales, en Italie et \u00e0 l'\u00e9tranger. Tous nos produits sont d\u00e9velopp\u00e9s selon les sp\u00e9cifications fournies, construits dans nos ateliers et enfin test\u00e9s pour garantir une performance maximale. 9\u00a0200\u00a0heures consacr\u00e9es \u00e0 la conception en 2021 Plus de 2\u00a0500\u00a0armoires \u00e9lectriques con\u00e7ues chaque ann\u00e9e. Lire la news | OMIS\",\"breadcrumb\":{\"@id\":\"https:\/\/www.omis.net\/fr-fr\/we-are-omis-nous-alimentons-vos-mouvements\/#breadcrumb\"},\"inLanguage\":\"fr-fr\",\"potentialAction\":[{\"@type\":\"ReadAction\",\"target\":[\"https:\/\/www.omis.net\/fr-fr\/we-are-omis-nous-alimentons-vos-mouvements\/\"]}]},{\"@type\":\"ImageObject\",\"inLanguage\":\"fr-fr\",\"@id\":\"https:\/\/www.omis.net\/fr-fr\/we-are-omis-nous-alimentons-vos-mouvements\/#primaryimage\",\"url\":\"https:\/\/media.omis.net\/media\/2022\/10\/we-are-omis-we-power-your-movements-banner-omis-scaled.webp\",\"contentUrl\":\"https:\/\/media.omis.net\/media\/2022\/10\/we-are-omis-we-power-your-movements-banner-omis-scaled.webp\",\"width\":2560,\"height\":2560,\"caption\":\"gallery - We are Omis we power your movements banner Omis\"},{\"@type\":\"BreadcrumbList\",\"@id\":\"https:\/\/www.omis.net\/fr-fr\/we-are-omis-nous-alimentons-vos-mouvements\/#breadcrumb\",\"itemListElement\":[{\"@type\":\"ListItem\",\"position\":1,\"name\":\"Home\",\"item\":\"https:\/\/www.omis.net\/fr-fr\/\"},{\"@type\":\"ListItem\",\"position\":2,\"name\":\"WE ARE OMIS &#8211; Nous alimentons vos mouvements\"}]},{\"@type\":\"WebSite\",\"@id\":\"https:\/\/www.omis.net\/it-it\/#website\",\"url\":\"https:\/\/www.omis.net\/it-it\/\",\"name\":\"Omis Spa\",\"description\":\"Movimentazione e sollevamento\",\"publisher\":{\"@id\":\"https:\/\/www.omis.net\/it-it\/#organization\"},\"potentialAction\":[{\"@type\":\"SearchAction\",\"target\":{\"@type\":\"EntryPoint\",\"urlTemplate\":\"https:\/\/www.omis.net\/it-it\/?s={search_term_string}\"},\"query-input\":{\"@type\":\"PropertyValueSpecification\",\"valueRequired\":true,\"valueName\":\"search_term_string\"}}],\"inLanguage\":\"fr-fr\"},{\"@type\":\"Organization\",\"@id\":\"https:\/\/www.omis.net\/it-it\/#organization\",\"name\":\"Omis Spa\",\"url\":\"https:\/\/www.omis.net\/it-it\/\",\"logo\":{\"@type\":\"ImageObject\",\"inLanguage\":\"fr-fr\",\"@id\":\"https:\/\/www.omis.net\/it-it\/#\/schema\/logo\/image\/\",\"url\":\"https:\/\/media.omis.net\/media\/2024\/08\/logo.jpg\",\"contentUrl\":\"https:\/\/media.omis.net\/media\/2024\/08\/logo.jpg\",\"width\":300,\"height\":300,\"caption\":\"Omis Spa\"},\"image\":{\"@id\":\"https:\/\/www.omis.net\/it-it\/#\/schema\/logo\/image\/\"},\"sameAs\":[\"https:\/\/www.facebook.com\/omisgroup\",\"https:\/\/www.linkedin.com\/company\/omis-group\",\"https:\/\/www.youtube.com\/channel\/UCS4L59XDk3kKBI9MnjuxWDw\",\"https:\/\/www.instagram.com\/omisgroup\"]},{\"@type\":\"Person\",\"@id\":\"https:\/\/www.omis.net\/it-it\/#\/schema\/person\/a84b31c39ee8e2b060f51cb288b0c8f4\",\"name\":\"AQuest\",\"image\":{\"@type\":\"ImageObject\",\"inLanguage\":\"fr-fr\",\"@id\":\"https:\/\/www.omis.net\/it-it\/#\/schema\/person\/image\/\",\"url\":\"https:\/\/secure.gravatar.com\/avatar\/189fc3cdb8260330afd047b6aaa36a00?s=96&d=mm&r=g\",\"contentUrl\":\"https:\/\/secure.gravatar.com\/avatar\/189fc3cdb8260330afd047b6aaa36a00?s=96&d=mm&r=g\",\"caption\":\"AQuest\"}}]}<\/script>\n<!-- \/ Yoast SEO plugin. -->","yoast_head_json":{"title":"WE ARE OMIS - Nous alimentons vos mouvements | News by OMIS","description":"Nous concevons nos armoires \u00e9lectriques avec pr\u00e9cision, en choisissant les meilleurs composants dans le monde entier. Nous r\u00e9alisons une vaste gamme d'armoires \u00e9lectriques, de toute taille et pour tous les secteurs, pour des applications standards et sp\u00e9ciales, en Italie et \u00e0 l'\u00e9tranger. Tous nos produits sont d\u00e9velopp\u00e9s selon les sp\u00e9cifications fournies, construits dans nos ateliers et enfin test\u00e9s pour garantir une performance maximale. 9\u00a0200\u00a0heures consacr\u00e9es \u00e0 la conception en 2021 Plus de 2\u00a0500\u00a0armoires \u00e9lectriques con\u00e7ues chaque ann\u00e9e. Lire la news | OMIS","robots":{"index":"index","follow":"follow","max-snippet":"max-snippet:-1","max-image-preview":"max-image-preview:large","max-video-preview":"max-video-preview:-1"},"og_locale":"fr_FR","og_type":"article","og_title":"WE ARE OMIS - Nous alimentons vos mouvements | News by OMIS","og_description":"Nous concevons nos armoires \u00e9lectriques avec pr\u00e9cision, en choisissant les meilleurs composants dans le monde entier. Nous r\u00e9alisons une vaste gamme d'armoires \u00e9lectriques, de toute taille et pour tous les secteurs, pour des applications standards et sp\u00e9ciales, en Italie et \u00e0 l'\u00e9tranger. Tous nos produits sont d\u00e9velopp\u00e9s selon les sp\u00e9cifications fournies, construits dans nos ateliers et enfin test\u00e9s pour garantir une performance maximale. 9\u00a0200\u00a0heures consacr\u00e9es \u00e0 la conception en 2021 Plus de 2\u00a0500\u00a0armoires \u00e9lectriques con\u00e7ues chaque ann\u00e9e. Lire la news | OMIS","og_url":"https:\/\/www.omis.net\/fr-fr\/we-are-omis-nous-alimentons-vos-mouvements\/","og_site_name":"Omis Spa","article_publisher":"https:\/\/www.facebook.com\/omisgroup","article_published_time":"2022-10-27T00:00:00+00:00","og_image":[{"width":2560,"height":2560,"url":"https:\/\/media.omis.net\/media\/2022\/10\/we-are-omis-we-power-your-movements-banner-omis-scaled.webp","type":"image\/webp"}],"author":"AQuest","twitter_card":"summary_large_image","twitter_misc":{"Written by":"AQuest","Est. reading time":"1 minute"},"schema":{"@context":"https:\/\/schema.org","@graph":[{"@type":"Article","@id":"https:\/\/www.omis.net\/fr-fr\/we-are-omis-nous-alimentons-vos-mouvements\/#article","isPartOf":{"@id":"https:\/\/www.omis.net\/fr-fr\/we-are-omis-nous-alimentons-vos-mouvements\/"},"author":{"name":"AQuest","@id":"https:\/\/www.omis.net\/it-it\/#\/schema\/person\/a84b31c39ee8e2b060f51cb288b0c8f4"},"headline":"WE ARE OMIS &#8211; Nous alimentons vos mouvements","datePublished":"2022-10-27T00:00:00+00:00","dateModified":"2022-10-27T00:00:00+00:00","mainEntityOfPage":{"@id":"https:\/\/www.omis.net\/fr-fr\/we-are-omis-nous-alimentons-vos-mouvements\/"},"wordCount":185,"publisher":{"@id":"https:\/\/www.omis.net\/it-it\/#organization"},"image":{"@id":"https:\/\/www.omis.net\/fr-fr\/we-are-omis-nous-alimentons-vos-mouvements\/#primaryimage"},"thumbnailUrl":"https:\/\/media.omis.net\/media\/2022\/10\/we-are-omis-we-power-your-movements-banner-omis-scaled.webp","keywords":["electric","electricalengineering","electricequipment","electricpanel","omisborntolift","omiscranes","omiselectric","omisgroup","weareomis","weareomisgroup"],"articleSection":["WeAreOMIS"],"inLanguage":"fr-fr"},{"@type":"WebPage","@id":"https:\/\/www.omis.net\/fr-fr\/we-are-omis-nous-alimentons-vos-mouvements\/","url":"https:\/\/www.omis.net\/fr-fr\/we-are-omis-nous-alimentons-vos-mouvements\/","name":"WE ARE OMIS - Nous alimentons vos mouvements | News by OMIS","isPartOf":{"@id":"https:\/\/www.omis.net\/it-it\/#website"},"primaryImageOfPage":{"@id":"https:\/\/www.omis.net\/fr-fr\/we-are-omis-nous-alimentons-vos-mouvements\/#primaryimage"},"image":{"@id":"https:\/\/www.omis.net\/fr-fr\/we-are-omis-nous-alimentons-vos-mouvements\/#primaryimage"},"thumbnailUrl":"https:\/\/media.omis.net\/media\/2022\/10\/we-are-omis-we-power-your-movements-banner-omis-scaled.webp","datePublished":"2022-10-27T00:00:00+00:00","dateModified":"2022-10-27T00:00:00+00:00","description":"Nous concevons nos armoires \u00e9lectriques avec pr\u00e9cision, en choisissant les meilleurs composants dans le monde entier. Nous r\u00e9alisons une vaste gamme d'armoires \u00e9lectriques, de toute taille et pour tous les secteurs, pour des applications standards et sp\u00e9ciales, en Italie et \u00e0 l'\u00e9tranger. Tous nos produits sont d\u00e9velopp\u00e9s selon les sp\u00e9cifications fournies, construits dans nos ateliers et enfin test\u00e9s pour garantir une performance maximale. 9\u00a0200\u00a0heures consacr\u00e9es \u00e0 la conception en 2021 Plus de 2\u00a0500\u00a0armoires \u00e9lectriques con\u00e7ues chaque ann\u00e9e. Lire la news | OMIS","breadcrumb":{"@id":"https:\/\/www.omis.net\/fr-fr\/we-are-omis-nous-alimentons-vos-mouvements\/#breadcrumb"},"inLanguage":"fr-fr","potentialAction":[{"@type":"ReadAction","target":["https:\/\/www.omis.net\/fr-fr\/we-are-omis-nous-alimentons-vos-mouvements\/"]}]},{"@type":"ImageObject","inLanguage":"fr-fr","@id":"https:\/\/www.omis.net\/fr-fr\/we-are-omis-nous-alimentons-vos-mouvements\/#primaryimage","url":"https:\/\/media.omis.net\/media\/2022\/10\/we-are-omis-we-power-your-movements-banner-omis-scaled.webp","contentUrl":"https:\/\/media.omis.net\/media\/2022\/10\/we-are-omis-we-power-your-movements-banner-omis-scaled.webp","width":2560,"height":2560,"caption":"gallery - We are Omis we power your movements banner Omis"},{"@type":"BreadcrumbList","@id":"https:\/\/www.omis.net\/fr-fr\/we-are-omis-nous-alimentons-vos-mouvements\/#breadcrumb","itemListElement":[{"@type":"ListItem","position":1,"name":"Home","item":"https:\/\/www.omis.net\/fr-fr\/"},{"@type":"ListItem","position":2,"name":"WE ARE OMIS &#8211; Nous alimentons vos mouvements"}]},{"@type":"WebSite","@id":"https:\/\/www.omis.net\/it-it\/#website","url":"https:\/\/www.omis.net\/it-it\/","name":"Omis Spa","description":"Movimentazione e sollevamento","publisher":{"@id":"https:\/\/www.omis.net\/it-it\/#organization"},"potentialAction":[{"@type":"SearchAction","target":{"@type":"EntryPoint","urlTemplate":"https:\/\/www.omis.net\/it-it\/?s={search_term_string}"},"query-input":{"@type":"PropertyValueSpecification","valueRequired":true,"valueName":"search_term_string"}}],"inLanguage":"fr-fr"},{"@type":"Organization","@id":"https:\/\/www.omis.net\/it-it\/#organization","name":"Omis Spa","url":"https:\/\/www.omis.net\/it-it\/","logo":{"@type":"ImageObject","inLanguage":"fr-fr","@id":"https:\/\/www.omis.net\/it-it\/#\/schema\/logo\/image\/","url":"https:\/\/media.omis.net\/media\/2024\/08\/logo.jpg","contentUrl":"https:\/\/media.omis.net\/media\/2024\/08\/logo.jpg","width":300,"height":300,"caption":"Omis Spa"},"image":{"@id":"https:\/\/www.omis.net\/it-it\/#\/schema\/logo\/image\/"},"sameAs":["https:\/\/www.facebook.com\/omisgroup","https:\/\/www.linkedin.com\/company\/omis-group","https:\/\/www.youtube.com\/channel\/UCS4L59XDk3kKBI9MnjuxWDw","https:\/\/www.instagram.com\/omisgroup"]},{"@type":"Person","@id":"https:\/\/www.omis.net\/it-it\/#\/schema\/person\/a84b31c39ee8e2b060f51cb288b0c8f4","name":"AQuest","image":{"@type":"ImageObject","inLanguage":"fr-fr","@id":"https:\/\/www.omis.net\/it-it\/#\/schema\/person\/image\/","url":"https:\/\/secure.gravatar.com\/avatar\/189fc3cdb8260330afd047b6aaa36a00?s=96&d=mm&r=g","contentUrl":"https:\/\/secure.gravatar.com\/avatar\/189fc3cdb8260330afd047b6aaa36a00?s=96&d=mm&r=g","caption":"AQuest"}}]}},"_links":{"self":[{"href":"https:\/\/www.omis.net\/fr-fr\/wp-json\/wp\/v2\/posts\/5604"}],"collection":[{"href":"https:\/\/www.omis.net\/fr-fr\/wp-json\/wp\/v2\/posts"}],"about":[{"href":"https:\/\/www.omis.net\/fr-fr\/wp-json\/wp\/v2\/types\/post"}],"author":[{"embeddable":true,"href":"https:\/\/www.omis.net\/fr-fr\/wp-json\/wp\/v2\/users\/2"}],"replies":[{"embeddable":true,"href":"https:\/\/www.omis.net\/fr-fr\/wp-json\/wp\/v2\/comments?post=5604"}],"version-history":[{"count":0,"href":"https:\/\/www.omis.net\/fr-fr\/wp-json\/wp\/v2\/posts\/5604\/revisions"}],"wp:featuredmedia":[{"embeddable":true,"href":"https:\/\/www.omis.net\/fr-fr\/wp-json\/wp\/v2\/media\/10097"}],"wp:attachment":[{"href":"https:\/\/www.omis.net\/fr-fr\/wp-json\/wp\/v2\/media?parent=5604"}],"wp:term":[{"taxonomy":"category","embeddable":true,"href":"https:\/\/www.omis.net\/fr-fr\/wp-json\/wp\/v2\/categories?post=5604"},{"taxonomy":"post_tag","embeddable":true,"href":"https:\/\/www.omis.net\/fr-fr\/wp-json\/wp\/v2\/tags?post=5604"},{"taxonomy":"tipologia-prodotto","embeddable":true,"href":"https:\/\/www.omis.net\/fr-fr\/wp-json\/wp\/v2\/tipologia-prodotto?post=5604"}],"curies":[{"name":"wp","href":"https:\/\/api.w.org\/{rel}","templated":true}]}}