{"id":5590,"date":"2023-03-02T01:00:00","date_gmt":"2023-03-02T00:00:00","guid":{"rendered":"http:\/\/bedrock.local\/omis-ensemble-pour-la-prevention\/"},"modified":"2023-03-02T01:00:00","modified_gmt":"2023-03-02T00:00:00","slug":"omis-ensemble-pour-la-prevention","status":"publish","type":"post","link":"https:\/\/www.omis.net\/fr-fr\/omis-ensemble-pour-la-prevention\/","title":{"rendered":"OMIS\u00a0: ensemble pour la pr\u00e9vention"},"content":{"rendered":"<p>Le soin, l&#8217;int\u00e9grit\u00e9 et l&#8217;attention port\u00e9e aux personnes sont des valeurs fondamentales pour nous chez OMIS.<\/p><p>Avec la collaboration de la Policlinique Sandrigo Medica, OMIS a financ\u00e9 un d\u00e9pistage m\u00e9dical pour les personnes \u00e2g\u00e9es du groupe OASI de Sandrigo, dans le but d&#8217;intervenir et de pr\u00e9venir certaines maladies courantes chez les personnes \u00e2g\u00e9es, de garantir de meilleures chances de gu\u00e9rison et d&#8217;am\u00e9liorer la qualit\u00e9 de vie de la communaut\u00e9 locale.<\/p><p>Cette collaboration est un moyen concret de d\u00e9montrer l&#8217;importance de la pr\u00e9sence d&#8217;OMIS sur le territoire, d&#8217;aider \u00e0 construire un sentiment de communaut\u00e9 et d&#8217;appartenance, de promouvoir les valeurs de solidarit\u00e9 et d&#8217;attention aux autres.<\/p>","protected":false},"excerpt":{"rendered":"<p>Le soin, l&#8217;int\u00e9grit\u00e9 et l&#8217;attention port\u00e9e aux personnes sont des valeurs fondamentales pour nous chez OMIS. Avec la collaboration de la Policlinique Sandrigo Medica, OMIS a financ\u00e9 un d\u00e9pistage m\u00e9dical pour les personnes \u00e2g\u00e9es du groupe OASI de Sandrigo, dans le but d&#8217;intervenir et de pr\u00e9venir certaines maladies courantes chez les personnes \u00e2g\u00e9es, de garantir [&hellip;]<\/p>\n","protected":false},"author":2,"featured_media":10469,"comment_status":"closed","ping_status":"closed","sticky":false,"template":"","format":"standard","meta":{"_acf_changed":false,"footnotes":""},"categories":[646],"tags":[346,347,274,349,272,273,389,345,348],"tipologia-prodotto":[],"class_list":["post-5590","post","type-post","status-publish","format-standard","has-post-thumbnail","hentry","category-communications-fr","tag-care","tag-community","tag-liftingsolutions","tag-medicalscreening","tag-omisborntolift","tag-omiscranes","tag-omisgroup","tag-prevention","tag-screening"],"acf":{"import_csv_id":"39","seo_title":"OMIS\u00a0: ensemble pour la pr\u00e9vention | News by OMIS","seo_description":"Le soin, l'int\u00e9grit\u00e9 et l'attention port\u00e9e aux personnes sont des valeurs fondamentales pour nous chez OMIS.\nAvec la collaboration de la Policlinique Sandrigo Medica, OMIS a financ\u00e9 un d\u00e9pistage m\u00e9dical pour les personnes \u00e2g\u00e9es du groupe OASI de Sandrigo, dans le but d'intervenir et de pr\u00e9venir certaines maladies courantes chez les personnes \u00e2g\u00e9es, de garantir de meilleures chances de gu\u00e9rison et d'am\u00e9liorer la qualit\u00e9 de vie de la communaut\u00e9 locale.\nCette collaboration est un moyen concret de d\u00e9montrer l'importance de la pr\u00e9sence d'OMIS sur le territoire, d'aider \u00e0 construire un sentiment de communaut\u00e9 et d'appartenance, de promouvoir les valeurs de solidarit\u00e9 et d'attention aux autres. Lire la news | OMIS"},"yoast_head":"<!-- This site is optimized with the Yoast SEO plugin v23.9 - https:\/\/yoast.com\/wordpress\/plugins\/seo\/ -->\n<title>OMIS\u00a0: ensemble pour la pr\u00e9vention | News by OMIS<\/title>\n<meta name=\"description\" content=\"Le soin, l&#039;int\u00e9grit\u00e9 et l&#039;attention port\u00e9e aux personnes sont des valeurs fondamentales pour nous chez OMIS. Avec la collaboration de la Policlinique Sandrigo Medica, OMIS a financ\u00e9 un d\u00e9pistage m\u00e9dical pour les personnes \u00e2g\u00e9es du groupe OASI de Sandrigo, dans le but d&#039;intervenir et de pr\u00e9venir certaines maladies courantes chez les personnes \u00e2g\u00e9es, de garantir de meilleures chances de gu\u00e9rison et d&#039;am\u00e9liorer la qualit\u00e9 de vie de la communaut\u00e9 locale. Cette collaboration est un moyen concret de d\u00e9montrer l&#039;importance de la pr\u00e9sence d&#039;OMIS sur le territoire, d&#039;aider \u00e0 construire un sentiment de communaut\u00e9 et d&#039;appartenance, de promouvoir les valeurs de solidarit\u00e9 et d&#039;attention aux autres. Lire la news | OMIS\" \/>\n<meta name=\"robots\" content=\"index, follow, max-snippet:-1, max-image-preview:large, max-video-preview:-1\" \/>\n<meta property=\"og:locale\" content=\"fr_FR\" \/>\n<meta property=\"og:type\" content=\"article\" \/>\n<meta property=\"og:title\" content=\"OMIS\u00a0: ensemble pour la pr\u00e9vention | News by OMIS\" \/>\n<meta property=\"og:description\" content=\"Le soin, l&#039;int\u00e9grit\u00e9 et l&#039;attention port\u00e9e aux personnes sont des valeurs fondamentales pour nous chez OMIS. Avec la collaboration de la Policlinique Sandrigo Medica, OMIS a financ\u00e9 un d\u00e9pistage m\u00e9dical pour les personnes \u00e2g\u00e9es du groupe OASI de Sandrigo, dans le but d&#039;intervenir et de pr\u00e9venir certaines maladies courantes chez les personnes \u00e2g\u00e9es, de garantir de meilleures chances de gu\u00e9rison et d&#039;am\u00e9liorer la qualit\u00e9 de vie de la communaut\u00e9 locale. Cette collaboration est un moyen concret de d\u00e9montrer l&#039;importance de la pr\u00e9sence d&#039;OMIS sur le territoire, d&#039;aider \u00e0 construire un sentiment de communaut\u00e9 et d&#039;appartenance, de promouvoir les valeurs de solidarit\u00e9 et d&#039;attention aux autres. Lire la news | OMIS\" \/>\n<meta property=\"og:url\" content=\"https:\/\/www.omis.net\/fr-fr\/omis-ensemble-pour-la-prevention\/\" \/>\n<meta property=\"og:site_name\" content=\"Omis Spa\" \/>\n<meta property=\"article:publisher\" content=\"https:\/\/www.facebook.com\/omisgroup\" \/>\n<meta property=\"article:published_time\" content=\"2023-03-02T00:00:00+00:00\" \/>\n<meta property=\"og:image\" content=\"https:\/\/media.omis.net\/media\/2023\/03\/together-in-prevention-omis-scaled.webp\" \/>\n\t<meta property=\"og:image:width\" content=\"2560\" \/>\n\t<meta property=\"og:image:height\" content=\"1839\" \/>\n\t<meta property=\"og:image:type\" content=\"image\/webp\" \/>\n<meta name=\"author\" content=\"AQuest\" \/>\n<meta name=\"twitter:card\" content=\"summary_large_image\" \/>\n<meta name=\"twitter:label1\" content=\"Written by\" \/>\n\t<meta name=\"twitter:data1\" content=\"AQuest\" \/>\n\t<meta name=\"twitter:label2\" content=\"Est. reading time\" \/>\n\t<meta name=\"twitter:data2\" content=\"1 minute\" \/>\n<script type=\"application\/ld+json\" class=\"yoast-schema-graph\">{\"@context\":\"https:\/\/schema.org\",\"@graph\":[{\"@type\":\"Article\",\"@id\":\"https:\/\/www.omis.net\/fr-fr\/omis-ensemble-pour-la-prevention\/#article\",\"isPartOf\":{\"@id\":\"https:\/\/www.omis.net\/fr-fr\/omis-ensemble-pour-la-prevention\/\"},\"author\":{\"name\":\"AQuest\",\"@id\":\"https:\/\/www.omis.net\/it-it\/#\/schema\/person\/a84b31c39ee8e2b060f51cb288b0c8f4\"},\"headline\":\"OMIS\u00a0: ensemble pour la pr\u00e9vention\",\"datePublished\":\"2023-03-02T00:00:00+00:00\",\"dateModified\":\"2023-03-02T00:00:00+00:00\",\"mainEntityOfPage\":{\"@id\":\"https:\/\/www.omis.net\/fr-fr\/omis-ensemble-pour-la-prevention\/\"},\"wordCount\":130,\"publisher\":{\"@id\":\"https:\/\/www.omis.net\/it-it\/#organization\"},\"image\":{\"@id\":\"https:\/\/www.omis.net\/fr-fr\/omis-ensemble-pour-la-prevention\/#primaryimage\"},\"thumbnailUrl\":\"https:\/\/media.omis.net\/media\/2023\/03\/together-in-prevention-omis-scaled.webp\",\"keywords\":[\"care\",\"community\",\"liftingsolutions\",\"medicalscreening\",\"omisborntolift\",\"omiscranes\",\"omisgroup\",\"prevention\",\"screening\"],\"articleSection\":[\"Communications\"],\"inLanguage\":\"fr-fr\"},{\"@type\":\"WebPage\",\"@id\":\"https:\/\/www.omis.net\/fr-fr\/omis-ensemble-pour-la-prevention\/\",\"url\":\"https:\/\/www.omis.net\/fr-fr\/omis-ensemble-pour-la-prevention\/\",\"name\":\"OMIS\u00a0: ensemble pour la pr\u00e9vention | News by OMIS\",\"isPartOf\":{\"@id\":\"https:\/\/www.omis.net\/it-it\/#website\"},\"primaryImageOfPage\":{\"@id\":\"https:\/\/www.omis.net\/fr-fr\/omis-ensemble-pour-la-prevention\/#primaryimage\"},\"image\":{\"@id\":\"https:\/\/www.omis.net\/fr-fr\/omis-ensemble-pour-la-prevention\/#primaryimage\"},\"thumbnailUrl\":\"https:\/\/media.omis.net\/media\/2023\/03\/together-in-prevention-omis-scaled.webp\",\"datePublished\":\"2023-03-02T00:00:00+00:00\",\"dateModified\":\"2023-03-02T00:00:00+00:00\",\"description\":\"Le soin, l'int\u00e9grit\u00e9 et l'attention port\u00e9e aux personnes sont des valeurs fondamentales pour nous chez OMIS. Avec la collaboration de la Policlinique Sandrigo Medica, OMIS a financ\u00e9 un d\u00e9pistage m\u00e9dical pour les personnes \u00e2g\u00e9es du groupe OASI de Sandrigo, dans le but d'intervenir et de pr\u00e9venir certaines maladies courantes chez les personnes \u00e2g\u00e9es, de garantir de meilleures chances de gu\u00e9rison et d'am\u00e9liorer la qualit\u00e9 de vie de la communaut\u00e9 locale. Cette collaboration est un moyen concret de d\u00e9montrer l'importance de la pr\u00e9sence d'OMIS sur le territoire, d'aider \u00e0 construire un sentiment de communaut\u00e9 et d'appartenance, de promouvoir les valeurs de solidarit\u00e9 et d'attention aux autres. Lire la news | OMIS\",\"breadcrumb\":{\"@id\":\"https:\/\/www.omis.net\/fr-fr\/omis-ensemble-pour-la-prevention\/#breadcrumb\"},\"inLanguage\":\"fr-fr\",\"potentialAction\":[{\"@type\":\"ReadAction\",\"target\":[\"https:\/\/www.omis.net\/fr-fr\/omis-ensemble-pour-la-prevention\/\"]}]},{\"@type\":\"ImageObject\",\"inLanguage\":\"fr-fr\",\"@id\":\"https:\/\/www.omis.net\/fr-fr\/omis-ensemble-pour-la-prevention\/#primaryimage\",\"url\":\"https:\/\/media.omis.net\/media\/2023\/03\/together-in-prevention-omis-scaled.webp\",\"contentUrl\":\"https:\/\/media.omis.net\/media\/2023\/03\/together-in-prevention-omis-scaled.webp\",\"width\":2560,\"height\":1839,\"caption\":\"gallery - Together in prevention Omis\"},{\"@type\":\"BreadcrumbList\",\"@id\":\"https:\/\/www.omis.net\/fr-fr\/omis-ensemble-pour-la-prevention\/#breadcrumb\",\"itemListElement\":[{\"@type\":\"ListItem\",\"position\":1,\"name\":\"Home\",\"item\":\"https:\/\/www.omis.net\/fr-fr\/\"},{\"@type\":\"ListItem\",\"position\":2,\"name\":\"OMIS\u00a0: ensemble pour la pr\u00e9vention\"}]},{\"@type\":\"WebSite\",\"@id\":\"https:\/\/www.omis.net\/it-it\/#website\",\"url\":\"https:\/\/www.omis.net\/it-it\/\",\"name\":\"Omis Spa\",\"description\":\"Movimentazione e sollevamento\",\"publisher\":{\"@id\":\"https:\/\/www.omis.net\/it-it\/#organization\"},\"potentialAction\":[{\"@type\":\"SearchAction\",\"target\":{\"@type\":\"EntryPoint\",\"urlTemplate\":\"https:\/\/www.omis.net\/it-it\/?s={search_term_string}\"},\"query-input\":{\"@type\":\"PropertyValueSpecification\",\"valueRequired\":true,\"valueName\":\"search_term_string\"}}],\"inLanguage\":\"fr-fr\"},{\"@type\":\"Organization\",\"@id\":\"https:\/\/www.omis.net\/it-it\/#organization\",\"name\":\"Omis Spa\",\"url\":\"https:\/\/www.omis.net\/it-it\/\",\"logo\":{\"@type\":\"ImageObject\",\"inLanguage\":\"fr-fr\",\"@id\":\"https:\/\/www.omis.net\/it-it\/#\/schema\/logo\/image\/\",\"url\":\"https:\/\/media.omis.net\/media\/2024\/08\/logo.jpg\",\"contentUrl\":\"https:\/\/media.omis.net\/media\/2024\/08\/logo.jpg\",\"width\":300,\"height\":300,\"caption\":\"Omis Spa\"},\"image\":{\"@id\":\"https:\/\/www.omis.net\/it-it\/#\/schema\/logo\/image\/\"},\"sameAs\":[\"https:\/\/www.facebook.com\/omisgroup\",\"https:\/\/www.linkedin.com\/company\/omis-group\",\"https:\/\/www.youtube.com\/channel\/UCS4L59XDk3kKBI9MnjuxWDw\",\"https:\/\/www.instagram.com\/omisgroup\"]},{\"@type\":\"Person\",\"@id\":\"https:\/\/www.omis.net\/it-it\/#\/schema\/person\/a84b31c39ee8e2b060f51cb288b0c8f4\",\"name\":\"AQuest\",\"image\":{\"@type\":\"ImageObject\",\"inLanguage\":\"fr-fr\",\"@id\":\"https:\/\/www.omis.net\/it-it\/#\/schema\/person\/image\/\",\"url\":\"https:\/\/secure.gravatar.com\/avatar\/189fc3cdb8260330afd047b6aaa36a00?s=96&d=mm&r=g\",\"contentUrl\":\"https:\/\/secure.gravatar.com\/avatar\/189fc3cdb8260330afd047b6aaa36a00?s=96&d=mm&r=g\",\"caption\":\"AQuest\"}}]}<\/script>\n<!-- \/ Yoast SEO plugin. -->","yoast_head_json":{"title":"OMIS\u00a0: ensemble pour la pr\u00e9vention | News by OMIS","description":"Le soin, l'int\u00e9grit\u00e9 et l'attention port\u00e9e aux personnes sont des valeurs fondamentales pour nous chez OMIS. Avec la collaboration de la Policlinique Sandrigo Medica, OMIS a financ\u00e9 un d\u00e9pistage m\u00e9dical pour les personnes \u00e2g\u00e9es du groupe OASI de Sandrigo, dans le but d'intervenir et de pr\u00e9venir certaines maladies courantes chez les personnes \u00e2g\u00e9es, de garantir de meilleures chances de gu\u00e9rison et d'am\u00e9liorer la qualit\u00e9 de vie de la communaut\u00e9 locale. Cette collaboration est un moyen concret de d\u00e9montrer l'importance de la pr\u00e9sence d'OMIS sur le territoire, d'aider \u00e0 construire un sentiment de communaut\u00e9 et d'appartenance, de promouvoir les valeurs de solidarit\u00e9 et d'attention aux autres. Lire la news | OMIS","robots":{"index":"index","follow":"follow","max-snippet":"max-snippet:-1","max-image-preview":"max-image-preview:large","max-video-preview":"max-video-preview:-1"},"og_locale":"fr_FR","og_type":"article","og_title":"OMIS\u00a0: ensemble pour la pr\u00e9vention | News by OMIS","og_description":"Le soin, l'int\u00e9grit\u00e9 et l'attention port\u00e9e aux personnes sont des valeurs fondamentales pour nous chez OMIS. Avec la collaboration de la Policlinique Sandrigo Medica, OMIS a financ\u00e9 un d\u00e9pistage m\u00e9dical pour les personnes \u00e2g\u00e9es du groupe OASI de Sandrigo, dans le but d'intervenir et de pr\u00e9venir certaines maladies courantes chez les personnes \u00e2g\u00e9es, de garantir de meilleures chances de gu\u00e9rison et d'am\u00e9liorer la qualit\u00e9 de vie de la communaut\u00e9 locale. Cette collaboration est un moyen concret de d\u00e9montrer l'importance de la pr\u00e9sence d'OMIS sur le territoire, d'aider \u00e0 construire un sentiment de communaut\u00e9 et d'appartenance, de promouvoir les valeurs de solidarit\u00e9 et d'attention aux autres. Lire la news | OMIS","og_url":"https:\/\/www.omis.net\/fr-fr\/omis-ensemble-pour-la-prevention\/","og_site_name":"Omis Spa","article_publisher":"https:\/\/www.facebook.com\/omisgroup","article_published_time":"2023-03-02T00:00:00+00:00","og_image":[{"width":2560,"height":1839,"url":"https:\/\/media.omis.net\/media\/2023\/03\/together-in-prevention-omis-scaled.webp","type":"image\/webp"}],"author":"AQuest","twitter_card":"summary_large_image","twitter_misc":{"Written by":"AQuest","Est. reading time":"1 minute"},"schema":{"@context":"https:\/\/schema.org","@graph":[{"@type":"Article","@id":"https:\/\/www.omis.net\/fr-fr\/omis-ensemble-pour-la-prevention\/#article","isPartOf":{"@id":"https:\/\/www.omis.net\/fr-fr\/omis-ensemble-pour-la-prevention\/"},"author":{"name":"AQuest","@id":"https:\/\/www.omis.net\/it-it\/#\/schema\/person\/a84b31c39ee8e2b060f51cb288b0c8f4"},"headline":"OMIS\u00a0: ensemble pour la pr\u00e9vention","datePublished":"2023-03-02T00:00:00+00:00","dateModified":"2023-03-02T00:00:00+00:00","mainEntityOfPage":{"@id":"https:\/\/www.omis.net\/fr-fr\/omis-ensemble-pour-la-prevention\/"},"wordCount":130,"publisher":{"@id":"https:\/\/www.omis.net\/it-it\/#organization"},"image":{"@id":"https:\/\/www.omis.net\/fr-fr\/omis-ensemble-pour-la-prevention\/#primaryimage"},"thumbnailUrl":"https:\/\/media.omis.net\/media\/2023\/03\/together-in-prevention-omis-scaled.webp","keywords":["care","community","liftingsolutions","medicalscreening","omisborntolift","omiscranes","omisgroup","prevention","screening"],"articleSection":["Communications"],"inLanguage":"fr-fr"},{"@type":"WebPage","@id":"https:\/\/www.omis.net\/fr-fr\/omis-ensemble-pour-la-prevention\/","url":"https:\/\/www.omis.net\/fr-fr\/omis-ensemble-pour-la-prevention\/","name":"OMIS\u00a0: ensemble pour la pr\u00e9vention | News by OMIS","isPartOf":{"@id":"https:\/\/www.omis.net\/it-it\/#website"},"primaryImageOfPage":{"@id":"https:\/\/www.omis.net\/fr-fr\/omis-ensemble-pour-la-prevention\/#primaryimage"},"image":{"@id":"https:\/\/www.omis.net\/fr-fr\/omis-ensemble-pour-la-prevention\/#primaryimage"},"thumbnailUrl":"https:\/\/media.omis.net\/media\/2023\/03\/together-in-prevention-omis-scaled.webp","datePublished":"2023-03-02T00:00:00+00:00","dateModified":"2023-03-02T00:00:00+00:00","description":"Le soin, l'int\u00e9grit\u00e9 et l'attention port\u00e9e aux personnes sont des valeurs fondamentales pour nous chez OMIS. Avec la collaboration de la Policlinique Sandrigo Medica, OMIS a financ\u00e9 un d\u00e9pistage m\u00e9dical pour les personnes \u00e2g\u00e9es du groupe OASI de Sandrigo, dans le but d'intervenir et de pr\u00e9venir certaines maladies courantes chez les personnes \u00e2g\u00e9es, de garantir de meilleures chances de gu\u00e9rison et d'am\u00e9liorer la qualit\u00e9 de vie de la communaut\u00e9 locale. Cette collaboration est un moyen concret de d\u00e9montrer l'importance de la pr\u00e9sence d'OMIS sur le territoire, d'aider \u00e0 construire un sentiment de communaut\u00e9 et d'appartenance, de promouvoir les valeurs de solidarit\u00e9 et d'attention aux autres. Lire la news | OMIS","breadcrumb":{"@id":"https:\/\/www.omis.net\/fr-fr\/omis-ensemble-pour-la-prevention\/#breadcrumb"},"inLanguage":"fr-fr","potentialAction":[{"@type":"ReadAction","target":["https:\/\/www.omis.net\/fr-fr\/omis-ensemble-pour-la-prevention\/"]}]},{"@type":"ImageObject","inLanguage":"fr-fr","@id":"https:\/\/www.omis.net\/fr-fr\/omis-ensemble-pour-la-prevention\/#primaryimage","url":"https:\/\/media.omis.net\/media\/2023\/03\/together-in-prevention-omis-scaled.webp","contentUrl":"https:\/\/media.omis.net\/media\/2023\/03\/together-in-prevention-omis-scaled.webp","width":2560,"height":1839,"caption":"gallery - Together in prevention Omis"},{"@type":"BreadcrumbList","@id":"https:\/\/www.omis.net\/fr-fr\/omis-ensemble-pour-la-prevention\/#breadcrumb","itemListElement":[{"@type":"ListItem","position":1,"name":"Home","item":"https:\/\/www.omis.net\/fr-fr\/"},{"@type":"ListItem","position":2,"name":"OMIS\u00a0: ensemble pour la pr\u00e9vention"}]},{"@type":"WebSite","@id":"https:\/\/www.omis.net\/it-it\/#website","url":"https:\/\/www.omis.net\/it-it\/","name":"Omis Spa","description":"Movimentazione e sollevamento","publisher":{"@id":"https:\/\/www.omis.net\/it-it\/#organization"},"potentialAction":[{"@type":"SearchAction","target":{"@type":"EntryPoint","urlTemplate":"https:\/\/www.omis.net\/it-it\/?s={search_term_string}"},"query-input":{"@type":"PropertyValueSpecification","valueRequired":true,"valueName":"search_term_string"}}],"inLanguage":"fr-fr"},{"@type":"Organization","@id":"https:\/\/www.omis.net\/it-it\/#organization","name":"Omis Spa","url":"https:\/\/www.omis.net\/it-it\/","logo":{"@type":"ImageObject","inLanguage":"fr-fr","@id":"https:\/\/www.omis.net\/it-it\/#\/schema\/logo\/image\/","url":"https:\/\/media.omis.net\/media\/2024\/08\/logo.jpg","contentUrl":"https:\/\/media.omis.net\/media\/2024\/08\/logo.jpg","width":300,"height":300,"caption":"Omis Spa"},"image":{"@id":"https:\/\/www.omis.net\/it-it\/#\/schema\/logo\/image\/"},"sameAs":["https:\/\/www.facebook.com\/omisgroup","https:\/\/www.linkedin.com\/company\/omis-group","https:\/\/www.youtube.com\/channel\/UCS4L59XDk3kKBI9MnjuxWDw","https:\/\/www.instagram.com\/omisgroup"]},{"@type":"Person","@id":"https:\/\/www.omis.net\/it-it\/#\/schema\/person\/a84b31c39ee8e2b060f51cb288b0c8f4","name":"AQuest","image":{"@type":"ImageObject","inLanguage":"fr-fr","@id":"https:\/\/www.omis.net\/it-it\/#\/schema\/person\/image\/","url":"https:\/\/secure.gravatar.com\/avatar\/189fc3cdb8260330afd047b6aaa36a00?s=96&d=mm&r=g","contentUrl":"https:\/\/secure.gravatar.com\/avatar\/189fc3cdb8260330afd047b6aaa36a00?s=96&d=mm&r=g","caption":"AQuest"}}]}},"_links":{"self":[{"href":"https:\/\/www.omis.net\/fr-fr\/wp-json\/wp\/v2\/posts\/5590"}],"collection":[{"href":"https:\/\/www.omis.net\/fr-fr\/wp-json\/wp\/v2\/posts"}],"about":[{"href":"https:\/\/www.omis.net\/fr-fr\/wp-json\/wp\/v2\/types\/post"}],"author":[{"embeddable":true,"href":"https:\/\/www.omis.net\/fr-fr\/wp-json\/wp\/v2\/users\/2"}],"replies":[{"embeddable":true,"href":"https:\/\/www.omis.net\/fr-fr\/wp-json\/wp\/v2\/comments?post=5590"}],"version-history":[{"count":0,"href":"https:\/\/www.omis.net\/fr-fr\/wp-json\/wp\/v2\/posts\/5590\/revisions"}],"wp:featuredmedia":[{"embeddable":true,"href":"https:\/\/www.omis.net\/fr-fr\/wp-json\/wp\/v2\/media\/10469"}],"wp:attachment":[{"href":"https:\/\/www.omis.net\/fr-fr\/wp-json\/wp\/v2\/media?parent=5590"}],"wp:term":[{"taxonomy":"category","embeddable":true,"href":"https:\/\/www.omis.net\/fr-fr\/wp-json\/wp\/v2\/categories?post=5590"},{"taxonomy":"post_tag","embeddable":true,"href":"https:\/\/www.omis.net\/fr-fr\/wp-json\/wp\/v2\/tags?post=5590"},{"taxonomy":"tipologia-prodotto","embeddable":true,"href":"https:\/\/www.omis.net\/fr-fr\/wp-json\/wp\/v2\/tipologia-prodotto?post=5590"}],"curies":[{"name":"wp","href":"https:\/\/api.w.org\/{rel}","templated":true}]}}