{"id":5587,"date":"2023-03-23T01:00:00","date_gmt":"2023-03-23T00:00:00","guid":{"rendered":"http:\/\/bedrock.local\/potences-omis\/"},"modified":"2023-03-23T01:00:00","modified_gmt":"2023-03-23T00:00:00","slug":"potences-omis","status":"publish","type":"post","link":"https:\/\/www.omis.net\/fr-fr\/potences-omis\/","title":{"rendered":"Potences OMIS"},"content":{"rendered":"<p>La potence OMIS s&#8217;av\u00e8re \u00eatre la solution id\u00e9ale pour la manutention de charges sur diff\u00e9rents lieux de travail, offrant une polyvalence qui la rend adapt\u00e9e aux petites comme aux grandes entreprises. Son adaptabilit\u00e9 permet d&#8217;optimiser les op\u00e9rations dans des environnements industriels vari\u00e9s et diversifi\u00e9s.<\/p><p>Dans le secteur automobile, la potence OMIS s&#8217;impose comme un excellent alli\u00e9 pour simplifier les op\u00e9rations de levage, de manutention et d&#8217;extraction des moteurs. Sa conception permet de travailler efficacement m\u00eame dans les espaces les plus restreints des ateliers m\u00e9caniques, ce qui facilite le travail sur les v\u00e9hicules des clients et garantit une manipulation souple et pr\u00e9cise des charges.<\/p><p>Avec une potence OMIS, chaque entreprise peut am\u00e9liorer son efficacit\u00e9 op\u00e9rationnelle et sa s\u00e9curit\u00e9 en optimisant les proc\u00e9dures de travail et en r\u00e9duisant les temps d&#8217;intervention. Contactez-nous pour plus de suggestions et des solutions personnalis\u00e9es pour vos besoins de levage.<\/p>","protected":false},"excerpt":{"rendered":"<p>La potence OMIS s&#8217;av\u00e8re \u00eatre la solution id\u00e9ale pour la manutention de charges sur diff\u00e9rents lieux de travail, offrant une polyvalence qui la rend adapt\u00e9e aux petites comme aux grandes entreprises. Son adaptabilit\u00e9 permet d&#8217;optimiser les op\u00e9rations dans des environnements industriels vari\u00e9s et diversifi\u00e9s. Dans le secteur automobile, la potence OMIS s&#8217;impose comme un excellent [&hellip;]<\/p>\n","protected":false},"author":2,"featured_media":10542,"comment_status":"closed","ping_status":"closed","sticky":false,"template":"","format":"standard","meta":{"_acf_changed":false,"footnotes":""},"categories":[648],"tags":[337,333,332,274,306,279,334,335,336,272,273,338,339],"tipologia-prodotto":[],"class_list":["post-5587","post","type-post","status-publish","format-standard","has-post-thumbnail","hentry","category-produits","tag-automotive","tag-industry","tag-jibcranes","tag-liftingsolutions","tag-maintenance","tag-materialhandling","tag-mechanical","tag-officina","tag-officinameccanica","tag-omisborntolift","tag-omiscranes","tag-tractor","tag-tractormechanic"],"acf":{"import_csv_id":"36","seo_title":"Potences OMIS | News by OMIS","seo_description":"La potence est la solution id\u00e9ale pour la manutention de charges dans diff\u00e9rents lieux de travail, gr\u00e2ce \u00e0 sa polyvalence qui s'adapte aux besoins des petites et grandes entreprises.\nDans le secteur automobile, la potence est une excellente solution pour simplifier les op\u00e9rations de levage, de manutention et d'extraction des moteurs, ainsi que pour les interventions sur les v\u00e9hicules des clients, gr\u00e2ce \u00e0 sa capacit\u00e9 \u00e0 manipuler des charges m\u00eame dans les espaces les plus restreints des ateliers. #omisgroup. Lire la news | OMIS"},"yoast_head":"<!-- This site is optimized with the Yoast SEO plugin v23.9 - https:\/\/yoast.com\/wordpress\/plugins\/seo\/ -->\n<title>Potences OMIS | News by OMIS<\/title>\n<meta name=\"description\" content=\"La potence est la solution id\u00e9ale pour la manutention de charges dans diff\u00e9rents lieux de travail, gr\u00e2ce \u00e0 sa polyvalence qui s&#039;adapte aux besoins des petites et grandes entreprises. Dans le secteur automobile, la potence est une excellente solution pour simplifier les op\u00e9rations de levage, de manutention et d&#039;extraction des moteurs, ainsi que pour les interventions sur les v\u00e9hicules des clients, gr\u00e2ce \u00e0 sa capacit\u00e9 \u00e0 manipuler des charges m\u00eame dans les espaces les plus restreints des ateliers. #omisgroup. Lire la news | OMIS\" \/>\n<meta name=\"robots\" content=\"index, follow, max-snippet:-1, max-image-preview:large, max-video-preview:-1\" \/>\n<meta property=\"og:locale\" content=\"fr_FR\" \/>\n<meta property=\"og:type\" content=\"article\" \/>\n<meta property=\"og:title\" content=\"Potences OMIS | News by OMIS\" \/>\n<meta property=\"og:description\" content=\"La potence est la solution id\u00e9ale pour la manutention de charges dans diff\u00e9rents lieux de travail, gr\u00e2ce \u00e0 sa polyvalence qui s&#039;adapte aux besoins des petites et grandes entreprises. Dans le secteur automobile, la potence est une excellente solution pour simplifier les op\u00e9rations de levage, de manutention et d&#039;extraction des moteurs, ainsi que pour les interventions sur les v\u00e9hicules des clients, gr\u00e2ce \u00e0 sa capacit\u00e9 \u00e0 manipuler des charges m\u00eame dans les espaces les plus restreints des ateliers. #omisgroup. Lire la news | OMIS\" \/>\n<meta property=\"og:url\" content=\"https:\/\/www.omis.net\/fr-fr\/potences-omis\/\" \/>\n<meta property=\"og:site_name\" content=\"Omis Spa\" \/>\n<meta property=\"article:publisher\" content=\"https:\/\/www.facebook.com\/omisgroup\" \/>\n<meta property=\"article:published_time\" content=\"2023-03-23T00:00:00+00:00\" \/>\n<meta property=\"og:image\" content=\"https:\/\/media.omis.net\/media\/2023\/03\/jib-crane-for-tractor-maintenance-omis-scaled.webp\" \/>\n\t<meta property=\"og:image:width\" content=\"2048\" \/>\n\t<meta property=\"og:image:height\" content=\"2560\" \/>\n\t<meta property=\"og:image:type\" content=\"image\/webp\" \/>\n<meta name=\"author\" content=\"AQuest\" \/>\n<meta name=\"twitter:card\" content=\"summary_large_image\" \/>\n<meta name=\"twitter:label1\" content=\"Written by\" \/>\n\t<meta name=\"twitter:data1\" content=\"AQuest\" \/>\n\t<meta name=\"twitter:label2\" content=\"Est. reading time\" \/>\n\t<meta name=\"twitter:data2\" content=\"1 minute\" \/>\n<script type=\"application\/ld+json\" class=\"yoast-schema-graph\">{\"@context\":\"https:\/\/schema.org\",\"@graph\":[{\"@type\":\"Article\",\"@id\":\"https:\/\/www.omis.net\/fr-fr\/potences-omis\/#article\",\"isPartOf\":{\"@id\":\"https:\/\/www.omis.net\/fr-fr\/potences-omis\/\"},\"author\":{\"name\":\"AQuest\",\"@id\":\"https:\/\/www.omis.net\/it-it\/#\/schema\/person\/a84b31c39ee8e2b060f51cb288b0c8f4\"},\"headline\":\"Potences OMIS\",\"datePublished\":\"2023-03-23T00:00:00+00:00\",\"dateModified\":\"2023-03-23T00:00:00+00:00\",\"mainEntityOfPage\":{\"@id\":\"https:\/\/www.omis.net\/fr-fr\/potences-omis\/\"},\"wordCount\":168,\"publisher\":{\"@id\":\"https:\/\/www.omis.net\/it-it\/#organization\"},\"image\":{\"@id\":\"https:\/\/www.omis.net\/fr-fr\/potences-omis\/#primaryimage\"},\"thumbnailUrl\":\"https:\/\/media.omis.net\/media\/2023\/03\/jib-crane-for-tractor-maintenance-omis-scaled.webp\",\"keywords\":[\"automotive\",\"industry\",\"jibcranes\",\"liftingsolutions\",\"maintenance\",\"materialhandling\",\"mechanical\",\"officina\",\"officinameccanica\",\"omisborntolift\",\"omiscranes\",\"tractor\",\"tractormechanic\"],\"articleSection\":[\"Produits\"],\"inLanguage\":\"fr-fr\"},{\"@type\":\"WebPage\",\"@id\":\"https:\/\/www.omis.net\/fr-fr\/potences-omis\/\",\"url\":\"https:\/\/www.omis.net\/fr-fr\/potences-omis\/\",\"name\":\"Potences OMIS | News by OMIS\",\"isPartOf\":{\"@id\":\"https:\/\/www.omis.net\/it-it\/#website\"},\"primaryImageOfPage\":{\"@id\":\"https:\/\/www.omis.net\/fr-fr\/potences-omis\/#primaryimage\"},\"image\":{\"@id\":\"https:\/\/www.omis.net\/fr-fr\/potences-omis\/#primaryimage\"},\"thumbnailUrl\":\"https:\/\/media.omis.net\/media\/2023\/03\/jib-crane-for-tractor-maintenance-omis-scaled.webp\",\"datePublished\":\"2023-03-23T00:00:00+00:00\",\"dateModified\":\"2023-03-23T00:00:00+00:00\",\"description\":\"La potence est la solution id\u00e9ale pour la manutention de charges dans diff\u00e9rents lieux de travail, gr\u00e2ce \u00e0 sa polyvalence qui s'adapte aux besoins des petites et grandes entreprises. Dans le secteur automobile, la potence est une excellente solution pour simplifier les op\u00e9rations de levage, de manutention et d'extraction des moteurs, ainsi que pour les interventions sur les v\u00e9hicules des clients, gr\u00e2ce \u00e0 sa capacit\u00e9 \u00e0 manipuler des charges m\u00eame dans les espaces les plus restreints des ateliers. #omisgroup. Lire la news | OMIS\",\"breadcrumb\":{\"@id\":\"https:\/\/www.omis.net\/fr-fr\/potences-omis\/#breadcrumb\"},\"inLanguage\":\"fr-fr\",\"potentialAction\":[{\"@type\":\"ReadAction\",\"target\":[\"https:\/\/www.omis.net\/fr-fr\/potences-omis\/\"]}]},{\"@type\":\"ImageObject\",\"inLanguage\":\"fr-fr\",\"@id\":\"https:\/\/www.omis.net\/fr-fr\/potences-omis\/#primaryimage\",\"url\":\"https:\/\/media.omis.net\/media\/2023\/03\/jib-crane-for-tractor-maintenance-omis-scaled.webp\",\"contentUrl\":\"https:\/\/media.omis.net\/media\/2023\/03\/jib-crane-for-tractor-maintenance-omis-scaled.webp\",\"width\":2048,\"height\":2560,\"caption\":\"gallery - Jib crane for tractor maintenance Omis\"},{\"@type\":\"BreadcrumbList\",\"@id\":\"https:\/\/www.omis.net\/fr-fr\/potences-omis\/#breadcrumb\",\"itemListElement\":[{\"@type\":\"ListItem\",\"position\":1,\"name\":\"Home\",\"item\":\"https:\/\/www.omis.net\/fr-fr\/\"},{\"@type\":\"ListItem\",\"position\":2,\"name\":\"Potences OMIS\"}]},{\"@type\":\"WebSite\",\"@id\":\"https:\/\/www.omis.net\/it-it\/#website\",\"url\":\"https:\/\/www.omis.net\/it-it\/\",\"name\":\"Omis Spa\",\"description\":\"Movimentazione e sollevamento\",\"publisher\":{\"@id\":\"https:\/\/www.omis.net\/it-it\/#organization\"},\"potentialAction\":[{\"@type\":\"SearchAction\",\"target\":{\"@type\":\"EntryPoint\",\"urlTemplate\":\"https:\/\/www.omis.net\/it-it\/?s={search_term_string}\"},\"query-input\":{\"@type\":\"PropertyValueSpecification\",\"valueRequired\":true,\"valueName\":\"search_term_string\"}}],\"inLanguage\":\"fr-fr\"},{\"@type\":\"Organization\",\"@id\":\"https:\/\/www.omis.net\/it-it\/#organization\",\"name\":\"Omis Spa\",\"url\":\"https:\/\/www.omis.net\/it-it\/\",\"logo\":{\"@type\":\"ImageObject\",\"inLanguage\":\"fr-fr\",\"@id\":\"https:\/\/www.omis.net\/it-it\/#\/schema\/logo\/image\/\",\"url\":\"https:\/\/media.omis.net\/media\/2024\/08\/logo.jpg\",\"contentUrl\":\"https:\/\/media.omis.net\/media\/2024\/08\/logo.jpg\",\"width\":300,\"height\":300,\"caption\":\"Omis Spa\"},\"image\":{\"@id\":\"https:\/\/www.omis.net\/it-it\/#\/schema\/logo\/image\/\"},\"sameAs\":[\"https:\/\/www.facebook.com\/omisgroup\",\"https:\/\/www.linkedin.com\/company\/omis-group\",\"https:\/\/www.youtube.com\/channel\/UCS4L59XDk3kKBI9MnjuxWDw\",\"https:\/\/www.instagram.com\/omisgroup\"]},{\"@type\":\"Person\",\"@id\":\"https:\/\/www.omis.net\/it-it\/#\/schema\/person\/a84b31c39ee8e2b060f51cb288b0c8f4\",\"name\":\"AQuest\",\"image\":{\"@type\":\"ImageObject\",\"inLanguage\":\"fr-fr\",\"@id\":\"https:\/\/www.omis.net\/it-it\/#\/schema\/person\/image\/\",\"url\":\"https:\/\/secure.gravatar.com\/avatar\/189fc3cdb8260330afd047b6aaa36a00?s=96&d=mm&r=g\",\"contentUrl\":\"https:\/\/secure.gravatar.com\/avatar\/189fc3cdb8260330afd047b6aaa36a00?s=96&d=mm&r=g\",\"caption\":\"AQuest\"}}]}<\/script>\n<!-- \/ Yoast SEO plugin. -->","yoast_head_json":{"title":"Potences OMIS | News by OMIS","description":"La potence est la solution id\u00e9ale pour la manutention de charges dans diff\u00e9rents lieux de travail, gr\u00e2ce \u00e0 sa polyvalence qui s'adapte aux besoins des petites et grandes entreprises. Dans le secteur automobile, la potence est une excellente solution pour simplifier les op\u00e9rations de levage, de manutention et d'extraction des moteurs, ainsi que pour les interventions sur les v\u00e9hicules des clients, gr\u00e2ce \u00e0 sa capacit\u00e9 \u00e0 manipuler des charges m\u00eame dans les espaces les plus restreints des ateliers. #omisgroup. Lire la news | OMIS","robots":{"index":"index","follow":"follow","max-snippet":"max-snippet:-1","max-image-preview":"max-image-preview:large","max-video-preview":"max-video-preview:-1"},"og_locale":"fr_FR","og_type":"article","og_title":"Potences OMIS | News by OMIS","og_description":"La potence est la solution id\u00e9ale pour la manutention de charges dans diff\u00e9rents lieux de travail, gr\u00e2ce \u00e0 sa polyvalence qui s'adapte aux besoins des petites et grandes entreprises. Dans le secteur automobile, la potence est une excellente solution pour simplifier les op\u00e9rations de levage, de manutention et d'extraction des moteurs, ainsi que pour les interventions sur les v\u00e9hicules des clients, gr\u00e2ce \u00e0 sa capacit\u00e9 \u00e0 manipuler des charges m\u00eame dans les espaces les plus restreints des ateliers. #omisgroup. Lire la news | OMIS","og_url":"https:\/\/www.omis.net\/fr-fr\/potences-omis\/","og_site_name":"Omis Spa","article_publisher":"https:\/\/www.facebook.com\/omisgroup","article_published_time":"2023-03-23T00:00:00+00:00","og_image":[{"width":2048,"height":2560,"url":"https:\/\/media.omis.net\/media\/2023\/03\/jib-crane-for-tractor-maintenance-omis-scaled.webp","type":"image\/webp"}],"author":"AQuest","twitter_card":"summary_large_image","twitter_misc":{"Written by":"AQuest","Est. reading time":"1 minute"},"schema":{"@context":"https:\/\/schema.org","@graph":[{"@type":"Article","@id":"https:\/\/www.omis.net\/fr-fr\/potences-omis\/#article","isPartOf":{"@id":"https:\/\/www.omis.net\/fr-fr\/potences-omis\/"},"author":{"name":"AQuest","@id":"https:\/\/www.omis.net\/it-it\/#\/schema\/person\/a84b31c39ee8e2b060f51cb288b0c8f4"},"headline":"Potences OMIS","datePublished":"2023-03-23T00:00:00+00:00","dateModified":"2023-03-23T00:00:00+00:00","mainEntityOfPage":{"@id":"https:\/\/www.omis.net\/fr-fr\/potences-omis\/"},"wordCount":168,"publisher":{"@id":"https:\/\/www.omis.net\/it-it\/#organization"},"image":{"@id":"https:\/\/www.omis.net\/fr-fr\/potences-omis\/#primaryimage"},"thumbnailUrl":"https:\/\/media.omis.net\/media\/2023\/03\/jib-crane-for-tractor-maintenance-omis-scaled.webp","keywords":["automotive","industry","jibcranes","liftingsolutions","maintenance","materialhandling","mechanical","officina","officinameccanica","omisborntolift","omiscranes","tractor","tractormechanic"],"articleSection":["Produits"],"inLanguage":"fr-fr"},{"@type":"WebPage","@id":"https:\/\/www.omis.net\/fr-fr\/potences-omis\/","url":"https:\/\/www.omis.net\/fr-fr\/potences-omis\/","name":"Potences OMIS | News by OMIS","isPartOf":{"@id":"https:\/\/www.omis.net\/it-it\/#website"},"primaryImageOfPage":{"@id":"https:\/\/www.omis.net\/fr-fr\/potences-omis\/#primaryimage"},"image":{"@id":"https:\/\/www.omis.net\/fr-fr\/potences-omis\/#primaryimage"},"thumbnailUrl":"https:\/\/media.omis.net\/media\/2023\/03\/jib-crane-for-tractor-maintenance-omis-scaled.webp","datePublished":"2023-03-23T00:00:00+00:00","dateModified":"2023-03-23T00:00:00+00:00","description":"La potence est la solution id\u00e9ale pour la manutention de charges dans diff\u00e9rents lieux de travail, gr\u00e2ce \u00e0 sa polyvalence qui s'adapte aux besoins des petites et grandes entreprises. Dans le secteur automobile, la potence est une excellente solution pour simplifier les op\u00e9rations de levage, de manutention et d'extraction des moteurs, ainsi que pour les interventions sur les v\u00e9hicules des clients, gr\u00e2ce \u00e0 sa capacit\u00e9 \u00e0 manipuler des charges m\u00eame dans les espaces les plus restreints des ateliers. #omisgroup. Lire la news | OMIS","breadcrumb":{"@id":"https:\/\/www.omis.net\/fr-fr\/potences-omis\/#breadcrumb"},"inLanguage":"fr-fr","potentialAction":[{"@type":"ReadAction","target":["https:\/\/www.omis.net\/fr-fr\/potences-omis\/"]}]},{"@type":"ImageObject","inLanguage":"fr-fr","@id":"https:\/\/www.omis.net\/fr-fr\/potences-omis\/#primaryimage","url":"https:\/\/media.omis.net\/media\/2023\/03\/jib-crane-for-tractor-maintenance-omis-scaled.webp","contentUrl":"https:\/\/media.omis.net\/media\/2023\/03\/jib-crane-for-tractor-maintenance-omis-scaled.webp","width":2048,"height":2560,"caption":"gallery - Jib crane for tractor maintenance Omis"},{"@type":"BreadcrumbList","@id":"https:\/\/www.omis.net\/fr-fr\/potences-omis\/#breadcrumb","itemListElement":[{"@type":"ListItem","position":1,"name":"Home","item":"https:\/\/www.omis.net\/fr-fr\/"},{"@type":"ListItem","position":2,"name":"Potences OMIS"}]},{"@type":"WebSite","@id":"https:\/\/www.omis.net\/it-it\/#website","url":"https:\/\/www.omis.net\/it-it\/","name":"Omis Spa","description":"Movimentazione e sollevamento","publisher":{"@id":"https:\/\/www.omis.net\/it-it\/#organization"},"potentialAction":[{"@type":"SearchAction","target":{"@type":"EntryPoint","urlTemplate":"https:\/\/www.omis.net\/it-it\/?s={search_term_string}"},"query-input":{"@type":"PropertyValueSpecification","valueRequired":true,"valueName":"search_term_string"}}],"inLanguage":"fr-fr"},{"@type":"Organization","@id":"https:\/\/www.omis.net\/it-it\/#organization","name":"Omis Spa","url":"https:\/\/www.omis.net\/it-it\/","logo":{"@type":"ImageObject","inLanguage":"fr-fr","@id":"https:\/\/www.omis.net\/it-it\/#\/schema\/logo\/image\/","url":"https:\/\/media.omis.net\/media\/2024\/08\/logo.jpg","contentUrl":"https:\/\/media.omis.net\/media\/2024\/08\/logo.jpg","width":300,"height":300,"caption":"Omis Spa"},"image":{"@id":"https:\/\/www.omis.net\/it-it\/#\/schema\/logo\/image\/"},"sameAs":["https:\/\/www.facebook.com\/omisgroup","https:\/\/www.linkedin.com\/company\/omis-group","https:\/\/www.youtube.com\/channel\/UCS4L59XDk3kKBI9MnjuxWDw","https:\/\/www.instagram.com\/omisgroup"]},{"@type":"Person","@id":"https:\/\/www.omis.net\/it-it\/#\/schema\/person\/a84b31c39ee8e2b060f51cb288b0c8f4","name":"AQuest","image":{"@type":"ImageObject","inLanguage":"fr-fr","@id":"https:\/\/www.omis.net\/it-it\/#\/schema\/person\/image\/","url":"https:\/\/secure.gravatar.com\/avatar\/189fc3cdb8260330afd047b6aaa36a00?s=96&d=mm&r=g","contentUrl":"https:\/\/secure.gravatar.com\/avatar\/189fc3cdb8260330afd047b6aaa36a00?s=96&d=mm&r=g","caption":"AQuest"}}]}},"_links":{"self":[{"href":"https:\/\/www.omis.net\/fr-fr\/wp-json\/wp\/v2\/posts\/5587"}],"collection":[{"href":"https:\/\/www.omis.net\/fr-fr\/wp-json\/wp\/v2\/posts"}],"about":[{"href":"https:\/\/www.omis.net\/fr-fr\/wp-json\/wp\/v2\/types\/post"}],"author":[{"embeddable":true,"href":"https:\/\/www.omis.net\/fr-fr\/wp-json\/wp\/v2\/users\/2"}],"replies":[{"embeddable":true,"href":"https:\/\/www.omis.net\/fr-fr\/wp-json\/wp\/v2\/comments?post=5587"}],"version-history":[{"count":0,"href":"https:\/\/www.omis.net\/fr-fr\/wp-json\/wp\/v2\/posts\/5587\/revisions"}],"wp:featuredmedia":[{"embeddable":true,"href":"https:\/\/www.omis.net\/fr-fr\/wp-json\/wp\/v2\/media\/10542"}],"wp:attachment":[{"href":"https:\/\/www.omis.net\/fr-fr\/wp-json\/wp\/v2\/media?parent=5587"}],"wp:term":[{"taxonomy":"category","embeddable":true,"href":"https:\/\/www.omis.net\/fr-fr\/wp-json\/wp\/v2\/categories?post=5587"},{"taxonomy":"post_tag","embeddable":true,"href":"https:\/\/www.omis.net\/fr-fr\/wp-json\/wp\/v2\/tags?post=5587"},{"taxonomy":"tipologia-prodotto","embeddable":true,"href":"https:\/\/www.omis.net\/fr-fr\/wp-json\/wp\/v2\/tipologia-prodotto?post=5587"}],"curies":[{"name":"wp","href":"https:\/\/api.w.org\/{rel}","templated":true}]}}