{"id":5583,"date":"2023-05-11T02:00:00","date_gmt":"2023-05-11T00:00:00","guid":{"rendered":"http:\/\/bedrock.local\/omis-present-dans-3salons-en-meme-temps\/"},"modified":"2023-05-11T02:00:00","modified_gmt":"2023-05-11T00:00:00","slug":"omis-present-dans-3salons-en-meme-temps","status":"publish","type":"post","link":"https:\/\/www.omis.net\/fr-fr\/omis-present-dans-3salons-en-meme-temps\/","title":{"rendered":"OMIS pr\u00e9sent dans 3\u00a0salons en m\u00eame temps\u00a0!"},"content":{"rendered":"<p>OMIS pr\u00e9sent dans 3\u00a0salons en m\u00eame temps\u00a0!<\/p><p>&#8211; Optima Kranen, notre distributeur officiel, au salon Maakindustrie Expo, Hardenberg<\/p><p>&#8211; OMIS Brasil \u00e0 l&#8217;EXPOMAFE, S\u00e3o Paulo<\/p><p>&#8211; Powerlift, notre distributeur officiel, \u00e0 Djeddah  <\/p><p>Venez d\u00e9couvrir nos solutions de levage, nous vous attendons\u00a0!<\/p>","protected":false},"excerpt":{"rendered":"<p>OMIS pr\u00e9sent dans 3\u00a0salons en m\u00eame temps\u00a0! &#8211; Optima Kranen, notre distributeur officiel, au salon Maakindustrie Expo, Hardenberg &#8211; OMIS Brasil \u00e0 l&#8217;EXPOMAFE, S\u00e3o Paulo &#8211; Powerlift, notre distributeur officiel, \u00e0 Djeddah Venez d\u00e9couvrir nos solutions de levage, nous vous attendons\u00a0!<\/p>\n","protected":false},"author":2,"featured_media":10644,"comment_status":"closed","ping_status":"closed","sticky":false,"template":"","format":"standard","meta":{"_acf_changed":false,"footnotes":""},"categories":[647],"tags":[281,284,325,274,324,272,273,389,312],"tipologia-prodotto":[],"class_list":["post-5583","post","type-post","status-publish","format-standard","has-post-thumbnail","hentry","category-salons","tag-cranes","tag-exhibition","tag-expomafe","tag-liftingsolutions","tag-maakindustrieexpo","tag-omisborntolift","tag-omiscranes","tag-omisgroup","tag-performance"],"acf":{"import_csv_id":"32","seo_title":"OMIS pr\u00e9sent dans 3\u00a0salons en m\u00eame temps\u00a0! | News by OMIS","seo_description":"OMIS pr\u00e9sent dans 3\u00a0salons en m\u00eame temps\u00a0!\n- Optima Kranen, notre distributeur officiel, au salon Maakindustrie Expo, Hardenberg\n- OMIS Brasil \u00e0 l'EXPOMAFE, S\u00e3o Paulo\n- Powerlift, notre distributeur officiel, \u00e0 Djeddah  \nVenez d\u00e9couvrir nos solutions de levage, nous vous attendons\u00a0! Lire la news | OMIS"},"yoast_head":"<!-- This site is optimized with the Yoast SEO plugin v23.9 - https:\/\/yoast.com\/wordpress\/plugins\/seo\/ -->\n<title>OMIS pr\u00e9sent dans 3\u00a0salons en m\u00eame temps\u00a0! | News by OMIS<\/title>\n<meta name=\"description\" content=\"OMIS pr\u00e9sent dans 3\u00a0salons en m\u00eame temps\u00a0! - Optima Kranen, notre distributeur officiel, au salon Maakindustrie Expo, Hardenberg - OMIS Brasil \u00e0 l&#039;EXPOMAFE, S\u00e3o Paulo - Powerlift, notre distributeur officiel, \u00e0 Djeddah  Venez d\u00e9couvrir nos solutions de levage, nous vous attendons\u00a0! Lire la news | OMIS\" \/>\n<meta name=\"robots\" content=\"index, follow, max-snippet:-1, max-image-preview:large, max-video-preview:-1\" \/>\n<meta property=\"og:locale\" content=\"fr_FR\" \/>\n<meta property=\"og:type\" content=\"article\" \/>\n<meta property=\"og:title\" content=\"OMIS pr\u00e9sent dans 3\u00a0salons en m\u00eame temps\u00a0! | News by OMIS\" \/>\n<meta property=\"og:description\" content=\"OMIS pr\u00e9sent dans 3\u00a0salons en m\u00eame temps\u00a0! - Optima Kranen, notre distributeur officiel, au salon Maakindustrie Expo, Hardenberg - OMIS Brasil \u00e0 l&#039;EXPOMAFE, S\u00e3o Paulo - Powerlift, notre distributeur officiel, \u00e0 Djeddah  Venez d\u00e9couvrir nos solutions de levage, nous vous attendons\u00a0! Lire la news | OMIS\" \/>\n<meta property=\"og:url\" content=\"https:\/\/www.omis.net\/fr-fr\/omis-present-dans-3salons-en-meme-temps\/\" \/>\n<meta property=\"og:site_name\" content=\"Omis Spa\" \/>\n<meta property=\"article:publisher\" content=\"https:\/\/www.facebook.com\/omisgroup\" \/>\n<meta property=\"article:published_time\" content=\"2023-05-11T00:00:00+00:00\" \/>\n<meta property=\"og:image\" content=\"https:\/\/media.omis.net\/media\/2023\/05\/fairs-exhibition-omis-scaled.webp\" \/>\n\t<meta property=\"og:image:width\" content=\"2560\" \/>\n\t<meta property=\"og:image:height\" content=\"1839\" \/>\n\t<meta property=\"og:image:type\" content=\"image\/webp\" \/>\n<meta name=\"author\" content=\"AQuest\" \/>\n<meta name=\"twitter:card\" content=\"summary_large_image\" \/>\n<meta name=\"twitter:label1\" content=\"Written by\" \/>\n\t<meta name=\"twitter:data1\" content=\"AQuest\" \/>\n<script type=\"application\/ld+json\" class=\"yoast-schema-graph\">{\"@context\":\"https:\/\/schema.org\",\"@graph\":[{\"@type\":\"Article\",\"@id\":\"https:\/\/www.omis.net\/fr-fr\/omis-present-dans-3salons-en-meme-temps\/#article\",\"isPartOf\":{\"@id\":\"https:\/\/www.omis.net\/fr-fr\/omis-present-dans-3salons-en-meme-temps\/\"},\"author\":{\"name\":\"AQuest\",\"@id\":\"https:\/\/www.omis.net\/it-it\/#\/schema\/person\/a84b31c39ee8e2b060f51cb288b0c8f4\"},\"headline\":\"OMIS pr\u00e9sent dans 3\u00a0salons en m\u00eame temps\u00a0!\",\"datePublished\":\"2023-05-11T00:00:00+00:00\",\"dateModified\":\"2023-05-11T00:00:00+00:00\",\"mainEntityOfPage\":{\"@id\":\"https:\/\/www.omis.net\/fr-fr\/omis-present-dans-3salons-en-meme-temps\/\"},\"wordCount\":53,\"publisher\":{\"@id\":\"https:\/\/www.omis.net\/it-it\/#organization\"},\"image\":{\"@id\":\"https:\/\/www.omis.net\/fr-fr\/omis-present-dans-3salons-en-meme-temps\/#primaryimage\"},\"thumbnailUrl\":\"https:\/\/media.omis.net\/media\/2023\/05\/fairs-exhibition-omis-scaled.webp\",\"keywords\":[\"cranes\",\"exhibition\",\"EXPOMAFE\",\"liftingsolutions\",\"MaakindustrieExpo\",\"omisborntolift\",\"omiscranes\",\"omisgroup\",\"performance\"],\"articleSection\":[\"Salons\"],\"inLanguage\":\"fr-fr\"},{\"@type\":\"WebPage\",\"@id\":\"https:\/\/www.omis.net\/fr-fr\/omis-present-dans-3salons-en-meme-temps\/\",\"url\":\"https:\/\/www.omis.net\/fr-fr\/omis-present-dans-3salons-en-meme-temps\/\",\"name\":\"OMIS pr\u00e9sent dans 3\u00a0salons en m\u00eame temps\u00a0! | News by OMIS\",\"isPartOf\":{\"@id\":\"https:\/\/www.omis.net\/it-it\/#website\"},\"primaryImageOfPage\":{\"@id\":\"https:\/\/www.omis.net\/fr-fr\/omis-present-dans-3salons-en-meme-temps\/#primaryimage\"},\"image\":{\"@id\":\"https:\/\/www.omis.net\/fr-fr\/omis-present-dans-3salons-en-meme-temps\/#primaryimage\"},\"thumbnailUrl\":\"https:\/\/media.omis.net\/media\/2023\/05\/fairs-exhibition-omis-scaled.webp\",\"datePublished\":\"2023-05-11T00:00:00+00:00\",\"dateModified\":\"2023-05-11T00:00:00+00:00\",\"description\":\"OMIS pr\u00e9sent dans 3\u00a0salons en m\u00eame temps\u00a0! - Optima Kranen, notre distributeur officiel, au salon Maakindustrie Expo, Hardenberg - OMIS Brasil \u00e0 l'EXPOMAFE, S\u00e3o Paulo - Powerlift, notre distributeur officiel, \u00e0 Djeddah Venez d\u00e9couvrir nos solutions de levage, nous vous attendons\u00a0! Lire la news | OMIS\",\"breadcrumb\":{\"@id\":\"https:\/\/www.omis.net\/fr-fr\/omis-present-dans-3salons-en-meme-temps\/#breadcrumb\"},\"inLanguage\":\"fr-fr\",\"potentialAction\":[{\"@type\":\"ReadAction\",\"target\":[\"https:\/\/www.omis.net\/fr-fr\/omis-present-dans-3salons-en-meme-temps\/\"]}]},{\"@type\":\"ImageObject\",\"inLanguage\":\"fr-fr\",\"@id\":\"https:\/\/www.omis.net\/fr-fr\/omis-present-dans-3salons-en-meme-temps\/#primaryimage\",\"url\":\"https:\/\/media.omis.net\/media\/2023\/05\/fairs-exhibition-omis-scaled.webp\",\"contentUrl\":\"https:\/\/media.omis.net\/media\/2023\/05\/fairs-exhibition-omis-scaled.webp\",\"width\":2560,\"height\":1839,\"caption\":\"gallery - Fairs exhibition Omis\"},{\"@type\":\"BreadcrumbList\",\"@id\":\"https:\/\/www.omis.net\/fr-fr\/omis-present-dans-3salons-en-meme-temps\/#breadcrumb\",\"itemListElement\":[{\"@type\":\"ListItem\",\"position\":1,\"name\":\"Home\",\"item\":\"https:\/\/www.omis.net\/fr-fr\/\"},{\"@type\":\"ListItem\",\"position\":2,\"name\":\"OMIS pr\u00e9sent dans 3\u00a0salons en m\u00eame temps\u00a0!\"}]},{\"@type\":\"WebSite\",\"@id\":\"https:\/\/www.omis.net\/it-it\/#website\",\"url\":\"https:\/\/www.omis.net\/it-it\/\",\"name\":\"Omis Spa\",\"description\":\"Movimentazione e sollevamento\",\"publisher\":{\"@id\":\"https:\/\/www.omis.net\/it-it\/#organization\"},\"potentialAction\":[{\"@type\":\"SearchAction\",\"target\":{\"@type\":\"EntryPoint\",\"urlTemplate\":\"https:\/\/www.omis.net\/it-it\/?s={search_term_string}\"},\"query-input\":{\"@type\":\"PropertyValueSpecification\",\"valueRequired\":true,\"valueName\":\"search_term_string\"}}],\"inLanguage\":\"fr-fr\"},{\"@type\":\"Organization\",\"@id\":\"https:\/\/www.omis.net\/it-it\/#organization\",\"name\":\"Omis Spa\",\"url\":\"https:\/\/www.omis.net\/it-it\/\",\"logo\":{\"@type\":\"ImageObject\",\"inLanguage\":\"fr-fr\",\"@id\":\"https:\/\/www.omis.net\/it-it\/#\/schema\/logo\/image\/\",\"url\":\"https:\/\/media.omis.net\/media\/2024\/08\/logo.jpg\",\"contentUrl\":\"https:\/\/media.omis.net\/media\/2024\/08\/logo.jpg\",\"width\":300,\"height\":300,\"caption\":\"Omis Spa\"},\"image\":{\"@id\":\"https:\/\/www.omis.net\/it-it\/#\/schema\/logo\/image\/\"},\"sameAs\":[\"https:\/\/www.facebook.com\/omisgroup\",\"https:\/\/www.linkedin.com\/company\/omis-group\",\"https:\/\/www.youtube.com\/channel\/UCS4L59XDk3kKBI9MnjuxWDw\",\"https:\/\/www.instagram.com\/omisgroup\"]},{\"@type\":\"Person\",\"@id\":\"https:\/\/www.omis.net\/it-it\/#\/schema\/person\/a84b31c39ee8e2b060f51cb288b0c8f4\",\"name\":\"AQuest\",\"image\":{\"@type\":\"ImageObject\",\"inLanguage\":\"fr-fr\",\"@id\":\"https:\/\/www.omis.net\/it-it\/#\/schema\/person\/image\/\",\"url\":\"https:\/\/secure.gravatar.com\/avatar\/189fc3cdb8260330afd047b6aaa36a00?s=96&d=mm&r=g\",\"contentUrl\":\"https:\/\/secure.gravatar.com\/avatar\/189fc3cdb8260330afd047b6aaa36a00?s=96&d=mm&r=g\",\"caption\":\"AQuest\"}}]}<\/script>\n<!-- \/ Yoast SEO plugin. -->","yoast_head_json":{"title":"OMIS pr\u00e9sent dans 3\u00a0salons en m\u00eame temps\u00a0! | News by OMIS","description":"OMIS pr\u00e9sent dans 3\u00a0salons en m\u00eame temps\u00a0! - Optima Kranen, notre distributeur officiel, au salon Maakindustrie Expo, Hardenberg - OMIS Brasil \u00e0 l'EXPOMAFE, S\u00e3o Paulo - Powerlift, notre distributeur officiel, \u00e0 Djeddah  Venez d\u00e9couvrir nos solutions de levage, nous vous attendons\u00a0! Lire la news | OMIS","robots":{"index":"index","follow":"follow","max-snippet":"max-snippet:-1","max-image-preview":"max-image-preview:large","max-video-preview":"max-video-preview:-1"},"og_locale":"fr_FR","og_type":"article","og_title":"OMIS pr\u00e9sent dans 3\u00a0salons en m\u00eame temps\u00a0! | News by OMIS","og_description":"OMIS pr\u00e9sent dans 3\u00a0salons en m\u00eame temps\u00a0! - Optima Kranen, notre distributeur officiel, au salon Maakindustrie Expo, Hardenberg - OMIS Brasil \u00e0 l'EXPOMAFE, S\u00e3o Paulo - Powerlift, notre distributeur officiel, \u00e0 Djeddah  Venez d\u00e9couvrir nos solutions de levage, nous vous attendons\u00a0! Lire la news | OMIS","og_url":"https:\/\/www.omis.net\/fr-fr\/omis-present-dans-3salons-en-meme-temps\/","og_site_name":"Omis Spa","article_publisher":"https:\/\/www.facebook.com\/omisgroup","article_published_time":"2023-05-11T00:00:00+00:00","og_image":[{"width":2560,"height":1839,"url":"https:\/\/media.omis.net\/media\/2023\/05\/fairs-exhibition-omis-scaled.webp","type":"image\/webp"}],"author":"AQuest","twitter_card":"summary_large_image","twitter_misc":{"Written by":"AQuest"},"schema":{"@context":"https:\/\/schema.org","@graph":[{"@type":"Article","@id":"https:\/\/www.omis.net\/fr-fr\/omis-present-dans-3salons-en-meme-temps\/#article","isPartOf":{"@id":"https:\/\/www.omis.net\/fr-fr\/omis-present-dans-3salons-en-meme-temps\/"},"author":{"name":"AQuest","@id":"https:\/\/www.omis.net\/it-it\/#\/schema\/person\/a84b31c39ee8e2b060f51cb288b0c8f4"},"headline":"OMIS pr\u00e9sent dans 3\u00a0salons en m\u00eame temps\u00a0!","datePublished":"2023-05-11T00:00:00+00:00","dateModified":"2023-05-11T00:00:00+00:00","mainEntityOfPage":{"@id":"https:\/\/www.omis.net\/fr-fr\/omis-present-dans-3salons-en-meme-temps\/"},"wordCount":53,"publisher":{"@id":"https:\/\/www.omis.net\/it-it\/#organization"},"image":{"@id":"https:\/\/www.omis.net\/fr-fr\/omis-present-dans-3salons-en-meme-temps\/#primaryimage"},"thumbnailUrl":"https:\/\/media.omis.net\/media\/2023\/05\/fairs-exhibition-omis-scaled.webp","keywords":["cranes","exhibition","EXPOMAFE","liftingsolutions","MaakindustrieExpo","omisborntolift","omiscranes","omisgroup","performance"],"articleSection":["Salons"],"inLanguage":"fr-fr"},{"@type":"WebPage","@id":"https:\/\/www.omis.net\/fr-fr\/omis-present-dans-3salons-en-meme-temps\/","url":"https:\/\/www.omis.net\/fr-fr\/omis-present-dans-3salons-en-meme-temps\/","name":"OMIS pr\u00e9sent dans 3\u00a0salons en m\u00eame temps\u00a0! | News by OMIS","isPartOf":{"@id":"https:\/\/www.omis.net\/it-it\/#website"},"primaryImageOfPage":{"@id":"https:\/\/www.omis.net\/fr-fr\/omis-present-dans-3salons-en-meme-temps\/#primaryimage"},"image":{"@id":"https:\/\/www.omis.net\/fr-fr\/omis-present-dans-3salons-en-meme-temps\/#primaryimage"},"thumbnailUrl":"https:\/\/media.omis.net\/media\/2023\/05\/fairs-exhibition-omis-scaled.webp","datePublished":"2023-05-11T00:00:00+00:00","dateModified":"2023-05-11T00:00:00+00:00","description":"OMIS pr\u00e9sent dans 3\u00a0salons en m\u00eame temps\u00a0! - Optima Kranen, notre distributeur officiel, au salon Maakindustrie Expo, Hardenberg - OMIS Brasil \u00e0 l'EXPOMAFE, S\u00e3o Paulo - Powerlift, notre distributeur officiel, \u00e0 Djeddah Venez d\u00e9couvrir nos solutions de levage, nous vous attendons\u00a0! Lire la news | OMIS","breadcrumb":{"@id":"https:\/\/www.omis.net\/fr-fr\/omis-present-dans-3salons-en-meme-temps\/#breadcrumb"},"inLanguage":"fr-fr","potentialAction":[{"@type":"ReadAction","target":["https:\/\/www.omis.net\/fr-fr\/omis-present-dans-3salons-en-meme-temps\/"]}]},{"@type":"ImageObject","inLanguage":"fr-fr","@id":"https:\/\/www.omis.net\/fr-fr\/omis-present-dans-3salons-en-meme-temps\/#primaryimage","url":"https:\/\/media.omis.net\/media\/2023\/05\/fairs-exhibition-omis-scaled.webp","contentUrl":"https:\/\/media.omis.net\/media\/2023\/05\/fairs-exhibition-omis-scaled.webp","width":2560,"height":1839,"caption":"gallery - Fairs exhibition Omis"},{"@type":"BreadcrumbList","@id":"https:\/\/www.omis.net\/fr-fr\/omis-present-dans-3salons-en-meme-temps\/#breadcrumb","itemListElement":[{"@type":"ListItem","position":1,"name":"Home","item":"https:\/\/www.omis.net\/fr-fr\/"},{"@type":"ListItem","position":2,"name":"OMIS pr\u00e9sent dans 3\u00a0salons en m\u00eame temps\u00a0!"}]},{"@type":"WebSite","@id":"https:\/\/www.omis.net\/it-it\/#website","url":"https:\/\/www.omis.net\/it-it\/","name":"Omis Spa","description":"Movimentazione e sollevamento","publisher":{"@id":"https:\/\/www.omis.net\/it-it\/#organization"},"potentialAction":[{"@type":"SearchAction","target":{"@type":"EntryPoint","urlTemplate":"https:\/\/www.omis.net\/it-it\/?s={search_term_string}"},"query-input":{"@type":"PropertyValueSpecification","valueRequired":true,"valueName":"search_term_string"}}],"inLanguage":"fr-fr"},{"@type":"Organization","@id":"https:\/\/www.omis.net\/it-it\/#organization","name":"Omis Spa","url":"https:\/\/www.omis.net\/it-it\/","logo":{"@type":"ImageObject","inLanguage":"fr-fr","@id":"https:\/\/www.omis.net\/it-it\/#\/schema\/logo\/image\/","url":"https:\/\/media.omis.net\/media\/2024\/08\/logo.jpg","contentUrl":"https:\/\/media.omis.net\/media\/2024\/08\/logo.jpg","width":300,"height":300,"caption":"Omis Spa"},"image":{"@id":"https:\/\/www.omis.net\/it-it\/#\/schema\/logo\/image\/"},"sameAs":["https:\/\/www.facebook.com\/omisgroup","https:\/\/www.linkedin.com\/company\/omis-group","https:\/\/www.youtube.com\/channel\/UCS4L59XDk3kKBI9MnjuxWDw","https:\/\/www.instagram.com\/omisgroup"]},{"@type":"Person","@id":"https:\/\/www.omis.net\/it-it\/#\/schema\/person\/a84b31c39ee8e2b060f51cb288b0c8f4","name":"AQuest","image":{"@type":"ImageObject","inLanguage":"fr-fr","@id":"https:\/\/www.omis.net\/it-it\/#\/schema\/person\/image\/","url":"https:\/\/secure.gravatar.com\/avatar\/189fc3cdb8260330afd047b6aaa36a00?s=96&d=mm&r=g","contentUrl":"https:\/\/secure.gravatar.com\/avatar\/189fc3cdb8260330afd047b6aaa36a00?s=96&d=mm&r=g","caption":"AQuest"}}]}},"_links":{"self":[{"href":"https:\/\/www.omis.net\/fr-fr\/wp-json\/wp\/v2\/posts\/5583"}],"collection":[{"href":"https:\/\/www.omis.net\/fr-fr\/wp-json\/wp\/v2\/posts"}],"about":[{"href":"https:\/\/www.omis.net\/fr-fr\/wp-json\/wp\/v2\/types\/post"}],"author":[{"embeddable":true,"href":"https:\/\/www.omis.net\/fr-fr\/wp-json\/wp\/v2\/users\/2"}],"replies":[{"embeddable":true,"href":"https:\/\/www.omis.net\/fr-fr\/wp-json\/wp\/v2\/comments?post=5583"}],"version-history":[{"count":0,"href":"https:\/\/www.omis.net\/fr-fr\/wp-json\/wp\/v2\/posts\/5583\/revisions"}],"wp:featuredmedia":[{"embeddable":true,"href":"https:\/\/www.omis.net\/fr-fr\/wp-json\/wp\/v2\/media\/10644"}],"wp:attachment":[{"href":"https:\/\/www.omis.net\/fr-fr\/wp-json\/wp\/v2\/media?parent=5583"}],"wp:term":[{"taxonomy":"category","embeddable":true,"href":"https:\/\/www.omis.net\/fr-fr\/wp-json\/wp\/v2\/categories?post=5583"},{"taxonomy":"post_tag","embeddable":true,"href":"https:\/\/www.omis.net\/fr-fr\/wp-json\/wp\/v2\/tags?post=5583"},{"taxonomy":"tipologia-prodotto","embeddable":true,"href":"https:\/\/www.omis.net\/fr-fr\/wp-json\/wp\/v2\/tipologia-prodotto?post=5583"}],"curies":[{"name":"wp","href":"https:\/\/api.w.org\/{rel}","templated":true}]}}