{"id":19818,"date":"2025-12-09T12:00:00","date_gmt":"2025-12-09T11:00:00","guid":{"rendered":"https:\/\/www.omis.net\/?p=19818"},"modified":"2025-12-09T12:00:11","modified_gmt":"2025-12-09T11:00:11","slug":"la-grue-a-mat-retractable-lallie-ideal-pour-les-mouvements-legers","status":"publish","type":"post","link":"https:\/\/www.omis.net\/fr-fr\/la-grue-a-mat-retractable-lallie-ideal-pour-les-mouvements-legers\/","title":{"rendered":"La grue \u00e0 m\u00e2t r\u00e9tractable\u00a0: l\u2019alli\u00e9 id\u00e9al pour les mouvements l\u00e9gers"},"content":{"rendered":"\n<p>Lorsqu\u2019il s\u2019agit d\u2019optimiser les postes de travail, la grue \u00e0 fl\u00e8che est la solution la plus efficace et la plus r\u00e9pandue pour le levage et le d\u00e9placement des charges. Utilis\u00e9 dans de nombreux secteurs, de l\u2019artisanat \u00e0 la grande industrie, il fonctionne \u00e0 l\u2019int\u00e9rieur et \u00e0 l\u2019ext\u00e9rieur. Simple \u00e0 utiliser et n\u00e9cessitant peu d\u2019entretien, elle garantit s\u00e9curit\u00e9, polyvalence et personnalisation, avec des port\u00e9es allant jusqu\u2019\u00e0 10 tonnes et une couverture op\u00e9rationnelle allant jusqu\u2019\u00e0 360\u00b0.<\/p>\n","protected":false},"excerpt":{"rendered":"<p>Lorsqu\u2019il s\u2019agit d\u2019optimiser les postes de travail, la grue \u00e0 fl\u00e8che est la solution la plus efficace et la plus r\u00e9pandue pour le levage et le d\u00e9placement des charges. Utilis\u00e9 dans de nombreux secteurs, de l\u2019artisanat \u00e0 la grande industrie, il fonctionne \u00e0 l\u2019int\u00e9rieur et \u00e0 l\u2019ext\u00e9rieur. Simple \u00e0 utiliser et n\u00e9cessitant peu d\u2019entretien, elle [&hellip;]<\/p>\n","protected":false},"author":25,"featured_media":19774,"comment_status":"closed","ping_status":"closed","sticky":false,"template":"","format":"standard","meta":{"_acf_changed":false,"footnotes":""},"categories":[648],"tags":[],"tipologia-prodotto":[705,711],"class_list":["post-19818","post","type-post","status-publish","format-standard","has-post-thumbnail","hentry","category-produits","tipologia-prodotto-grues-de-poste-de-travail","tipologia-prodotto-potences"],"acf":{"import_csv_id":"","seo_title":"La grue \u00e0 m\u00e2t r\u00e9tractable : l\u2019alli\u00e9 id\u00e9al pour les mouvements l\u00e9gers | News by OMIS","seo_description":""},"yoast_head":"<!-- This site is optimized with the Yoast SEO plugin v23.9 - https:\/\/yoast.com\/wordpress\/plugins\/seo\/ -->\n<title>La grue \u00e0 m\u00e2t r\u00e9tractable : l\u2019alli\u00e9 id\u00e9al pour les mouvements l\u00e9gers | News by OMIS<\/title>\n<meta name=\"robots\" content=\"index, follow, max-snippet:-1, max-image-preview:large, max-video-preview:-1\" \/>\n<meta property=\"og:locale\" content=\"fr_FR\" \/>\n<meta property=\"og:type\" content=\"article\" \/>\n<meta property=\"og:title\" content=\"La grue \u00e0 m\u00e2t r\u00e9tractable : l\u2019alli\u00e9 id\u00e9al pour les mouvements l\u00e9gers | News by OMIS\" \/>\n<meta property=\"og:url\" content=\"https:\/\/www.omis.net\/fr-fr\/la-grue-a-mat-retractable-lallie-ideal-pour-les-mouvements-legers\/\" \/>\n<meta property=\"og:site_name\" content=\"Omis Spa\" \/>\n<meta property=\"article:publisher\" content=\"https:\/\/www.facebook.com\/omisgroup\" \/>\n<meta property=\"article:published_time\" content=\"2025-12-09T11:00:00+00:00\" \/>\n<meta property=\"article:modified_time\" content=\"2025-12-09T11:00:11+00:00\" \/>\n<meta property=\"og:image\" content=\"https:\/\/media.omis.net\/media\/2025\/11\/site-cover-jib-cranes-1000kg-omis.webp\" \/>\n\t<meta property=\"og:image:width\" content=\"2500\" \/>\n\t<meta property=\"og:image:height\" content=\"917\" \/>\n\t<meta property=\"og:image:type\" content=\"image\/webp\" \/>\n<meta name=\"author\" content=\"Sebastian Amedeo\" \/>\n<meta name=\"twitter:card\" content=\"summary_large_image\" \/>\n<meta name=\"twitter:label1\" content=\"Written by\" \/>\n\t<meta name=\"twitter:data1\" content=\"Sebastian Amedeo\" \/>\n\t<meta name=\"twitter:label2\" content=\"Est. reading time\" \/>\n\t<meta name=\"twitter:data2\" content=\"1 minute\" \/>\n<script type=\"application\/ld+json\" class=\"yoast-schema-graph\">{\"@context\":\"https:\/\/schema.org\",\"@graph\":[{\"@type\":\"Article\",\"@id\":\"https:\/\/www.omis.net\/fr-fr\/la-grue-a-mat-retractable-lallie-ideal-pour-les-mouvements-legers\/#article\",\"isPartOf\":{\"@id\":\"https:\/\/www.omis.net\/fr-fr\/la-grue-a-mat-retractable-lallie-ideal-pour-les-mouvements-legers\/\"},\"author\":{\"name\":\"Sebastian Amedeo\",\"@id\":\"https:\/\/www.omis.net\/it-it\/#\/schema\/person\/4e7609173995c51481214aba5a931764\"},\"headline\":\"La grue \u00e0 m\u00e2t r\u00e9tractable\u00a0: l\u2019alli\u00e9 id\u00e9al pour les mouvements l\u00e9gers\",\"datePublished\":\"2025-12-09T11:00:00+00:00\",\"dateModified\":\"2025-12-09T11:00:11+00:00\",\"mainEntityOfPage\":{\"@id\":\"https:\/\/www.omis.net\/fr-fr\/la-grue-a-mat-retractable-lallie-ideal-pour-les-mouvements-legers\/\"},\"wordCount\":98,\"publisher\":{\"@id\":\"https:\/\/www.omis.net\/it-it\/#organization\"},\"image\":{\"@id\":\"https:\/\/www.omis.net\/fr-fr\/la-grue-a-mat-retractable-lallie-ideal-pour-les-mouvements-legers\/#primaryimage\"},\"thumbnailUrl\":\"https:\/\/media.omis.net\/media\/2025\/11\/site-cover-jib-cranes-1000kg-omis.webp\",\"articleSection\":[\"Produits\"],\"inLanguage\":\"fr-fr\"},{\"@type\":\"WebPage\",\"@id\":\"https:\/\/www.omis.net\/fr-fr\/la-grue-a-mat-retractable-lallie-ideal-pour-les-mouvements-legers\/\",\"url\":\"https:\/\/www.omis.net\/fr-fr\/la-grue-a-mat-retractable-lallie-ideal-pour-les-mouvements-legers\/\",\"name\":\"La grue \u00e0 m\u00e2t r\u00e9tractable : l\u2019alli\u00e9 id\u00e9al pour les mouvements l\u00e9gers | News by OMIS\",\"isPartOf\":{\"@id\":\"https:\/\/www.omis.net\/it-it\/#website\"},\"primaryImageOfPage\":{\"@id\":\"https:\/\/www.omis.net\/fr-fr\/la-grue-a-mat-retractable-lallie-ideal-pour-les-mouvements-legers\/#primaryimage\"},\"image\":{\"@id\":\"https:\/\/www.omis.net\/fr-fr\/la-grue-a-mat-retractable-lallie-ideal-pour-les-mouvements-legers\/#primaryimage\"},\"thumbnailUrl\":\"https:\/\/media.omis.net\/media\/2025\/11\/site-cover-jib-cranes-1000kg-omis.webp\",\"datePublished\":\"2025-12-09T11:00:00+00:00\",\"dateModified\":\"2025-12-09T11:00:11+00:00\",\"breadcrumb\":{\"@id\":\"https:\/\/www.omis.net\/fr-fr\/la-grue-a-mat-retractable-lallie-ideal-pour-les-mouvements-legers\/#breadcrumb\"},\"inLanguage\":\"fr-fr\",\"potentialAction\":[{\"@type\":\"ReadAction\",\"target\":[\"https:\/\/www.omis.net\/fr-fr\/la-grue-a-mat-retractable-lallie-ideal-pour-les-mouvements-legers\/\"]}]},{\"@type\":\"ImageObject\",\"inLanguage\":\"fr-fr\",\"@id\":\"https:\/\/www.omis.net\/fr-fr\/la-grue-a-mat-retractable-lallie-ideal-pour-les-mouvements-legers\/#primaryimage\",\"url\":\"https:\/\/media.omis.net\/media\/2025\/11\/site-cover-jib-cranes-1000kg-omis.webp\",\"contentUrl\":\"https:\/\/media.omis.net\/media\/2025\/11\/site-cover-jib-cranes-1000kg-omis.webp\",\"width\":2500,\"height\":917},{\"@type\":\"BreadcrumbList\",\"@id\":\"https:\/\/www.omis.net\/fr-fr\/la-grue-a-mat-retractable-lallie-ideal-pour-les-mouvements-legers\/#breadcrumb\",\"itemListElement\":[{\"@type\":\"ListItem\",\"position\":1,\"name\":\"Home\",\"item\":\"https:\/\/www.omis.net\/fr-fr\/\"},{\"@type\":\"ListItem\",\"position\":2,\"name\":\"La grue \u00e0 m\u00e2t r\u00e9tractable\u00a0: l\u2019alli\u00e9 id\u00e9al pour les mouvements l\u00e9gers\"}]},{\"@type\":\"WebSite\",\"@id\":\"https:\/\/www.omis.net\/it-it\/#website\",\"url\":\"https:\/\/www.omis.net\/it-it\/\",\"name\":\"Omis Spa\",\"description\":\"Movimentazione e sollevamento\",\"publisher\":{\"@id\":\"https:\/\/www.omis.net\/it-it\/#organization\"},\"potentialAction\":[{\"@type\":\"SearchAction\",\"target\":{\"@type\":\"EntryPoint\",\"urlTemplate\":\"https:\/\/www.omis.net\/it-it\/?s={search_term_string}\"},\"query-input\":{\"@type\":\"PropertyValueSpecification\",\"valueRequired\":true,\"valueName\":\"search_term_string\"}}],\"inLanguage\":\"fr-fr\"},{\"@type\":\"Organization\",\"@id\":\"https:\/\/www.omis.net\/it-it\/#organization\",\"name\":\"Omis Spa\",\"url\":\"https:\/\/www.omis.net\/it-it\/\",\"logo\":{\"@type\":\"ImageObject\",\"inLanguage\":\"fr-fr\",\"@id\":\"https:\/\/www.omis.net\/it-it\/#\/schema\/logo\/image\/\",\"url\":\"https:\/\/media.omis.net\/media\/2024\/08\/logo.jpg\",\"contentUrl\":\"https:\/\/media.omis.net\/media\/2024\/08\/logo.jpg\",\"width\":300,\"height\":300,\"caption\":\"Omis Spa\"},\"image\":{\"@id\":\"https:\/\/www.omis.net\/it-it\/#\/schema\/logo\/image\/\"},\"sameAs\":[\"https:\/\/www.facebook.com\/omisgroup\",\"https:\/\/www.linkedin.com\/company\/omis-group\",\"https:\/\/www.youtube.com\/channel\/UCS4L59XDk3kKBI9MnjuxWDw\",\"https:\/\/www.instagram.com\/omisgroup\"]},{\"@type\":\"Person\",\"@id\":\"https:\/\/www.omis.net\/it-it\/#\/schema\/person\/4e7609173995c51481214aba5a931764\",\"name\":\"Sebastian Amedeo\",\"image\":{\"@type\":\"ImageObject\",\"inLanguage\":\"fr-fr\",\"@id\":\"https:\/\/www.omis.net\/it-it\/#\/schema\/person\/image\/\",\"url\":\"https:\/\/secure.gravatar.com\/avatar\/078e8f6d100f85fee673f30b8d0d7fce?s=96&d=mm&r=g\",\"contentUrl\":\"https:\/\/secure.gravatar.com\/avatar\/078e8f6d100f85fee673f30b8d0d7fce?s=96&d=mm&r=g\",\"caption\":\"Sebastian Amedeo\"}}]}<\/script>\n<!-- \/ Yoast SEO plugin. -->","yoast_head_json":{"title":"La grue \u00e0 m\u00e2t r\u00e9tractable : l\u2019alli\u00e9 id\u00e9al pour les mouvements l\u00e9gers | News by OMIS","robots":{"index":"index","follow":"follow","max-snippet":"max-snippet:-1","max-image-preview":"max-image-preview:large","max-video-preview":"max-video-preview:-1"},"og_locale":"fr_FR","og_type":"article","og_title":"La grue \u00e0 m\u00e2t r\u00e9tractable : l\u2019alli\u00e9 id\u00e9al pour les mouvements l\u00e9gers | News by OMIS","og_url":"https:\/\/www.omis.net\/fr-fr\/la-grue-a-mat-retractable-lallie-ideal-pour-les-mouvements-legers\/","og_site_name":"Omis Spa","article_publisher":"https:\/\/www.facebook.com\/omisgroup","article_published_time":"2025-12-09T11:00:00+00:00","article_modified_time":"2025-12-09T11:00:11+00:00","og_image":[{"width":2500,"height":917,"url":"https:\/\/media.omis.net\/media\/2025\/11\/site-cover-jib-cranes-1000kg-omis.webp","type":"image\/webp"}],"author":"Sebastian Amedeo","twitter_card":"summary_large_image","twitter_misc":{"Written by":"Sebastian Amedeo","Est. reading time":"1 minute"},"schema":{"@context":"https:\/\/schema.org","@graph":[{"@type":"Article","@id":"https:\/\/www.omis.net\/fr-fr\/la-grue-a-mat-retractable-lallie-ideal-pour-les-mouvements-legers\/#article","isPartOf":{"@id":"https:\/\/www.omis.net\/fr-fr\/la-grue-a-mat-retractable-lallie-ideal-pour-les-mouvements-legers\/"},"author":{"name":"Sebastian Amedeo","@id":"https:\/\/www.omis.net\/it-it\/#\/schema\/person\/4e7609173995c51481214aba5a931764"},"headline":"La grue \u00e0 m\u00e2t r\u00e9tractable\u00a0: l\u2019alli\u00e9 id\u00e9al pour les mouvements l\u00e9gers","datePublished":"2025-12-09T11:00:00+00:00","dateModified":"2025-12-09T11:00:11+00:00","mainEntityOfPage":{"@id":"https:\/\/www.omis.net\/fr-fr\/la-grue-a-mat-retractable-lallie-ideal-pour-les-mouvements-legers\/"},"wordCount":98,"publisher":{"@id":"https:\/\/www.omis.net\/it-it\/#organization"},"image":{"@id":"https:\/\/www.omis.net\/fr-fr\/la-grue-a-mat-retractable-lallie-ideal-pour-les-mouvements-legers\/#primaryimage"},"thumbnailUrl":"https:\/\/media.omis.net\/media\/2025\/11\/site-cover-jib-cranes-1000kg-omis.webp","articleSection":["Produits"],"inLanguage":"fr-fr"},{"@type":"WebPage","@id":"https:\/\/www.omis.net\/fr-fr\/la-grue-a-mat-retractable-lallie-ideal-pour-les-mouvements-legers\/","url":"https:\/\/www.omis.net\/fr-fr\/la-grue-a-mat-retractable-lallie-ideal-pour-les-mouvements-legers\/","name":"La grue \u00e0 m\u00e2t r\u00e9tractable : l\u2019alli\u00e9 id\u00e9al pour les mouvements l\u00e9gers | News by OMIS","isPartOf":{"@id":"https:\/\/www.omis.net\/it-it\/#website"},"primaryImageOfPage":{"@id":"https:\/\/www.omis.net\/fr-fr\/la-grue-a-mat-retractable-lallie-ideal-pour-les-mouvements-legers\/#primaryimage"},"image":{"@id":"https:\/\/www.omis.net\/fr-fr\/la-grue-a-mat-retractable-lallie-ideal-pour-les-mouvements-legers\/#primaryimage"},"thumbnailUrl":"https:\/\/media.omis.net\/media\/2025\/11\/site-cover-jib-cranes-1000kg-omis.webp","datePublished":"2025-12-09T11:00:00+00:00","dateModified":"2025-12-09T11:00:11+00:00","breadcrumb":{"@id":"https:\/\/www.omis.net\/fr-fr\/la-grue-a-mat-retractable-lallie-ideal-pour-les-mouvements-legers\/#breadcrumb"},"inLanguage":"fr-fr","potentialAction":[{"@type":"ReadAction","target":["https:\/\/www.omis.net\/fr-fr\/la-grue-a-mat-retractable-lallie-ideal-pour-les-mouvements-legers\/"]}]},{"@type":"ImageObject","inLanguage":"fr-fr","@id":"https:\/\/www.omis.net\/fr-fr\/la-grue-a-mat-retractable-lallie-ideal-pour-les-mouvements-legers\/#primaryimage","url":"https:\/\/media.omis.net\/media\/2025\/11\/site-cover-jib-cranes-1000kg-omis.webp","contentUrl":"https:\/\/media.omis.net\/media\/2025\/11\/site-cover-jib-cranes-1000kg-omis.webp","width":2500,"height":917},{"@type":"BreadcrumbList","@id":"https:\/\/www.omis.net\/fr-fr\/la-grue-a-mat-retractable-lallie-ideal-pour-les-mouvements-legers\/#breadcrumb","itemListElement":[{"@type":"ListItem","position":1,"name":"Home","item":"https:\/\/www.omis.net\/fr-fr\/"},{"@type":"ListItem","position":2,"name":"La grue \u00e0 m\u00e2t r\u00e9tractable\u00a0: l\u2019alli\u00e9 id\u00e9al pour les mouvements l\u00e9gers"}]},{"@type":"WebSite","@id":"https:\/\/www.omis.net\/it-it\/#website","url":"https:\/\/www.omis.net\/it-it\/","name":"Omis Spa","description":"Movimentazione e sollevamento","publisher":{"@id":"https:\/\/www.omis.net\/it-it\/#organization"},"potentialAction":[{"@type":"SearchAction","target":{"@type":"EntryPoint","urlTemplate":"https:\/\/www.omis.net\/it-it\/?s={search_term_string}"},"query-input":{"@type":"PropertyValueSpecification","valueRequired":true,"valueName":"search_term_string"}}],"inLanguage":"fr-fr"},{"@type":"Organization","@id":"https:\/\/www.omis.net\/it-it\/#organization","name":"Omis Spa","url":"https:\/\/www.omis.net\/it-it\/","logo":{"@type":"ImageObject","inLanguage":"fr-fr","@id":"https:\/\/www.omis.net\/it-it\/#\/schema\/logo\/image\/","url":"https:\/\/media.omis.net\/media\/2024\/08\/logo.jpg","contentUrl":"https:\/\/media.omis.net\/media\/2024\/08\/logo.jpg","width":300,"height":300,"caption":"Omis Spa"},"image":{"@id":"https:\/\/www.omis.net\/it-it\/#\/schema\/logo\/image\/"},"sameAs":["https:\/\/www.facebook.com\/omisgroup","https:\/\/www.linkedin.com\/company\/omis-group","https:\/\/www.youtube.com\/channel\/UCS4L59XDk3kKBI9MnjuxWDw","https:\/\/www.instagram.com\/omisgroup"]},{"@type":"Person","@id":"https:\/\/www.omis.net\/it-it\/#\/schema\/person\/4e7609173995c51481214aba5a931764","name":"Sebastian Amedeo","image":{"@type":"ImageObject","inLanguage":"fr-fr","@id":"https:\/\/www.omis.net\/it-it\/#\/schema\/person\/image\/","url":"https:\/\/secure.gravatar.com\/avatar\/078e8f6d100f85fee673f30b8d0d7fce?s=96&d=mm&r=g","contentUrl":"https:\/\/secure.gravatar.com\/avatar\/078e8f6d100f85fee673f30b8d0d7fce?s=96&d=mm&r=g","caption":"Sebastian Amedeo"}}]}},"_links":{"self":[{"href":"https:\/\/www.omis.net\/fr-fr\/wp-json\/wp\/v2\/posts\/19818"}],"collection":[{"href":"https:\/\/www.omis.net\/fr-fr\/wp-json\/wp\/v2\/posts"}],"about":[{"href":"https:\/\/www.omis.net\/fr-fr\/wp-json\/wp\/v2\/types\/post"}],"author":[{"embeddable":true,"href":"https:\/\/www.omis.net\/fr-fr\/wp-json\/wp\/v2\/users\/25"}],"replies":[{"embeddable":true,"href":"https:\/\/www.omis.net\/fr-fr\/wp-json\/wp\/v2\/comments?post=19818"}],"version-history":[{"count":1,"href":"https:\/\/www.omis.net\/fr-fr\/wp-json\/wp\/v2\/posts\/19818\/revisions"}],"predecessor-version":[{"id":19819,"href":"https:\/\/www.omis.net\/fr-fr\/wp-json\/wp\/v2\/posts\/19818\/revisions\/19819"}],"wp:featuredmedia":[{"embeddable":true,"href":"https:\/\/www.omis.net\/fr-fr\/wp-json\/wp\/v2\/media\/19774"}],"wp:attachment":[{"href":"https:\/\/www.omis.net\/fr-fr\/wp-json\/wp\/v2\/media?parent=19818"}],"wp:term":[{"taxonomy":"category","embeddable":true,"href":"https:\/\/www.omis.net\/fr-fr\/wp-json\/wp\/v2\/categories?post=19818"},{"taxonomy":"post_tag","embeddable":true,"href":"https:\/\/www.omis.net\/fr-fr\/wp-json\/wp\/v2\/tags?post=19818"},{"taxonomy":"tipologia-prodotto","embeddable":true,"href":"https:\/\/www.omis.net\/fr-fr\/wp-json\/wp\/v2\/tipologia-prodotto?post=19818"}],"curies":[{"name":"wp","href":"https:\/\/api.w.org\/{rel}","templated":true}]}}