{"id":19468,"date":"2025-10-17T17:00:00","date_gmt":"2025-10-17T15:00:00","guid":{"rendered":"https:\/\/www.omis.net\/?p=19468"},"modified":"2025-10-16T09:20:48","modified_gmt":"2025-10-16T07:20:48","slug":"journee-des-carrieres-2025-dtg-universite-de-padoue","status":"publish","type":"post","link":"https:\/\/www.omis.net\/fr-fr\/journee-des-carrieres-2025-dtg-universite-de-padoue\/","title":{"rendered":"Journ\u00e9e des carri\u00e8res 2025 &#8211; DTG Universit\u00e9 de Padoue"},"content":{"rendered":"\n<p>? jeudi&nbsp;23&nbsp;octobre&nbsp;2025<\/p>\n\n\n\n<p>\u23f0 de 13 h \u00e0 18 h 30<\/p>\n\n\n\n<p>\u2198\ufe0fnous serons au Career Day organis\u00e9 par @unipd, au P\u00f4le Didactique de Viale Margherita \u00e0 Vicence<\/p>\n\n\n\n<p>L\u2019\u00e9v\u00e9nement s\u2019adresse \u00e0 tous les \u00e9tudiants des Masters du D\u00e9partement de Technique et Gestion des Syst\u00e8mes Industriels de l\u2019Universit\u00e9 de Padoue&nbsp;: une occasion concr\u00e8te d\u2019entrer en contact direct avec le monde du travail.<\/p>\n\n\n\n<p>Nous vous attendons pour d\u00e9couvrir nos opportunit\u00e9s de stages, th\u00e8ses et insertion professionnelle. Rejoindre OMIS signifie travailler dans un contexte international et innovant, o\u00f9 le talent est valoris\u00e9 et soutenu chaque jour.<\/p>\n\n\n\n<p>omisgroup #omisborntolift #liftingsolutions #CareerDay2025 #DTG #Universit\u00e0DiPadova #Vicenza #WeLightenLifeToGrowTogether<\/p>\n","protected":false},"excerpt":{"rendered":"<p>? jeudi&nbsp;23&nbsp;octobre&nbsp;2025 \u23f0 de 13 h \u00e0 18 h 30 \u2198\ufe0fnous serons au Career Day organis\u00e9 par @unipd, au P\u00f4le Didactique de Viale Margherita \u00e0 Vicence L\u2019\u00e9v\u00e9nement s\u2019adresse \u00e0 tous les \u00e9tudiants des Masters du D\u00e9partement de Technique et Gestion des Syst\u00e8mes Industriels de l\u2019Universit\u00e9 de Padoue&nbsp;: une occasion concr\u00e8te d\u2019entrer en contact direct avec [&hellip;]<\/p>\n","protected":false},"author":25,"featured_media":19451,"comment_status":"closed","ping_status":"closed","sticky":false,"template":"","format":"standard","meta":{"_acf_changed":false,"footnotes":""},"categories":[646],"tags":[1175,1177],"tipologia-prodotto":[],"class_list":["post-19468","post","type-post","status-publish","format-standard","has-post-thumbnail","hentry","category-communications-fr","tag-omisborntolift-fr-fr","tag-omisgroup-fr-fr"],"acf":{"import_csv_id":"","seo_title":"Journ\u00e9e des carri\u00e8res 2025 | News by OMIS","seo_description":""},"yoast_head":"<!-- This site is optimized with the Yoast SEO plugin v23.9 - https:\/\/yoast.com\/wordpress\/plugins\/seo\/ -->\n<title>Journ\u00e9e des carri\u00e8res 2025 | News by OMIS<\/title>\n<meta name=\"robots\" content=\"index, follow, max-snippet:-1, max-image-preview:large, max-video-preview:-1\" \/>\n<meta property=\"og:locale\" content=\"fr_FR\" \/>\n<meta property=\"og:type\" content=\"article\" \/>\n<meta property=\"og:title\" content=\"Journ\u00e9e des carri\u00e8res 2025 | News by OMIS\" \/>\n<meta property=\"og:url\" content=\"https:\/\/www.omis.net\/it-it\/career-day-2025-dtg-universita-di-padova\/\" \/>\n<meta property=\"og:site_name\" content=\"Omis Spa\" \/>\n<meta property=\"article:publisher\" content=\"https:\/\/www.facebook.com\/omisgroup\" \/>\n<meta property=\"article:published_time\" content=\"2025-10-17T15:00:00+00:00\" \/>\n<meta property=\"article:modified_time\" content=\"2025-10-16T07:20:48+00:00\" \/>\n<meta property=\"og:image\" content=\"https:\/\/media.omis.net\/media\/2025\/10\/site-careerday-2025-scaled.jpg\" \/>\n\t<meta property=\"og:image:width\" content=\"2560\" \/>\n\t<meta property=\"og:image:height\" content=\"939\" \/>\n\t<meta property=\"og:image:type\" content=\"image\/jpeg\" \/>\n<meta name=\"author\" content=\"Sebastian Amedeo\" \/>\n<meta name=\"twitter:card\" content=\"summary_large_image\" \/>\n<meta name=\"twitter:label1\" content=\"Written by\" \/>\n\t<meta name=\"twitter:data1\" content=\"Sebastian Amedeo\" \/>\n\t<meta name=\"twitter:label2\" content=\"Est. reading time\" \/>\n\t<meta name=\"twitter:data2\" content=\"1 minute\" \/>\n<script type=\"application\/ld+json\" class=\"yoast-schema-graph\">{\"@context\":\"https:\/\/schema.org\",\"@graph\":[{\"@type\":\"Article\",\"@id\":\"https:\/\/www.omis.net\/it-it\/career-day-2025-dtg-universita-di-padova\/#article\",\"isPartOf\":{\"@id\":\"https:\/\/www.omis.net\/it-it\/career-day-2025-dtg-universita-di-padova\/\"},\"author\":{\"name\":\"Sebastian Amedeo\",\"@id\":\"https:\/\/www.omis.net\/it-it\/#\/schema\/person\/4e7609173995c51481214aba5a931764\"},\"headline\":\"Journ\u00e9e des carri\u00e8res 2025 &#8211; DTG Universit\u00e9 de Padoue\",\"datePublished\":\"2025-10-17T15:00:00+00:00\",\"dateModified\":\"2025-10-16T07:20:48+00:00\",\"mainEntityOfPage\":{\"@id\":\"https:\/\/www.omis.net\/it-it\/career-day-2025-dtg-universita-di-padova\/\"},\"wordCount\":119,\"publisher\":{\"@id\":\"https:\/\/www.omis.net\/it-it\/#organization\"},\"image\":{\"@id\":\"https:\/\/www.omis.net\/it-it\/career-day-2025-dtg-universita-di-padova\/#primaryimage\"},\"thumbnailUrl\":\"https:\/\/media.omis.net\/media\/2025\/10\/site-careerday-2025-scaled.jpg\",\"keywords\":[\"omisborntolift\",\"omisgroup\"],\"articleSection\":[\"Communications\"],\"inLanguage\":\"fr-fr\"},{\"@type\":\"WebPage\",\"@id\":\"https:\/\/www.omis.net\/it-it\/career-day-2025-dtg-universita-di-padova\/\",\"url\":\"https:\/\/www.omis.net\/it-it\/career-day-2025-dtg-universita-di-padova\/\",\"name\":\"Journ\u00e9e des carri\u00e8res 2025 | News by OMIS\",\"isPartOf\":{\"@id\":\"https:\/\/www.omis.net\/it-it\/#website\"},\"primaryImageOfPage\":{\"@id\":\"https:\/\/www.omis.net\/it-it\/career-day-2025-dtg-universita-di-padova\/#primaryimage\"},\"image\":{\"@id\":\"https:\/\/www.omis.net\/it-it\/career-day-2025-dtg-universita-di-padova\/#primaryimage\"},\"thumbnailUrl\":\"https:\/\/media.omis.net\/media\/2025\/10\/site-careerday-2025-scaled.jpg\",\"datePublished\":\"2025-10-17T15:00:00+00:00\",\"dateModified\":\"2025-10-16T07:20:48+00:00\",\"breadcrumb\":{\"@id\":\"https:\/\/www.omis.net\/it-it\/career-day-2025-dtg-universita-di-padova\/#breadcrumb\"},\"inLanguage\":\"fr-fr\",\"potentialAction\":[{\"@type\":\"ReadAction\",\"target\":[\"https:\/\/www.omis.net\/it-it\/career-day-2025-dtg-universita-di-padova\/\"]}]},{\"@type\":\"ImageObject\",\"inLanguage\":\"fr-fr\",\"@id\":\"https:\/\/www.omis.net\/it-it\/career-day-2025-dtg-universita-di-padova\/#primaryimage\",\"url\":\"https:\/\/media.omis.net\/media\/2025\/10\/site-careerday-2025-scaled.jpg\",\"contentUrl\":\"https:\/\/media.omis.net\/media\/2025\/10\/site-careerday-2025-scaled.jpg\",\"width\":2560,\"height\":939},{\"@type\":\"BreadcrumbList\",\"@id\":\"https:\/\/www.omis.net\/it-it\/career-day-2025-dtg-universita-di-padova\/#breadcrumb\",\"itemListElement\":[{\"@type\":\"ListItem\",\"position\":1,\"name\":\"Home\",\"item\":\"https:\/\/www.omis.net\/fr-fr\/\"},{\"@type\":\"ListItem\",\"position\":2,\"name\":\"Journ\u00e9e des carri\u00e8res 2025 &#8211; DTG Universit\u00e9 de Padoue\"}]},{\"@type\":\"WebSite\",\"@id\":\"https:\/\/www.omis.net\/it-it\/#website\",\"url\":\"https:\/\/www.omis.net\/it-it\/\",\"name\":\"Omis Spa\",\"description\":\"Movimentazione e sollevamento\",\"publisher\":{\"@id\":\"https:\/\/www.omis.net\/it-it\/#organization\"},\"potentialAction\":[{\"@type\":\"SearchAction\",\"target\":{\"@type\":\"EntryPoint\",\"urlTemplate\":\"https:\/\/www.omis.net\/it-it\/?s={search_term_string}\"},\"query-input\":{\"@type\":\"PropertyValueSpecification\",\"valueRequired\":true,\"valueName\":\"search_term_string\"}}],\"inLanguage\":\"fr-fr\"},{\"@type\":\"Organization\",\"@id\":\"https:\/\/www.omis.net\/it-it\/#organization\",\"name\":\"Omis Spa\",\"url\":\"https:\/\/www.omis.net\/it-it\/\",\"logo\":{\"@type\":\"ImageObject\",\"inLanguage\":\"fr-fr\",\"@id\":\"https:\/\/www.omis.net\/it-it\/#\/schema\/logo\/image\/\",\"url\":\"https:\/\/media.omis.net\/media\/2024\/08\/logo.jpg\",\"contentUrl\":\"https:\/\/media.omis.net\/media\/2024\/08\/logo.jpg\",\"width\":300,\"height\":300,\"caption\":\"Omis Spa\"},\"image\":{\"@id\":\"https:\/\/www.omis.net\/it-it\/#\/schema\/logo\/image\/\"},\"sameAs\":[\"https:\/\/www.facebook.com\/omisgroup\",\"https:\/\/www.linkedin.com\/company\/omis-group\",\"https:\/\/www.youtube.com\/channel\/UCS4L59XDk3kKBI9MnjuxWDw\",\"https:\/\/www.instagram.com\/omisgroup\"]},{\"@type\":\"Person\",\"@id\":\"https:\/\/www.omis.net\/it-it\/#\/schema\/person\/4e7609173995c51481214aba5a931764\",\"name\":\"Sebastian Amedeo\",\"image\":{\"@type\":\"ImageObject\",\"inLanguage\":\"fr-fr\",\"@id\":\"https:\/\/www.omis.net\/it-it\/#\/schema\/person\/image\/\",\"url\":\"https:\/\/secure.gravatar.com\/avatar\/078e8f6d100f85fee673f30b8d0d7fce?s=96&d=mm&r=g\",\"contentUrl\":\"https:\/\/secure.gravatar.com\/avatar\/078e8f6d100f85fee673f30b8d0d7fce?s=96&d=mm&r=g\",\"caption\":\"Sebastian Amedeo\"}}]}<\/script>\n<!-- \/ Yoast SEO plugin. -->","yoast_head_json":{"title":"Journ\u00e9e des carri\u00e8res 2025 | News by OMIS","robots":{"index":"index","follow":"follow","max-snippet":"max-snippet:-1","max-image-preview":"max-image-preview:large","max-video-preview":"max-video-preview:-1"},"og_locale":"fr_FR","og_type":"article","og_title":"Journ\u00e9e des carri\u00e8res 2025 | News by OMIS","og_url":"https:\/\/www.omis.net\/it-it\/career-day-2025-dtg-universita-di-padova\/","og_site_name":"Omis Spa","article_publisher":"https:\/\/www.facebook.com\/omisgroup","article_published_time":"2025-10-17T15:00:00+00:00","article_modified_time":"2025-10-16T07:20:48+00:00","og_image":[{"width":2560,"height":939,"url":"https:\/\/media.omis.net\/media\/2025\/10\/site-careerday-2025-scaled.jpg","type":"image\/jpeg"}],"author":"Sebastian Amedeo","twitter_card":"summary_large_image","twitter_misc":{"Written by":"Sebastian Amedeo","Est. reading time":"1 minute"},"schema":{"@context":"https:\/\/schema.org","@graph":[{"@type":"Article","@id":"https:\/\/www.omis.net\/it-it\/career-day-2025-dtg-universita-di-padova\/#article","isPartOf":{"@id":"https:\/\/www.omis.net\/it-it\/career-day-2025-dtg-universita-di-padova\/"},"author":{"name":"Sebastian Amedeo","@id":"https:\/\/www.omis.net\/it-it\/#\/schema\/person\/4e7609173995c51481214aba5a931764"},"headline":"Journ\u00e9e des carri\u00e8res 2025 &#8211; DTG Universit\u00e9 de Padoue","datePublished":"2025-10-17T15:00:00+00:00","dateModified":"2025-10-16T07:20:48+00:00","mainEntityOfPage":{"@id":"https:\/\/www.omis.net\/it-it\/career-day-2025-dtg-universita-di-padova\/"},"wordCount":119,"publisher":{"@id":"https:\/\/www.omis.net\/it-it\/#organization"},"image":{"@id":"https:\/\/www.omis.net\/it-it\/career-day-2025-dtg-universita-di-padova\/#primaryimage"},"thumbnailUrl":"https:\/\/media.omis.net\/media\/2025\/10\/site-careerday-2025-scaled.jpg","keywords":["omisborntolift","omisgroup"],"articleSection":["Communications"],"inLanguage":"fr-fr"},{"@type":"WebPage","@id":"https:\/\/www.omis.net\/it-it\/career-day-2025-dtg-universita-di-padova\/","url":"https:\/\/www.omis.net\/it-it\/career-day-2025-dtg-universita-di-padova\/","name":"Journ\u00e9e des carri\u00e8res 2025 | News by OMIS","isPartOf":{"@id":"https:\/\/www.omis.net\/it-it\/#website"},"primaryImageOfPage":{"@id":"https:\/\/www.omis.net\/it-it\/career-day-2025-dtg-universita-di-padova\/#primaryimage"},"image":{"@id":"https:\/\/www.omis.net\/it-it\/career-day-2025-dtg-universita-di-padova\/#primaryimage"},"thumbnailUrl":"https:\/\/media.omis.net\/media\/2025\/10\/site-careerday-2025-scaled.jpg","datePublished":"2025-10-17T15:00:00+00:00","dateModified":"2025-10-16T07:20:48+00:00","breadcrumb":{"@id":"https:\/\/www.omis.net\/it-it\/career-day-2025-dtg-universita-di-padova\/#breadcrumb"},"inLanguage":"fr-fr","potentialAction":[{"@type":"ReadAction","target":["https:\/\/www.omis.net\/it-it\/career-day-2025-dtg-universita-di-padova\/"]}]},{"@type":"ImageObject","inLanguage":"fr-fr","@id":"https:\/\/www.omis.net\/it-it\/career-day-2025-dtg-universita-di-padova\/#primaryimage","url":"https:\/\/media.omis.net\/media\/2025\/10\/site-careerday-2025-scaled.jpg","contentUrl":"https:\/\/media.omis.net\/media\/2025\/10\/site-careerday-2025-scaled.jpg","width":2560,"height":939},{"@type":"BreadcrumbList","@id":"https:\/\/www.omis.net\/it-it\/career-day-2025-dtg-universita-di-padova\/#breadcrumb","itemListElement":[{"@type":"ListItem","position":1,"name":"Home","item":"https:\/\/www.omis.net\/fr-fr\/"},{"@type":"ListItem","position":2,"name":"Journ\u00e9e des carri\u00e8res 2025 &#8211; DTG Universit\u00e9 de Padoue"}]},{"@type":"WebSite","@id":"https:\/\/www.omis.net\/it-it\/#website","url":"https:\/\/www.omis.net\/it-it\/","name":"Omis Spa","description":"Movimentazione e sollevamento","publisher":{"@id":"https:\/\/www.omis.net\/it-it\/#organization"},"potentialAction":[{"@type":"SearchAction","target":{"@type":"EntryPoint","urlTemplate":"https:\/\/www.omis.net\/it-it\/?s={search_term_string}"},"query-input":{"@type":"PropertyValueSpecification","valueRequired":true,"valueName":"search_term_string"}}],"inLanguage":"fr-fr"},{"@type":"Organization","@id":"https:\/\/www.omis.net\/it-it\/#organization","name":"Omis Spa","url":"https:\/\/www.omis.net\/it-it\/","logo":{"@type":"ImageObject","inLanguage":"fr-fr","@id":"https:\/\/www.omis.net\/it-it\/#\/schema\/logo\/image\/","url":"https:\/\/media.omis.net\/media\/2024\/08\/logo.jpg","contentUrl":"https:\/\/media.omis.net\/media\/2024\/08\/logo.jpg","width":300,"height":300,"caption":"Omis Spa"},"image":{"@id":"https:\/\/www.omis.net\/it-it\/#\/schema\/logo\/image\/"},"sameAs":["https:\/\/www.facebook.com\/omisgroup","https:\/\/www.linkedin.com\/company\/omis-group","https:\/\/www.youtube.com\/channel\/UCS4L59XDk3kKBI9MnjuxWDw","https:\/\/www.instagram.com\/omisgroup"]},{"@type":"Person","@id":"https:\/\/www.omis.net\/it-it\/#\/schema\/person\/4e7609173995c51481214aba5a931764","name":"Sebastian Amedeo","image":{"@type":"ImageObject","inLanguage":"fr-fr","@id":"https:\/\/www.omis.net\/it-it\/#\/schema\/person\/image\/","url":"https:\/\/secure.gravatar.com\/avatar\/078e8f6d100f85fee673f30b8d0d7fce?s=96&d=mm&r=g","contentUrl":"https:\/\/secure.gravatar.com\/avatar\/078e8f6d100f85fee673f30b8d0d7fce?s=96&d=mm&r=g","caption":"Sebastian Amedeo"}}]}},"_links":{"self":[{"href":"https:\/\/www.omis.net\/fr-fr\/wp-json\/wp\/v2\/posts\/19468"}],"collection":[{"href":"https:\/\/www.omis.net\/fr-fr\/wp-json\/wp\/v2\/posts"}],"about":[{"href":"https:\/\/www.omis.net\/fr-fr\/wp-json\/wp\/v2\/types\/post"}],"author":[{"embeddable":true,"href":"https:\/\/www.omis.net\/fr-fr\/wp-json\/wp\/v2\/users\/25"}],"replies":[{"embeddable":true,"href":"https:\/\/www.omis.net\/fr-fr\/wp-json\/wp\/v2\/comments?post=19468"}],"version-history":[{"count":2,"href":"https:\/\/www.omis.net\/fr-fr\/wp-json\/wp\/v2\/posts\/19468\/revisions"}],"predecessor-version":[{"id":19481,"href":"https:\/\/www.omis.net\/fr-fr\/wp-json\/wp\/v2\/posts\/19468\/revisions\/19481"}],"wp:featuredmedia":[{"embeddable":true,"href":"https:\/\/www.omis.net\/fr-fr\/wp-json\/wp\/v2\/media\/19451"}],"wp:attachment":[{"href":"https:\/\/www.omis.net\/fr-fr\/wp-json\/wp\/v2\/media?parent=19468"}],"wp:term":[{"taxonomy":"category","embeddable":true,"href":"https:\/\/www.omis.net\/fr-fr\/wp-json\/wp\/v2\/categories?post=19468"},{"taxonomy":"post_tag","embeddable":true,"href":"https:\/\/www.omis.net\/fr-fr\/wp-json\/wp\/v2\/tags?post=19468"},{"taxonomy":"tipologia-prodotto","embeddable":true,"href":"https:\/\/www.omis.net\/fr-fr\/wp-json\/wp\/v2\/tipologia-prodotto?post=19468"}],"curies":[{"name":"wp","href":"https:\/\/api.w.org\/{rel}","templated":true}]}}