{"id":19127,"date":"2025-09-05T16:48:07","date_gmt":"2025-09-05T14:48:07","guid":{"rendered":"https:\/\/www.omis.net\/?p=19127"},"modified":"2025-09-05T16:51:11","modified_gmt":"2025-09-05T14:51:11","slug":"palan-a-cable-omis-bipoutre-orthogonal","status":"publish","type":"post","link":"https:\/\/www.omis.net\/fr-fr\/palan-a-cable-omis-bipoutre-orthogonal\/","title":{"rendered":"Palan \u00e0 c\u00e2ble OMIS &#8211; Bipoutre orthogonal"},"content":{"rendered":"\n<p>Tous nos palans sont \u00e9galement disponibles avec tambour perpendiculaire aux poutres de la grue \u00e0 pont, ce qui permet d\u2019optimiser l\u2019approche lat\u00e9rale du crochet et de satisfaire tout type de service et d\u2019application. Le palan garde ses dimensions r\u00e9duites et tourne de 90\u00b0 tous ses m\u00e9canismes de mani\u00e8re \u00e0 compacter aussi le wagon qui l\u2019abrite et permettre ainsi un plus grand rapprochement aux t\u00eates lat\u00e9rales du pont.<\/p>\n\n\n\n<p>#omisgroup #omisborntolift #omishoist #liftingsolutions #hoist #ropehoist #materialhandling #quality #innovation #performance #safety<\/p>\n","protected":false},"excerpt":{"rendered":"<p>Tous nos palans sont \u00e9galement disponibles avec tambour perpendiculaire aux poutres de la grue \u00e0 pont, ce qui permet d\u2019optimiser l\u2019approche lat\u00e9rale du crochet et de satisfaire tout type de service et d\u2019application. Le palan garde ses dimensions r\u00e9duites et tourne de 90\u00b0 tous ses m\u00e9canismes de mani\u00e8re \u00e0 compacter aussi le wagon qui l\u2019abrite [&hellip;]<\/p>\n","protected":false},"author":25,"featured_media":19097,"comment_status":"closed","ping_status":"closed","sticky":false,"template":"","format":"standard","meta":{"_acf_changed":false,"footnotes":""},"categories":[648],"tags":[1175,1176,1177],"tipologia-prodotto":[765],"class_list":["post-19127","post","type-post","status-publish","format-standard","has-post-thumbnail","hentry","category-produits","tag-omisborntolift-fr-fr","tag-omiscranes-fr-fr","tag-omisgroup-fr-fr","tipologia-prodotto-palan-a-cable"],"acf":{"import_csv_id":"","seo_title":"Palan \u00e0 c\u00e2ble OMIS -Bipoutre orthogonal | News by OMIS","seo_description":""},"yoast_head":"<!-- This site is optimized with the Yoast SEO plugin v23.9 - https:\/\/yoast.com\/wordpress\/plugins\/seo\/ -->\n<title>Palan \u00e0 c\u00e2ble OMIS -Bipoutre orthogonal | News by OMIS<\/title>\n<meta name=\"robots\" content=\"index, follow, max-snippet:-1, max-image-preview:large, max-video-preview:-1\" \/>\n<meta property=\"og:locale\" content=\"fr_FR\" \/>\n<meta property=\"og:type\" content=\"article\" \/>\n<meta property=\"og:title\" content=\"Palan \u00e0 c\u00e2ble OMIS -Bipoutre orthogonal | News by OMIS\" \/>\n<meta property=\"og:url\" content=\"https:\/\/www.omis.net\/fr-fr\/palan-a-cable-omis-bipoutre-orthogonal\/\" \/>\n<meta property=\"og:site_name\" content=\"Omis Spa\" \/>\n<meta property=\"article:publisher\" content=\"https:\/\/www.facebook.com\/omisgroup\" \/>\n<meta property=\"article:published_time\" content=\"2025-09-05T14:48:07+00:00\" \/>\n<meta property=\"article:modified_time\" content=\"2025-09-05T14:51:11+00:00\" \/>\n<meta property=\"og:image\" content=\"https:\/\/media.omis.net\/media\/2025\/09\/site-cover-wire-rope-hoist-orthogonal-omis-copia-scaled.webp\" \/>\n\t<meta property=\"og:image:width\" content=\"2560\" \/>\n\t<meta property=\"og:image:height\" content=\"939\" \/>\n\t<meta property=\"og:image:type\" content=\"image\/webp\" \/>\n<meta name=\"author\" content=\"Sebastian Amedeo\" \/>\n<meta name=\"twitter:card\" content=\"summary_large_image\" \/>\n<meta name=\"twitter:label1\" content=\"Written by\" \/>\n\t<meta name=\"twitter:data1\" content=\"Sebastian Amedeo\" \/>\n\t<meta name=\"twitter:label2\" content=\"Est. reading time\" \/>\n\t<meta name=\"twitter:data2\" content=\"1 minute\" \/>\n<script type=\"application\/ld+json\" class=\"yoast-schema-graph\">{\"@context\":\"https:\/\/schema.org\",\"@graph\":[{\"@type\":\"Article\",\"@id\":\"https:\/\/www.omis.net\/fr-fr\/palan-a-cable-omis-bipoutre-orthogonal\/#article\",\"isPartOf\":{\"@id\":\"https:\/\/www.omis.net\/fr-fr\/palan-a-cable-omis-bipoutre-orthogonal\/\"},\"author\":{\"name\":\"Sebastian Amedeo\",\"@id\":\"https:\/\/www.omis.net\/it-it\/#\/schema\/person\/4e7609173995c51481214aba5a931764\"},\"headline\":\"Palan \u00e0 c\u00e2ble OMIS &#8211; Bipoutre orthogonal\",\"datePublished\":\"2025-09-05T14:48:07+00:00\",\"dateModified\":\"2025-09-05T14:51:11+00:00\",\"mainEntityOfPage\":{\"@id\":\"https:\/\/www.omis.net\/fr-fr\/palan-a-cable-omis-bipoutre-orthogonal\/\"},\"wordCount\":92,\"publisher\":{\"@id\":\"https:\/\/www.omis.net\/it-it\/#organization\"},\"image\":{\"@id\":\"https:\/\/www.omis.net\/fr-fr\/palan-a-cable-omis-bipoutre-orthogonal\/#primaryimage\"},\"thumbnailUrl\":\"https:\/\/media.omis.net\/media\/2025\/09\/site-cover-wire-rope-hoist-orthogonal-omis-copia-scaled.webp\",\"keywords\":[\"omisborntolift\",\"omiscranes\",\"omisgroup\"],\"articleSection\":[\"Produits\"],\"inLanguage\":\"fr-fr\"},{\"@type\":\"WebPage\",\"@id\":\"https:\/\/www.omis.net\/fr-fr\/palan-a-cable-omis-bipoutre-orthogonal\/\",\"url\":\"https:\/\/www.omis.net\/fr-fr\/palan-a-cable-omis-bipoutre-orthogonal\/\",\"name\":\"Palan \u00e0 c\u00e2ble OMIS -Bipoutre orthogonal | News by OMIS\",\"isPartOf\":{\"@id\":\"https:\/\/www.omis.net\/it-it\/#website\"},\"primaryImageOfPage\":{\"@id\":\"https:\/\/www.omis.net\/fr-fr\/palan-a-cable-omis-bipoutre-orthogonal\/#primaryimage\"},\"image\":{\"@id\":\"https:\/\/www.omis.net\/fr-fr\/palan-a-cable-omis-bipoutre-orthogonal\/#primaryimage\"},\"thumbnailUrl\":\"https:\/\/media.omis.net\/media\/2025\/09\/site-cover-wire-rope-hoist-orthogonal-omis-copia-scaled.webp\",\"datePublished\":\"2025-09-05T14:48:07+00:00\",\"dateModified\":\"2025-09-05T14:51:11+00:00\",\"breadcrumb\":{\"@id\":\"https:\/\/www.omis.net\/fr-fr\/palan-a-cable-omis-bipoutre-orthogonal\/#breadcrumb\"},\"inLanguage\":\"fr-fr\",\"potentialAction\":[{\"@type\":\"ReadAction\",\"target\":[\"https:\/\/www.omis.net\/fr-fr\/palan-a-cable-omis-bipoutre-orthogonal\/\"]}]},{\"@type\":\"ImageObject\",\"inLanguage\":\"fr-fr\",\"@id\":\"https:\/\/www.omis.net\/fr-fr\/palan-a-cable-omis-bipoutre-orthogonal\/#primaryimage\",\"url\":\"https:\/\/media.omis.net\/media\/2025\/09\/site-cover-wire-rope-hoist-orthogonal-omis-copia-scaled.webp\",\"contentUrl\":\"https:\/\/media.omis.net\/media\/2025\/09\/site-cover-wire-rope-hoist-orthogonal-omis-copia-scaled.webp\",\"width\":2560,\"height\":939},{\"@type\":\"BreadcrumbList\",\"@id\":\"https:\/\/www.omis.net\/fr-fr\/palan-a-cable-omis-bipoutre-orthogonal\/#breadcrumb\",\"itemListElement\":[{\"@type\":\"ListItem\",\"position\":1,\"name\":\"Home\",\"item\":\"https:\/\/www.omis.net\/fr-fr\/\"},{\"@type\":\"ListItem\",\"position\":2,\"name\":\"Palan \u00e0 c\u00e2ble OMIS &#8211; Bipoutre orthogonal\"}]},{\"@type\":\"WebSite\",\"@id\":\"https:\/\/www.omis.net\/it-it\/#website\",\"url\":\"https:\/\/www.omis.net\/it-it\/\",\"name\":\"Omis Spa\",\"description\":\"Movimentazione e sollevamento\",\"publisher\":{\"@id\":\"https:\/\/www.omis.net\/it-it\/#organization\"},\"potentialAction\":[{\"@type\":\"SearchAction\",\"target\":{\"@type\":\"EntryPoint\",\"urlTemplate\":\"https:\/\/www.omis.net\/it-it\/?s={search_term_string}\"},\"query-input\":{\"@type\":\"PropertyValueSpecification\",\"valueRequired\":true,\"valueName\":\"search_term_string\"}}],\"inLanguage\":\"fr-fr\"},{\"@type\":\"Organization\",\"@id\":\"https:\/\/www.omis.net\/it-it\/#organization\",\"name\":\"Omis Spa\",\"url\":\"https:\/\/www.omis.net\/it-it\/\",\"logo\":{\"@type\":\"ImageObject\",\"inLanguage\":\"fr-fr\",\"@id\":\"https:\/\/www.omis.net\/it-it\/#\/schema\/logo\/image\/\",\"url\":\"https:\/\/media.omis.net\/media\/2024\/08\/logo.jpg\",\"contentUrl\":\"https:\/\/media.omis.net\/media\/2024\/08\/logo.jpg\",\"width\":300,\"height\":300,\"caption\":\"Omis Spa\"},\"image\":{\"@id\":\"https:\/\/www.omis.net\/it-it\/#\/schema\/logo\/image\/\"},\"sameAs\":[\"https:\/\/www.facebook.com\/omisgroup\",\"https:\/\/www.linkedin.com\/company\/omis-group\",\"https:\/\/www.youtube.com\/channel\/UCS4L59XDk3kKBI9MnjuxWDw\",\"https:\/\/www.instagram.com\/omisgroup\"]},{\"@type\":\"Person\",\"@id\":\"https:\/\/www.omis.net\/it-it\/#\/schema\/person\/4e7609173995c51481214aba5a931764\",\"name\":\"Sebastian Amedeo\",\"image\":{\"@type\":\"ImageObject\",\"inLanguage\":\"fr-fr\",\"@id\":\"https:\/\/www.omis.net\/it-it\/#\/schema\/person\/image\/\",\"url\":\"https:\/\/secure.gravatar.com\/avatar\/078e8f6d100f85fee673f30b8d0d7fce?s=96&d=mm&r=g\",\"contentUrl\":\"https:\/\/secure.gravatar.com\/avatar\/078e8f6d100f85fee673f30b8d0d7fce?s=96&d=mm&r=g\",\"caption\":\"Sebastian Amedeo\"}}]}<\/script>\n<!-- \/ Yoast SEO plugin. -->","yoast_head_json":{"title":"Palan \u00e0 c\u00e2ble OMIS -Bipoutre orthogonal | News by OMIS","robots":{"index":"index","follow":"follow","max-snippet":"max-snippet:-1","max-image-preview":"max-image-preview:large","max-video-preview":"max-video-preview:-1"},"og_locale":"fr_FR","og_type":"article","og_title":"Palan \u00e0 c\u00e2ble OMIS -Bipoutre orthogonal | News by OMIS","og_url":"https:\/\/www.omis.net\/fr-fr\/palan-a-cable-omis-bipoutre-orthogonal\/","og_site_name":"Omis Spa","article_publisher":"https:\/\/www.facebook.com\/omisgroup","article_published_time":"2025-09-05T14:48:07+00:00","article_modified_time":"2025-09-05T14:51:11+00:00","og_image":[{"width":2560,"height":939,"url":"https:\/\/media.omis.net\/media\/2025\/09\/site-cover-wire-rope-hoist-orthogonal-omis-copia-scaled.webp","type":"image\/webp"}],"author":"Sebastian Amedeo","twitter_card":"summary_large_image","twitter_misc":{"Written by":"Sebastian Amedeo","Est. reading time":"1 minute"},"schema":{"@context":"https:\/\/schema.org","@graph":[{"@type":"Article","@id":"https:\/\/www.omis.net\/fr-fr\/palan-a-cable-omis-bipoutre-orthogonal\/#article","isPartOf":{"@id":"https:\/\/www.omis.net\/fr-fr\/palan-a-cable-omis-bipoutre-orthogonal\/"},"author":{"name":"Sebastian Amedeo","@id":"https:\/\/www.omis.net\/it-it\/#\/schema\/person\/4e7609173995c51481214aba5a931764"},"headline":"Palan \u00e0 c\u00e2ble OMIS &#8211; Bipoutre orthogonal","datePublished":"2025-09-05T14:48:07+00:00","dateModified":"2025-09-05T14:51:11+00:00","mainEntityOfPage":{"@id":"https:\/\/www.omis.net\/fr-fr\/palan-a-cable-omis-bipoutre-orthogonal\/"},"wordCount":92,"publisher":{"@id":"https:\/\/www.omis.net\/it-it\/#organization"},"image":{"@id":"https:\/\/www.omis.net\/fr-fr\/palan-a-cable-omis-bipoutre-orthogonal\/#primaryimage"},"thumbnailUrl":"https:\/\/media.omis.net\/media\/2025\/09\/site-cover-wire-rope-hoist-orthogonal-omis-copia-scaled.webp","keywords":["omisborntolift","omiscranes","omisgroup"],"articleSection":["Produits"],"inLanguage":"fr-fr"},{"@type":"WebPage","@id":"https:\/\/www.omis.net\/fr-fr\/palan-a-cable-omis-bipoutre-orthogonal\/","url":"https:\/\/www.omis.net\/fr-fr\/palan-a-cable-omis-bipoutre-orthogonal\/","name":"Palan \u00e0 c\u00e2ble OMIS -Bipoutre orthogonal | News by OMIS","isPartOf":{"@id":"https:\/\/www.omis.net\/it-it\/#website"},"primaryImageOfPage":{"@id":"https:\/\/www.omis.net\/fr-fr\/palan-a-cable-omis-bipoutre-orthogonal\/#primaryimage"},"image":{"@id":"https:\/\/www.omis.net\/fr-fr\/palan-a-cable-omis-bipoutre-orthogonal\/#primaryimage"},"thumbnailUrl":"https:\/\/media.omis.net\/media\/2025\/09\/site-cover-wire-rope-hoist-orthogonal-omis-copia-scaled.webp","datePublished":"2025-09-05T14:48:07+00:00","dateModified":"2025-09-05T14:51:11+00:00","breadcrumb":{"@id":"https:\/\/www.omis.net\/fr-fr\/palan-a-cable-omis-bipoutre-orthogonal\/#breadcrumb"},"inLanguage":"fr-fr","potentialAction":[{"@type":"ReadAction","target":["https:\/\/www.omis.net\/fr-fr\/palan-a-cable-omis-bipoutre-orthogonal\/"]}]},{"@type":"ImageObject","inLanguage":"fr-fr","@id":"https:\/\/www.omis.net\/fr-fr\/palan-a-cable-omis-bipoutre-orthogonal\/#primaryimage","url":"https:\/\/media.omis.net\/media\/2025\/09\/site-cover-wire-rope-hoist-orthogonal-omis-copia-scaled.webp","contentUrl":"https:\/\/media.omis.net\/media\/2025\/09\/site-cover-wire-rope-hoist-orthogonal-omis-copia-scaled.webp","width":2560,"height":939},{"@type":"BreadcrumbList","@id":"https:\/\/www.omis.net\/fr-fr\/palan-a-cable-omis-bipoutre-orthogonal\/#breadcrumb","itemListElement":[{"@type":"ListItem","position":1,"name":"Home","item":"https:\/\/www.omis.net\/fr-fr\/"},{"@type":"ListItem","position":2,"name":"Palan \u00e0 c\u00e2ble OMIS &#8211; Bipoutre orthogonal"}]},{"@type":"WebSite","@id":"https:\/\/www.omis.net\/it-it\/#website","url":"https:\/\/www.omis.net\/it-it\/","name":"Omis Spa","description":"Movimentazione e sollevamento","publisher":{"@id":"https:\/\/www.omis.net\/it-it\/#organization"},"potentialAction":[{"@type":"SearchAction","target":{"@type":"EntryPoint","urlTemplate":"https:\/\/www.omis.net\/it-it\/?s={search_term_string}"},"query-input":{"@type":"PropertyValueSpecification","valueRequired":true,"valueName":"search_term_string"}}],"inLanguage":"fr-fr"},{"@type":"Organization","@id":"https:\/\/www.omis.net\/it-it\/#organization","name":"Omis Spa","url":"https:\/\/www.omis.net\/it-it\/","logo":{"@type":"ImageObject","inLanguage":"fr-fr","@id":"https:\/\/www.omis.net\/it-it\/#\/schema\/logo\/image\/","url":"https:\/\/media.omis.net\/media\/2024\/08\/logo.jpg","contentUrl":"https:\/\/media.omis.net\/media\/2024\/08\/logo.jpg","width":300,"height":300,"caption":"Omis Spa"},"image":{"@id":"https:\/\/www.omis.net\/it-it\/#\/schema\/logo\/image\/"},"sameAs":["https:\/\/www.facebook.com\/omisgroup","https:\/\/www.linkedin.com\/company\/omis-group","https:\/\/www.youtube.com\/channel\/UCS4L59XDk3kKBI9MnjuxWDw","https:\/\/www.instagram.com\/omisgroup"]},{"@type":"Person","@id":"https:\/\/www.omis.net\/it-it\/#\/schema\/person\/4e7609173995c51481214aba5a931764","name":"Sebastian Amedeo","image":{"@type":"ImageObject","inLanguage":"fr-fr","@id":"https:\/\/www.omis.net\/it-it\/#\/schema\/person\/image\/","url":"https:\/\/secure.gravatar.com\/avatar\/078e8f6d100f85fee673f30b8d0d7fce?s=96&d=mm&r=g","contentUrl":"https:\/\/secure.gravatar.com\/avatar\/078e8f6d100f85fee673f30b8d0d7fce?s=96&d=mm&r=g","caption":"Sebastian Amedeo"}}]}},"_links":{"self":[{"href":"https:\/\/www.omis.net\/fr-fr\/wp-json\/wp\/v2\/posts\/19127"}],"collection":[{"href":"https:\/\/www.omis.net\/fr-fr\/wp-json\/wp\/v2\/posts"}],"about":[{"href":"https:\/\/www.omis.net\/fr-fr\/wp-json\/wp\/v2\/types\/post"}],"author":[{"embeddable":true,"href":"https:\/\/www.omis.net\/fr-fr\/wp-json\/wp\/v2\/users\/25"}],"replies":[{"embeddable":true,"href":"https:\/\/www.omis.net\/fr-fr\/wp-json\/wp\/v2\/comments?post=19127"}],"version-history":[{"count":1,"href":"https:\/\/www.omis.net\/fr-fr\/wp-json\/wp\/v2\/posts\/19127\/revisions"}],"predecessor-version":[{"id":19128,"href":"https:\/\/www.omis.net\/fr-fr\/wp-json\/wp\/v2\/posts\/19127\/revisions\/19128"}],"wp:featuredmedia":[{"embeddable":true,"href":"https:\/\/www.omis.net\/fr-fr\/wp-json\/wp\/v2\/media\/19097"}],"wp:attachment":[{"href":"https:\/\/www.omis.net\/fr-fr\/wp-json\/wp\/v2\/media?parent=19127"}],"wp:term":[{"taxonomy":"category","embeddable":true,"href":"https:\/\/www.omis.net\/fr-fr\/wp-json\/wp\/v2\/categories?post=19127"},{"taxonomy":"post_tag","embeddable":true,"href":"https:\/\/www.omis.net\/fr-fr\/wp-json\/wp\/v2\/tags?post=19127"},{"taxonomy":"tipologia-prodotto","embeddable":true,"href":"https:\/\/www.omis.net\/fr-fr\/wp-json\/wp\/v2\/tipologia-prodotto?post=19127"}],"curies":[{"name":"wp","href":"https:\/\/api.w.org\/{rel}","templated":true}]}}