{"id":18204,"date":"2025-06-10T12:00:00","date_gmt":"2025-06-10T10:00:00","guid":{"rendered":"https:\/\/www.omis.net\/?p=18204"},"modified":"2025-07-09T08:04:58","modified_gmt":"2025-07-09T06:04:58","slug":"cours-de-formation-sur-lutilisation-en-toute-securite-des-equipements-de-levage","status":"publish","type":"post","link":"https:\/\/www.omis.net\/fr-fr\/cours-de-formation-sur-lutilisation-en-toute-securite-des-equipements-de-levage\/","title":{"rendered":"Cours de formation sur l&#8217;utilisation en toute s\u00e9curit\u00e9 des \u00e9quipements de levage"},"content":{"rendered":"\n<p>Notre cours de formation sur l&#8217;utilisation en toute s\u00e9curit\u00e9 des \u00e9quipements de levage n&#8217;est pas une simple formalit\u00e9 pour se conformer \u00e0 la loi : nous connaissons les grues et les \u00e9quipements de levage comme personne d&#8217;autre, parce que nous les concevons, les construisons et les entretenons tous les jours. Cette exp\u00e9rience de premi\u00e8re main nous permet d&#8217;offrir une formation pratique et sur mesure, con\u00e7ue pour pr\u00e9venir les blessures et cr\u00e9er des environnements de travail plus s\u00fbrs. Nous connaissons les risques sp\u00e9cifiques \u00e0 chaque secteur pour \u00e9viter les erreurs les plus courantes et identifier avec pr\u00e9cision les points critiques des processus, en adaptant la formation au contexte r\u00e9el dans lequel vous op\u00e9rez. Investir dans la formation permet d&#8217;optimiser les processus, d&#8217;accro\u00eetre l&#8217;efficacit\u00e9 et de cr\u00e9er de la valeur pour votre entreprise.<\/p>\n\n\n\n<p>#omisgroup #omisborntolift #liftingsolutions #materialhandling #omisservice #safety #course #safety #safetyfirst<\/p>\n","protected":false},"excerpt":{"rendered":"<p>Notre cours de formation sur l&#8217;utilisation en toute s\u00e9curit\u00e9 des \u00e9quipements de levage n&#8217;est pas une simple formalit\u00e9 pour se conformer \u00e0 la loi : nous connaissons les grues et les \u00e9quipements de levage comme personne d&#8217;autre, parce que nous les concevons, les construisons et les entretenons tous les jours. Cette exp\u00e9rience de premi\u00e8re main [&hellip;]<\/p>\n","protected":false},"author":25,"featured_media":18194,"comment_status":"closed","ping_status":"closed","sticky":false,"template":"","format":"standard","meta":{"_acf_changed":false,"footnotes":""},"categories":[1208],"tags":[1175,1176,1177],"tipologia-prodotto":[],"class_list":["post-18204","post","type-post","status-publish","format-standard","has-post-thumbnail","hentry","category-service-3","tag-omisborntolift-fr-fr","tag-omiscranes-fr-fr","tag-omisgroup-fr-fr"],"acf":{"import_csv_id":"","seo_title":"Cours de formation sur l'utilisation en toute s\u00e9curit\u00e9 des \u00e9quipements de levage | News by OMIS","seo_description":""},"yoast_head":"<!-- This site is optimized with the Yoast SEO plugin v23.9 - https:\/\/yoast.com\/wordpress\/plugins\/seo\/ -->\n<title>Cours de formation sur l&#039;utilisation en toute s\u00e9curit\u00e9 des \u00e9quipements de levage | News by OMIS<\/title>\n<meta name=\"robots\" content=\"index, follow, max-snippet:-1, max-image-preview:large, max-video-preview:-1\" \/>\n<meta property=\"og:locale\" content=\"fr_FR\" \/>\n<meta property=\"og:type\" content=\"article\" \/>\n<meta property=\"og:title\" content=\"Cours de formation sur l&#039;utilisation en toute s\u00e9curit\u00e9 des \u00e9quipements de levage | News by OMIS\" \/>\n<meta property=\"og:url\" content=\"https:\/\/www.omis.net\/fr-fr\/cours-de-formation-sur-lutilisation-en-toute-securite-des-equipements-de-levage\/\" \/>\n<meta property=\"og:site_name\" content=\"Omis Spa\" \/>\n<meta property=\"article:publisher\" content=\"https:\/\/www.facebook.com\/omisgroup\" \/>\n<meta property=\"article:published_time\" content=\"2025-06-10T10:00:00+00:00\" \/>\n<meta property=\"article:modified_time\" content=\"2025-07-09T06:04:58+00:00\" \/>\n<meta property=\"og:image\" content=\"https:\/\/media.omis.net\/media\/2025\/06\/site-cover-service-training-omis-scaled.webp\" \/>\n\t<meta property=\"og:image:width\" content=\"2560\" \/>\n\t<meta property=\"og:image:height\" content=\"939\" \/>\n\t<meta property=\"og:image:type\" content=\"image\/webp\" \/>\n<meta name=\"author\" content=\"Sebastian Amedeo\" \/>\n<meta name=\"twitter:card\" content=\"summary_large_image\" \/>\n<meta name=\"twitter:label1\" content=\"Written by\" \/>\n\t<meta name=\"twitter:data1\" content=\"Sebastian Amedeo\" \/>\n\t<meta name=\"twitter:label2\" content=\"Est. reading time\" \/>\n\t<meta name=\"twitter:data2\" content=\"1 minute\" \/>\n<script type=\"application\/ld+json\" class=\"yoast-schema-graph\">{\"@context\":\"https:\/\/schema.org\",\"@graph\":[{\"@type\":\"Article\",\"@id\":\"https:\/\/www.omis.net\/fr-fr\/cours-de-formation-sur-lutilisation-en-toute-securite-des-equipements-de-levage\/#article\",\"isPartOf\":{\"@id\":\"https:\/\/www.omis.net\/fr-fr\/cours-de-formation-sur-lutilisation-en-toute-securite-des-equipements-de-levage\/\"},\"author\":{\"name\":\"Sebastian Amedeo\",\"@id\":\"https:\/\/www.omis.net\/it-it\/#\/schema\/person\/4e7609173995c51481214aba5a931764\"},\"headline\":\"Cours de formation sur l&#8217;utilisation en toute s\u00e9curit\u00e9 des \u00e9quipements de levage\",\"datePublished\":\"2025-06-10T10:00:00+00:00\",\"dateModified\":\"2025-07-09T06:04:58+00:00\",\"mainEntityOfPage\":{\"@id\":\"https:\/\/www.omis.net\/fr-fr\/cours-de-formation-sur-lutilisation-en-toute-securite-des-equipements-de-levage\/\"},\"wordCount\":171,\"publisher\":{\"@id\":\"https:\/\/www.omis.net\/it-it\/#organization\"},\"image\":{\"@id\":\"https:\/\/www.omis.net\/fr-fr\/cours-de-formation-sur-lutilisation-en-toute-securite-des-equipements-de-levage\/#primaryimage\"},\"thumbnailUrl\":\"https:\/\/media.omis.net\/media\/2025\/06\/site-cover-service-training-omis-scaled.webp\",\"keywords\":[\"omisborntolift\",\"omiscranes\",\"omisgroup\"],\"articleSection\":[\"Service\"],\"inLanguage\":\"fr-fr\"},{\"@type\":\"WebPage\",\"@id\":\"https:\/\/www.omis.net\/fr-fr\/cours-de-formation-sur-lutilisation-en-toute-securite-des-equipements-de-levage\/\",\"url\":\"https:\/\/www.omis.net\/fr-fr\/cours-de-formation-sur-lutilisation-en-toute-securite-des-equipements-de-levage\/\",\"name\":\"Cours de formation sur l'utilisation en toute s\u00e9curit\u00e9 des \u00e9quipements de levage | News by OMIS\",\"isPartOf\":{\"@id\":\"https:\/\/www.omis.net\/it-it\/#website\"},\"primaryImageOfPage\":{\"@id\":\"https:\/\/www.omis.net\/fr-fr\/cours-de-formation-sur-lutilisation-en-toute-securite-des-equipements-de-levage\/#primaryimage\"},\"image\":{\"@id\":\"https:\/\/www.omis.net\/fr-fr\/cours-de-formation-sur-lutilisation-en-toute-securite-des-equipements-de-levage\/#primaryimage\"},\"thumbnailUrl\":\"https:\/\/media.omis.net\/media\/2025\/06\/site-cover-service-training-omis-scaled.webp\",\"datePublished\":\"2025-06-10T10:00:00+00:00\",\"dateModified\":\"2025-07-09T06:04:58+00:00\",\"breadcrumb\":{\"@id\":\"https:\/\/www.omis.net\/fr-fr\/cours-de-formation-sur-lutilisation-en-toute-securite-des-equipements-de-levage\/#breadcrumb\"},\"inLanguage\":\"fr-fr\",\"potentialAction\":[{\"@type\":\"ReadAction\",\"target\":[\"https:\/\/www.omis.net\/fr-fr\/cours-de-formation-sur-lutilisation-en-toute-securite-des-equipements-de-levage\/\"]}]},{\"@type\":\"ImageObject\",\"inLanguage\":\"fr-fr\",\"@id\":\"https:\/\/www.omis.net\/fr-fr\/cours-de-formation-sur-lutilisation-en-toute-securite-des-equipements-de-levage\/#primaryimage\",\"url\":\"https:\/\/media.omis.net\/media\/2025\/06\/site-cover-service-training-omis-scaled.webp\",\"contentUrl\":\"https:\/\/media.omis.net\/media\/2025\/06\/site-cover-service-training-omis-scaled.webp\",\"width\":2560,\"height\":939},{\"@type\":\"BreadcrumbList\",\"@id\":\"https:\/\/www.omis.net\/fr-fr\/cours-de-formation-sur-lutilisation-en-toute-securite-des-equipements-de-levage\/#breadcrumb\",\"itemListElement\":[{\"@type\":\"ListItem\",\"position\":1,\"name\":\"Home\",\"item\":\"https:\/\/www.omis.net\/fr-fr\/\"},{\"@type\":\"ListItem\",\"position\":2,\"name\":\"Cours de formation sur l&#8217;utilisation en toute s\u00e9curit\u00e9 des \u00e9quipements de levage\"}]},{\"@type\":\"WebSite\",\"@id\":\"https:\/\/www.omis.net\/it-it\/#website\",\"url\":\"https:\/\/www.omis.net\/it-it\/\",\"name\":\"Omis Spa\",\"description\":\"Movimentazione e sollevamento\",\"publisher\":{\"@id\":\"https:\/\/www.omis.net\/it-it\/#organization\"},\"potentialAction\":[{\"@type\":\"SearchAction\",\"target\":{\"@type\":\"EntryPoint\",\"urlTemplate\":\"https:\/\/www.omis.net\/it-it\/?s={search_term_string}\"},\"query-input\":{\"@type\":\"PropertyValueSpecification\",\"valueRequired\":true,\"valueName\":\"search_term_string\"}}],\"inLanguage\":\"fr-fr\"},{\"@type\":\"Organization\",\"@id\":\"https:\/\/www.omis.net\/it-it\/#organization\",\"name\":\"Omis Spa\",\"url\":\"https:\/\/www.omis.net\/it-it\/\",\"logo\":{\"@type\":\"ImageObject\",\"inLanguage\":\"fr-fr\",\"@id\":\"https:\/\/www.omis.net\/it-it\/#\/schema\/logo\/image\/\",\"url\":\"https:\/\/media.omis.net\/media\/2024\/08\/logo.jpg\",\"contentUrl\":\"https:\/\/media.omis.net\/media\/2024\/08\/logo.jpg\",\"width\":300,\"height\":300,\"caption\":\"Omis Spa\"},\"image\":{\"@id\":\"https:\/\/www.omis.net\/it-it\/#\/schema\/logo\/image\/\"},\"sameAs\":[\"https:\/\/www.facebook.com\/omisgroup\",\"https:\/\/www.linkedin.com\/company\/omis-group\",\"https:\/\/www.youtube.com\/channel\/UCS4L59XDk3kKBI9MnjuxWDw\",\"https:\/\/www.instagram.com\/omisgroup\"]},{\"@type\":\"Person\",\"@id\":\"https:\/\/www.omis.net\/it-it\/#\/schema\/person\/4e7609173995c51481214aba5a931764\",\"name\":\"Sebastian Amedeo\",\"image\":{\"@type\":\"ImageObject\",\"inLanguage\":\"fr-fr\",\"@id\":\"https:\/\/www.omis.net\/it-it\/#\/schema\/person\/image\/\",\"url\":\"https:\/\/secure.gravatar.com\/avatar\/078e8f6d100f85fee673f30b8d0d7fce?s=96&d=mm&r=g\",\"contentUrl\":\"https:\/\/secure.gravatar.com\/avatar\/078e8f6d100f85fee673f30b8d0d7fce?s=96&d=mm&r=g\",\"caption\":\"Sebastian Amedeo\"}}]}<\/script>\n<!-- \/ Yoast SEO plugin. -->","yoast_head_json":{"title":"Cours de formation sur l'utilisation en toute s\u00e9curit\u00e9 des \u00e9quipements de levage | News by OMIS","robots":{"index":"index","follow":"follow","max-snippet":"max-snippet:-1","max-image-preview":"max-image-preview:large","max-video-preview":"max-video-preview:-1"},"og_locale":"fr_FR","og_type":"article","og_title":"Cours de formation sur l'utilisation en toute s\u00e9curit\u00e9 des \u00e9quipements de levage | News by OMIS","og_url":"https:\/\/www.omis.net\/fr-fr\/cours-de-formation-sur-lutilisation-en-toute-securite-des-equipements-de-levage\/","og_site_name":"Omis Spa","article_publisher":"https:\/\/www.facebook.com\/omisgroup","article_published_time":"2025-06-10T10:00:00+00:00","article_modified_time":"2025-07-09T06:04:58+00:00","og_image":[{"width":2560,"height":939,"url":"https:\/\/media.omis.net\/media\/2025\/06\/site-cover-service-training-omis-scaled.webp","type":"image\/webp"}],"author":"Sebastian Amedeo","twitter_card":"summary_large_image","twitter_misc":{"Written by":"Sebastian Amedeo","Est. reading time":"1 minute"},"schema":{"@context":"https:\/\/schema.org","@graph":[{"@type":"Article","@id":"https:\/\/www.omis.net\/fr-fr\/cours-de-formation-sur-lutilisation-en-toute-securite-des-equipements-de-levage\/#article","isPartOf":{"@id":"https:\/\/www.omis.net\/fr-fr\/cours-de-formation-sur-lutilisation-en-toute-securite-des-equipements-de-levage\/"},"author":{"name":"Sebastian Amedeo","@id":"https:\/\/www.omis.net\/it-it\/#\/schema\/person\/4e7609173995c51481214aba5a931764"},"headline":"Cours de formation sur l&#8217;utilisation en toute s\u00e9curit\u00e9 des \u00e9quipements de levage","datePublished":"2025-06-10T10:00:00+00:00","dateModified":"2025-07-09T06:04:58+00:00","mainEntityOfPage":{"@id":"https:\/\/www.omis.net\/fr-fr\/cours-de-formation-sur-lutilisation-en-toute-securite-des-equipements-de-levage\/"},"wordCount":171,"publisher":{"@id":"https:\/\/www.omis.net\/it-it\/#organization"},"image":{"@id":"https:\/\/www.omis.net\/fr-fr\/cours-de-formation-sur-lutilisation-en-toute-securite-des-equipements-de-levage\/#primaryimage"},"thumbnailUrl":"https:\/\/media.omis.net\/media\/2025\/06\/site-cover-service-training-omis-scaled.webp","keywords":["omisborntolift","omiscranes","omisgroup"],"articleSection":["Service"],"inLanguage":"fr-fr"},{"@type":"WebPage","@id":"https:\/\/www.omis.net\/fr-fr\/cours-de-formation-sur-lutilisation-en-toute-securite-des-equipements-de-levage\/","url":"https:\/\/www.omis.net\/fr-fr\/cours-de-formation-sur-lutilisation-en-toute-securite-des-equipements-de-levage\/","name":"Cours de formation sur l'utilisation en toute s\u00e9curit\u00e9 des \u00e9quipements de levage | News by OMIS","isPartOf":{"@id":"https:\/\/www.omis.net\/it-it\/#website"},"primaryImageOfPage":{"@id":"https:\/\/www.omis.net\/fr-fr\/cours-de-formation-sur-lutilisation-en-toute-securite-des-equipements-de-levage\/#primaryimage"},"image":{"@id":"https:\/\/www.omis.net\/fr-fr\/cours-de-formation-sur-lutilisation-en-toute-securite-des-equipements-de-levage\/#primaryimage"},"thumbnailUrl":"https:\/\/media.omis.net\/media\/2025\/06\/site-cover-service-training-omis-scaled.webp","datePublished":"2025-06-10T10:00:00+00:00","dateModified":"2025-07-09T06:04:58+00:00","breadcrumb":{"@id":"https:\/\/www.omis.net\/fr-fr\/cours-de-formation-sur-lutilisation-en-toute-securite-des-equipements-de-levage\/#breadcrumb"},"inLanguage":"fr-fr","potentialAction":[{"@type":"ReadAction","target":["https:\/\/www.omis.net\/fr-fr\/cours-de-formation-sur-lutilisation-en-toute-securite-des-equipements-de-levage\/"]}]},{"@type":"ImageObject","inLanguage":"fr-fr","@id":"https:\/\/www.omis.net\/fr-fr\/cours-de-formation-sur-lutilisation-en-toute-securite-des-equipements-de-levage\/#primaryimage","url":"https:\/\/media.omis.net\/media\/2025\/06\/site-cover-service-training-omis-scaled.webp","contentUrl":"https:\/\/media.omis.net\/media\/2025\/06\/site-cover-service-training-omis-scaled.webp","width":2560,"height":939},{"@type":"BreadcrumbList","@id":"https:\/\/www.omis.net\/fr-fr\/cours-de-formation-sur-lutilisation-en-toute-securite-des-equipements-de-levage\/#breadcrumb","itemListElement":[{"@type":"ListItem","position":1,"name":"Home","item":"https:\/\/www.omis.net\/fr-fr\/"},{"@type":"ListItem","position":2,"name":"Cours de formation sur l&#8217;utilisation en toute s\u00e9curit\u00e9 des \u00e9quipements de levage"}]},{"@type":"WebSite","@id":"https:\/\/www.omis.net\/it-it\/#website","url":"https:\/\/www.omis.net\/it-it\/","name":"Omis Spa","description":"Movimentazione e sollevamento","publisher":{"@id":"https:\/\/www.omis.net\/it-it\/#organization"},"potentialAction":[{"@type":"SearchAction","target":{"@type":"EntryPoint","urlTemplate":"https:\/\/www.omis.net\/it-it\/?s={search_term_string}"},"query-input":{"@type":"PropertyValueSpecification","valueRequired":true,"valueName":"search_term_string"}}],"inLanguage":"fr-fr"},{"@type":"Organization","@id":"https:\/\/www.omis.net\/it-it\/#organization","name":"Omis Spa","url":"https:\/\/www.omis.net\/it-it\/","logo":{"@type":"ImageObject","inLanguage":"fr-fr","@id":"https:\/\/www.omis.net\/it-it\/#\/schema\/logo\/image\/","url":"https:\/\/media.omis.net\/media\/2024\/08\/logo.jpg","contentUrl":"https:\/\/media.omis.net\/media\/2024\/08\/logo.jpg","width":300,"height":300,"caption":"Omis Spa"},"image":{"@id":"https:\/\/www.omis.net\/it-it\/#\/schema\/logo\/image\/"},"sameAs":["https:\/\/www.facebook.com\/omisgroup","https:\/\/www.linkedin.com\/company\/omis-group","https:\/\/www.youtube.com\/channel\/UCS4L59XDk3kKBI9MnjuxWDw","https:\/\/www.instagram.com\/omisgroup"]},{"@type":"Person","@id":"https:\/\/www.omis.net\/it-it\/#\/schema\/person\/4e7609173995c51481214aba5a931764","name":"Sebastian Amedeo","image":{"@type":"ImageObject","inLanguage":"fr-fr","@id":"https:\/\/www.omis.net\/it-it\/#\/schema\/person\/image\/","url":"https:\/\/secure.gravatar.com\/avatar\/078e8f6d100f85fee673f30b8d0d7fce?s=96&d=mm&r=g","contentUrl":"https:\/\/secure.gravatar.com\/avatar\/078e8f6d100f85fee673f30b8d0d7fce?s=96&d=mm&r=g","caption":"Sebastian Amedeo"}}]}},"_links":{"self":[{"href":"https:\/\/www.omis.net\/fr-fr\/wp-json\/wp\/v2\/posts\/18204"}],"collection":[{"href":"https:\/\/www.omis.net\/fr-fr\/wp-json\/wp\/v2\/posts"}],"about":[{"href":"https:\/\/www.omis.net\/fr-fr\/wp-json\/wp\/v2\/types\/post"}],"author":[{"embeddable":true,"href":"https:\/\/www.omis.net\/fr-fr\/wp-json\/wp\/v2\/users\/25"}],"replies":[{"embeddable":true,"href":"https:\/\/www.omis.net\/fr-fr\/wp-json\/wp\/v2\/comments?post=18204"}],"version-history":[{"count":4,"href":"https:\/\/www.omis.net\/fr-fr\/wp-json\/wp\/v2\/posts\/18204\/revisions"}],"predecessor-version":[{"id":18827,"href":"https:\/\/www.omis.net\/fr-fr\/wp-json\/wp\/v2\/posts\/18204\/revisions\/18827"}],"wp:featuredmedia":[{"embeddable":true,"href":"https:\/\/www.omis.net\/fr-fr\/wp-json\/wp\/v2\/media\/18194"}],"wp:attachment":[{"href":"https:\/\/www.omis.net\/fr-fr\/wp-json\/wp\/v2\/media?parent=18204"}],"wp:term":[{"taxonomy":"category","embeddable":true,"href":"https:\/\/www.omis.net\/fr-fr\/wp-json\/wp\/v2\/categories?post=18204"},{"taxonomy":"post_tag","embeddable":true,"href":"https:\/\/www.omis.net\/fr-fr\/wp-json\/wp\/v2\/tags?post=18204"},{"taxonomy":"tipologia-prodotto","embeddable":true,"href":"https:\/\/www.omis.net\/fr-fr\/wp-json\/wp\/v2\/tipologia-prodotto?post=18204"}],"curies":[{"name":"wp","href":"https:\/\/api.w.org\/{rel}","templated":true}]}}