{"id":18131,"date":"2025-06-03T12:15:21","date_gmt":"2025-06-03T10:15:21","guid":{"rendered":"https:\/\/www.omis.net\/?p=18131"},"modified":"2025-06-03T13:25:55","modified_gmt":"2025-06-03T11:25:55","slug":"pourquoi-choisir-un-palan-omis","status":"publish","type":"post","link":"https:\/\/www.omis.net\/fr-fr\/pourquoi-choisir-un-palan-omis\/","title":{"rendered":"Pourquoi choisir un palan OMIS"},"content":{"rendered":"\n<p>Les palans \u00e9lectriques de la s\u00e9rie H sont l\u2019un des produits phares de la gamme OMIS et repr\u00e9sentent la r\u00e9ponse la plus avanc\u00e9e et polyvalente sur le march\u00e9 aux exigences industrielles de levage et de manutention. Parmi les points forts des palans \u00e0 c\u00e2ble de la s\u00e9rie H, nous trouvons le soin de r\u00e9alisation totalement Made in Italy, l\u2019encombrement r\u00e9duit des composants, les moteurs aliment\u00e9s par inverseurs, les r\u00e9ducteurs \u00e0 matrice OMIS, le tableau \u00e9lectrique totalement int\u00e9gr\u00e9 dans la structure ainsi qu\u2019un design moderne. Choisir un palan OMIS, c\u2019est opter pour la qualit\u00e9, la s\u00e9curit\u00e9 et l\u2019innovation, en garantissant des performances \u00e9lev\u00e9es et une fiabilit\u00e9 dans le levage de charges lourdes.<\/p>\n\n\n\n<p>#omisgroup #omisborntolift #omishoist #liftingsolutions #hoist #ropehoist #materialhandling #quality #innovation #performance #safetynew<\/p>\n","protected":false},"excerpt":{"rendered":"<p>Les palans \u00e9lectriques de la s\u00e9rie H sont l\u2019un des produits phares de la gamme OMIS et repr\u00e9sentent la r\u00e9ponse la plus avanc\u00e9e et polyvalente sur le march\u00e9 aux exigences industrielles de levage et de manutention. Parmi les points forts des palans \u00e0 c\u00e2ble de la s\u00e9rie H, nous trouvons le soin de r\u00e9alisation totalement [&hellip;]<\/p>\n","protected":false},"author":725,"featured_media":18074,"comment_status":"closed","ping_status":"closed","sticky":false,"template":"","format":"standard","meta":{"_acf_changed":false,"footnotes":""},"categories":[648],"tags":[1175,1176,1177],"tipologia-prodotto":[765],"class_list":["post-18131","post","type-post","status-publish","format-standard","has-post-thumbnail","hentry","category-produits","tag-omisborntolift-fr-fr","tag-omiscranes-fr-fr","tag-omisgroup-fr-fr","tipologia-prodotto-palan-a-cable"],"acf":{"import_csv_id":"","seo_title":"Pourquoi choisir un palan OMIS | News by OMIS","seo_description":""},"yoast_head":"<!-- This site is optimized with the Yoast SEO plugin v23.9 - https:\/\/yoast.com\/wordpress\/plugins\/seo\/ -->\n<title>Pourquoi choisir un palan OMIS | News by OMIS<\/title>\n<meta name=\"robots\" content=\"index, follow, max-snippet:-1, max-image-preview:large, max-video-preview:-1\" \/>\n<meta property=\"og:locale\" content=\"fr_FR\" \/>\n<meta property=\"og:type\" content=\"article\" \/>\n<meta property=\"og:title\" content=\"Pourquoi choisir un palan OMIS | News by OMIS\" \/>\n<meta property=\"og:url\" content=\"https:\/\/www.omis.net\/fr-fr\/pourquoi-choisir-un-palan-omis\/\" \/>\n<meta property=\"og:site_name\" content=\"Omis Spa\" \/>\n<meta property=\"article:publisher\" content=\"https:\/\/www.facebook.com\/omisgroup\" \/>\n<meta property=\"article:published_time\" content=\"2025-06-03T10:15:21+00:00\" \/>\n<meta property=\"article:modified_time\" content=\"2025-06-03T11:25:55+00:00\" \/>\n<meta property=\"og:image\" content=\"https:\/\/media.omis.net\/media\/2025\/06\/site-h-hoist-scaled.jpg\" \/>\n\t<meta property=\"og:image:width\" content=\"2560\" \/>\n\t<meta property=\"og:image:height\" content=\"939\" \/>\n\t<meta property=\"og:image:type\" content=\"image\/jpeg\" \/>\n<meta name=\"author\" content=\"g.detoni@omis.net\" \/>\n<meta name=\"twitter:card\" content=\"summary_large_image\" \/>\n<meta name=\"twitter:label1\" content=\"Written by\" \/>\n\t<meta name=\"twitter:data1\" content=\"g.detoni@omis.net\" \/>\n\t<meta name=\"twitter:label2\" content=\"Est. reading time\" \/>\n\t<meta name=\"twitter:data2\" content=\"1 minute\" \/>\n<script type=\"application\/ld+json\" class=\"yoast-schema-graph\">{\"@context\":\"https:\/\/schema.org\",\"@graph\":[{\"@type\":\"Article\",\"@id\":\"https:\/\/www.omis.net\/fr-fr\/pourquoi-choisir-un-palan-omis\/#article\",\"isPartOf\":{\"@id\":\"https:\/\/www.omis.net\/fr-fr\/pourquoi-choisir-un-palan-omis\/\"},\"author\":{\"name\":\"g.detoni@omis.net\",\"@id\":\"https:\/\/www.omis.net\/it-it\/#\/schema\/person\/d879f22848c32ab5477b205242a9efbc\"},\"headline\":\"Pourquoi choisir un palan OMIS\",\"datePublished\":\"2025-06-03T10:15:21+00:00\",\"dateModified\":\"2025-06-03T11:25:55+00:00\",\"mainEntityOfPage\":{\"@id\":\"https:\/\/www.omis.net\/fr-fr\/pourquoi-choisir-un-palan-omis\/\"},\"wordCount\":143,\"publisher\":{\"@id\":\"https:\/\/www.omis.net\/it-it\/#organization\"},\"image\":{\"@id\":\"https:\/\/www.omis.net\/fr-fr\/pourquoi-choisir-un-palan-omis\/#primaryimage\"},\"thumbnailUrl\":\"https:\/\/media.omis.net\/media\/2025\/06\/site-h-hoist-scaled.jpg\",\"keywords\":[\"omisborntolift\",\"omiscranes\",\"omisgroup\"],\"articleSection\":[\"Produits\"],\"inLanguage\":\"fr-fr\"},{\"@type\":\"WebPage\",\"@id\":\"https:\/\/www.omis.net\/fr-fr\/pourquoi-choisir-un-palan-omis\/\",\"url\":\"https:\/\/www.omis.net\/fr-fr\/pourquoi-choisir-un-palan-omis\/\",\"name\":\"Pourquoi choisir un palan OMIS | News by OMIS\",\"isPartOf\":{\"@id\":\"https:\/\/www.omis.net\/it-it\/#website\"},\"primaryImageOfPage\":{\"@id\":\"https:\/\/www.omis.net\/fr-fr\/pourquoi-choisir-un-palan-omis\/#primaryimage\"},\"image\":{\"@id\":\"https:\/\/www.omis.net\/fr-fr\/pourquoi-choisir-un-palan-omis\/#primaryimage\"},\"thumbnailUrl\":\"https:\/\/media.omis.net\/media\/2025\/06\/site-h-hoist-scaled.jpg\",\"datePublished\":\"2025-06-03T10:15:21+00:00\",\"dateModified\":\"2025-06-03T11:25:55+00:00\",\"breadcrumb\":{\"@id\":\"https:\/\/www.omis.net\/fr-fr\/pourquoi-choisir-un-palan-omis\/#breadcrumb\"},\"inLanguage\":\"fr-fr\",\"potentialAction\":[{\"@type\":\"ReadAction\",\"target\":[\"https:\/\/www.omis.net\/fr-fr\/pourquoi-choisir-un-palan-omis\/\"]}]},{\"@type\":\"ImageObject\",\"inLanguage\":\"fr-fr\",\"@id\":\"https:\/\/www.omis.net\/fr-fr\/pourquoi-choisir-un-palan-omis\/#primaryimage\",\"url\":\"https:\/\/media.omis.net\/media\/2025\/06\/site-h-hoist-scaled.jpg\",\"contentUrl\":\"https:\/\/media.omis.net\/media\/2025\/06\/site-h-hoist-scaled.jpg\",\"width\":2560,\"height\":939},{\"@type\":\"BreadcrumbList\",\"@id\":\"https:\/\/www.omis.net\/fr-fr\/pourquoi-choisir-un-palan-omis\/#breadcrumb\",\"itemListElement\":[{\"@type\":\"ListItem\",\"position\":1,\"name\":\"Home\",\"item\":\"https:\/\/www.omis.net\/fr-fr\/\"},{\"@type\":\"ListItem\",\"position\":2,\"name\":\"Pourquoi choisir un palan OMIS\"}]},{\"@type\":\"WebSite\",\"@id\":\"https:\/\/www.omis.net\/it-it\/#website\",\"url\":\"https:\/\/www.omis.net\/it-it\/\",\"name\":\"Omis Spa\",\"description\":\"Movimentazione e sollevamento\",\"publisher\":{\"@id\":\"https:\/\/www.omis.net\/it-it\/#organization\"},\"potentialAction\":[{\"@type\":\"SearchAction\",\"target\":{\"@type\":\"EntryPoint\",\"urlTemplate\":\"https:\/\/www.omis.net\/it-it\/?s={search_term_string}\"},\"query-input\":{\"@type\":\"PropertyValueSpecification\",\"valueRequired\":true,\"valueName\":\"search_term_string\"}}],\"inLanguage\":\"fr-fr\"},{\"@type\":\"Organization\",\"@id\":\"https:\/\/www.omis.net\/it-it\/#organization\",\"name\":\"Omis Spa\",\"url\":\"https:\/\/www.omis.net\/it-it\/\",\"logo\":{\"@type\":\"ImageObject\",\"inLanguage\":\"fr-fr\",\"@id\":\"https:\/\/www.omis.net\/it-it\/#\/schema\/logo\/image\/\",\"url\":\"https:\/\/media.omis.net\/media\/2024\/08\/logo.jpg\",\"contentUrl\":\"https:\/\/media.omis.net\/media\/2024\/08\/logo.jpg\",\"width\":300,\"height\":300,\"caption\":\"Omis Spa\"},\"image\":{\"@id\":\"https:\/\/www.omis.net\/it-it\/#\/schema\/logo\/image\/\"},\"sameAs\":[\"https:\/\/www.facebook.com\/omisgroup\",\"https:\/\/www.linkedin.com\/company\/omis-group\",\"https:\/\/www.youtube.com\/channel\/UCS4L59XDk3kKBI9MnjuxWDw\",\"https:\/\/www.instagram.com\/omisgroup\"]},{\"@type\":\"Person\",\"@id\":\"https:\/\/www.omis.net\/it-it\/#\/schema\/person\/d879f22848c32ab5477b205242a9efbc\",\"name\":\"g.detoni@omis.net\",\"image\":{\"@type\":\"ImageObject\",\"inLanguage\":\"fr-fr\",\"@id\":\"https:\/\/www.omis.net\/it-it\/#\/schema\/person\/image\/\",\"url\":\"https:\/\/secure.gravatar.com\/avatar\/944de1d0e50bc1191fdf1b966364a084?s=96&d=mm&r=g\",\"contentUrl\":\"https:\/\/secure.gravatar.com\/avatar\/944de1d0e50bc1191fdf1b966364a084?s=96&d=mm&r=g\",\"caption\":\"g.detoni@omis.net\"}}]}<\/script>\n<!-- \/ Yoast SEO plugin. -->","yoast_head_json":{"title":"Pourquoi choisir un palan OMIS | News by OMIS","robots":{"index":"index","follow":"follow","max-snippet":"max-snippet:-1","max-image-preview":"max-image-preview:large","max-video-preview":"max-video-preview:-1"},"og_locale":"fr_FR","og_type":"article","og_title":"Pourquoi choisir un palan OMIS | News by OMIS","og_url":"https:\/\/www.omis.net\/fr-fr\/pourquoi-choisir-un-palan-omis\/","og_site_name":"Omis Spa","article_publisher":"https:\/\/www.facebook.com\/omisgroup","article_published_time":"2025-06-03T10:15:21+00:00","article_modified_time":"2025-06-03T11:25:55+00:00","og_image":[{"width":2560,"height":939,"url":"https:\/\/media.omis.net\/media\/2025\/06\/site-h-hoist-scaled.jpg","type":"image\/jpeg"}],"author":"g.detoni@omis.net","twitter_card":"summary_large_image","twitter_misc":{"Written by":"g.detoni@omis.net","Est. reading time":"1 minute"},"schema":{"@context":"https:\/\/schema.org","@graph":[{"@type":"Article","@id":"https:\/\/www.omis.net\/fr-fr\/pourquoi-choisir-un-palan-omis\/#article","isPartOf":{"@id":"https:\/\/www.omis.net\/fr-fr\/pourquoi-choisir-un-palan-omis\/"},"author":{"name":"g.detoni@omis.net","@id":"https:\/\/www.omis.net\/it-it\/#\/schema\/person\/d879f22848c32ab5477b205242a9efbc"},"headline":"Pourquoi choisir un palan OMIS","datePublished":"2025-06-03T10:15:21+00:00","dateModified":"2025-06-03T11:25:55+00:00","mainEntityOfPage":{"@id":"https:\/\/www.omis.net\/fr-fr\/pourquoi-choisir-un-palan-omis\/"},"wordCount":143,"publisher":{"@id":"https:\/\/www.omis.net\/it-it\/#organization"},"image":{"@id":"https:\/\/www.omis.net\/fr-fr\/pourquoi-choisir-un-palan-omis\/#primaryimage"},"thumbnailUrl":"https:\/\/media.omis.net\/media\/2025\/06\/site-h-hoist-scaled.jpg","keywords":["omisborntolift","omiscranes","omisgroup"],"articleSection":["Produits"],"inLanguage":"fr-fr"},{"@type":"WebPage","@id":"https:\/\/www.omis.net\/fr-fr\/pourquoi-choisir-un-palan-omis\/","url":"https:\/\/www.omis.net\/fr-fr\/pourquoi-choisir-un-palan-omis\/","name":"Pourquoi choisir un palan OMIS | News by OMIS","isPartOf":{"@id":"https:\/\/www.omis.net\/it-it\/#website"},"primaryImageOfPage":{"@id":"https:\/\/www.omis.net\/fr-fr\/pourquoi-choisir-un-palan-omis\/#primaryimage"},"image":{"@id":"https:\/\/www.omis.net\/fr-fr\/pourquoi-choisir-un-palan-omis\/#primaryimage"},"thumbnailUrl":"https:\/\/media.omis.net\/media\/2025\/06\/site-h-hoist-scaled.jpg","datePublished":"2025-06-03T10:15:21+00:00","dateModified":"2025-06-03T11:25:55+00:00","breadcrumb":{"@id":"https:\/\/www.omis.net\/fr-fr\/pourquoi-choisir-un-palan-omis\/#breadcrumb"},"inLanguage":"fr-fr","potentialAction":[{"@type":"ReadAction","target":["https:\/\/www.omis.net\/fr-fr\/pourquoi-choisir-un-palan-omis\/"]}]},{"@type":"ImageObject","inLanguage":"fr-fr","@id":"https:\/\/www.omis.net\/fr-fr\/pourquoi-choisir-un-palan-omis\/#primaryimage","url":"https:\/\/media.omis.net\/media\/2025\/06\/site-h-hoist-scaled.jpg","contentUrl":"https:\/\/media.omis.net\/media\/2025\/06\/site-h-hoist-scaled.jpg","width":2560,"height":939},{"@type":"BreadcrumbList","@id":"https:\/\/www.omis.net\/fr-fr\/pourquoi-choisir-un-palan-omis\/#breadcrumb","itemListElement":[{"@type":"ListItem","position":1,"name":"Home","item":"https:\/\/www.omis.net\/fr-fr\/"},{"@type":"ListItem","position":2,"name":"Pourquoi choisir un palan OMIS"}]},{"@type":"WebSite","@id":"https:\/\/www.omis.net\/it-it\/#website","url":"https:\/\/www.omis.net\/it-it\/","name":"Omis Spa","description":"Movimentazione e sollevamento","publisher":{"@id":"https:\/\/www.omis.net\/it-it\/#organization"},"potentialAction":[{"@type":"SearchAction","target":{"@type":"EntryPoint","urlTemplate":"https:\/\/www.omis.net\/it-it\/?s={search_term_string}"},"query-input":{"@type":"PropertyValueSpecification","valueRequired":true,"valueName":"search_term_string"}}],"inLanguage":"fr-fr"},{"@type":"Organization","@id":"https:\/\/www.omis.net\/it-it\/#organization","name":"Omis Spa","url":"https:\/\/www.omis.net\/it-it\/","logo":{"@type":"ImageObject","inLanguage":"fr-fr","@id":"https:\/\/www.omis.net\/it-it\/#\/schema\/logo\/image\/","url":"https:\/\/media.omis.net\/media\/2024\/08\/logo.jpg","contentUrl":"https:\/\/media.omis.net\/media\/2024\/08\/logo.jpg","width":300,"height":300,"caption":"Omis Spa"},"image":{"@id":"https:\/\/www.omis.net\/it-it\/#\/schema\/logo\/image\/"},"sameAs":["https:\/\/www.facebook.com\/omisgroup","https:\/\/www.linkedin.com\/company\/omis-group","https:\/\/www.youtube.com\/channel\/UCS4L59XDk3kKBI9MnjuxWDw","https:\/\/www.instagram.com\/omisgroup"]},{"@type":"Person","@id":"https:\/\/www.omis.net\/it-it\/#\/schema\/person\/d879f22848c32ab5477b205242a9efbc","name":"g.detoni@omis.net","image":{"@type":"ImageObject","inLanguage":"fr-fr","@id":"https:\/\/www.omis.net\/it-it\/#\/schema\/person\/image\/","url":"https:\/\/secure.gravatar.com\/avatar\/944de1d0e50bc1191fdf1b966364a084?s=96&d=mm&r=g","contentUrl":"https:\/\/secure.gravatar.com\/avatar\/944de1d0e50bc1191fdf1b966364a084?s=96&d=mm&r=g","caption":"g.detoni@omis.net"}}]}},"_links":{"self":[{"href":"https:\/\/www.omis.net\/fr-fr\/wp-json\/wp\/v2\/posts\/18131"}],"collection":[{"href":"https:\/\/www.omis.net\/fr-fr\/wp-json\/wp\/v2\/posts"}],"about":[{"href":"https:\/\/www.omis.net\/fr-fr\/wp-json\/wp\/v2\/types\/post"}],"author":[{"embeddable":true,"href":"https:\/\/www.omis.net\/fr-fr\/wp-json\/wp\/v2\/users\/725"}],"replies":[{"embeddable":true,"href":"https:\/\/www.omis.net\/fr-fr\/wp-json\/wp\/v2\/comments?post=18131"}],"version-history":[{"count":4,"href":"https:\/\/www.omis.net\/fr-fr\/wp-json\/wp\/v2\/posts\/18131\/revisions"}],"predecessor-version":[{"id":18158,"href":"https:\/\/www.omis.net\/fr-fr\/wp-json\/wp\/v2\/posts\/18131\/revisions\/18158"}],"wp:featuredmedia":[{"embeddable":true,"href":"https:\/\/www.omis.net\/fr-fr\/wp-json\/wp\/v2\/media\/18074"}],"wp:attachment":[{"href":"https:\/\/www.omis.net\/fr-fr\/wp-json\/wp\/v2\/media?parent=18131"}],"wp:term":[{"taxonomy":"category","embeddable":true,"href":"https:\/\/www.omis.net\/fr-fr\/wp-json\/wp\/v2\/categories?post=18131"},{"taxonomy":"post_tag","embeddable":true,"href":"https:\/\/www.omis.net\/fr-fr\/wp-json\/wp\/v2\/tags?post=18131"},{"taxonomy":"tipologia-prodotto","embeddable":true,"href":"https:\/\/www.omis.net\/fr-fr\/wp-json\/wp\/v2\/tipologia-prodotto?post=18131"}],"curies":[{"name":"wp","href":"https:\/\/api.w.org\/{rel}","templated":true}]}}