{"id":16946,"date":"2024-11-13T01:00:00","date_gmt":"2024-11-13T00:00:00","guid":{"rendered":"https:\/\/www.omis.net\/journee-mondiale-de-la-gentillesse\/"},"modified":"2025-02-04T08:44:27","modified_gmt":"2025-02-04T07:44:27","slug":"journee-mondiale-de-la-gentillesse","status":"publish","type":"post","link":"https:\/\/www.omis.net\/fr-fr\/journee-mondiale-de-la-gentillesse\/","title":{"rendered":"Journ\u00e9e mondiale de la gentillesse"},"content":{"rendered":"<p>Chez OMIS, la gentillesse va au-del\u00e0 d&#8217;un simple geste : c&#8217;est une valeur qui influence tous les aspects de notre travail. Aujourd&#8217;hui, nous c\u00e9l\u00e9brons l&#8217;importance de cr\u00e9er un environnement de travail positif, o\u00f9 le respect et la collaboration sont fondamentaux dans chaque relation. Dans un environnement o\u00f9 chaque id\u00e9e compte, la gentillesse favorise une atmosph\u00e8re stimulante, stimulant le moral et la cr\u00e9ativit\u00e9 de notre \u00e9quipe.<\/p>","protected":false},"excerpt":{"rendered":"<p>Chez OMIS, la gentillesse va au-del\u00e0 d&#8217;un simple geste : c&#8217;est une valeur qui influence tous les aspects de notre travail. Aujourd&#8217;hui, nous c\u00e9l\u00e9brons l&#8217;importance de cr\u00e9er un environnement de travail positif, o\u00f9 le respect et la collaboration sont fondamentaux dans chaque relation. Dans un environnement o\u00f9 chaque id\u00e9e compte, la gentillesse favorise une atmosph\u00e8re [&hellip;]<\/p>\n","protected":false},"author":2,"featured_media":16631,"comment_status":"closed","ping_status":"closed","sticky":false,"template":"","format":"standard","meta":{"_acf_changed":false,"footnotes":""},"categories":[650],"tags":[272,389,289,275],"tipologia-prodotto":[],"class_list":["post-16946","post","type-post","status-publish","format-standard","has-post-thumbnail","hentry","category-weareomis-fr","tag-omisborntolift","tag-omisgroup","tag-weareomis","tag-welightenlifetogrowtogether"],"acf":{"import_csv_id":"94","seo_title":"Journ\u00e9e mondiale de la gentillesse | News by OMIS","seo_description":"Journ\u00e9e mondiale de la gentillesse. Lire la news | OMIS"},"yoast_head":"<!-- This site is optimized with the Yoast SEO plugin v23.9 - https:\/\/yoast.com\/wordpress\/plugins\/seo\/ -->\n<title>Journ\u00e9e mondiale de la gentillesse | News by OMIS<\/title>\n<meta name=\"description\" content=\"Journ\u00e9e mondiale de la gentillesse. Lire la news | OMIS\" \/>\n<meta name=\"robots\" content=\"index, follow, max-snippet:-1, max-image-preview:large, max-video-preview:-1\" \/>\n<meta property=\"og:locale\" content=\"fr_FR\" \/>\n<meta property=\"og:type\" content=\"article\" \/>\n<meta property=\"og:title\" content=\"Journ\u00e9e mondiale de la gentillesse | News by OMIS\" \/>\n<meta property=\"og:description\" content=\"Journ\u00e9e mondiale de la gentillesse. Lire la news | OMIS\" \/>\n<meta property=\"og:url\" content=\"https:\/\/www.omis.net\/fr-fr\/journee-mondiale-de-la-gentillesse\/\" \/>\n<meta property=\"og:site_name\" content=\"Omis Spa\" \/>\n<meta property=\"article:publisher\" content=\"https:\/\/www.facebook.com\/omisgroup\" \/>\n<meta property=\"article:published_time\" content=\"2024-11-13T00:00:00+00:00\" \/>\n<meta property=\"article:modified_time\" content=\"2025-02-04T07:44:27+00:00\" \/>\n<meta property=\"og:image\" content=\"https:\/\/media.omis.net\/media\/2024\/11\/world-kindness-day-omis-scaled.webp\" \/>\n\t<meta property=\"og:image:width\" content=\"2560\" \/>\n\t<meta property=\"og:image:height\" content=\"1839\" \/>\n\t<meta property=\"og:image:type\" content=\"image\/webp\" \/>\n<meta name=\"author\" content=\"AQuest\" \/>\n<meta name=\"twitter:card\" content=\"summary_large_image\" \/>\n<meta name=\"twitter:label1\" content=\"Written by\" \/>\n\t<meta name=\"twitter:data1\" content=\"AQuest\" \/>\n\t<meta name=\"twitter:label2\" content=\"Est. reading time\" \/>\n\t<meta name=\"twitter:data2\" content=\"1 minute\" \/>\n<script type=\"application\/ld+json\" class=\"yoast-schema-graph\">{\"@context\":\"https:\/\/schema.org\",\"@graph\":[{\"@type\":\"Article\",\"@id\":\"https:\/\/www.omis.net\/fr-fr\/journee-mondiale-de-la-gentillesse\/#article\",\"isPartOf\":{\"@id\":\"https:\/\/www.omis.net\/fr-fr\/journee-mondiale-de-la-gentillesse\/\"},\"author\":{\"name\":\"AQuest\",\"@id\":\"https:\/\/www.omis.net\/it-it\/#\/schema\/person\/a84b31c39ee8e2b060f51cb288b0c8f4\"},\"headline\":\"Journ\u00e9e mondiale de la gentillesse\",\"datePublished\":\"2024-11-13T00:00:00+00:00\",\"dateModified\":\"2025-02-04T07:44:27+00:00\",\"mainEntityOfPage\":{\"@id\":\"https:\/\/www.omis.net\/fr-fr\/journee-mondiale-de-la-gentillesse\/\"},\"wordCount\":80,\"publisher\":{\"@id\":\"https:\/\/www.omis.net\/it-it\/#organization\"},\"image\":{\"@id\":\"https:\/\/www.omis.net\/fr-fr\/journee-mondiale-de-la-gentillesse\/#primaryimage\"},\"thumbnailUrl\":\"https:\/\/media.omis.net\/media\/2024\/11\/world-kindness-day-omis-scaled.webp\",\"keywords\":[\"omisborntolift\",\"omisgroup\",\"weareomis\",\"WeLightenLifeToGrowTogether\"],\"articleSection\":[\"WeAreOMIS\"],\"inLanguage\":\"fr-fr\"},{\"@type\":\"WebPage\",\"@id\":\"https:\/\/www.omis.net\/fr-fr\/journee-mondiale-de-la-gentillesse\/\",\"url\":\"https:\/\/www.omis.net\/fr-fr\/journee-mondiale-de-la-gentillesse\/\",\"name\":\"Journ\u00e9e mondiale de la gentillesse | News by OMIS\",\"isPartOf\":{\"@id\":\"https:\/\/www.omis.net\/it-it\/#website\"},\"primaryImageOfPage\":{\"@id\":\"https:\/\/www.omis.net\/fr-fr\/journee-mondiale-de-la-gentillesse\/#primaryimage\"},\"image\":{\"@id\":\"https:\/\/www.omis.net\/fr-fr\/journee-mondiale-de-la-gentillesse\/#primaryimage\"},\"thumbnailUrl\":\"https:\/\/media.omis.net\/media\/2024\/11\/world-kindness-day-omis-scaled.webp\",\"datePublished\":\"2024-11-13T00:00:00+00:00\",\"dateModified\":\"2025-02-04T07:44:27+00:00\",\"description\":\"Journ\u00e9e mondiale de la gentillesse. Lire la news | OMIS\",\"breadcrumb\":{\"@id\":\"https:\/\/www.omis.net\/fr-fr\/journee-mondiale-de-la-gentillesse\/#breadcrumb\"},\"inLanguage\":\"fr-fr\",\"potentialAction\":[{\"@type\":\"ReadAction\",\"target\":[\"https:\/\/www.omis.net\/fr-fr\/journee-mondiale-de-la-gentillesse\/\"]}]},{\"@type\":\"ImageObject\",\"inLanguage\":\"fr-fr\",\"@id\":\"https:\/\/www.omis.net\/fr-fr\/journee-mondiale-de-la-gentillesse\/#primaryimage\",\"url\":\"https:\/\/media.omis.net\/media\/2024\/11\/world-kindness-day-omis-scaled.webp\",\"contentUrl\":\"https:\/\/media.omis.net\/media\/2024\/11\/world-kindness-day-omis-scaled.webp\",\"width\":2560,\"height\":1839},{\"@type\":\"BreadcrumbList\",\"@id\":\"https:\/\/www.omis.net\/fr-fr\/journee-mondiale-de-la-gentillesse\/#breadcrumb\",\"itemListElement\":[{\"@type\":\"ListItem\",\"position\":1,\"name\":\"Home\",\"item\":\"https:\/\/www.omis.net\/fr-fr\/\"},{\"@type\":\"ListItem\",\"position\":2,\"name\":\"Journ\u00e9e mondiale de la gentillesse\"}]},{\"@type\":\"WebSite\",\"@id\":\"https:\/\/www.omis.net\/it-it\/#website\",\"url\":\"https:\/\/www.omis.net\/it-it\/\",\"name\":\"Omis Spa\",\"description\":\"Movimentazione e sollevamento\",\"publisher\":{\"@id\":\"https:\/\/www.omis.net\/it-it\/#organization\"},\"potentialAction\":[{\"@type\":\"SearchAction\",\"target\":{\"@type\":\"EntryPoint\",\"urlTemplate\":\"https:\/\/www.omis.net\/it-it\/?s={search_term_string}\"},\"query-input\":{\"@type\":\"PropertyValueSpecification\",\"valueRequired\":true,\"valueName\":\"search_term_string\"}}],\"inLanguage\":\"fr-fr\"},{\"@type\":\"Organization\",\"@id\":\"https:\/\/www.omis.net\/it-it\/#organization\",\"name\":\"Omis Spa\",\"url\":\"https:\/\/www.omis.net\/it-it\/\",\"logo\":{\"@type\":\"ImageObject\",\"inLanguage\":\"fr-fr\",\"@id\":\"https:\/\/www.omis.net\/it-it\/#\/schema\/logo\/image\/\",\"url\":\"https:\/\/media.omis.net\/media\/2024\/08\/logo.jpg\",\"contentUrl\":\"https:\/\/media.omis.net\/media\/2024\/08\/logo.jpg\",\"width\":300,\"height\":300,\"caption\":\"Omis Spa\"},\"image\":{\"@id\":\"https:\/\/www.omis.net\/it-it\/#\/schema\/logo\/image\/\"},\"sameAs\":[\"https:\/\/www.facebook.com\/omisgroup\",\"https:\/\/www.linkedin.com\/company\/omis-group\",\"https:\/\/www.youtube.com\/channel\/UCS4L59XDk3kKBI9MnjuxWDw\",\"https:\/\/www.instagram.com\/omisgroup\"]},{\"@type\":\"Person\",\"@id\":\"https:\/\/www.omis.net\/it-it\/#\/schema\/person\/a84b31c39ee8e2b060f51cb288b0c8f4\",\"name\":\"AQuest\",\"image\":{\"@type\":\"ImageObject\",\"inLanguage\":\"fr-fr\",\"@id\":\"https:\/\/www.omis.net\/it-it\/#\/schema\/person\/image\/\",\"url\":\"https:\/\/secure.gravatar.com\/avatar\/189fc3cdb8260330afd047b6aaa36a00?s=96&d=mm&r=g\",\"contentUrl\":\"https:\/\/secure.gravatar.com\/avatar\/189fc3cdb8260330afd047b6aaa36a00?s=96&d=mm&r=g\",\"caption\":\"AQuest\"}}]}<\/script>\n<!-- \/ Yoast SEO plugin. -->","yoast_head_json":{"title":"Journ\u00e9e mondiale de la gentillesse | News by OMIS","description":"Journ\u00e9e mondiale de la gentillesse. Lire la news | OMIS","robots":{"index":"index","follow":"follow","max-snippet":"max-snippet:-1","max-image-preview":"max-image-preview:large","max-video-preview":"max-video-preview:-1"},"og_locale":"fr_FR","og_type":"article","og_title":"Journ\u00e9e mondiale de la gentillesse | News by OMIS","og_description":"Journ\u00e9e mondiale de la gentillesse. Lire la news | OMIS","og_url":"https:\/\/www.omis.net\/fr-fr\/journee-mondiale-de-la-gentillesse\/","og_site_name":"Omis Spa","article_publisher":"https:\/\/www.facebook.com\/omisgroup","article_published_time":"2024-11-13T00:00:00+00:00","article_modified_time":"2025-02-04T07:44:27+00:00","og_image":[{"width":2560,"height":1839,"url":"https:\/\/media.omis.net\/media\/2024\/11\/world-kindness-day-omis-scaled.webp","type":"image\/webp"}],"author":"AQuest","twitter_card":"summary_large_image","twitter_misc":{"Written by":"AQuest","Est. reading time":"1 minute"},"schema":{"@context":"https:\/\/schema.org","@graph":[{"@type":"Article","@id":"https:\/\/www.omis.net\/fr-fr\/journee-mondiale-de-la-gentillesse\/#article","isPartOf":{"@id":"https:\/\/www.omis.net\/fr-fr\/journee-mondiale-de-la-gentillesse\/"},"author":{"name":"AQuest","@id":"https:\/\/www.omis.net\/it-it\/#\/schema\/person\/a84b31c39ee8e2b060f51cb288b0c8f4"},"headline":"Journ\u00e9e mondiale de la gentillesse","datePublished":"2024-11-13T00:00:00+00:00","dateModified":"2025-02-04T07:44:27+00:00","mainEntityOfPage":{"@id":"https:\/\/www.omis.net\/fr-fr\/journee-mondiale-de-la-gentillesse\/"},"wordCount":80,"publisher":{"@id":"https:\/\/www.omis.net\/it-it\/#organization"},"image":{"@id":"https:\/\/www.omis.net\/fr-fr\/journee-mondiale-de-la-gentillesse\/#primaryimage"},"thumbnailUrl":"https:\/\/media.omis.net\/media\/2024\/11\/world-kindness-day-omis-scaled.webp","keywords":["omisborntolift","omisgroup","weareomis","WeLightenLifeToGrowTogether"],"articleSection":["WeAreOMIS"],"inLanguage":"fr-fr"},{"@type":"WebPage","@id":"https:\/\/www.omis.net\/fr-fr\/journee-mondiale-de-la-gentillesse\/","url":"https:\/\/www.omis.net\/fr-fr\/journee-mondiale-de-la-gentillesse\/","name":"Journ\u00e9e mondiale de la gentillesse | News by OMIS","isPartOf":{"@id":"https:\/\/www.omis.net\/it-it\/#website"},"primaryImageOfPage":{"@id":"https:\/\/www.omis.net\/fr-fr\/journee-mondiale-de-la-gentillesse\/#primaryimage"},"image":{"@id":"https:\/\/www.omis.net\/fr-fr\/journee-mondiale-de-la-gentillesse\/#primaryimage"},"thumbnailUrl":"https:\/\/media.omis.net\/media\/2024\/11\/world-kindness-day-omis-scaled.webp","datePublished":"2024-11-13T00:00:00+00:00","dateModified":"2025-02-04T07:44:27+00:00","description":"Journ\u00e9e mondiale de la gentillesse. Lire la news | OMIS","breadcrumb":{"@id":"https:\/\/www.omis.net\/fr-fr\/journee-mondiale-de-la-gentillesse\/#breadcrumb"},"inLanguage":"fr-fr","potentialAction":[{"@type":"ReadAction","target":["https:\/\/www.omis.net\/fr-fr\/journee-mondiale-de-la-gentillesse\/"]}]},{"@type":"ImageObject","inLanguage":"fr-fr","@id":"https:\/\/www.omis.net\/fr-fr\/journee-mondiale-de-la-gentillesse\/#primaryimage","url":"https:\/\/media.omis.net\/media\/2024\/11\/world-kindness-day-omis-scaled.webp","contentUrl":"https:\/\/media.omis.net\/media\/2024\/11\/world-kindness-day-omis-scaled.webp","width":2560,"height":1839},{"@type":"BreadcrumbList","@id":"https:\/\/www.omis.net\/fr-fr\/journee-mondiale-de-la-gentillesse\/#breadcrumb","itemListElement":[{"@type":"ListItem","position":1,"name":"Home","item":"https:\/\/www.omis.net\/fr-fr\/"},{"@type":"ListItem","position":2,"name":"Journ\u00e9e mondiale de la gentillesse"}]},{"@type":"WebSite","@id":"https:\/\/www.omis.net\/it-it\/#website","url":"https:\/\/www.omis.net\/it-it\/","name":"Omis Spa","description":"Movimentazione e sollevamento","publisher":{"@id":"https:\/\/www.omis.net\/it-it\/#organization"},"potentialAction":[{"@type":"SearchAction","target":{"@type":"EntryPoint","urlTemplate":"https:\/\/www.omis.net\/it-it\/?s={search_term_string}"},"query-input":{"@type":"PropertyValueSpecification","valueRequired":true,"valueName":"search_term_string"}}],"inLanguage":"fr-fr"},{"@type":"Organization","@id":"https:\/\/www.omis.net\/it-it\/#organization","name":"Omis Spa","url":"https:\/\/www.omis.net\/it-it\/","logo":{"@type":"ImageObject","inLanguage":"fr-fr","@id":"https:\/\/www.omis.net\/it-it\/#\/schema\/logo\/image\/","url":"https:\/\/media.omis.net\/media\/2024\/08\/logo.jpg","contentUrl":"https:\/\/media.omis.net\/media\/2024\/08\/logo.jpg","width":300,"height":300,"caption":"Omis Spa"},"image":{"@id":"https:\/\/www.omis.net\/it-it\/#\/schema\/logo\/image\/"},"sameAs":["https:\/\/www.facebook.com\/omisgroup","https:\/\/www.linkedin.com\/company\/omis-group","https:\/\/www.youtube.com\/channel\/UCS4L59XDk3kKBI9MnjuxWDw","https:\/\/www.instagram.com\/omisgroup"]},{"@type":"Person","@id":"https:\/\/www.omis.net\/it-it\/#\/schema\/person\/a84b31c39ee8e2b060f51cb288b0c8f4","name":"AQuest","image":{"@type":"ImageObject","inLanguage":"fr-fr","@id":"https:\/\/www.omis.net\/it-it\/#\/schema\/person\/image\/","url":"https:\/\/secure.gravatar.com\/avatar\/189fc3cdb8260330afd047b6aaa36a00?s=96&d=mm&r=g","contentUrl":"https:\/\/secure.gravatar.com\/avatar\/189fc3cdb8260330afd047b6aaa36a00?s=96&d=mm&r=g","caption":"AQuest"}}]}},"_links":{"self":[{"href":"https:\/\/www.omis.net\/fr-fr\/wp-json\/wp\/v2\/posts\/16946"}],"collection":[{"href":"https:\/\/www.omis.net\/fr-fr\/wp-json\/wp\/v2\/posts"}],"about":[{"href":"https:\/\/www.omis.net\/fr-fr\/wp-json\/wp\/v2\/types\/post"}],"author":[{"embeddable":true,"href":"https:\/\/www.omis.net\/fr-fr\/wp-json\/wp\/v2\/users\/2"}],"replies":[{"embeddable":true,"href":"https:\/\/www.omis.net\/fr-fr\/wp-json\/wp\/v2\/comments?post=16946"}],"version-history":[{"count":1,"href":"https:\/\/www.omis.net\/fr-fr\/wp-json\/wp\/v2\/posts\/16946\/revisions"}],"predecessor-version":[{"id":17192,"href":"https:\/\/www.omis.net\/fr-fr\/wp-json\/wp\/v2\/posts\/16946\/revisions\/17192"}],"wp:featuredmedia":[{"embeddable":true,"href":"https:\/\/www.omis.net\/fr-fr\/wp-json\/wp\/v2\/media\/16631"}],"wp:attachment":[{"href":"https:\/\/www.omis.net\/fr-fr\/wp-json\/wp\/v2\/media?parent=16946"}],"wp:term":[{"taxonomy":"category","embeddable":true,"href":"https:\/\/www.omis.net\/fr-fr\/wp-json\/wp\/v2\/categories?post=16946"},{"taxonomy":"post_tag","embeddable":true,"href":"https:\/\/www.omis.net\/fr-fr\/wp-json\/wp\/v2\/tags?post=16946"},{"taxonomy":"tipologia-prodotto","embeddable":true,"href":"https:\/\/www.omis.net\/fr-fr\/wp-json\/wp\/v2\/tipologia-prodotto?post=16946"}],"curies":[{"name":"wp","href":"https:\/\/api.w.org\/{rel}","templated":true}]}}