{"id":16937,"date":"2024-09-21T02:00:00","date_gmt":"2024-09-21T00:00:00","guid":{"rendered":"https:\/\/www.omis.net\/journee-internationale-de-la-paix\/"},"modified":"2025-02-04T08:52:04","modified_gmt":"2025-02-04T07:52:04","slug":"journee-internationale-de-la-paix","status":"publish","type":"post","link":"https:\/\/www.omis.net\/fr-fr\/journee-internationale-de-la-paix\/","title":{"rendered":"Journ\u00e9e internationale de la paix"},"content":{"rendered":"<p>L&#8217;innovation d&#8217;OMIS n&#8217;est pas seulement une question de performance, mais aussi de cr\u00e9ation de la paix par le partage et le respect. Chaque jour, nous nous effor\u00e7ons de repousser les limites du levage industriel en collaborant avec passion et responsabilit\u00e9 mutuelle. Notre objectif n&#8217;est pas seulement de red\u00e9finir l&#8217;excellence en mati\u00e8re de manutention, mais aussi d&#8217;inspirer et de grandir avec les communaut\u00e9s qui nous soutiennent, en construisant un avenir meilleur.<\/p>","protected":false},"excerpt":{"rendered":"<p>L&#8217;innovation d&#8217;OMIS n&#8217;est pas seulement une question de performance, mais aussi de cr\u00e9ation de la paix par le partage et le respect. Chaque jour, nous nous effor\u00e7ons de repousser les limites du levage industriel en collaborant avec passion et responsabilit\u00e9 mutuelle. Notre objectif n&#8217;est pas seulement de red\u00e9finir l&#8217;excellence en mati\u00e8re de manutention, mais aussi [&hellip;]<\/p>\n","protected":false},"author":2,"featured_media":16401,"comment_status":"closed","ping_status":"closed","sticky":false,"template":"","format":"standard","meta":{"_acf_changed":false,"footnotes":""},"categories":[650],"tags":[281,1138,1139,274,272,389],"tipologia-prodotto":[],"class_list":["post-16937","post","type-post","status-publish","format-standard","has-post-thumbnail","hentry","category-weareomis-fr","tag-cranes","tag-hoists","tag-internationaldayofpeace","tag-liftingsolutions","tag-omisborntolift","tag-omisgroup"],"acf":{"import_csv_id":"85","seo_title":"Journ\u00e9e internationale de la paix | News by OMIS","seo_description":"Journ\u00e9e internationale de la paix. Lire la news | OMIS"},"yoast_head":"<!-- This site is optimized with the Yoast SEO plugin v23.9 - https:\/\/yoast.com\/wordpress\/plugins\/seo\/ -->\n<title>Journ\u00e9e internationale de la paix | News by OMIS<\/title>\n<meta name=\"description\" content=\"Journ\u00e9e internationale de la paix. Lire la news | OMIS\" \/>\n<meta name=\"robots\" content=\"index, follow, max-snippet:-1, max-image-preview:large, max-video-preview:-1\" \/>\n<meta property=\"og:locale\" content=\"fr_FR\" \/>\n<meta property=\"og:type\" content=\"article\" \/>\n<meta property=\"og:title\" content=\"Journ\u00e9e internationale de la paix | News by OMIS\" \/>\n<meta property=\"og:description\" content=\"Journ\u00e9e internationale de la paix. Lire la news | OMIS\" \/>\n<meta property=\"og:url\" content=\"https:\/\/www.omis.net\/fr-fr\/journee-internationale-de-la-paix\/\" \/>\n<meta property=\"og:site_name\" content=\"Omis Spa\" \/>\n<meta property=\"article:publisher\" content=\"https:\/\/www.facebook.com\/omisgroup\" \/>\n<meta property=\"article:published_time\" content=\"2024-09-21T00:00:00+00:00\" \/>\n<meta property=\"article:modified_time\" content=\"2025-02-04T07:52:04+00:00\" \/>\n<meta property=\"og:image\" content=\"https:\/\/media.omis.net\/media\/2024\/09\/international-day-of-peace-group-omis-scaled.webp\" \/>\n\t<meta property=\"og:image:width\" content=\"2560\" \/>\n\t<meta property=\"og:image:height\" content=\"1839\" \/>\n\t<meta property=\"og:image:type\" content=\"image\/webp\" \/>\n<meta name=\"author\" content=\"AQuest\" \/>\n<meta name=\"twitter:card\" content=\"summary_large_image\" \/>\n<meta name=\"twitter:label1\" content=\"Written by\" \/>\n\t<meta name=\"twitter:data1\" content=\"AQuest\" \/>\n\t<meta name=\"twitter:label2\" content=\"Est. reading time\" \/>\n\t<meta name=\"twitter:data2\" content=\"1 minute\" \/>\n<script type=\"application\/ld+json\" class=\"yoast-schema-graph\">{\"@context\":\"https:\/\/schema.org\",\"@graph\":[{\"@type\":\"Article\",\"@id\":\"https:\/\/www.omis.net\/fr-fr\/journee-internationale-de-la-paix\/#article\",\"isPartOf\":{\"@id\":\"https:\/\/www.omis.net\/fr-fr\/journee-internationale-de-la-paix\/\"},\"author\":{\"name\":\"AQuest\",\"@id\":\"https:\/\/www.omis.net\/it-it\/#\/schema\/person\/a84b31c39ee8e2b060f51cb288b0c8f4\"},\"headline\":\"Journ\u00e9e internationale de la paix\",\"datePublished\":\"2024-09-21T00:00:00+00:00\",\"dateModified\":\"2025-02-04T07:52:04+00:00\",\"mainEntityOfPage\":{\"@id\":\"https:\/\/www.omis.net\/fr-fr\/journee-internationale-de-la-paix\/\"},\"wordCount\":87,\"publisher\":{\"@id\":\"https:\/\/www.omis.net\/it-it\/#organization\"},\"image\":{\"@id\":\"https:\/\/www.omis.net\/fr-fr\/journee-internationale-de-la-paix\/#primaryimage\"},\"thumbnailUrl\":\"https:\/\/media.omis.net\/media\/2024\/09\/international-day-of-peace-group-omis-scaled.webp\",\"keywords\":[\"cranes\",\"hoists\",\"InternationalDayOfPeace\",\"liftingsolutions\",\"omisborntolift\",\"omisgroup\"],\"articleSection\":[\"WeAreOMIS\"],\"inLanguage\":\"fr-fr\"},{\"@type\":\"WebPage\",\"@id\":\"https:\/\/www.omis.net\/fr-fr\/journee-internationale-de-la-paix\/\",\"url\":\"https:\/\/www.omis.net\/fr-fr\/journee-internationale-de-la-paix\/\",\"name\":\"Journ\u00e9e internationale de la paix | News by OMIS\",\"isPartOf\":{\"@id\":\"https:\/\/www.omis.net\/it-it\/#website\"},\"primaryImageOfPage\":{\"@id\":\"https:\/\/www.omis.net\/fr-fr\/journee-internationale-de-la-paix\/#primaryimage\"},\"image\":{\"@id\":\"https:\/\/www.omis.net\/fr-fr\/journee-internationale-de-la-paix\/#primaryimage\"},\"thumbnailUrl\":\"https:\/\/media.omis.net\/media\/2024\/09\/international-day-of-peace-group-omis-scaled.webp\",\"datePublished\":\"2024-09-21T00:00:00+00:00\",\"dateModified\":\"2025-02-04T07:52:04+00:00\",\"description\":\"Journ\u00e9e internationale de la paix. Lire la news | OMIS\",\"breadcrumb\":{\"@id\":\"https:\/\/www.omis.net\/fr-fr\/journee-internationale-de-la-paix\/#breadcrumb\"},\"inLanguage\":\"fr-fr\",\"potentialAction\":[{\"@type\":\"ReadAction\",\"target\":[\"https:\/\/www.omis.net\/fr-fr\/journee-internationale-de-la-paix\/\"]}]},{\"@type\":\"ImageObject\",\"inLanguage\":\"fr-fr\",\"@id\":\"https:\/\/www.omis.net\/fr-fr\/journee-internationale-de-la-paix\/#primaryimage\",\"url\":\"https:\/\/media.omis.net\/media\/2024\/09\/international-day-of-peace-group-omis-scaled.webp\",\"contentUrl\":\"https:\/\/media.omis.net\/media\/2024\/09\/international-day-of-peace-group-omis-scaled.webp\",\"width\":2560,\"height\":1839},{\"@type\":\"BreadcrumbList\",\"@id\":\"https:\/\/www.omis.net\/fr-fr\/journee-internationale-de-la-paix\/#breadcrumb\",\"itemListElement\":[{\"@type\":\"ListItem\",\"position\":1,\"name\":\"Home\",\"item\":\"https:\/\/www.omis.net\/fr-fr\/\"},{\"@type\":\"ListItem\",\"position\":2,\"name\":\"Journ\u00e9e internationale de la paix\"}]},{\"@type\":\"WebSite\",\"@id\":\"https:\/\/www.omis.net\/it-it\/#website\",\"url\":\"https:\/\/www.omis.net\/it-it\/\",\"name\":\"Omis Spa\",\"description\":\"Movimentazione e sollevamento\",\"publisher\":{\"@id\":\"https:\/\/www.omis.net\/it-it\/#organization\"},\"potentialAction\":[{\"@type\":\"SearchAction\",\"target\":{\"@type\":\"EntryPoint\",\"urlTemplate\":\"https:\/\/www.omis.net\/it-it\/?s={search_term_string}\"},\"query-input\":{\"@type\":\"PropertyValueSpecification\",\"valueRequired\":true,\"valueName\":\"search_term_string\"}}],\"inLanguage\":\"fr-fr\"},{\"@type\":\"Organization\",\"@id\":\"https:\/\/www.omis.net\/it-it\/#organization\",\"name\":\"Omis Spa\",\"url\":\"https:\/\/www.omis.net\/it-it\/\",\"logo\":{\"@type\":\"ImageObject\",\"inLanguage\":\"fr-fr\",\"@id\":\"https:\/\/www.omis.net\/it-it\/#\/schema\/logo\/image\/\",\"url\":\"https:\/\/media.omis.net\/media\/2024\/08\/logo.jpg\",\"contentUrl\":\"https:\/\/media.omis.net\/media\/2024\/08\/logo.jpg\",\"width\":300,\"height\":300,\"caption\":\"Omis Spa\"},\"image\":{\"@id\":\"https:\/\/www.omis.net\/it-it\/#\/schema\/logo\/image\/\"},\"sameAs\":[\"https:\/\/www.facebook.com\/omisgroup\",\"https:\/\/www.linkedin.com\/company\/omis-group\",\"https:\/\/www.youtube.com\/channel\/UCS4L59XDk3kKBI9MnjuxWDw\",\"https:\/\/www.instagram.com\/omisgroup\"]},{\"@type\":\"Person\",\"@id\":\"https:\/\/www.omis.net\/it-it\/#\/schema\/person\/a84b31c39ee8e2b060f51cb288b0c8f4\",\"name\":\"AQuest\",\"image\":{\"@type\":\"ImageObject\",\"inLanguage\":\"fr-fr\",\"@id\":\"https:\/\/www.omis.net\/it-it\/#\/schema\/person\/image\/\",\"url\":\"https:\/\/secure.gravatar.com\/avatar\/189fc3cdb8260330afd047b6aaa36a00?s=96&d=mm&r=g\",\"contentUrl\":\"https:\/\/secure.gravatar.com\/avatar\/189fc3cdb8260330afd047b6aaa36a00?s=96&d=mm&r=g\",\"caption\":\"AQuest\"}}]}<\/script>\n<!-- \/ Yoast SEO plugin. -->","yoast_head_json":{"title":"Journ\u00e9e internationale de la paix | News by OMIS","description":"Journ\u00e9e internationale de la paix. Lire la news | OMIS","robots":{"index":"index","follow":"follow","max-snippet":"max-snippet:-1","max-image-preview":"max-image-preview:large","max-video-preview":"max-video-preview:-1"},"og_locale":"fr_FR","og_type":"article","og_title":"Journ\u00e9e internationale de la paix | News by OMIS","og_description":"Journ\u00e9e internationale de la paix. Lire la news | OMIS","og_url":"https:\/\/www.omis.net\/fr-fr\/journee-internationale-de-la-paix\/","og_site_name":"Omis Spa","article_publisher":"https:\/\/www.facebook.com\/omisgroup","article_published_time":"2024-09-21T00:00:00+00:00","article_modified_time":"2025-02-04T07:52:04+00:00","og_image":[{"width":2560,"height":1839,"url":"https:\/\/media.omis.net\/media\/2024\/09\/international-day-of-peace-group-omis-scaled.webp","type":"image\/webp"}],"author":"AQuest","twitter_card":"summary_large_image","twitter_misc":{"Written by":"AQuest","Est. reading time":"1 minute"},"schema":{"@context":"https:\/\/schema.org","@graph":[{"@type":"Article","@id":"https:\/\/www.omis.net\/fr-fr\/journee-internationale-de-la-paix\/#article","isPartOf":{"@id":"https:\/\/www.omis.net\/fr-fr\/journee-internationale-de-la-paix\/"},"author":{"name":"AQuest","@id":"https:\/\/www.omis.net\/it-it\/#\/schema\/person\/a84b31c39ee8e2b060f51cb288b0c8f4"},"headline":"Journ\u00e9e internationale de la paix","datePublished":"2024-09-21T00:00:00+00:00","dateModified":"2025-02-04T07:52:04+00:00","mainEntityOfPage":{"@id":"https:\/\/www.omis.net\/fr-fr\/journee-internationale-de-la-paix\/"},"wordCount":87,"publisher":{"@id":"https:\/\/www.omis.net\/it-it\/#organization"},"image":{"@id":"https:\/\/www.omis.net\/fr-fr\/journee-internationale-de-la-paix\/#primaryimage"},"thumbnailUrl":"https:\/\/media.omis.net\/media\/2024\/09\/international-day-of-peace-group-omis-scaled.webp","keywords":["cranes","hoists","InternationalDayOfPeace","liftingsolutions","omisborntolift","omisgroup"],"articleSection":["WeAreOMIS"],"inLanguage":"fr-fr"},{"@type":"WebPage","@id":"https:\/\/www.omis.net\/fr-fr\/journee-internationale-de-la-paix\/","url":"https:\/\/www.omis.net\/fr-fr\/journee-internationale-de-la-paix\/","name":"Journ\u00e9e internationale de la paix | News by OMIS","isPartOf":{"@id":"https:\/\/www.omis.net\/it-it\/#website"},"primaryImageOfPage":{"@id":"https:\/\/www.omis.net\/fr-fr\/journee-internationale-de-la-paix\/#primaryimage"},"image":{"@id":"https:\/\/www.omis.net\/fr-fr\/journee-internationale-de-la-paix\/#primaryimage"},"thumbnailUrl":"https:\/\/media.omis.net\/media\/2024\/09\/international-day-of-peace-group-omis-scaled.webp","datePublished":"2024-09-21T00:00:00+00:00","dateModified":"2025-02-04T07:52:04+00:00","description":"Journ\u00e9e internationale de la paix. Lire la news | OMIS","breadcrumb":{"@id":"https:\/\/www.omis.net\/fr-fr\/journee-internationale-de-la-paix\/#breadcrumb"},"inLanguage":"fr-fr","potentialAction":[{"@type":"ReadAction","target":["https:\/\/www.omis.net\/fr-fr\/journee-internationale-de-la-paix\/"]}]},{"@type":"ImageObject","inLanguage":"fr-fr","@id":"https:\/\/www.omis.net\/fr-fr\/journee-internationale-de-la-paix\/#primaryimage","url":"https:\/\/media.omis.net\/media\/2024\/09\/international-day-of-peace-group-omis-scaled.webp","contentUrl":"https:\/\/media.omis.net\/media\/2024\/09\/international-day-of-peace-group-omis-scaled.webp","width":2560,"height":1839},{"@type":"BreadcrumbList","@id":"https:\/\/www.omis.net\/fr-fr\/journee-internationale-de-la-paix\/#breadcrumb","itemListElement":[{"@type":"ListItem","position":1,"name":"Home","item":"https:\/\/www.omis.net\/fr-fr\/"},{"@type":"ListItem","position":2,"name":"Journ\u00e9e internationale de la paix"}]},{"@type":"WebSite","@id":"https:\/\/www.omis.net\/it-it\/#website","url":"https:\/\/www.omis.net\/it-it\/","name":"Omis Spa","description":"Movimentazione e sollevamento","publisher":{"@id":"https:\/\/www.omis.net\/it-it\/#organization"},"potentialAction":[{"@type":"SearchAction","target":{"@type":"EntryPoint","urlTemplate":"https:\/\/www.omis.net\/it-it\/?s={search_term_string}"},"query-input":{"@type":"PropertyValueSpecification","valueRequired":true,"valueName":"search_term_string"}}],"inLanguage":"fr-fr"},{"@type":"Organization","@id":"https:\/\/www.omis.net\/it-it\/#organization","name":"Omis Spa","url":"https:\/\/www.omis.net\/it-it\/","logo":{"@type":"ImageObject","inLanguage":"fr-fr","@id":"https:\/\/www.omis.net\/it-it\/#\/schema\/logo\/image\/","url":"https:\/\/media.omis.net\/media\/2024\/08\/logo.jpg","contentUrl":"https:\/\/media.omis.net\/media\/2024\/08\/logo.jpg","width":300,"height":300,"caption":"Omis Spa"},"image":{"@id":"https:\/\/www.omis.net\/it-it\/#\/schema\/logo\/image\/"},"sameAs":["https:\/\/www.facebook.com\/omisgroup","https:\/\/www.linkedin.com\/company\/omis-group","https:\/\/www.youtube.com\/channel\/UCS4L59XDk3kKBI9MnjuxWDw","https:\/\/www.instagram.com\/omisgroup"]},{"@type":"Person","@id":"https:\/\/www.omis.net\/it-it\/#\/schema\/person\/a84b31c39ee8e2b060f51cb288b0c8f4","name":"AQuest","image":{"@type":"ImageObject","inLanguage":"fr-fr","@id":"https:\/\/www.omis.net\/it-it\/#\/schema\/person\/image\/","url":"https:\/\/secure.gravatar.com\/avatar\/189fc3cdb8260330afd047b6aaa36a00?s=96&d=mm&r=g","contentUrl":"https:\/\/secure.gravatar.com\/avatar\/189fc3cdb8260330afd047b6aaa36a00?s=96&d=mm&r=g","caption":"AQuest"}}]}},"_links":{"self":[{"href":"https:\/\/www.omis.net\/fr-fr\/wp-json\/wp\/v2\/posts\/16937"}],"collection":[{"href":"https:\/\/www.omis.net\/fr-fr\/wp-json\/wp\/v2\/posts"}],"about":[{"href":"https:\/\/www.omis.net\/fr-fr\/wp-json\/wp\/v2\/types\/post"}],"author":[{"embeddable":true,"href":"https:\/\/www.omis.net\/fr-fr\/wp-json\/wp\/v2\/users\/2"}],"replies":[{"embeddable":true,"href":"https:\/\/www.omis.net\/fr-fr\/wp-json\/wp\/v2\/comments?post=16937"}],"version-history":[{"count":1,"href":"https:\/\/www.omis.net\/fr-fr\/wp-json\/wp\/v2\/posts\/16937\/revisions"}],"predecessor-version":[{"id":17203,"href":"https:\/\/www.omis.net\/fr-fr\/wp-json\/wp\/v2\/posts\/16937\/revisions\/17203"}],"wp:featuredmedia":[{"embeddable":true,"href":"https:\/\/www.omis.net\/fr-fr\/wp-json\/wp\/v2\/media\/16401"}],"wp:attachment":[{"href":"https:\/\/www.omis.net\/fr-fr\/wp-json\/wp\/v2\/media?parent=16937"}],"wp:term":[{"taxonomy":"category","embeddable":true,"href":"https:\/\/www.omis.net\/fr-fr\/wp-json\/wp\/v2\/categories?post=16937"},{"taxonomy":"post_tag","embeddable":true,"href":"https:\/\/www.omis.net\/fr-fr\/wp-json\/wp\/v2\/tags?post=16937"},{"taxonomy":"tipologia-prodotto","embeddable":true,"href":"https:\/\/www.omis.net\/fr-fr\/wp-json\/wp\/v2\/tipologia-prodotto?post=16937"}],"curies":[{"name":"wp","href":"https:\/\/api.w.org\/{rel}","templated":true}]}}