{"id":16936,"date":"2024-09-17T02:00:00","date_gmt":"2024-09-17T00:00:00","guid":{"rendered":"https:\/\/www.omis.net\/omis-est-une-marque-historique-dinteret-national\/"},"modified":"2025-02-04T08:52:39","modified_gmt":"2025-02-04T07:52:39","slug":"omis-est-une-marque-historique-dinteret-national","status":"publish","type":"post","link":"https:\/\/www.omis.net\/fr-fr\/omis-est-une-marque-historique-dinteret-national\/","title":{"rendered":"OMIS est une marque historique d&#8217;int\u00e9r\u00eat national"},"content":{"rendered":"<p>OMIS a \u00e9t\u00e9 inscrit au Registre sp\u00e9cial des marques historiques d&#8217;int\u00e9r\u00eat national, une liste de marques d\u00e9pos\u00e9es depuis au moins 50 ans, cr\u00e9\u00e9e par le minist\u00e8re du D\u00e9veloppement \u00e9conomique afin de prot\u00e9ger et de valoriser les entreprises manufacturi\u00e8res italiennes qui ont fait preuve d&#8217;excellence dans le domaine de l&#8217;histoire.<\/p><p>La reconnaissance en tant que marque historique confirme le r\u00f4le de premier plan qu&#8217;OMIS a jou\u00e9 sur la sc\u00e8ne nationale pendant plus de cinquante ans.<\/p>","protected":false},"excerpt":{"rendered":"<p>OMIS a \u00e9t\u00e9 inscrit au Registre sp\u00e9cial des marques historiques d&#8217;int\u00e9r\u00eat national, une liste de marques d\u00e9pos\u00e9es depuis au moins 50 ans, cr\u00e9\u00e9e par le minist\u00e8re du D\u00e9veloppement \u00e9conomique afin de prot\u00e9ger et de valoriser les entreprises manufacturi\u00e8res italiennes qui ont fait preuve d&#8217;excellence dans le domaine de l&#8217;histoire. La reconnaissance en tant que marque [&hellip;]<\/p>\n","protected":false},"author":2,"featured_media":16393,"comment_status":"closed","ping_status":"closed","sticky":false,"template":"","format":"standard","meta":{"_acf_changed":false,"footnotes":""},"categories":[646],"tags":[281,292,274,272,273,389],"tipologia-prodotto":[],"class_list":["post-16936","post","type-post","status-publish","format-standard","has-post-thumbnail","hentry","category-communications-fr","tag-cranes","tag-handlingsolutions","tag-liftingsolutions","tag-omisborntolift","tag-omiscranes","tag-omisgroup"],"acf":{"import_csv_id":"84","seo_title":"OMIS est une marque historique d'int\u00e9r\u00eat national | News by OMIS","seo_description":"OMIS est une marque historique d'int\u00e9r\u00eat national. Lire la news | OMIS"},"yoast_head":"<!-- This site is optimized with the Yoast SEO plugin v23.9 - https:\/\/yoast.com\/wordpress\/plugins\/seo\/ -->\n<title>OMIS est une marque historique d&#039;int\u00e9r\u00eat national | News by OMIS<\/title>\n<meta name=\"description\" content=\"OMIS est une marque historique d&#039;int\u00e9r\u00eat national. Lire la news | OMIS\" \/>\n<meta name=\"robots\" content=\"index, follow, max-snippet:-1, max-image-preview:large, max-video-preview:-1\" \/>\n<meta property=\"og:locale\" content=\"fr_FR\" \/>\n<meta property=\"og:type\" content=\"article\" \/>\n<meta property=\"og:title\" content=\"OMIS est une marque historique d&#039;int\u00e9r\u00eat national | News by OMIS\" \/>\n<meta property=\"og:description\" content=\"OMIS est une marque historique d&#039;int\u00e9r\u00eat national. Lire la news | OMIS\" \/>\n<meta property=\"og:url\" content=\"https:\/\/www.omis.net\/fr-fr\/omis-est-une-marque-historique-dinteret-national\/\" \/>\n<meta property=\"og:site_name\" content=\"Omis Spa\" \/>\n<meta property=\"article:publisher\" content=\"https:\/\/www.facebook.com\/omisgroup\" \/>\n<meta property=\"article:published_time\" content=\"2024-09-17T00:00:00+00:00\" \/>\n<meta property=\"article:modified_time\" content=\"2025-02-04T07:52:39+00:00\" \/>\n<meta property=\"og:image\" content=\"https:\/\/media.omis.net\/media\/2024\/09\/historical-trademark-of-national-interest-omis-scaled.webp\" \/>\n\t<meta property=\"og:image:width\" content=\"2560\" \/>\n\t<meta property=\"og:image:height\" content=\"1838\" \/>\n\t<meta property=\"og:image:type\" content=\"image\/webp\" \/>\n<meta name=\"author\" content=\"AQuest\" \/>\n<meta name=\"twitter:card\" content=\"summary_large_image\" \/>\n<meta name=\"twitter:label1\" content=\"Written by\" \/>\n\t<meta name=\"twitter:data1\" content=\"AQuest\" \/>\n\t<meta name=\"twitter:label2\" content=\"Est. reading time\" \/>\n\t<meta name=\"twitter:data2\" content=\"1 minute\" \/>\n<script type=\"application\/ld+json\" class=\"yoast-schema-graph\">{\"@context\":\"https:\/\/schema.org\",\"@graph\":[{\"@type\":\"Article\",\"@id\":\"https:\/\/www.omis.net\/fr-fr\/omis-est-une-marque-historique-dinteret-national\/#article\",\"isPartOf\":{\"@id\":\"https:\/\/www.omis.net\/fr-fr\/omis-est-une-marque-historique-dinteret-national\/\"},\"author\":{\"name\":\"AQuest\",\"@id\":\"https:\/\/www.omis.net\/it-it\/#\/schema\/person\/a84b31c39ee8e2b060f51cb288b0c8f4\"},\"headline\":\"OMIS est une marque historique d&#8217;int\u00e9r\u00eat national\",\"datePublished\":\"2024-09-17T00:00:00+00:00\",\"dateModified\":\"2025-02-04T07:52:39+00:00\",\"mainEntityOfPage\":{\"@id\":\"https:\/\/www.omis.net\/fr-fr\/omis-est-une-marque-historique-dinteret-national\/\"},\"wordCount\":99,\"publisher\":{\"@id\":\"https:\/\/www.omis.net\/it-it\/#organization\"},\"image\":{\"@id\":\"https:\/\/www.omis.net\/fr-fr\/omis-est-une-marque-historique-dinteret-national\/#primaryimage\"},\"thumbnailUrl\":\"https:\/\/media.omis.net\/media\/2024\/09\/historical-trademark-of-national-interest-omis-scaled.webp\",\"keywords\":[\"cranes\",\"handlingsolutions\",\"liftingsolutions\",\"omisborntolift\",\"omiscranes\",\"omisgroup\"],\"articleSection\":[\"Communications\"],\"inLanguage\":\"fr-fr\"},{\"@type\":\"WebPage\",\"@id\":\"https:\/\/www.omis.net\/fr-fr\/omis-est-une-marque-historique-dinteret-national\/\",\"url\":\"https:\/\/www.omis.net\/fr-fr\/omis-est-une-marque-historique-dinteret-national\/\",\"name\":\"OMIS est une marque historique d'int\u00e9r\u00eat national | News by OMIS\",\"isPartOf\":{\"@id\":\"https:\/\/www.omis.net\/it-it\/#website\"},\"primaryImageOfPage\":{\"@id\":\"https:\/\/www.omis.net\/fr-fr\/omis-est-une-marque-historique-dinteret-national\/#primaryimage\"},\"image\":{\"@id\":\"https:\/\/www.omis.net\/fr-fr\/omis-est-une-marque-historique-dinteret-national\/#primaryimage\"},\"thumbnailUrl\":\"https:\/\/media.omis.net\/media\/2024\/09\/historical-trademark-of-national-interest-omis-scaled.webp\",\"datePublished\":\"2024-09-17T00:00:00+00:00\",\"dateModified\":\"2025-02-04T07:52:39+00:00\",\"description\":\"OMIS est une marque historique d'int\u00e9r\u00eat national. Lire la news | OMIS\",\"breadcrumb\":{\"@id\":\"https:\/\/www.omis.net\/fr-fr\/omis-est-une-marque-historique-dinteret-national\/#breadcrumb\"},\"inLanguage\":\"fr-fr\",\"potentialAction\":[{\"@type\":\"ReadAction\",\"target\":[\"https:\/\/www.omis.net\/fr-fr\/omis-est-une-marque-historique-dinteret-national\/\"]}]},{\"@type\":\"ImageObject\",\"inLanguage\":\"fr-fr\",\"@id\":\"https:\/\/www.omis.net\/fr-fr\/omis-est-une-marque-historique-dinteret-national\/#primaryimage\",\"url\":\"https:\/\/media.omis.net\/media\/2024\/09\/historical-trademark-of-national-interest-omis-scaled.webp\",\"contentUrl\":\"https:\/\/media.omis.net\/media\/2024\/09\/historical-trademark-of-national-interest-omis-scaled.webp\",\"width\":2560,\"height\":1838},{\"@type\":\"BreadcrumbList\",\"@id\":\"https:\/\/www.omis.net\/fr-fr\/omis-est-une-marque-historique-dinteret-national\/#breadcrumb\",\"itemListElement\":[{\"@type\":\"ListItem\",\"position\":1,\"name\":\"Home\",\"item\":\"https:\/\/www.omis.net\/fr-fr\/\"},{\"@type\":\"ListItem\",\"position\":2,\"name\":\"OMIS est une marque historique d&#8217;int\u00e9r\u00eat national\"}]},{\"@type\":\"WebSite\",\"@id\":\"https:\/\/www.omis.net\/it-it\/#website\",\"url\":\"https:\/\/www.omis.net\/it-it\/\",\"name\":\"Omis Spa\",\"description\":\"Movimentazione e sollevamento\",\"publisher\":{\"@id\":\"https:\/\/www.omis.net\/it-it\/#organization\"},\"potentialAction\":[{\"@type\":\"SearchAction\",\"target\":{\"@type\":\"EntryPoint\",\"urlTemplate\":\"https:\/\/www.omis.net\/it-it\/?s={search_term_string}\"},\"query-input\":{\"@type\":\"PropertyValueSpecification\",\"valueRequired\":true,\"valueName\":\"search_term_string\"}}],\"inLanguage\":\"fr-fr\"},{\"@type\":\"Organization\",\"@id\":\"https:\/\/www.omis.net\/it-it\/#organization\",\"name\":\"Omis Spa\",\"url\":\"https:\/\/www.omis.net\/it-it\/\",\"logo\":{\"@type\":\"ImageObject\",\"inLanguage\":\"fr-fr\",\"@id\":\"https:\/\/www.omis.net\/it-it\/#\/schema\/logo\/image\/\",\"url\":\"https:\/\/media.omis.net\/media\/2024\/08\/logo.jpg\",\"contentUrl\":\"https:\/\/media.omis.net\/media\/2024\/08\/logo.jpg\",\"width\":300,\"height\":300,\"caption\":\"Omis Spa\"},\"image\":{\"@id\":\"https:\/\/www.omis.net\/it-it\/#\/schema\/logo\/image\/\"},\"sameAs\":[\"https:\/\/www.facebook.com\/omisgroup\",\"https:\/\/www.linkedin.com\/company\/omis-group\",\"https:\/\/www.youtube.com\/channel\/UCS4L59XDk3kKBI9MnjuxWDw\",\"https:\/\/www.instagram.com\/omisgroup\"]},{\"@type\":\"Person\",\"@id\":\"https:\/\/www.omis.net\/it-it\/#\/schema\/person\/a84b31c39ee8e2b060f51cb288b0c8f4\",\"name\":\"AQuest\",\"image\":{\"@type\":\"ImageObject\",\"inLanguage\":\"fr-fr\",\"@id\":\"https:\/\/www.omis.net\/it-it\/#\/schema\/person\/image\/\",\"url\":\"https:\/\/secure.gravatar.com\/avatar\/189fc3cdb8260330afd047b6aaa36a00?s=96&d=mm&r=g\",\"contentUrl\":\"https:\/\/secure.gravatar.com\/avatar\/189fc3cdb8260330afd047b6aaa36a00?s=96&d=mm&r=g\",\"caption\":\"AQuest\"}}]}<\/script>\n<!-- \/ Yoast SEO plugin. -->","yoast_head_json":{"title":"OMIS est une marque historique d'int\u00e9r\u00eat national | News by OMIS","description":"OMIS est une marque historique d'int\u00e9r\u00eat national. Lire la news | OMIS","robots":{"index":"index","follow":"follow","max-snippet":"max-snippet:-1","max-image-preview":"max-image-preview:large","max-video-preview":"max-video-preview:-1"},"og_locale":"fr_FR","og_type":"article","og_title":"OMIS est une marque historique d'int\u00e9r\u00eat national | News by OMIS","og_description":"OMIS est une marque historique d'int\u00e9r\u00eat national. Lire la news | OMIS","og_url":"https:\/\/www.omis.net\/fr-fr\/omis-est-une-marque-historique-dinteret-national\/","og_site_name":"Omis Spa","article_publisher":"https:\/\/www.facebook.com\/omisgroup","article_published_time":"2024-09-17T00:00:00+00:00","article_modified_time":"2025-02-04T07:52:39+00:00","og_image":[{"width":2560,"height":1838,"url":"https:\/\/media.omis.net\/media\/2024\/09\/historical-trademark-of-national-interest-omis-scaled.webp","type":"image\/webp"}],"author":"AQuest","twitter_card":"summary_large_image","twitter_misc":{"Written by":"AQuest","Est. reading time":"1 minute"},"schema":{"@context":"https:\/\/schema.org","@graph":[{"@type":"Article","@id":"https:\/\/www.omis.net\/fr-fr\/omis-est-une-marque-historique-dinteret-national\/#article","isPartOf":{"@id":"https:\/\/www.omis.net\/fr-fr\/omis-est-une-marque-historique-dinteret-national\/"},"author":{"name":"AQuest","@id":"https:\/\/www.omis.net\/it-it\/#\/schema\/person\/a84b31c39ee8e2b060f51cb288b0c8f4"},"headline":"OMIS est une marque historique d&#8217;int\u00e9r\u00eat national","datePublished":"2024-09-17T00:00:00+00:00","dateModified":"2025-02-04T07:52:39+00:00","mainEntityOfPage":{"@id":"https:\/\/www.omis.net\/fr-fr\/omis-est-une-marque-historique-dinteret-national\/"},"wordCount":99,"publisher":{"@id":"https:\/\/www.omis.net\/it-it\/#organization"},"image":{"@id":"https:\/\/www.omis.net\/fr-fr\/omis-est-une-marque-historique-dinteret-national\/#primaryimage"},"thumbnailUrl":"https:\/\/media.omis.net\/media\/2024\/09\/historical-trademark-of-national-interest-omis-scaled.webp","keywords":["cranes","handlingsolutions","liftingsolutions","omisborntolift","omiscranes","omisgroup"],"articleSection":["Communications"],"inLanguage":"fr-fr"},{"@type":"WebPage","@id":"https:\/\/www.omis.net\/fr-fr\/omis-est-une-marque-historique-dinteret-national\/","url":"https:\/\/www.omis.net\/fr-fr\/omis-est-une-marque-historique-dinteret-national\/","name":"OMIS est une marque historique d'int\u00e9r\u00eat national | News by OMIS","isPartOf":{"@id":"https:\/\/www.omis.net\/it-it\/#website"},"primaryImageOfPage":{"@id":"https:\/\/www.omis.net\/fr-fr\/omis-est-une-marque-historique-dinteret-national\/#primaryimage"},"image":{"@id":"https:\/\/www.omis.net\/fr-fr\/omis-est-une-marque-historique-dinteret-national\/#primaryimage"},"thumbnailUrl":"https:\/\/media.omis.net\/media\/2024\/09\/historical-trademark-of-national-interest-omis-scaled.webp","datePublished":"2024-09-17T00:00:00+00:00","dateModified":"2025-02-04T07:52:39+00:00","description":"OMIS est une marque historique d'int\u00e9r\u00eat national. Lire la news | OMIS","breadcrumb":{"@id":"https:\/\/www.omis.net\/fr-fr\/omis-est-une-marque-historique-dinteret-national\/#breadcrumb"},"inLanguage":"fr-fr","potentialAction":[{"@type":"ReadAction","target":["https:\/\/www.omis.net\/fr-fr\/omis-est-une-marque-historique-dinteret-national\/"]}]},{"@type":"ImageObject","inLanguage":"fr-fr","@id":"https:\/\/www.omis.net\/fr-fr\/omis-est-une-marque-historique-dinteret-national\/#primaryimage","url":"https:\/\/media.omis.net\/media\/2024\/09\/historical-trademark-of-national-interest-omis-scaled.webp","contentUrl":"https:\/\/media.omis.net\/media\/2024\/09\/historical-trademark-of-national-interest-omis-scaled.webp","width":2560,"height":1838},{"@type":"BreadcrumbList","@id":"https:\/\/www.omis.net\/fr-fr\/omis-est-une-marque-historique-dinteret-national\/#breadcrumb","itemListElement":[{"@type":"ListItem","position":1,"name":"Home","item":"https:\/\/www.omis.net\/fr-fr\/"},{"@type":"ListItem","position":2,"name":"OMIS est une marque historique d&#8217;int\u00e9r\u00eat national"}]},{"@type":"WebSite","@id":"https:\/\/www.omis.net\/it-it\/#website","url":"https:\/\/www.omis.net\/it-it\/","name":"Omis Spa","description":"Movimentazione e sollevamento","publisher":{"@id":"https:\/\/www.omis.net\/it-it\/#organization"},"potentialAction":[{"@type":"SearchAction","target":{"@type":"EntryPoint","urlTemplate":"https:\/\/www.omis.net\/it-it\/?s={search_term_string}"},"query-input":{"@type":"PropertyValueSpecification","valueRequired":true,"valueName":"search_term_string"}}],"inLanguage":"fr-fr"},{"@type":"Organization","@id":"https:\/\/www.omis.net\/it-it\/#organization","name":"Omis Spa","url":"https:\/\/www.omis.net\/it-it\/","logo":{"@type":"ImageObject","inLanguage":"fr-fr","@id":"https:\/\/www.omis.net\/it-it\/#\/schema\/logo\/image\/","url":"https:\/\/media.omis.net\/media\/2024\/08\/logo.jpg","contentUrl":"https:\/\/media.omis.net\/media\/2024\/08\/logo.jpg","width":300,"height":300,"caption":"Omis Spa"},"image":{"@id":"https:\/\/www.omis.net\/it-it\/#\/schema\/logo\/image\/"},"sameAs":["https:\/\/www.facebook.com\/omisgroup","https:\/\/www.linkedin.com\/company\/omis-group","https:\/\/www.youtube.com\/channel\/UCS4L59XDk3kKBI9MnjuxWDw","https:\/\/www.instagram.com\/omisgroup"]},{"@type":"Person","@id":"https:\/\/www.omis.net\/it-it\/#\/schema\/person\/a84b31c39ee8e2b060f51cb288b0c8f4","name":"AQuest","image":{"@type":"ImageObject","inLanguage":"fr-fr","@id":"https:\/\/www.omis.net\/it-it\/#\/schema\/person\/image\/","url":"https:\/\/secure.gravatar.com\/avatar\/189fc3cdb8260330afd047b6aaa36a00?s=96&d=mm&r=g","contentUrl":"https:\/\/secure.gravatar.com\/avatar\/189fc3cdb8260330afd047b6aaa36a00?s=96&d=mm&r=g","caption":"AQuest"}}]}},"_links":{"self":[{"href":"https:\/\/www.omis.net\/fr-fr\/wp-json\/wp\/v2\/posts\/16936"}],"collection":[{"href":"https:\/\/www.omis.net\/fr-fr\/wp-json\/wp\/v2\/posts"}],"about":[{"href":"https:\/\/www.omis.net\/fr-fr\/wp-json\/wp\/v2\/types\/post"}],"author":[{"embeddable":true,"href":"https:\/\/www.omis.net\/fr-fr\/wp-json\/wp\/v2\/users\/2"}],"replies":[{"embeddable":true,"href":"https:\/\/www.omis.net\/fr-fr\/wp-json\/wp\/v2\/comments?post=16936"}],"version-history":[{"count":1,"href":"https:\/\/www.omis.net\/fr-fr\/wp-json\/wp\/v2\/posts\/16936\/revisions"}],"predecessor-version":[{"id":17204,"href":"https:\/\/www.omis.net\/fr-fr\/wp-json\/wp\/v2\/posts\/16936\/revisions\/17204"}],"wp:featuredmedia":[{"embeddable":true,"href":"https:\/\/www.omis.net\/fr-fr\/wp-json\/wp\/v2\/media\/16393"}],"wp:attachment":[{"href":"https:\/\/www.omis.net\/fr-fr\/wp-json\/wp\/v2\/media?parent=16936"}],"wp:term":[{"taxonomy":"category","embeddable":true,"href":"https:\/\/www.omis.net\/fr-fr\/wp-json\/wp\/v2\/categories?post=16936"},{"taxonomy":"post_tag","embeddable":true,"href":"https:\/\/www.omis.net\/fr-fr\/wp-json\/wp\/v2\/tags?post=16936"},{"taxonomy":"tipologia-prodotto","embeddable":true,"href":"https:\/\/www.omis.net\/fr-fr\/wp-json\/wp\/v2\/tipologia-prodotto?post=16936"}],"curies":[{"name":"wp","href":"https:\/\/api.w.org\/{rel}","templated":true}]}}