{"id":5760,"date":"2022-01-27T01:00:00","date_gmt":"2022-01-27T00:00:00","guid":{"rendered":"http:\/\/bedrock.local\/omis-electric-da-vida-al-puente-grua\/"},"modified":"2022-01-27T01:00:00","modified_gmt":"2022-01-27T00:00:00","slug":"omis-electric-da-vida-al-puente-grua","status":"publish","type":"post","link":"https:\/\/www.omis.net\/es-es\/omis-electric-da-vida-al-puente-grua\/","title":{"rendered":"OMIS ELECTRIC, da vida al puente gr\u00faa"},"content":{"rendered":"<p>OMIS proporciona un servicio integral que va del estudio del equipo al cableado de todos los cuadros el\u00e9ctricos y garantiza soluciones a medida de cada necesidad y sector de aplicaci\u00f3n.<\/p><p>Nuestro departamento espec\u00edfico se dedica con meticulosidad al an\u00e1lisis, dise\u00f1o y construcci\u00f3n de cuadros el\u00e9ctricos para el sector de la elevaci\u00f3n y abarca una amplia gama de necesidades. De las soluciones para m\u00e1quinas m\u00e1s peque\u00f1as y sencillas a los equipos autom\u00e1ticos m\u00e1s complejos y avanzados, nuestra experiencia y competencia garantizan resultados de alta calidad.<\/p><p>Cada cuadro el\u00e9ctrico est\u00e1 dise\u00f1ado para adaptarse perfectamente al entorno y especificaciones del equipo y garantiza un funcionamiento fiable y optimizado. Nuestros expertos cableadores de cuadros el\u00e9ctricos y a bordo de la m\u00e1quina aportan un valor a\u00f1adido con su competencia y profesionalidad y garantizan que cada detalle se cuide con la m\u00e1xima atenci\u00f3n. Esta dedicaci\u00f3n a la calidad se refleja en cada fase del proceso y ofrece soluciones que mejoran el rendimiento y eficiencia de los equipos de elevaci\u00f3n.<\/p><p>Con OMIS no s\u00f3lo consigues equipos de elevaci\u00f3n integrales y vanguardistas, sino tambi\u00e9n una excelente asistencia t\u00e9cnica que garantiza que cada aspecto, del cableado al dise\u00f1o incluso de la instalaci\u00f3n el\u00e9ctrica, cumpla los m\u00e1s altos niveles de calidad y fiabilidad.<\/p>","protected":false},"excerpt":{"rendered":"<p>OMIS proporciona un servicio integral que va del estudio del equipo al cableado de todos los cuadros el\u00e9ctricos y garantiza soluciones a medida de cada necesidad y sector de aplicaci\u00f3n. Nuestro departamento espec\u00edfico se dedica con meticulosidad al an\u00e1lisis, dise\u00f1o y construcci\u00f3n de cuadros el\u00e9ctricos para el sector de la elevaci\u00f3n y abarca una amplia [&hellip;]<\/p>\n","protected":false},"author":2,"featured_media":8989,"comment_status":"closed","ping_status":"closed","sticky":false,"template":"","format":"standard","meta":{"_acf_changed":false,"footnotes":""},"categories":[677],"tags":[375,376,480,378,272,273,373,389,289,374],"tipologia-prodotto":[],"class_list":["post-5760","post","type-post","status-publish","format-standard","has-post-thumbnail","hentry","category-weareomis-es","tag-electric","tag-electricalengineering","tag-electricalequipment","tag-electricpanel","tag-omisborntolift","tag-omiscranes","tag-omiselectric","tag-omisgroup","tag-weareomis","tag-weareomisgroup"],"acf":{"import_csv_id":"81","seo_title":"OMIS ELECTRIC, da vida al puente gr\u00faa | News by OMIS","seo_description":"Del estudio del equipo de elevaci\u00f3n al cableado del cuadro el\u00e9ctrico.\n OMIS Electric analiza, dise\u00f1a y construye cuadros el\u00e9ctricos para cualquier necesidad, entorno y sector de aplicaci\u00f3n en el sector de la elevaci\u00f3n. De los cuadros de las m\u00e1quinas m\u00e1s peque\u00f1as y sencillas a los equipos autom\u00e1ticos m\u00e1s complejos y avanzados.\n Nuestros cableadores de cuadros el\u00e9ctricos y a bordo de la m\u00e1quina, un valor a\u00f1adido de competencia y profesionalidad. Leer la noticia | OMIS"},"yoast_head":"<!-- This site is optimized with the Yoast SEO plugin v23.9 - https:\/\/yoast.com\/wordpress\/plugins\/seo\/ -->\n<title>OMIS ELECTRIC, da vida al puente gr\u00faa | News by OMIS<\/title>\n<meta name=\"description\" content=\"Del estudio del equipo de elevaci\u00f3n al cableado del cuadro el\u00e9ctrico. OMIS Electric analiza, dise\u00f1a y construye cuadros el\u00e9ctricos para cualquier necesidad, entorno y sector de aplicaci\u00f3n en el sector de la elevaci\u00f3n. De los cuadros de las m\u00e1quinas m\u00e1s peque\u00f1as y sencillas a los equipos autom\u00e1ticos m\u00e1s complejos y avanzados. Nuestros cableadores de cuadros el\u00e9ctricos y a bordo de la m\u00e1quina, un valor a\u00f1adido de competencia y profesionalidad. Leer la noticia | OMIS\" \/>\n<meta name=\"robots\" content=\"index, follow, max-snippet:-1, max-image-preview:large, max-video-preview:-1\" \/>\n<meta property=\"og:locale\" content=\"es_ES\" \/>\n<meta property=\"og:type\" content=\"article\" \/>\n<meta property=\"og:title\" content=\"OMIS ELECTRIC, da vida al puente gr\u00faa | News by OMIS\" \/>\n<meta property=\"og:description\" content=\"Del estudio del equipo de elevaci\u00f3n al cableado del cuadro el\u00e9ctrico. OMIS Electric analiza, dise\u00f1a y construye cuadros el\u00e9ctricos para cualquier necesidad, entorno y sector de aplicaci\u00f3n en el sector de la elevaci\u00f3n. De los cuadros de las m\u00e1quinas m\u00e1s peque\u00f1as y sencillas a los equipos autom\u00e1ticos m\u00e1s complejos y avanzados. Nuestros cableadores de cuadros el\u00e9ctricos y a bordo de la m\u00e1quina, un valor a\u00f1adido de competencia y profesionalidad. Leer la noticia | OMIS\" \/>\n<meta property=\"og:url\" content=\"https:\/\/www.omis.net\/es-es\/omis-electric-da-vida-al-puente-grua\/\" \/>\n<meta property=\"og:site_name\" content=\"Omis Spa\" \/>\n<meta property=\"article:publisher\" content=\"https:\/\/www.facebook.com\/omisgroup\" \/>\n<meta property=\"article:published_time\" content=\"2022-01-27T00:00:00+00:00\" \/>\n<meta property=\"og:image\" content=\"https:\/\/media.omis.net\/media\/2022\/01\/electric-brings-the-overhead-crane-to-life-banner-omis-scaled.webp\" \/>\n\t<meta property=\"og:image:width\" content=\"2560\" \/>\n\t<meta property=\"og:image:height\" content=\"2560\" \/>\n\t<meta property=\"og:image:type\" content=\"image\/webp\" \/>\n<meta name=\"author\" content=\"AQuest\" \/>\n<meta name=\"twitter:card\" content=\"summary_large_image\" \/>\n<meta name=\"twitter:label1\" content=\"Written by\" \/>\n\t<meta name=\"twitter:data1\" content=\"AQuest\" \/>\n\t<meta name=\"twitter:label2\" content=\"Est. reading time\" \/>\n\t<meta name=\"twitter:data2\" content=\"1 minute\" \/>\n<script type=\"application\/ld+json\" class=\"yoast-schema-graph\">{\"@context\":\"https:\/\/schema.org\",\"@graph\":[{\"@type\":\"Article\",\"@id\":\"https:\/\/www.omis.net\/es-es\/omis-electric-da-vida-al-puente-grua\/#article\",\"isPartOf\":{\"@id\":\"https:\/\/www.omis.net\/es-es\/omis-electric-da-vida-al-puente-grua\/\"},\"author\":{\"name\":\"AQuest\",\"@id\":\"https:\/\/www.omis.net\/it-it\/#\/schema\/person\/a84b31c39ee8e2b060f51cb288b0c8f4\"},\"headline\":\"OMIS ELECTRIC, da vida al puente gr\u00faa\",\"datePublished\":\"2022-01-27T00:00:00+00:00\",\"dateModified\":\"2022-01-27T00:00:00+00:00\",\"mainEntityOfPage\":{\"@id\":\"https:\/\/www.omis.net\/es-es\/omis-electric-da-vida-al-puente-grua\/\"},\"wordCount\":241,\"publisher\":{\"@id\":\"https:\/\/www.omis.net\/it-it\/#organization\"},\"image\":{\"@id\":\"https:\/\/www.omis.net\/es-es\/omis-electric-da-vida-al-puente-grua\/#primaryimage\"},\"thumbnailUrl\":\"https:\/\/media.omis.net\/media\/2022\/01\/electric-brings-the-overhead-crane-to-life-banner-omis-scaled.webp\",\"keywords\":[\"electric\",\"electricalengineering\",\"electricalequipment\",\"electricpanel\",\"omisborntolift\",\"omiscranes\",\"omiselectric\",\"omisgroup\",\"weareomis\",\"weareomisgroup\"],\"articleSection\":[\"WeAreOMIS\"],\"inLanguage\":\"es-es\"},{\"@type\":\"WebPage\",\"@id\":\"https:\/\/www.omis.net\/es-es\/omis-electric-da-vida-al-puente-grua\/\",\"url\":\"https:\/\/www.omis.net\/es-es\/omis-electric-da-vida-al-puente-grua\/\",\"name\":\"OMIS ELECTRIC, da vida al puente gr\u00faa | News by OMIS\",\"isPartOf\":{\"@id\":\"https:\/\/www.omis.net\/it-it\/#website\"},\"primaryImageOfPage\":{\"@id\":\"https:\/\/www.omis.net\/es-es\/omis-electric-da-vida-al-puente-grua\/#primaryimage\"},\"image\":{\"@id\":\"https:\/\/www.omis.net\/es-es\/omis-electric-da-vida-al-puente-grua\/#primaryimage\"},\"thumbnailUrl\":\"https:\/\/media.omis.net\/media\/2022\/01\/electric-brings-the-overhead-crane-to-life-banner-omis-scaled.webp\",\"datePublished\":\"2022-01-27T00:00:00+00:00\",\"dateModified\":\"2022-01-27T00:00:00+00:00\",\"description\":\"Del estudio del equipo de elevaci\u00f3n al cableado del cuadro el\u00e9ctrico. OMIS Electric analiza, dise\u00f1a y construye cuadros el\u00e9ctricos para cualquier necesidad, entorno y sector de aplicaci\u00f3n en el sector de la elevaci\u00f3n. De los cuadros de las m\u00e1quinas m\u00e1s peque\u00f1as y sencillas a los equipos autom\u00e1ticos m\u00e1s complejos y avanzados. Nuestros cableadores de cuadros el\u00e9ctricos y a bordo de la m\u00e1quina, un valor a\u00f1adido de competencia y profesionalidad. Leer la noticia | OMIS\",\"breadcrumb\":{\"@id\":\"https:\/\/www.omis.net\/es-es\/omis-electric-da-vida-al-puente-grua\/#breadcrumb\"},\"inLanguage\":\"es-es\",\"potentialAction\":[{\"@type\":\"ReadAction\",\"target\":[\"https:\/\/www.omis.net\/es-es\/omis-electric-da-vida-al-puente-grua\/\"]}]},{\"@type\":\"ImageObject\",\"inLanguage\":\"es-es\",\"@id\":\"https:\/\/www.omis.net\/es-es\/omis-electric-da-vida-al-puente-grua\/#primaryimage\",\"url\":\"https:\/\/media.omis.net\/media\/2022\/01\/electric-brings-the-overhead-crane-to-life-banner-omis-scaled.webp\",\"contentUrl\":\"https:\/\/media.omis.net\/media\/2022\/01\/electric-brings-the-overhead-crane-to-life-banner-omis-scaled.webp\",\"width\":2560,\"height\":2560,\"caption\":\"gallery - Electric brings the overhead crane to life banner Omis\"},{\"@type\":\"BreadcrumbList\",\"@id\":\"https:\/\/www.omis.net\/es-es\/omis-electric-da-vida-al-puente-grua\/#breadcrumb\",\"itemListElement\":[{\"@type\":\"ListItem\",\"position\":1,\"name\":\"Home\",\"item\":\"https:\/\/www.omis.net\/es-es\/pagina-de-inicio\/\"},{\"@type\":\"ListItem\",\"position\":2,\"name\":\"OMIS ELECTRIC, da vida al puente gr\u00faa\"}]},{\"@type\":\"WebSite\",\"@id\":\"https:\/\/www.omis.net\/it-it\/#website\",\"url\":\"https:\/\/www.omis.net\/it-it\/\",\"name\":\"Omis Spa\",\"description\":\"Movimentazione e sollevamento\",\"publisher\":{\"@id\":\"https:\/\/www.omis.net\/it-it\/#organization\"},\"potentialAction\":[{\"@type\":\"SearchAction\",\"target\":{\"@type\":\"EntryPoint\",\"urlTemplate\":\"https:\/\/www.omis.net\/it-it\/?s={search_term_string}\"},\"query-input\":{\"@type\":\"PropertyValueSpecification\",\"valueRequired\":true,\"valueName\":\"search_term_string\"}}],\"inLanguage\":\"es-es\"},{\"@type\":\"Organization\",\"@id\":\"https:\/\/www.omis.net\/it-it\/#organization\",\"name\":\"Omis Spa\",\"url\":\"https:\/\/www.omis.net\/it-it\/\",\"logo\":{\"@type\":\"ImageObject\",\"inLanguage\":\"es-es\",\"@id\":\"https:\/\/www.omis.net\/it-it\/#\/schema\/logo\/image\/\",\"url\":\"https:\/\/media.omis.net\/media\/2024\/08\/logo.jpg\",\"contentUrl\":\"https:\/\/media.omis.net\/media\/2024\/08\/logo.jpg\",\"width\":300,\"height\":300,\"caption\":\"Omis Spa\"},\"image\":{\"@id\":\"https:\/\/www.omis.net\/it-it\/#\/schema\/logo\/image\/\"},\"sameAs\":[\"https:\/\/www.facebook.com\/omisgroup\",\"https:\/\/www.linkedin.com\/company\/omis-group\",\"https:\/\/www.youtube.com\/channel\/UCS4L59XDk3kKBI9MnjuxWDw\",\"https:\/\/www.instagram.com\/omisgroup\"]},{\"@type\":\"Person\",\"@id\":\"https:\/\/www.omis.net\/it-it\/#\/schema\/person\/a84b31c39ee8e2b060f51cb288b0c8f4\",\"name\":\"AQuest\",\"image\":{\"@type\":\"ImageObject\",\"inLanguage\":\"es-es\",\"@id\":\"https:\/\/www.omis.net\/it-it\/#\/schema\/person\/image\/\",\"url\":\"https:\/\/secure.gravatar.com\/avatar\/189fc3cdb8260330afd047b6aaa36a00?s=96&d=mm&r=g\",\"contentUrl\":\"https:\/\/secure.gravatar.com\/avatar\/189fc3cdb8260330afd047b6aaa36a00?s=96&d=mm&r=g\",\"caption\":\"AQuest\"}}]}<\/script>\n<!-- \/ Yoast SEO plugin. -->","yoast_head_json":{"title":"OMIS ELECTRIC, da vida al puente gr\u00faa | News by OMIS","description":"Del estudio del equipo de elevaci\u00f3n al cableado del cuadro el\u00e9ctrico. OMIS Electric analiza, dise\u00f1a y construye cuadros el\u00e9ctricos para cualquier necesidad, entorno y sector de aplicaci\u00f3n en el sector de la elevaci\u00f3n. De los cuadros de las m\u00e1quinas m\u00e1s peque\u00f1as y sencillas a los equipos autom\u00e1ticos m\u00e1s complejos y avanzados. Nuestros cableadores de cuadros el\u00e9ctricos y a bordo de la m\u00e1quina, un valor a\u00f1adido de competencia y profesionalidad. Leer la noticia | OMIS","robots":{"index":"index","follow":"follow","max-snippet":"max-snippet:-1","max-image-preview":"max-image-preview:large","max-video-preview":"max-video-preview:-1"},"og_locale":"es_ES","og_type":"article","og_title":"OMIS ELECTRIC, da vida al puente gr\u00faa | News by OMIS","og_description":"Del estudio del equipo de elevaci\u00f3n al cableado del cuadro el\u00e9ctrico. OMIS Electric analiza, dise\u00f1a y construye cuadros el\u00e9ctricos para cualquier necesidad, entorno y sector de aplicaci\u00f3n en el sector de la elevaci\u00f3n. De los cuadros de las m\u00e1quinas m\u00e1s peque\u00f1as y sencillas a los equipos autom\u00e1ticos m\u00e1s complejos y avanzados. Nuestros cableadores de cuadros el\u00e9ctricos y a bordo de la m\u00e1quina, un valor a\u00f1adido de competencia y profesionalidad. Leer la noticia | OMIS","og_url":"https:\/\/www.omis.net\/es-es\/omis-electric-da-vida-al-puente-grua\/","og_site_name":"Omis Spa","article_publisher":"https:\/\/www.facebook.com\/omisgroup","article_published_time":"2022-01-27T00:00:00+00:00","og_image":[{"width":2560,"height":2560,"url":"https:\/\/media.omis.net\/media\/2022\/01\/electric-brings-the-overhead-crane-to-life-banner-omis-scaled.webp","type":"image\/webp"}],"author":"AQuest","twitter_card":"summary_large_image","twitter_misc":{"Written by":"AQuest","Est. reading time":"1 minute"},"schema":{"@context":"https:\/\/schema.org","@graph":[{"@type":"Article","@id":"https:\/\/www.omis.net\/es-es\/omis-electric-da-vida-al-puente-grua\/#article","isPartOf":{"@id":"https:\/\/www.omis.net\/es-es\/omis-electric-da-vida-al-puente-grua\/"},"author":{"name":"AQuest","@id":"https:\/\/www.omis.net\/it-it\/#\/schema\/person\/a84b31c39ee8e2b060f51cb288b0c8f4"},"headline":"OMIS ELECTRIC, da vida al puente gr\u00faa","datePublished":"2022-01-27T00:00:00+00:00","dateModified":"2022-01-27T00:00:00+00:00","mainEntityOfPage":{"@id":"https:\/\/www.omis.net\/es-es\/omis-electric-da-vida-al-puente-grua\/"},"wordCount":241,"publisher":{"@id":"https:\/\/www.omis.net\/it-it\/#organization"},"image":{"@id":"https:\/\/www.omis.net\/es-es\/omis-electric-da-vida-al-puente-grua\/#primaryimage"},"thumbnailUrl":"https:\/\/media.omis.net\/media\/2022\/01\/electric-brings-the-overhead-crane-to-life-banner-omis-scaled.webp","keywords":["electric","electricalengineering","electricalequipment","electricpanel","omisborntolift","omiscranes","omiselectric","omisgroup","weareomis","weareomisgroup"],"articleSection":["WeAreOMIS"],"inLanguage":"es-es"},{"@type":"WebPage","@id":"https:\/\/www.omis.net\/es-es\/omis-electric-da-vida-al-puente-grua\/","url":"https:\/\/www.omis.net\/es-es\/omis-electric-da-vida-al-puente-grua\/","name":"OMIS ELECTRIC, da vida al puente gr\u00faa | News by OMIS","isPartOf":{"@id":"https:\/\/www.omis.net\/it-it\/#website"},"primaryImageOfPage":{"@id":"https:\/\/www.omis.net\/es-es\/omis-electric-da-vida-al-puente-grua\/#primaryimage"},"image":{"@id":"https:\/\/www.omis.net\/es-es\/omis-electric-da-vida-al-puente-grua\/#primaryimage"},"thumbnailUrl":"https:\/\/media.omis.net\/media\/2022\/01\/electric-brings-the-overhead-crane-to-life-banner-omis-scaled.webp","datePublished":"2022-01-27T00:00:00+00:00","dateModified":"2022-01-27T00:00:00+00:00","description":"Del estudio del equipo de elevaci\u00f3n al cableado del cuadro el\u00e9ctrico. OMIS Electric analiza, dise\u00f1a y construye cuadros el\u00e9ctricos para cualquier necesidad, entorno y sector de aplicaci\u00f3n en el sector de la elevaci\u00f3n. De los cuadros de las m\u00e1quinas m\u00e1s peque\u00f1as y sencillas a los equipos autom\u00e1ticos m\u00e1s complejos y avanzados. Nuestros cableadores de cuadros el\u00e9ctricos y a bordo de la m\u00e1quina, un valor a\u00f1adido de competencia y profesionalidad. Leer la noticia | OMIS","breadcrumb":{"@id":"https:\/\/www.omis.net\/es-es\/omis-electric-da-vida-al-puente-grua\/#breadcrumb"},"inLanguage":"es-es","potentialAction":[{"@type":"ReadAction","target":["https:\/\/www.omis.net\/es-es\/omis-electric-da-vida-al-puente-grua\/"]}]},{"@type":"ImageObject","inLanguage":"es-es","@id":"https:\/\/www.omis.net\/es-es\/omis-electric-da-vida-al-puente-grua\/#primaryimage","url":"https:\/\/media.omis.net\/media\/2022\/01\/electric-brings-the-overhead-crane-to-life-banner-omis-scaled.webp","contentUrl":"https:\/\/media.omis.net\/media\/2022\/01\/electric-brings-the-overhead-crane-to-life-banner-omis-scaled.webp","width":2560,"height":2560,"caption":"gallery - Electric brings the overhead crane to life banner Omis"},{"@type":"BreadcrumbList","@id":"https:\/\/www.omis.net\/es-es\/omis-electric-da-vida-al-puente-grua\/#breadcrumb","itemListElement":[{"@type":"ListItem","position":1,"name":"Home","item":"https:\/\/www.omis.net\/es-es\/pagina-de-inicio\/"},{"@type":"ListItem","position":2,"name":"OMIS ELECTRIC, da vida al puente gr\u00faa"}]},{"@type":"WebSite","@id":"https:\/\/www.omis.net\/it-it\/#website","url":"https:\/\/www.omis.net\/it-it\/","name":"Omis Spa","description":"Movimentazione e sollevamento","publisher":{"@id":"https:\/\/www.omis.net\/it-it\/#organization"},"potentialAction":[{"@type":"SearchAction","target":{"@type":"EntryPoint","urlTemplate":"https:\/\/www.omis.net\/it-it\/?s={search_term_string}"},"query-input":{"@type":"PropertyValueSpecification","valueRequired":true,"valueName":"search_term_string"}}],"inLanguage":"es-es"},{"@type":"Organization","@id":"https:\/\/www.omis.net\/it-it\/#organization","name":"Omis Spa","url":"https:\/\/www.omis.net\/it-it\/","logo":{"@type":"ImageObject","inLanguage":"es-es","@id":"https:\/\/www.omis.net\/it-it\/#\/schema\/logo\/image\/","url":"https:\/\/media.omis.net\/media\/2024\/08\/logo.jpg","contentUrl":"https:\/\/media.omis.net\/media\/2024\/08\/logo.jpg","width":300,"height":300,"caption":"Omis Spa"},"image":{"@id":"https:\/\/www.omis.net\/it-it\/#\/schema\/logo\/image\/"},"sameAs":["https:\/\/www.facebook.com\/omisgroup","https:\/\/www.linkedin.com\/company\/omis-group","https:\/\/www.youtube.com\/channel\/UCS4L59XDk3kKBI9MnjuxWDw","https:\/\/www.instagram.com\/omisgroup"]},{"@type":"Person","@id":"https:\/\/www.omis.net\/it-it\/#\/schema\/person\/a84b31c39ee8e2b060f51cb288b0c8f4","name":"AQuest","image":{"@type":"ImageObject","inLanguage":"es-es","@id":"https:\/\/www.omis.net\/it-it\/#\/schema\/person\/image\/","url":"https:\/\/secure.gravatar.com\/avatar\/189fc3cdb8260330afd047b6aaa36a00?s=96&d=mm&r=g","contentUrl":"https:\/\/secure.gravatar.com\/avatar\/189fc3cdb8260330afd047b6aaa36a00?s=96&d=mm&r=g","caption":"AQuest"}}]}},"_links":{"self":[{"href":"https:\/\/www.omis.net\/es-es\/wp-json\/wp\/v2\/posts\/5760"}],"collection":[{"href":"https:\/\/www.omis.net\/es-es\/wp-json\/wp\/v2\/posts"}],"about":[{"href":"https:\/\/www.omis.net\/es-es\/wp-json\/wp\/v2\/types\/post"}],"author":[{"embeddable":true,"href":"https:\/\/www.omis.net\/es-es\/wp-json\/wp\/v2\/users\/2"}],"replies":[{"embeddable":true,"href":"https:\/\/www.omis.net\/es-es\/wp-json\/wp\/v2\/comments?post=5760"}],"version-history":[{"count":0,"href":"https:\/\/www.omis.net\/es-es\/wp-json\/wp\/v2\/posts\/5760\/revisions"}],"wp:featuredmedia":[{"embeddable":true,"href":"https:\/\/www.omis.net\/es-es\/wp-json\/wp\/v2\/media\/8989"}],"wp:attachment":[{"href":"https:\/\/www.omis.net\/es-es\/wp-json\/wp\/v2\/media?parent=5760"}],"wp:term":[{"taxonomy":"category","embeddable":true,"href":"https:\/\/www.omis.net\/es-es\/wp-json\/wp\/v2\/categories?post=5760"},{"taxonomy":"post_tag","embeddable":true,"href":"https:\/\/www.omis.net\/es-es\/wp-json\/wp\/v2\/tags?post=5760"},{"taxonomy":"tipologia-prodotto","embeddable":true,"href":"https:\/\/www.omis.net\/es-es\/wp-json\/wp\/v2\/tipologia-prodotto?post=5760"}],"curies":[{"name":"wp","href":"https:\/\/api.w.org\/{rel}","templated":true}]}}