{"id":5752,"date":"2022-03-24T01:00:00","date_gmt":"2022-03-24T00:00:00","guid":{"rendered":"http:\/\/bedrock.local\/we-are-omis-desvelamos-los-numeros\/"},"modified":"2022-03-24T01:00:00","modified_gmt":"2022-03-24T00:00:00","slug":"we-are-omis-desvelamos-los-numeros","status":"publish","type":"post","link":"https:\/\/www.omis.net\/es-es\/we-are-omis-desvelamos-los-numeros\/","title":{"rendered":"WE ARE OMIS &#8211; Desvelamos los n\u00fameros"},"content":{"rendered":"<p>Gestionamos cada funci\u00f3n administrativa en OMIS Group.<\/p><p> 11 Sociedades gestionadas al a\u00f1o.<\/p><p> 16.000 facturas de compra registradas en 2021.<\/p><p> 17.000 facturas de venta registradas al a\u00f1o.<\/p><p> 84.000 asientos contables en 2021.<\/p>","protected":false},"excerpt":{"rendered":"<p>Gestionamos cada funci\u00f3n administrativa en OMIS Group. 11 Sociedades gestionadas al a\u00f1o. 16.000 facturas de compra registradas en 2021. 17.000 facturas de venta registradas al a\u00f1o. 84.000 asientos contables en 2021.<\/p>\n","protected":false},"author":2,"featured_media":9338,"comment_status":"closed","ping_status":"closed","sticky":false,"template":"","format":"standard","meta":{"_acf_changed":false,"footnotes":""},"categories":[677],"tags":[456,281,272,273,389,437,289],"tipologia-prodotto":[],"class_list":["post-5752","post","type-post","status-publish","format-standard","has-post-thumbnail","hentry","category-weareomis-es","tag-administrative","tag-cranes","tag-omisborntolift","tag-omiscranes","tag-omisgroup","tag-omispeople","tag-weareomis"],"acf":{"import_csv_id":"73","seo_title":"WE ARE OMIS - Desvelamos los n\u00fameros | News by OMIS","seo_description":"Gestionamos cada funci\u00f3n administrativa en OMIS Group.\n 11 Sociedades gestionadas al a\u00f1o.\n 16.000 facturas de compra registradas en 2021.\n 17.000 facturas de venta registradas al a\u00f1o.\n 84.000 asientos contables en 2021. Leer la noticia | OMIS"},"yoast_head":"<!-- This site is optimized with the Yoast SEO plugin v23.9 - https:\/\/yoast.com\/wordpress\/plugins\/seo\/ -->\n<title>WE ARE OMIS - Desvelamos los n\u00fameros | News by OMIS<\/title>\n<meta name=\"description\" content=\"Gestionamos cada funci\u00f3n administrativa en OMIS Group. 11 Sociedades gestionadas al a\u00f1o. 16.000 facturas de compra registradas en 2021. 17.000 facturas de venta registradas al a\u00f1o. 84.000 asientos contables en 2021. Leer la noticia | OMIS\" \/>\n<meta name=\"robots\" content=\"index, follow, max-snippet:-1, max-image-preview:large, max-video-preview:-1\" \/>\n<meta property=\"og:locale\" content=\"es_ES\" \/>\n<meta property=\"og:type\" content=\"article\" \/>\n<meta property=\"og:title\" content=\"WE ARE OMIS - Desvelamos los n\u00fameros | News by OMIS\" \/>\n<meta property=\"og:description\" content=\"Gestionamos cada funci\u00f3n administrativa en OMIS Group. 11 Sociedades gestionadas al a\u00f1o. 16.000 facturas de compra registradas en 2021. 17.000 facturas de venta registradas al a\u00f1o. 84.000 asientos contables en 2021. Leer la noticia | OMIS\" \/>\n<meta property=\"og:url\" content=\"https:\/\/www.omis.net\/es-es\/we-are-omis-desvelamos-los-numeros\/\" \/>\n<meta property=\"og:site_name\" content=\"Omis Spa\" \/>\n<meta property=\"article:publisher\" content=\"https:\/\/www.facebook.com\/omisgroup\" \/>\n<meta property=\"article:published_time\" content=\"2022-03-24T00:00:00+00:00\" \/>\n<meta property=\"og:image\" content=\"https:\/\/media.omis.net\/media\/2022\/03\/we-are-omis-lets-look-at-the-numbers-header-omis-scaled.webp\" \/>\n\t<meta property=\"og:image:width\" content=\"2560\" \/>\n\t<meta property=\"og:image:height\" content=\"2560\" \/>\n\t<meta property=\"og:image:type\" content=\"image\/webp\" \/>\n<meta name=\"author\" content=\"AQuest\" \/>\n<meta name=\"twitter:card\" content=\"summary_large_image\" \/>\n<meta name=\"twitter:label1\" content=\"Written by\" \/>\n\t<meta name=\"twitter:data1\" content=\"AQuest\" \/>\n<script type=\"application\/ld+json\" class=\"yoast-schema-graph\">{\"@context\":\"https:\/\/schema.org\",\"@graph\":[{\"@type\":\"Article\",\"@id\":\"https:\/\/www.omis.net\/es-es\/we-are-omis-desvelamos-los-numeros\/#article\",\"isPartOf\":{\"@id\":\"https:\/\/www.omis.net\/es-es\/we-are-omis-desvelamos-los-numeros\/\"},\"author\":{\"name\":\"AQuest\",\"@id\":\"https:\/\/www.omis.net\/it-it\/#\/schema\/person\/a84b31c39ee8e2b060f51cb288b0c8f4\"},\"headline\":\"WE ARE OMIS &#8211; Desvelamos los n\u00fameros\",\"datePublished\":\"2022-03-24T00:00:00+00:00\",\"dateModified\":\"2022-03-24T00:00:00+00:00\",\"mainEntityOfPage\":{\"@id\":\"https:\/\/www.omis.net\/es-es\/we-are-omis-desvelamos-los-numeros\/\"},\"wordCount\":36,\"publisher\":{\"@id\":\"https:\/\/www.omis.net\/it-it\/#organization\"},\"image\":{\"@id\":\"https:\/\/www.omis.net\/es-es\/we-are-omis-desvelamos-los-numeros\/#primaryimage\"},\"thumbnailUrl\":\"https:\/\/media.omis.net\/media\/2022\/03\/we-are-omis-lets-look-at-the-numbers-header-omis-scaled.webp\",\"keywords\":[\"administrative\",\"cranes\",\"omisborntolift\",\"omiscranes\",\"omisgroup\",\"omispeople\",\"weareomis\"],\"articleSection\":[\"WeAreOMIS\"],\"inLanguage\":\"es-es\"},{\"@type\":\"WebPage\",\"@id\":\"https:\/\/www.omis.net\/es-es\/we-are-omis-desvelamos-los-numeros\/\",\"url\":\"https:\/\/www.omis.net\/es-es\/we-are-omis-desvelamos-los-numeros\/\",\"name\":\"WE ARE OMIS - Desvelamos los n\u00fameros | News by OMIS\",\"isPartOf\":{\"@id\":\"https:\/\/www.omis.net\/it-it\/#website\"},\"primaryImageOfPage\":{\"@id\":\"https:\/\/www.omis.net\/es-es\/we-are-omis-desvelamos-los-numeros\/#primaryimage\"},\"image\":{\"@id\":\"https:\/\/www.omis.net\/es-es\/we-are-omis-desvelamos-los-numeros\/#primaryimage\"},\"thumbnailUrl\":\"https:\/\/media.omis.net\/media\/2022\/03\/we-are-omis-lets-look-at-the-numbers-header-omis-scaled.webp\",\"datePublished\":\"2022-03-24T00:00:00+00:00\",\"dateModified\":\"2022-03-24T00:00:00+00:00\",\"description\":\"Gestionamos cada funci\u00f3n administrativa en OMIS Group. 11 Sociedades gestionadas al a\u00f1o. 16.000 facturas de compra registradas en 2021. 17.000 facturas de venta registradas al a\u00f1o. 84.000 asientos contables en 2021. Leer la noticia | OMIS\",\"breadcrumb\":{\"@id\":\"https:\/\/www.omis.net\/es-es\/we-are-omis-desvelamos-los-numeros\/#breadcrumb\"},\"inLanguage\":\"es-es\",\"potentialAction\":[{\"@type\":\"ReadAction\",\"target\":[\"https:\/\/www.omis.net\/es-es\/we-are-omis-desvelamos-los-numeros\/\"]}]},{\"@type\":\"ImageObject\",\"inLanguage\":\"es-es\",\"@id\":\"https:\/\/www.omis.net\/es-es\/we-are-omis-desvelamos-los-numeros\/#primaryimage\",\"url\":\"https:\/\/media.omis.net\/media\/2022\/03\/we-are-omis-lets-look-at-the-numbers-header-omis-scaled.webp\",\"contentUrl\":\"https:\/\/media.omis.net\/media\/2022\/03\/we-are-omis-lets-look-at-the-numbers-header-omis-scaled.webp\",\"width\":2560,\"height\":2560,\"caption\":\"gallery - We are Omis let\u2019s look at the numbers header Omis\"},{\"@type\":\"BreadcrumbList\",\"@id\":\"https:\/\/www.omis.net\/es-es\/we-are-omis-desvelamos-los-numeros\/#breadcrumb\",\"itemListElement\":[{\"@type\":\"ListItem\",\"position\":1,\"name\":\"Home\",\"item\":\"https:\/\/www.omis.net\/es-es\/pagina-de-inicio\/\"},{\"@type\":\"ListItem\",\"position\":2,\"name\":\"WE ARE OMIS &#8211; Desvelamos los n\u00fameros\"}]},{\"@type\":\"WebSite\",\"@id\":\"https:\/\/www.omis.net\/it-it\/#website\",\"url\":\"https:\/\/www.omis.net\/it-it\/\",\"name\":\"Omis Spa\",\"description\":\"Movimentazione e sollevamento\",\"publisher\":{\"@id\":\"https:\/\/www.omis.net\/it-it\/#organization\"},\"potentialAction\":[{\"@type\":\"SearchAction\",\"target\":{\"@type\":\"EntryPoint\",\"urlTemplate\":\"https:\/\/www.omis.net\/it-it\/?s={search_term_string}\"},\"query-input\":{\"@type\":\"PropertyValueSpecification\",\"valueRequired\":true,\"valueName\":\"search_term_string\"}}],\"inLanguage\":\"es-es\"},{\"@type\":\"Organization\",\"@id\":\"https:\/\/www.omis.net\/it-it\/#organization\",\"name\":\"Omis Spa\",\"url\":\"https:\/\/www.omis.net\/it-it\/\",\"logo\":{\"@type\":\"ImageObject\",\"inLanguage\":\"es-es\",\"@id\":\"https:\/\/www.omis.net\/it-it\/#\/schema\/logo\/image\/\",\"url\":\"https:\/\/media.omis.net\/media\/2024\/08\/logo.jpg\",\"contentUrl\":\"https:\/\/media.omis.net\/media\/2024\/08\/logo.jpg\",\"width\":300,\"height\":300,\"caption\":\"Omis Spa\"},\"image\":{\"@id\":\"https:\/\/www.omis.net\/it-it\/#\/schema\/logo\/image\/\"},\"sameAs\":[\"https:\/\/www.facebook.com\/omisgroup\",\"https:\/\/www.linkedin.com\/company\/omis-group\",\"https:\/\/www.youtube.com\/channel\/UCS4L59XDk3kKBI9MnjuxWDw\",\"https:\/\/www.instagram.com\/omisgroup\"]},{\"@type\":\"Person\",\"@id\":\"https:\/\/www.omis.net\/it-it\/#\/schema\/person\/a84b31c39ee8e2b060f51cb288b0c8f4\",\"name\":\"AQuest\",\"image\":{\"@type\":\"ImageObject\",\"inLanguage\":\"es-es\",\"@id\":\"https:\/\/www.omis.net\/it-it\/#\/schema\/person\/image\/\",\"url\":\"https:\/\/secure.gravatar.com\/avatar\/189fc3cdb8260330afd047b6aaa36a00?s=96&d=mm&r=g\",\"contentUrl\":\"https:\/\/secure.gravatar.com\/avatar\/189fc3cdb8260330afd047b6aaa36a00?s=96&d=mm&r=g\",\"caption\":\"AQuest\"}}]}<\/script>\n<!-- \/ Yoast SEO plugin. -->","yoast_head_json":{"title":"WE ARE OMIS - Desvelamos los n\u00fameros | News by OMIS","description":"Gestionamos cada funci\u00f3n administrativa en OMIS Group. 11 Sociedades gestionadas al a\u00f1o. 16.000 facturas de compra registradas en 2021. 17.000 facturas de venta registradas al a\u00f1o. 84.000 asientos contables en 2021. Leer la noticia | OMIS","robots":{"index":"index","follow":"follow","max-snippet":"max-snippet:-1","max-image-preview":"max-image-preview:large","max-video-preview":"max-video-preview:-1"},"og_locale":"es_ES","og_type":"article","og_title":"WE ARE OMIS - Desvelamos los n\u00fameros | News by OMIS","og_description":"Gestionamos cada funci\u00f3n administrativa en OMIS Group. 11 Sociedades gestionadas al a\u00f1o. 16.000 facturas de compra registradas en 2021. 17.000 facturas de venta registradas al a\u00f1o. 84.000 asientos contables en 2021. Leer la noticia | OMIS","og_url":"https:\/\/www.omis.net\/es-es\/we-are-omis-desvelamos-los-numeros\/","og_site_name":"Omis Spa","article_publisher":"https:\/\/www.facebook.com\/omisgroup","article_published_time":"2022-03-24T00:00:00+00:00","og_image":[{"width":2560,"height":2560,"url":"https:\/\/media.omis.net\/media\/2022\/03\/we-are-omis-lets-look-at-the-numbers-header-omis-scaled.webp","type":"image\/webp"}],"author":"AQuest","twitter_card":"summary_large_image","twitter_misc":{"Written by":"AQuest"},"schema":{"@context":"https:\/\/schema.org","@graph":[{"@type":"Article","@id":"https:\/\/www.omis.net\/es-es\/we-are-omis-desvelamos-los-numeros\/#article","isPartOf":{"@id":"https:\/\/www.omis.net\/es-es\/we-are-omis-desvelamos-los-numeros\/"},"author":{"name":"AQuest","@id":"https:\/\/www.omis.net\/it-it\/#\/schema\/person\/a84b31c39ee8e2b060f51cb288b0c8f4"},"headline":"WE ARE OMIS &#8211; Desvelamos los n\u00fameros","datePublished":"2022-03-24T00:00:00+00:00","dateModified":"2022-03-24T00:00:00+00:00","mainEntityOfPage":{"@id":"https:\/\/www.omis.net\/es-es\/we-are-omis-desvelamos-los-numeros\/"},"wordCount":36,"publisher":{"@id":"https:\/\/www.omis.net\/it-it\/#organization"},"image":{"@id":"https:\/\/www.omis.net\/es-es\/we-are-omis-desvelamos-los-numeros\/#primaryimage"},"thumbnailUrl":"https:\/\/media.omis.net\/media\/2022\/03\/we-are-omis-lets-look-at-the-numbers-header-omis-scaled.webp","keywords":["administrative","cranes","omisborntolift","omiscranes","omisgroup","omispeople","weareomis"],"articleSection":["WeAreOMIS"],"inLanguage":"es-es"},{"@type":"WebPage","@id":"https:\/\/www.omis.net\/es-es\/we-are-omis-desvelamos-los-numeros\/","url":"https:\/\/www.omis.net\/es-es\/we-are-omis-desvelamos-los-numeros\/","name":"WE ARE OMIS - Desvelamos los n\u00fameros | News by OMIS","isPartOf":{"@id":"https:\/\/www.omis.net\/it-it\/#website"},"primaryImageOfPage":{"@id":"https:\/\/www.omis.net\/es-es\/we-are-omis-desvelamos-los-numeros\/#primaryimage"},"image":{"@id":"https:\/\/www.omis.net\/es-es\/we-are-omis-desvelamos-los-numeros\/#primaryimage"},"thumbnailUrl":"https:\/\/media.omis.net\/media\/2022\/03\/we-are-omis-lets-look-at-the-numbers-header-omis-scaled.webp","datePublished":"2022-03-24T00:00:00+00:00","dateModified":"2022-03-24T00:00:00+00:00","description":"Gestionamos cada funci\u00f3n administrativa en OMIS Group. 11 Sociedades gestionadas al a\u00f1o. 16.000 facturas de compra registradas en 2021. 17.000 facturas de venta registradas al a\u00f1o. 84.000 asientos contables en 2021. Leer la noticia | OMIS","breadcrumb":{"@id":"https:\/\/www.omis.net\/es-es\/we-are-omis-desvelamos-los-numeros\/#breadcrumb"},"inLanguage":"es-es","potentialAction":[{"@type":"ReadAction","target":["https:\/\/www.omis.net\/es-es\/we-are-omis-desvelamos-los-numeros\/"]}]},{"@type":"ImageObject","inLanguage":"es-es","@id":"https:\/\/www.omis.net\/es-es\/we-are-omis-desvelamos-los-numeros\/#primaryimage","url":"https:\/\/media.omis.net\/media\/2022\/03\/we-are-omis-lets-look-at-the-numbers-header-omis-scaled.webp","contentUrl":"https:\/\/media.omis.net\/media\/2022\/03\/we-are-omis-lets-look-at-the-numbers-header-omis-scaled.webp","width":2560,"height":2560,"caption":"gallery - We are Omis let\u2019s look at the numbers header Omis"},{"@type":"BreadcrumbList","@id":"https:\/\/www.omis.net\/es-es\/we-are-omis-desvelamos-los-numeros\/#breadcrumb","itemListElement":[{"@type":"ListItem","position":1,"name":"Home","item":"https:\/\/www.omis.net\/es-es\/pagina-de-inicio\/"},{"@type":"ListItem","position":2,"name":"WE ARE OMIS &#8211; Desvelamos los n\u00fameros"}]},{"@type":"WebSite","@id":"https:\/\/www.omis.net\/it-it\/#website","url":"https:\/\/www.omis.net\/it-it\/","name":"Omis Spa","description":"Movimentazione e sollevamento","publisher":{"@id":"https:\/\/www.omis.net\/it-it\/#organization"},"potentialAction":[{"@type":"SearchAction","target":{"@type":"EntryPoint","urlTemplate":"https:\/\/www.omis.net\/it-it\/?s={search_term_string}"},"query-input":{"@type":"PropertyValueSpecification","valueRequired":true,"valueName":"search_term_string"}}],"inLanguage":"es-es"},{"@type":"Organization","@id":"https:\/\/www.omis.net\/it-it\/#organization","name":"Omis Spa","url":"https:\/\/www.omis.net\/it-it\/","logo":{"@type":"ImageObject","inLanguage":"es-es","@id":"https:\/\/www.omis.net\/it-it\/#\/schema\/logo\/image\/","url":"https:\/\/media.omis.net\/media\/2024\/08\/logo.jpg","contentUrl":"https:\/\/media.omis.net\/media\/2024\/08\/logo.jpg","width":300,"height":300,"caption":"Omis Spa"},"image":{"@id":"https:\/\/www.omis.net\/it-it\/#\/schema\/logo\/image\/"},"sameAs":["https:\/\/www.facebook.com\/omisgroup","https:\/\/www.linkedin.com\/company\/omis-group","https:\/\/www.youtube.com\/channel\/UCS4L59XDk3kKBI9MnjuxWDw","https:\/\/www.instagram.com\/omisgroup"]},{"@type":"Person","@id":"https:\/\/www.omis.net\/it-it\/#\/schema\/person\/a84b31c39ee8e2b060f51cb288b0c8f4","name":"AQuest","image":{"@type":"ImageObject","inLanguage":"es-es","@id":"https:\/\/www.omis.net\/it-it\/#\/schema\/person\/image\/","url":"https:\/\/secure.gravatar.com\/avatar\/189fc3cdb8260330afd047b6aaa36a00?s=96&d=mm&r=g","contentUrl":"https:\/\/secure.gravatar.com\/avatar\/189fc3cdb8260330afd047b6aaa36a00?s=96&d=mm&r=g","caption":"AQuest"}}]}},"_links":{"self":[{"href":"https:\/\/www.omis.net\/es-es\/wp-json\/wp\/v2\/posts\/5752"}],"collection":[{"href":"https:\/\/www.omis.net\/es-es\/wp-json\/wp\/v2\/posts"}],"about":[{"href":"https:\/\/www.omis.net\/es-es\/wp-json\/wp\/v2\/types\/post"}],"author":[{"embeddable":true,"href":"https:\/\/www.omis.net\/es-es\/wp-json\/wp\/v2\/users\/2"}],"replies":[{"embeddable":true,"href":"https:\/\/www.omis.net\/es-es\/wp-json\/wp\/v2\/comments?post=5752"}],"version-history":[{"count":0,"href":"https:\/\/www.omis.net\/es-es\/wp-json\/wp\/v2\/posts\/5752\/revisions"}],"wp:featuredmedia":[{"embeddable":true,"href":"https:\/\/www.omis.net\/es-es\/wp-json\/wp\/v2\/media\/9338"}],"wp:attachment":[{"href":"https:\/\/www.omis.net\/es-es\/wp-json\/wp\/v2\/media?parent=5752"}],"wp:term":[{"taxonomy":"category","embeddable":true,"href":"https:\/\/www.omis.net\/es-es\/wp-json\/wp\/v2\/categories?post=5752"},{"taxonomy":"post_tag","embeddable":true,"href":"https:\/\/www.omis.net\/es-es\/wp-json\/wp\/v2\/tags?post=5752"},{"taxonomy":"tipologia-prodotto","embeddable":true,"href":"https:\/\/www.omis.net\/es-es\/wp-json\/wp\/v2\/tipologia-prodotto?post=5752"}],"curies":[{"name":"wp","href":"https:\/\/api.w.org\/{rel}","templated":true}]}}