{"id":5750,"date":"2022-04-06T02:00:00","date_gmt":"2022-04-06T00:00:00","guid":{"rendered":"http:\/\/bedrock.local\/omis-grandes-gruas-para-elevaciones-especiales\/"},"modified":"2022-04-06T02:00:00","modified_gmt":"2022-04-06T00:00:00","slug":"omis-grandes-gruas-para-elevaciones-especiales","status":"publish","type":"post","link":"https:\/\/www.omis.net\/es-es\/omis-grandes-gruas-para-elevaciones-especiales\/","title":{"rendered":"OMIS &#8211; Grandes gr\u00faas para elevaciones especiales"},"content":{"rendered":"<p>En OMIS valoramos el cuidado de los detalles que, en los equipos especiales, marca la diferencia entre un producto est\u00e1ndar y uno hecho a medida para el cliente.<\/p><p>Nuestra dedicaci\u00f3n a la precisi\u00f3n se refleja en la producci\u00f3n de los equipos autom\u00e1ticos en la nueva planta de Villanuova sul Clisi (Brescia), situada en un contexto industrial din\u00e1mico y altamente especializado.<\/p><p>Cada equipo se dise\u00f1a seg\u00fan las necesidades del cliente y se reconoce que cada aplicaci\u00f3n y entorno de trabajo requiere una atenci\u00f3n \u00fanica. Dise\u00f1amos y construimos equipos de elevaci\u00f3n y manipulaci\u00f3n combinando nuestra gran experiencia con las necesidades concretas del cliente. Este enfoque colaborativo empieza en las fases previas de estudio, lo que nos permite adaptar cada proyecto con precisi\u00f3n a las necesidades especiales. Gracias al cuidado de los detalles y al constante di\u00e1logo con los clientes somos capaces de satisfacer incluso las peticiones m\u00e1s exigentes y proporcionar soluciones que no s\u00f3lo cumplen las normas m\u00e1s estrictas, sino que superan las expectativas. Con OMIS cada equipo de elevaci\u00f3n es una muestra de calidad dise\u00f1ado para garantizar un excelente rendimiento en cualquier contexto operativo.<\/p>","protected":false},"excerpt":{"rendered":"<p>En OMIS valoramos el cuidado de los detalles que, en los equipos especiales, marca la diferencia entre un producto est\u00e1ndar y uno hecho a medida para el cliente. Nuestra dedicaci\u00f3n a la precisi\u00f3n se refleja en la producci\u00f3n de los equipos autom\u00e1ticos en la nueva planta de Villanuova sul Clisi (Brescia), situada en un contexto [&hellip;]<\/p>\n","protected":false},"author":2,"featured_media":9467,"comment_status":"closed","ping_status":"closed","sticky":false,"template":"","format":"standard","meta":{"_acf_changed":false,"footnotes":""},"categories":[670],"tags":[281,452,274,272,273,389,451,289,453],"tipologia-prodotto":[],"class_list":["post-5750","post","type-post","status-publish","format-standard","has-post-thumbnail","hentry","category-productos","tag-cranes","tag-gruxl","tag-liftingsolutions","tag-omisborntolift","tag-omiscranes","tag-omisgroup","tag-omisxl","tag-weareomis","tag-xlcranes"],"acf":{"import_csv_id":"71","seo_title":"OMIS - Grandes gr\u00faas para elevaciones especiales | News by OMIS","seo_description":"En OMIS valoramos el cuidado de los detalles que, en las m\u00e1quinas especiales, marca la diferencia entre un producto de serie y uno hecho a medida para el cliente.\n OMIS fabrica sus m\u00e1quinas en la nueva planta de Villanuova sul Clisi (Brescia), en un contexto industrial sumamente din\u00e1mico y de alta especializaci\u00f3n.\n Gr\u00faas dise\u00f1adas seg\u00fan las especificaciones del cliente. Cada aplicaci\u00f3n y cada entorno de trabajo merecen especial atenci\u00f3n.\n Dise\u00f1amos y construimos los equipos de elevaci\u00f3n combinando nuestra experiencia con las especificaciones del cliente, dialogando desde las fases previas de estudio. As\u00ed logramos satisfacer las necesidades de los clientes m\u00e1s exigentes. Leer la noticia | OMIS"},"yoast_head":"<!-- This site is optimized with the Yoast SEO plugin v23.9 - https:\/\/yoast.com\/wordpress\/plugins\/seo\/ -->\n<title>OMIS - Grandes gr\u00faas para elevaciones especiales | News by OMIS<\/title>\n<meta name=\"description\" content=\"En OMIS valoramos el cuidado de los detalles que, en las m\u00e1quinas especiales, marca la diferencia entre un producto de serie y uno hecho a medida para el cliente. OMIS fabrica sus m\u00e1quinas en la nueva planta de Villanuova sul Clisi (Brescia), en un contexto industrial sumamente din\u00e1mico y de alta especializaci\u00f3n. Gr\u00faas dise\u00f1adas seg\u00fan las especificaciones del cliente. Cada aplicaci\u00f3n y cada entorno de trabajo merecen especial atenci\u00f3n. Dise\u00f1amos y construimos los equipos de elevaci\u00f3n combinando nuestra experiencia con las especificaciones del cliente, dialogando desde las fases previas de estudio. As\u00ed logramos satisfacer las necesidades de los clientes m\u00e1s exigentes. Leer la noticia | OMIS\" \/>\n<meta name=\"robots\" content=\"index, follow, max-snippet:-1, max-image-preview:large, max-video-preview:-1\" \/>\n<meta property=\"og:locale\" content=\"es_ES\" \/>\n<meta property=\"og:type\" content=\"article\" \/>\n<meta property=\"og:title\" content=\"OMIS - Grandes gr\u00faas para elevaciones especiales | News by OMIS\" \/>\n<meta property=\"og:description\" content=\"En OMIS valoramos el cuidado de los detalles que, en las m\u00e1quinas especiales, marca la diferencia entre un producto de serie y uno hecho a medida para el cliente. OMIS fabrica sus m\u00e1quinas en la nueva planta de Villanuova sul Clisi (Brescia), en un contexto industrial sumamente din\u00e1mico y de alta especializaci\u00f3n. Gr\u00faas dise\u00f1adas seg\u00fan las especificaciones del cliente. Cada aplicaci\u00f3n y cada entorno de trabajo merecen especial atenci\u00f3n. Dise\u00f1amos y construimos los equipos de elevaci\u00f3n combinando nuestra experiencia con las especificaciones del cliente, dialogando desde las fases previas de estudio. As\u00ed logramos satisfacer las necesidades de los clientes m\u00e1s exigentes. Leer la noticia | OMIS\" \/>\n<meta property=\"og:url\" content=\"https:\/\/www.omis.net\/es-es\/omis-grandes-gruas-para-elevaciones-especiales\/\" \/>\n<meta property=\"og:site_name\" content=\"Omis Spa\" \/>\n<meta property=\"article:publisher\" content=\"https:\/\/www.facebook.com\/omisgroup\" \/>\n<meta property=\"article:published_time\" content=\"2022-04-06T00:00:00+00:00\" \/>\n<meta property=\"og:image\" content=\"https:\/\/media.omis.net\/media\/2022\/04\/large-cranes-for-special-lifting-header-omis-scaled.webp\" \/>\n\t<meta property=\"og:image:width\" content=\"2560\" \/>\n\t<meta property=\"og:image:height\" content=\"2560\" \/>\n\t<meta property=\"og:image:type\" content=\"image\/webp\" \/>\n<meta name=\"author\" content=\"AQuest\" \/>\n<meta name=\"twitter:card\" content=\"summary_large_image\" \/>\n<meta name=\"twitter:label1\" content=\"Written by\" \/>\n\t<meta name=\"twitter:data1\" content=\"AQuest\" \/>\n\t<meta name=\"twitter:label2\" content=\"Est. reading time\" \/>\n\t<meta name=\"twitter:data2\" content=\"1 minute\" \/>\n<script type=\"application\/ld+json\" class=\"yoast-schema-graph\">{\"@context\":\"https:\/\/schema.org\",\"@graph\":[{\"@type\":\"Article\",\"@id\":\"https:\/\/www.omis.net\/es-es\/omis-grandes-gruas-para-elevaciones-especiales\/#article\",\"isPartOf\":{\"@id\":\"https:\/\/www.omis.net\/es-es\/omis-grandes-gruas-para-elevaciones-especiales\/\"},\"author\":{\"name\":\"AQuest\",\"@id\":\"https:\/\/www.omis.net\/it-it\/#\/schema\/person\/a84b31c39ee8e2b060f51cb288b0c8f4\"},\"headline\":\"OMIS &#8211; Grandes gr\u00faas para elevaciones especiales\",\"datePublished\":\"2022-04-06T00:00:00+00:00\",\"dateModified\":\"2022-04-06T00:00:00+00:00\",\"mainEntityOfPage\":{\"@id\":\"https:\/\/www.omis.net\/es-es\/omis-grandes-gruas-para-elevaciones-especiales\/\"},\"wordCount\":211,\"publisher\":{\"@id\":\"https:\/\/www.omis.net\/it-it\/#organization\"},\"image\":{\"@id\":\"https:\/\/www.omis.net\/es-es\/omis-grandes-gruas-para-elevaciones-especiales\/#primaryimage\"},\"thumbnailUrl\":\"https:\/\/media.omis.net\/media\/2022\/04\/large-cranes-for-special-lifting-header-omis-scaled.webp\",\"keywords\":[\"cranes\",\"gruxl\",\"liftingsolutions\",\"omisborntolift\",\"omiscranes\",\"omisgroup\",\"omisxl\",\"weareomis\",\"xlcranes\"],\"articleSection\":[\"Productos\"],\"inLanguage\":\"es-es\"},{\"@type\":\"WebPage\",\"@id\":\"https:\/\/www.omis.net\/es-es\/omis-grandes-gruas-para-elevaciones-especiales\/\",\"url\":\"https:\/\/www.omis.net\/es-es\/omis-grandes-gruas-para-elevaciones-especiales\/\",\"name\":\"OMIS - Grandes gr\u00faas para elevaciones especiales | News by OMIS\",\"isPartOf\":{\"@id\":\"https:\/\/www.omis.net\/it-it\/#website\"},\"primaryImageOfPage\":{\"@id\":\"https:\/\/www.omis.net\/es-es\/omis-grandes-gruas-para-elevaciones-especiales\/#primaryimage\"},\"image\":{\"@id\":\"https:\/\/www.omis.net\/es-es\/omis-grandes-gruas-para-elevaciones-especiales\/#primaryimage\"},\"thumbnailUrl\":\"https:\/\/media.omis.net\/media\/2022\/04\/large-cranes-for-special-lifting-header-omis-scaled.webp\",\"datePublished\":\"2022-04-06T00:00:00+00:00\",\"dateModified\":\"2022-04-06T00:00:00+00:00\",\"description\":\"En OMIS valoramos el cuidado de los detalles que, en las m\u00e1quinas especiales, marca la diferencia entre un producto de serie y uno hecho a medida para el cliente. OMIS fabrica sus m\u00e1quinas en la nueva planta de Villanuova sul Clisi (Brescia), en un contexto industrial sumamente din\u00e1mico y de alta especializaci\u00f3n. Gr\u00faas dise\u00f1adas seg\u00fan las especificaciones del cliente. Cada aplicaci\u00f3n y cada entorno de trabajo merecen especial atenci\u00f3n. Dise\u00f1amos y construimos los equipos de elevaci\u00f3n combinando nuestra experiencia con las especificaciones del cliente, dialogando desde las fases previas de estudio. As\u00ed logramos satisfacer las necesidades de los clientes m\u00e1s exigentes. Leer la noticia | OMIS\",\"breadcrumb\":{\"@id\":\"https:\/\/www.omis.net\/es-es\/omis-grandes-gruas-para-elevaciones-especiales\/#breadcrumb\"},\"inLanguage\":\"es-es\",\"potentialAction\":[{\"@type\":\"ReadAction\",\"target\":[\"https:\/\/www.omis.net\/es-es\/omis-grandes-gruas-para-elevaciones-especiales\/\"]}]},{\"@type\":\"ImageObject\",\"inLanguage\":\"es-es\",\"@id\":\"https:\/\/www.omis.net\/es-es\/omis-grandes-gruas-para-elevaciones-especiales\/#primaryimage\",\"url\":\"https:\/\/media.omis.net\/media\/2022\/04\/large-cranes-for-special-lifting-header-omis-scaled.webp\",\"contentUrl\":\"https:\/\/media.omis.net\/media\/2022\/04\/large-cranes-for-special-lifting-header-omis-scaled.webp\",\"width\":2560,\"height\":2560,\"caption\":\"gallery - Large cranes for special lifting header Omis\"},{\"@type\":\"BreadcrumbList\",\"@id\":\"https:\/\/www.omis.net\/es-es\/omis-grandes-gruas-para-elevaciones-especiales\/#breadcrumb\",\"itemListElement\":[{\"@type\":\"ListItem\",\"position\":1,\"name\":\"Home\",\"item\":\"https:\/\/www.omis.net\/es-es\/pagina-de-inicio\/\"},{\"@type\":\"ListItem\",\"position\":2,\"name\":\"OMIS &#8211; Grandes gr\u00faas para elevaciones especiales\"}]},{\"@type\":\"WebSite\",\"@id\":\"https:\/\/www.omis.net\/it-it\/#website\",\"url\":\"https:\/\/www.omis.net\/it-it\/\",\"name\":\"Omis Spa\",\"description\":\"Movimentazione e sollevamento\",\"publisher\":{\"@id\":\"https:\/\/www.omis.net\/it-it\/#organization\"},\"potentialAction\":[{\"@type\":\"SearchAction\",\"target\":{\"@type\":\"EntryPoint\",\"urlTemplate\":\"https:\/\/www.omis.net\/it-it\/?s={search_term_string}\"},\"query-input\":{\"@type\":\"PropertyValueSpecification\",\"valueRequired\":true,\"valueName\":\"search_term_string\"}}],\"inLanguage\":\"es-es\"},{\"@type\":\"Organization\",\"@id\":\"https:\/\/www.omis.net\/it-it\/#organization\",\"name\":\"Omis Spa\",\"url\":\"https:\/\/www.omis.net\/it-it\/\",\"logo\":{\"@type\":\"ImageObject\",\"inLanguage\":\"es-es\",\"@id\":\"https:\/\/www.omis.net\/it-it\/#\/schema\/logo\/image\/\",\"url\":\"https:\/\/media.omis.net\/media\/2024\/08\/logo.jpg\",\"contentUrl\":\"https:\/\/media.omis.net\/media\/2024\/08\/logo.jpg\",\"width\":300,\"height\":300,\"caption\":\"Omis Spa\"},\"image\":{\"@id\":\"https:\/\/www.omis.net\/it-it\/#\/schema\/logo\/image\/\"},\"sameAs\":[\"https:\/\/www.facebook.com\/omisgroup\",\"https:\/\/www.linkedin.com\/company\/omis-group\",\"https:\/\/www.youtube.com\/channel\/UCS4L59XDk3kKBI9MnjuxWDw\",\"https:\/\/www.instagram.com\/omisgroup\"]},{\"@type\":\"Person\",\"@id\":\"https:\/\/www.omis.net\/it-it\/#\/schema\/person\/a84b31c39ee8e2b060f51cb288b0c8f4\",\"name\":\"AQuest\",\"image\":{\"@type\":\"ImageObject\",\"inLanguage\":\"es-es\",\"@id\":\"https:\/\/www.omis.net\/it-it\/#\/schema\/person\/image\/\",\"url\":\"https:\/\/secure.gravatar.com\/avatar\/189fc3cdb8260330afd047b6aaa36a00?s=96&d=mm&r=g\",\"contentUrl\":\"https:\/\/secure.gravatar.com\/avatar\/189fc3cdb8260330afd047b6aaa36a00?s=96&d=mm&r=g\",\"caption\":\"AQuest\"}}]}<\/script>\n<!-- \/ Yoast SEO plugin. -->","yoast_head_json":{"title":"OMIS - Grandes gr\u00faas para elevaciones especiales | News by OMIS","description":"En OMIS valoramos el cuidado de los detalles que, en las m\u00e1quinas especiales, marca la diferencia entre un producto de serie y uno hecho a medida para el cliente. OMIS fabrica sus m\u00e1quinas en la nueva planta de Villanuova sul Clisi (Brescia), en un contexto industrial sumamente din\u00e1mico y de alta especializaci\u00f3n. Gr\u00faas dise\u00f1adas seg\u00fan las especificaciones del cliente. Cada aplicaci\u00f3n y cada entorno de trabajo merecen especial atenci\u00f3n. Dise\u00f1amos y construimos los equipos de elevaci\u00f3n combinando nuestra experiencia con las especificaciones del cliente, dialogando desde las fases previas de estudio. As\u00ed logramos satisfacer las necesidades de los clientes m\u00e1s exigentes. Leer la noticia | OMIS","robots":{"index":"index","follow":"follow","max-snippet":"max-snippet:-1","max-image-preview":"max-image-preview:large","max-video-preview":"max-video-preview:-1"},"og_locale":"es_ES","og_type":"article","og_title":"OMIS - Grandes gr\u00faas para elevaciones especiales | News by OMIS","og_description":"En OMIS valoramos el cuidado de los detalles que, en las m\u00e1quinas especiales, marca la diferencia entre un producto de serie y uno hecho a medida para el cliente. OMIS fabrica sus m\u00e1quinas en la nueva planta de Villanuova sul Clisi (Brescia), en un contexto industrial sumamente din\u00e1mico y de alta especializaci\u00f3n. Gr\u00faas dise\u00f1adas seg\u00fan las especificaciones del cliente. Cada aplicaci\u00f3n y cada entorno de trabajo merecen especial atenci\u00f3n. Dise\u00f1amos y construimos los equipos de elevaci\u00f3n combinando nuestra experiencia con las especificaciones del cliente, dialogando desde las fases previas de estudio. As\u00ed logramos satisfacer las necesidades de los clientes m\u00e1s exigentes. Leer la noticia | OMIS","og_url":"https:\/\/www.omis.net\/es-es\/omis-grandes-gruas-para-elevaciones-especiales\/","og_site_name":"Omis Spa","article_publisher":"https:\/\/www.facebook.com\/omisgroup","article_published_time":"2022-04-06T00:00:00+00:00","og_image":[{"width":2560,"height":2560,"url":"https:\/\/media.omis.net\/media\/2022\/04\/large-cranes-for-special-lifting-header-omis-scaled.webp","type":"image\/webp"}],"author":"AQuest","twitter_card":"summary_large_image","twitter_misc":{"Written by":"AQuest","Est. reading time":"1 minute"},"schema":{"@context":"https:\/\/schema.org","@graph":[{"@type":"Article","@id":"https:\/\/www.omis.net\/es-es\/omis-grandes-gruas-para-elevaciones-especiales\/#article","isPartOf":{"@id":"https:\/\/www.omis.net\/es-es\/omis-grandes-gruas-para-elevaciones-especiales\/"},"author":{"name":"AQuest","@id":"https:\/\/www.omis.net\/it-it\/#\/schema\/person\/a84b31c39ee8e2b060f51cb288b0c8f4"},"headline":"OMIS &#8211; Grandes gr\u00faas para elevaciones especiales","datePublished":"2022-04-06T00:00:00+00:00","dateModified":"2022-04-06T00:00:00+00:00","mainEntityOfPage":{"@id":"https:\/\/www.omis.net\/es-es\/omis-grandes-gruas-para-elevaciones-especiales\/"},"wordCount":211,"publisher":{"@id":"https:\/\/www.omis.net\/it-it\/#organization"},"image":{"@id":"https:\/\/www.omis.net\/es-es\/omis-grandes-gruas-para-elevaciones-especiales\/#primaryimage"},"thumbnailUrl":"https:\/\/media.omis.net\/media\/2022\/04\/large-cranes-for-special-lifting-header-omis-scaled.webp","keywords":["cranes","gruxl","liftingsolutions","omisborntolift","omiscranes","omisgroup","omisxl","weareomis","xlcranes"],"articleSection":["Productos"],"inLanguage":"es-es"},{"@type":"WebPage","@id":"https:\/\/www.omis.net\/es-es\/omis-grandes-gruas-para-elevaciones-especiales\/","url":"https:\/\/www.omis.net\/es-es\/omis-grandes-gruas-para-elevaciones-especiales\/","name":"OMIS - Grandes gr\u00faas para elevaciones especiales | News by OMIS","isPartOf":{"@id":"https:\/\/www.omis.net\/it-it\/#website"},"primaryImageOfPage":{"@id":"https:\/\/www.omis.net\/es-es\/omis-grandes-gruas-para-elevaciones-especiales\/#primaryimage"},"image":{"@id":"https:\/\/www.omis.net\/es-es\/omis-grandes-gruas-para-elevaciones-especiales\/#primaryimage"},"thumbnailUrl":"https:\/\/media.omis.net\/media\/2022\/04\/large-cranes-for-special-lifting-header-omis-scaled.webp","datePublished":"2022-04-06T00:00:00+00:00","dateModified":"2022-04-06T00:00:00+00:00","description":"En OMIS valoramos el cuidado de los detalles que, en las m\u00e1quinas especiales, marca la diferencia entre un producto de serie y uno hecho a medida para el cliente. OMIS fabrica sus m\u00e1quinas en la nueva planta de Villanuova sul Clisi (Brescia), en un contexto industrial sumamente din\u00e1mico y de alta especializaci\u00f3n. Gr\u00faas dise\u00f1adas seg\u00fan las especificaciones del cliente. Cada aplicaci\u00f3n y cada entorno de trabajo merecen especial atenci\u00f3n. Dise\u00f1amos y construimos los equipos de elevaci\u00f3n combinando nuestra experiencia con las especificaciones del cliente, dialogando desde las fases previas de estudio. As\u00ed logramos satisfacer las necesidades de los clientes m\u00e1s exigentes. Leer la noticia | OMIS","breadcrumb":{"@id":"https:\/\/www.omis.net\/es-es\/omis-grandes-gruas-para-elevaciones-especiales\/#breadcrumb"},"inLanguage":"es-es","potentialAction":[{"@type":"ReadAction","target":["https:\/\/www.omis.net\/es-es\/omis-grandes-gruas-para-elevaciones-especiales\/"]}]},{"@type":"ImageObject","inLanguage":"es-es","@id":"https:\/\/www.omis.net\/es-es\/omis-grandes-gruas-para-elevaciones-especiales\/#primaryimage","url":"https:\/\/media.omis.net\/media\/2022\/04\/large-cranes-for-special-lifting-header-omis-scaled.webp","contentUrl":"https:\/\/media.omis.net\/media\/2022\/04\/large-cranes-for-special-lifting-header-omis-scaled.webp","width":2560,"height":2560,"caption":"gallery - Large cranes for special lifting header Omis"},{"@type":"BreadcrumbList","@id":"https:\/\/www.omis.net\/es-es\/omis-grandes-gruas-para-elevaciones-especiales\/#breadcrumb","itemListElement":[{"@type":"ListItem","position":1,"name":"Home","item":"https:\/\/www.omis.net\/es-es\/pagina-de-inicio\/"},{"@type":"ListItem","position":2,"name":"OMIS &#8211; Grandes gr\u00faas para elevaciones especiales"}]},{"@type":"WebSite","@id":"https:\/\/www.omis.net\/it-it\/#website","url":"https:\/\/www.omis.net\/it-it\/","name":"Omis Spa","description":"Movimentazione e sollevamento","publisher":{"@id":"https:\/\/www.omis.net\/it-it\/#organization"},"potentialAction":[{"@type":"SearchAction","target":{"@type":"EntryPoint","urlTemplate":"https:\/\/www.omis.net\/it-it\/?s={search_term_string}"},"query-input":{"@type":"PropertyValueSpecification","valueRequired":true,"valueName":"search_term_string"}}],"inLanguage":"es-es"},{"@type":"Organization","@id":"https:\/\/www.omis.net\/it-it\/#organization","name":"Omis Spa","url":"https:\/\/www.omis.net\/it-it\/","logo":{"@type":"ImageObject","inLanguage":"es-es","@id":"https:\/\/www.omis.net\/it-it\/#\/schema\/logo\/image\/","url":"https:\/\/media.omis.net\/media\/2024\/08\/logo.jpg","contentUrl":"https:\/\/media.omis.net\/media\/2024\/08\/logo.jpg","width":300,"height":300,"caption":"Omis Spa"},"image":{"@id":"https:\/\/www.omis.net\/it-it\/#\/schema\/logo\/image\/"},"sameAs":["https:\/\/www.facebook.com\/omisgroup","https:\/\/www.linkedin.com\/company\/omis-group","https:\/\/www.youtube.com\/channel\/UCS4L59XDk3kKBI9MnjuxWDw","https:\/\/www.instagram.com\/omisgroup"]},{"@type":"Person","@id":"https:\/\/www.omis.net\/it-it\/#\/schema\/person\/a84b31c39ee8e2b060f51cb288b0c8f4","name":"AQuest","image":{"@type":"ImageObject","inLanguage":"es-es","@id":"https:\/\/www.omis.net\/it-it\/#\/schema\/person\/image\/","url":"https:\/\/secure.gravatar.com\/avatar\/189fc3cdb8260330afd047b6aaa36a00?s=96&d=mm&r=g","contentUrl":"https:\/\/secure.gravatar.com\/avatar\/189fc3cdb8260330afd047b6aaa36a00?s=96&d=mm&r=g","caption":"AQuest"}}]}},"_links":{"self":[{"href":"https:\/\/www.omis.net\/es-es\/wp-json\/wp\/v2\/posts\/5750"}],"collection":[{"href":"https:\/\/www.omis.net\/es-es\/wp-json\/wp\/v2\/posts"}],"about":[{"href":"https:\/\/www.omis.net\/es-es\/wp-json\/wp\/v2\/types\/post"}],"author":[{"embeddable":true,"href":"https:\/\/www.omis.net\/es-es\/wp-json\/wp\/v2\/users\/2"}],"replies":[{"embeddable":true,"href":"https:\/\/www.omis.net\/es-es\/wp-json\/wp\/v2\/comments?post=5750"}],"version-history":[{"count":0,"href":"https:\/\/www.omis.net\/es-es\/wp-json\/wp\/v2\/posts\/5750\/revisions"}],"wp:featuredmedia":[{"embeddable":true,"href":"https:\/\/www.omis.net\/es-es\/wp-json\/wp\/v2\/media\/9467"}],"wp:attachment":[{"href":"https:\/\/www.omis.net\/es-es\/wp-json\/wp\/v2\/media?parent=5750"}],"wp:term":[{"taxonomy":"category","embeddable":true,"href":"https:\/\/www.omis.net\/es-es\/wp-json\/wp\/v2\/categories?post=5750"},{"taxonomy":"post_tag","embeddable":true,"href":"https:\/\/www.omis.net\/es-es\/wp-json\/wp\/v2\/tags?post=5750"},{"taxonomy":"tipologia-prodotto","embeddable":true,"href":"https:\/\/www.omis.net\/es-es\/wp-json\/wp\/v2\/tipologia-prodotto?post=5750"}],"curies":[{"name":"wp","href":"https:\/\/api.w.org\/{rel}","templated":true}]}}