{"id":5700,"date":"2024-05-10T02:00:00","date_gmt":"2024-05-10T00:00:00","guid":{"rendered":"http:\/\/bedrock.local\/feimec-2024-2\/"},"modified":"2024-05-10T02:00:00","modified_gmt":"2024-05-10T00:00:00","slug":"feimec-2024-2","status":"publish","type":"post","link":"https:\/\/www.omis.net\/es-es\/feimec-2024-2\/","title":{"rendered":"FEIMEC 2024"},"content":{"rendered":"<p>La Feria Internacional de M\u00e1quinas y Equipos de San Pablo, FEIMEC 2024, nos ha dado la posibilidad de mostrar c\u00f3mo nuestras soluciones de elevaci\u00f3n hacen que las actividades diarias relacionadas con la manipulaci\u00f3n de materiales pesados sean m\u00e1s f\u00e1ciles, seguras y sostenibles.<\/p>","protected":false},"excerpt":{"rendered":"<p>La Feria Internacional de M\u00e1quinas y Equipos de San Pablo, FEIMEC 2024, nos ha dado la posibilidad de mostrar c\u00f3mo nuestras soluciones de elevaci\u00f3n hacen que las actividades diarias relacionadas con la manipulaci\u00f3n de materiales pesados sean m\u00e1s f\u00e1ciles, seguras y sostenibles.<\/p>\n","protected":false},"author":2,"featured_media":10861,"comment_status":"closed","ping_status":"closed","sticky":false,"template":"","format":"standard","meta":{"_acf_changed":false,"footnotes":""},"categories":[667],"tags":[280,274,279,272,277,273,389,278],"tipologia-prodotto":[],"class_list":["post-5700","post","type-post","status-publish","format-standard","has-post-thumbnail","hentry","category-ferias","tag-feimec2024","tag-liftingsolutions","tag-materialhandling","tag-omisborntolift","tag-omisbrasil","tag-omiscranes","tag-omisgroup","tag-omishoist"],"acf":{"import_csv_id":"21","seo_title":"FEIMEC 2024 | News by OMIS","seo_description":"La Feria Internacional de M\u00e1quinas y Equipos de San Pablo, FEIMEC 2024, nos ha dado la posibilidad de mostrar c\u00f3mo nuestras soluciones de elevaci\u00f3n hacen que las actividades diarias relacionadas con la manipulaci\u00f3n de materiales pesados sean m\u00e1s f\u00e1ciles, seguras y sostenibles. Leer la noticia | OMIS"},"yoast_head":"<!-- This site is optimized with the Yoast SEO plugin v23.9 - https:\/\/yoast.com\/wordpress\/plugins\/seo\/ -->\n<title>FEIMEC 2024 | News by OMIS<\/title>\n<meta name=\"description\" content=\"La Feria Internacional de M\u00e1quinas y Equipos de San Pablo, FEIMEC 2024, nos ha dado la posibilidad de mostrar c\u00f3mo nuestras soluciones de elevaci\u00f3n hacen que las actividades diarias relacionadas con la manipulaci\u00f3n de materiales pesados sean m\u00e1s f\u00e1ciles, seguras y sostenibles. Leer la noticia | OMIS\" \/>\n<meta name=\"robots\" content=\"index, follow, max-snippet:-1, max-image-preview:large, max-video-preview:-1\" \/>\n<meta property=\"og:locale\" content=\"es_ES\" \/>\n<meta property=\"og:type\" content=\"article\" \/>\n<meta property=\"og:title\" content=\"FEIMEC 2024 | News by OMIS\" \/>\n<meta property=\"og:description\" content=\"La Feria Internacional de M\u00e1quinas y Equipos de San Pablo, FEIMEC 2024, nos ha dado la posibilidad de mostrar c\u00f3mo nuestras soluciones de elevaci\u00f3n hacen que las actividades diarias relacionadas con la manipulaci\u00f3n de materiales pesados sean m\u00e1s f\u00e1ciles, seguras y sostenibles. Leer la noticia | OMIS\" \/>\n<meta property=\"og:url\" content=\"https:\/\/www.omis.net\/es-es\/feimec-2024-2\/\" \/>\n<meta property=\"og:site_name\" content=\"Omis Spa\" \/>\n<meta property=\"article:publisher\" content=\"https:\/\/www.facebook.com\/omisgroup\" \/>\n<meta property=\"article:published_time\" content=\"2024-05-10T00:00:00+00:00\" \/>\n<meta property=\"og:image\" content=\"https:\/\/media.omis.net\/media\/2024\/05\/feimec-2024-meet-us-omis-scaled.webp\" \/>\n\t<meta property=\"og:image:width\" content=\"2560\" \/>\n\t<meta property=\"og:image:height\" content=\"1838\" \/>\n\t<meta property=\"og:image:type\" content=\"image\/webp\" \/>\n<meta name=\"author\" content=\"AQuest\" \/>\n<meta name=\"twitter:card\" content=\"summary_large_image\" \/>\n<meta name=\"twitter:label1\" content=\"Written by\" \/>\n\t<meta name=\"twitter:data1\" content=\"AQuest\" \/>\n<script type=\"application\/ld+json\" class=\"yoast-schema-graph\">{\"@context\":\"https:\/\/schema.org\",\"@graph\":[{\"@type\":\"Article\",\"@id\":\"https:\/\/www.omis.net\/es-es\/feimec-2024-2\/#article\",\"isPartOf\":{\"@id\":\"https:\/\/www.omis.net\/es-es\/feimec-2024-2\/\"},\"author\":{\"name\":\"AQuest\",\"@id\":\"https:\/\/www.omis.net\/it-it\/#\/schema\/person\/a84b31c39ee8e2b060f51cb288b0c8f4\"},\"headline\":\"FEIMEC 2024\",\"datePublished\":\"2024-05-10T00:00:00+00:00\",\"dateModified\":\"2024-05-10T00:00:00+00:00\",\"mainEntityOfPage\":{\"@id\":\"https:\/\/www.omis.net\/es-es\/feimec-2024-2\/\"},\"wordCount\":48,\"publisher\":{\"@id\":\"https:\/\/www.omis.net\/it-it\/#organization\"},\"image\":{\"@id\":\"https:\/\/www.omis.net\/es-es\/feimec-2024-2\/#primaryimage\"},\"thumbnailUrl\":\"https:\/\/media.omis.net\/media\/2024\/05\/feimec-2024-meet-us-omis-scaled.webp\",\"keywords\":[\"feimec2024\",\"liftingsolutions\",\"materialhandling\",\"omisborntolift\",\"omisbrasil\",\"omiscranes\",\"omisgroup\",\"omishoist\"],\"articleSection\":[\"Ferias\"],\"inLanguage\":\"es-es\"},{\"@type\":\"WebPage\",\"@id\":\"https:\/\/www.omis.net\/es-es\/feimec-2024-2\/\",\"url\":\"https:\/\/www.omis.net\/es-es\/feimec-2024-2\/\",\"name\":\"FEIMEC 2024 | News by OMIS\",\"isPartOf\":{\"@id\":\"https:\/\/www.omis.net\/it-it\/#website\"},\"primaryImageOfPage\":{\"@id\":\"https:\/\/www.omis.net\/es-es\/feimec-2024-2\/#primaryimage\"},\"image\":{\"@id\":\"https:\/\/www.omis.net\/es-es\/feimec-2024-2\/#primaryimage\"},\"thumbnailUrl\":\"https:\/\/media.omis.net\/media\/2024\/05\/feimec-2024-meet-us-omis-scaled.webp\",\"datePublished\":\"2024-05-10T00:00:00+00:00\",\"dateModified\":\"2024-05-10T00:00:00+00:00\",\"description\":\"La Feria Internacional de M\u00e1quinas y Equipos de San Pablo, FEIMEC 2024, nos ha dado la posibilidad de mostrar c\u00f3mo nuestras soluciones de elevaci\u00f3n hacen que las actividades diarias relacionadas con la manipulaci\u00f3n de materiales pesados sean m\u00e1s f\u00e1ciles, seguras y sostenibles. Leer la noticia | OMIS\",\"breadcrumb\":{\"@id\":\"https:\/\/www.omis.net\/es-es\/feimec-2024-2\/#breadcrumb\"},\"inLanguage\":\"es-es\",\"potentialAction\":[{\"@type\":\"ReadAction\",\"target\":[\"https:\/\/www.omis.net\/es-es\/feimec-2024-2\/\"]}]},{\"@type\":\"ImageObject\",\"inLanguage\":\"es-es\",\"@id\":\"https:\/\/www.omis.net\/es-es\/feimec-2024-2\/#primaryimage\",\"url\":\"https:\/\/media.omis.net\/media\/2024\/05\/feimec-2024-meet-us-omis-scaled.webp\",\"contentUrl\":\"https:\/\/media.omis.net\/media\/2024\/05\/feimec-2024-meet-us-omis-scaled.webp\",\"width\":2560,\"height\":1838,\"caption\":\"gallery - Feimec 2024 meet us Omis\"},{\"@type\":\"BreadcrumbList\",\"@id\":\"https:\/\/www.omis.net\/es-es\/feimec-2024-2\/#breadcrumb\",\"itemListElement\":[{\"@type\":\"ListItem\",\"position\":1,\"name\":\"Home\",\"item\":\"https:\/\/www.omis.net\/es-es\/pagina-de-inicio\/\"},{\"@type\":\"ListItem\",\"position\":2,\"name\":\"FEIMEC 2024\"}]},{\"@type\":\"WebSite\",\"@id\":\"https:\/\/www.omis.net\/it-it\/#website\",\"url\":\"https:\/\/www.omis.net\/it-it\/\",\"name\":\"Omis Spa\",\"description\":\"Movimentazione e sollevamento\",\"publisher\":{\"@id\":\"https:\/\/www.omis.net\/it-it\/#organization\"},\"potentialAction\":[{\"@type\":\"SearchAction\",\"target\":{\"@type\":\"EntryPoint\",\"urlTemplate\":\"https:\/\/www.omis.net\/it-it\/?s={search_term_string}\"},\"query-input\":{\"@type\":\"PropertyValueSpecification\",\"valueRequired\":true,\"valueName\":\"search_term_string\"}}],\"inLanguage\":\"es-es\"},{\"@type\":\"Organization\",\"@id\":\"https:\/\/www.omis.net\/it-it\/#organization\",\"name\":\"Omis Spa\",\"url\":\"https:\/\/www.omis.net\/it-it\/\",\"logo\":{\"@type\":\"ImageObject\",\"inLanguage\":\"es-es\",\"@id\":\"https:\/\/www.omis.net\/it-it\/#\/schema\/logo\/image\/\",\"url\":\"https:\/\/media.omis.net\/media\/2024\/08\/logo.jpg\",\"contentUrl\":\"https:\/\/media.omis.net\/media\/2024\/08\/logo.jpg\",\"width\":300,\"height\":300,\"caption\":\"Omis Spa\"},\"image\":{\"@id\":\"https:\/\/www.omis.net\/it-it\/#\/schema\/logo\/image\/\"},\"sameAs\":[\"https:\/\/www.facebook.com\/omisgroup\",\"https:\/\/www.linkedin.com\/company\/omis-group\",\"https:\/\/www.youtube.com\/channel\/UCS4L59XDk3kKBI9MnjuxWDw\",\"https:\/\/www.instagram.com\/omisgroup\"]},{\"@type\":\"Person\",\"@id\":\"https:\/\/www.omis.net\/it-it\/#\/schema\/person\/a84b31c39ee8e2b060f51cb288b0c8f4\",\"name\":\"AQuest\",\"image\":{\"@type\":\"ImageObject\",\"inLanguage\":\"es-es\",\"@id\":\"https:\/\/www.omis.net\/it-it\/#\/schema\/person\/image\/\",\"url\":\"https:\/\/secure.gravatar.com\/avatar\/189fc3cdb8260330afd047b6aaa36a00?s=96&d=mm&r=g\",\"contentUrl\":\"https:\/\/secure.gravatar.com\/avatar\/189fc3cdb8260330afd047b6aaa36a00?s=96&d=mm&r=g\",\"caption\":\"AQuest\"}}]}<\/script>\n<!-- \/ Yoast SEO plugin. -->","yoast_head_json":{"title":"FEIMEC 2024 | News by OMIS","description":"La Feria Internacional de M\u00e1quinas y Equipos de San Pablo, FEIMEC 2024, nos ha dado la posibilidad de mostrar c\u00f3mo nuestras soluciones de elevaci\u00f3n hacen que las actividades diarias relacionadas con la manipulaci\u00f3n de materiales pesados sean m\u00e1s f\u00e1ciles, seguras y sostenibles. Leer la noticia | OMIS","robots":{"index":"index","follow":"follow","max-snippet":"max-snippet:-1","max-image-preview":"max-image-preview:large","max-video-preview":"max-video-preview:-1"},"og_locale":"es_ES","og_type":"article","og_title":"FEIMEC 2024 | News by OMIS","og_description":"La Feria Internacional de M\u00e1quinas y Equipos de San Pablo, FEIMEC 2024, nos ha dado la posibilidad de mostrar c\u00f3mo nuestras soluciones de elevaci\u00f3n hacen que las actividades diarias relacionadas con la manipulaci\u00f3n de materiales pesados sean m\u00e1s f\u00e1ciles, seguras y sostenibles. Leer la noticia | OMIS","og_url":"https:\/\/www.omis.net\/es-es\/feimec-2024-2\/","og_site_name":"Omis Spa","article_publisher":"https:\/\/www.facebook.com\/omisgroup","article_published_time":"2024-05-10T00:00:00+00:00","og_image":[{"width":2560,"height":1838,"url":"https:\/\/media.omis.net\/media\/2024\/05\/feimec-2024-meet-us-omis-scaled.webp","type":"image\/webp"}],"author":"AQuest","twitter_card":"summary_large_image","twitter_misc":{"Written by":"AQuest"},"schema":{"@context":"https:\/\/schema.org","@graph":[{"@type":"Article","@id":"https:\/\/www.omis.net\/es-es\/feimec-2024-2\/#article","isPartOf":{"@id":"https:\/\/www.omis.net\/es-es\/feimec-2024-2\/"},"author":{"name":"AQuest","@id":"https:\/\/www.omis.net\/it-it\/#\/schema\/person\/a84b31c39ee8e2b060f51cb288b0c8f4"},"headline":"FEIMEC 2024","datePublished":"2024-05-10T00:00:00+00:00","dateModified":"2024-05-10T00:00:00+00:00","mainEntityOfPage":{"@id":"https:\/\/www.omis.net\/es-es\/feimec-2024-2\/"},"wordCount":48,"publisher":{"@id":"https:\/\/www.omis.net\/it-it\/#organization"},"image":{"@id":"https:\/\/www.omis.net\/es-es\/feimec-2024-2\/#primaryimage"},"thumbnailUrl":"https:\/\/media.omis.net\/media\/2024\/05\/feimec-2024-meet-us-omis-scaled.webp","keywords":["feimec2024","liftingsolutions","materialhandling","omisborntolift","omisbrasil","omiscranes","omisgroup","omishoist"],"articleSection":["Ferias"],"inLanguage":"es-es"},{"@type":"WebPage","@id":"https:\/\/www.omis.net\/es-es\/feimec-2024-2\/","url":"https:\/\/www.omis.net\/es-es\/feimec-2024-2\/","name":"FEIMEC 2024 | News by OMIS","isPartOf":{"@id":"https:\/\/www.omis.net\/it-it\/#website"},"primaryImageOfPage":{"@id":"https:\/\/www.omis.net\/es-es\/feimec-2024-2\/#primaryimage"},"image":{"@id":"https:\/\/www.omis.net\/es-es\/feimec-2024-2\/#primaryimage"},"thumbnailUrl":"https:\/\/media.omis.net\/media\/2024\/05\/feimec-2024-meet-us-omis-scaled.webp","datePublished":"2024-05-10T00:00:00+00:00","dateModified":"2024-05-10T00:00:00+00:00","description":"La Feria Internacional de M\u00e1quinas y Equipos de San Pablo, FEIMEC 2024, nos ha dado la posibilidad de mostrar c\u00f3mo nuestras soluciones de elevaci\u00f3n hacen que las actividades diarias relacionadas con la manipulaci\u00f3n de materiales pesados sean m\u00e1s f\u00e1ciles, seguras y sostenibles. Leer la noticia | OMIS","breadcrumb":{"@id":"https:\/\/www.omis.net\/es-es\/feimec-2024-2\/#breadcrumb"},"inLanguage":"es-es","potentialAction":[{"@type":"ReadAction","target":["https:\/\/www.omis.net\/es-es\/feimec-2024-2\/"]}]},{"@type":"ImageObject","inLanguage":"es-es","@id":"https:\/\/www.omis.net\/es-es\/feimec-2024-2\/#primaryimage","url":"https:\/\/media.omis.net\/media\/2024\/05\/feimec-2024-meet-us-omis-scaled.webp","contentUrl":"https:\/\/media.omis.net\/media\/2024\/05\/feimec-2024-meet-us-omis-scaled.webp","width":2560,"height":1838,"caption":"gallery - Feimec 2024 meet us Omis"},{"@type":"BreadcrumbList","@id":"https:\/\/www.omis.net\/es-es\/feimec-2024-2\/#breadcrumb","itemListElement":[{"@type":"ListItem","position":1,"name":"Home","item":"https:\/\/www.omis.net\/es-es\/pagina-de-inicio\/"},{"@type":"ListItem","position":2,"name":"FEIMEC 2024"}]},{"@type":"WebSite","@id":"https:\/\/www.omis.net\/it-it\/#website","url":"https:\/\/www.omis.net\/it-it\/","name":"Omis Spa","description":"Movimentazione e sollevamento","publisher":{"@id":"https:\/\/www.omis.net\/it-it\/#organization"},"potentialAction":[{"@type":"SearchAction","target":{"@type":"EntryPoint","urlTemplate":"https:\/\/www.omis.net\/it-it\/?s={search_term_string}"},"query-input":{"@type":"PropertyValueSpecification","valueRequired":true,"valueName":"search_term_string"}}],"inLanguage":"es-es"},{"@type":"Organization","@id":"https:\/\/www.omis.net\/it-it\/#organization","name":"Omis Spa","url":"https:\/\/www.omis.net\/it-it\/","logo":{"@type":"ImageObject","inLanguage":"es-es","@id":"https:\/\/www.omis.net\/it-it\/#\/schema\/logo\/image\/","url":"https:\/\/media.omis.net\/media\/2024\/08\/logo.jpg","contentUrl":"https:\/\/media.omis.net\/media\/2024\/08\/logo.jpg","width":300,"height":300,"caption":"Omis Spa"},"image":{"@id":"https:\/\/www.omis.net\/it-it\/#\/schema\/logo\/image\/"},"sameAs":["https:\/\/www.facebook.com\/omisgroup","https:\/\/www.linkedin.com\/company\/omis-group","https:\/\/www.youtube.com\/channel\/UCS4L59XDk3kKBI9MnjuxWDw","https:\/\/www.instagram.com\/omisgroup"]},{"@type":"Person","@id":"https:\/\/www.omis.net\/it-it\/#\/schema\/person\/a84b31c39ee8e2b060f51cb288b0c8f4","name":"AQuest","image":{"@type":"ImageObject","inLanguage":"es-es","@id":"https:\/\/www.omis.net\/it-it\/#\/schema\/person\/image\/","url":"https:\/\/secure.gravatar.com\/avatar\/189fc3cdb8260330afd047b6aaa36a00?s=96&d=mm&r=g","contentUrl":"https:\/\/secure.gravatar.com\/avatar\/189fc3cdb8260330afd047b6aaa36a00?s=96&d=mm&r=g","caption":"AQuest"}}]}},"_links":{"self":[{"href":"https:\/\/www.omis.net\/es-es\/wp-json\/wp\/v2\/posts\/5700"}],"collection":[{"href":"https:\/\/www.omis.net\/es-es\/wp-json\/wp\/v2\/posts"}],"about":[{"href":"https:\/\/www.omis.net\/es-es\/wp-json\/wp\/v2\/types\/post"}],"author":[{"embeddable":true,"href":"https:\/\/www.omis.net\/es-es\/wp-json\/wp\/v2\/users\/2"}],"replies":[{"embeddable":true,"href":"https:\/\/www.omis.net\/es-es\/wp-json\/wp\/v2\/comments?post=5700"}],"version-history":[{"count":0,"href":"https:\/\/www.omis.net\/es-es\/wp-json\/wp\/v2\/posts\/5700\/revisions"}],"wp:featuredmedia":[{"embeddable":true,"href":"https:\/\/www.omis.net\/es-es\/wp-json\/wp\/v2\/media\/10861"}],"wp:attachment":[{"href":"https:\/\/www.omis.net\/es-es\/wp-json\/wp\/v2\/media?parent=5700"}],"wp:term":[{"taxonomy":"category","embeddable":true,"href":"https:\/\/www.omis.net\/es-es\/wp-json\/wp\/v2\/categories?post=5700"},{"taxonomy":"post_tag","embeddable":true,"href":"https:\/\/www.omis.net\/es-es\/wp-json\/wp\/v2\/tags?post=5700"},{"taxonomy":"tipologia-prodotto","embeddable":true,"href":"https:\/\/www.omis.net\/es-es\/wp-json\/wp\/v2\/tipologia-prodotto?post=5700"}],"curies":[{"name":"wp","href":"https:\/\/api.w.org\/{rel}","templated":true}]}}