{"id":5699,"date":"2024-06-10T02:00:00","date_gmt":"2024-06-10T00:00:00","guid":{"rendered":"http:\/\/bedrock.local\/el-nuevo-liderazgo-en-los-equipos-ligeros\/"},"modified":"2024-06-10T02:00:00","modified_gmt":"2024-06-10T00:00:00","slug":"el-nuevo-liderazgo-en-los-equipos-ligeros","status":"publish","type":"post","link":"https:\/\/www.omis.net\/es-es\/el-nuevo-liderazgo-en-los-equipos-ligeros\/","title":{"rendered":"El nuevo liderazgo en los equipos ligeros"},"content":{"rendered":"<p>El nuevo liderazgo en los equipos ligeros<\/p><p><\/p><p>OMIS ha firmado la compra del 75% de Elephant, uno de los principales fabricantes de gr\u00faas pluma y sistemas de elevaci\u00f3n en Italia. Todo ello gracias a la uni\u00f3n de prop\u00f3sitos de los dos Directores Generales, Laura De Toni de OMIS Group y Marco Baffoni de Elephant srl. Esta alianza representa un punto de inflexi\u00f3n al conquistar el liderazgo en el sector de la elevaci\u00f3n ligera, tanto en Italia como en el extranjero.<\/p><p><\/p><p>Para esta operaci\u00f3n queremos dar las gracias<\/p><p><\/p><p>de OMIS<\/p><p>Director de Finanzas Andrea Cesare Mapelli<\/p><p>Akos Finance<\/p><p>Grimaldi Alliance<\/p><p><\/p><p>de Elephant<\/p><p>Studio Associato Ragionieri di Rimini<\/p><p>Deloitte Legal<\/p>","protected":false},"excerpt":{"rendered":"<p>El nuevo liderazgo en los equipos ligeros OMIS ha firmado la compra del 75% de Elephant, uno de los principales fabricantes de gr\u00faas pluma y sistemas de elevaci\u00f3n en Italia. Todo ello gracias a la uni\u00f3n de prop\u00f3sitos de los dos Directores Generales, Laura De Toni de OMIS Group y Marco Baffoni de Elephant srl. [&hellip;]<\/p>\n","protected":false},"author":2,"featured_media":10897,"comment_status":"closed","ping_status":"closed","sticky":false,"template":"","format":"standard","meta":{"_acf_changed":false,"footnotes":""},"categories":[670],"tags":[274,276,272,273,389,275],"tipologia-prodotto":[],"class_list":["post-5699","post","type-post","status-publish","format-standard","has-post-thumbnail","hentry","category-productos","tag-liftingsolutions","tag-omisandelephant","tag-omisborntolift","tag-omiscranes","tag-omisgroup","tag-welightenlifetogrowtogether"],"acf":{"import_csv_id":"20","seo_title":"El nuevo liderazgo en los equipos ligeros | News by OMIS","seo_description":"OMIS ha adquirido el 75% de Elephant, l\u00edder en la fabricaci\u00f3n de gr\u00faas pluma y elevaci\u00f3n. El acuerdo entre Laura De Toni de OMIS y Marco Baffoni de Elephant marca un punto de inflexi\u00f3n en el sector, ya que consolida el liderazgo en la elevaci\u00f3n ligera tanto en Italia como en el extranjero. Leer la noticia | OMIS"},"yoast_head":"<!-- This site is optimized with the Yoast SEO plugin v23.9 - https:\/\/yoast.com\/wordpress\/plugins\/seo\/ -->\n<title>El nuevo liderazgo en los equipos ligeros | News by OMIS<\/title>\n<meta name=\"description\" content=\"OMIS ha adquirido el 75% de Elephant, l\u00edder en la fabricaci\u00f3n de gr\u00faas pluma y elevaci\u00f3n. El acuerdo entre Laura De Toni de OMIS y Marco Baffoni de Elephant marca un punto de inflexi\u00f3n en el sector, ya que consolida el liderazgo en la elevaci\u00f3n ligera tanto en Italia como en el extranjero. Leer la noticia | OMIS\" \/>\n<meta name=\"robots\" content=\"index, follow, max-snippet:-1, max-image-preview:large, max-video-preview:-1\" \/>\n<meta property=\"og:locale\" content=\"es_ES\" \/>\n<meta property=\"og:type\" content=\"article\" \/>\n<meta property=\"og:title\" content=\"El nuevo liderazgo en los equipos ligeros | News by OMIS\" \/>\n<meta property=\"og:description\" content=\"OMIS ha adquirido el 75% de Elephant, l\u00edder en la fabricaci\u00f3n de gr\u00faas pluma y elevaci\u00f3n. El acuerdo entre Laura De Toni de OMIS y Marco Baffoni de Elephant marca un punto de inflexi\u00f3n en el sector, ya que consolida el liderazgo en la elevaci\u00f3n ligera tanto en Italia como en el extranjero. Leer la noticia | OMIS\" \/>\n<meta property=\"og:url\" content=\"https:\/\/www.omis.net\/es-es\/el-nuevo-liderazgo-en-los-equipos-ligeros\/\" \/>\n<meta property=\"og:site_name\" content=\"Omis Spa\" \/>\n<meta property=\"article:publisher\" content=\"https:\/\/www.facebook.com\/omisgroup\" \/>\n<meta property=\"article:published_time\" content=\"2024-06-10T00:00:00+00:00\" \/>\n<meta property=\"og:image\" content=\"https:\/\/media.omis.net\/media\/2024\/06\/new-leadership-in-light-plants-omis-scaled.webp\" \/>\n\t<meta property=\"og:image:width\" content=\"2560\" \/>\n\t<meta property=\"og:image:height\" content=\"1838\" \/>\n\t<meta property=\"og:image:type\" content=\"image\/webp\" \/>\n<meta name=\"author\" content=\"AQuest\" \/>\n<meta name=\"twitter:card\" content=\"summary_large_image\" \/>\n<meta name=\"twitter:label1\" content=\"Written by\" \/>\n\t<meta name=\"twitter:data1\" content=\"AQuest\" \/>\n\t<meta name=\"twitter:label2\" content=\"Est. reading time\" \/>\n\t<meta name=\"twitter:data2\" content=\"1 minute\" \/>\n<script type=\"application\/ld+json\" class=\"yoast-schema-graph\">{\"@context\":\"https:\/\/schema.org\",\"@graph\":[{\"@type\":\"Article\",\"@id\":\"https:\/\/www.omis.net\/es-es\/el-nuevo-liderazgo-en-los-equipos-ligeros\/#article\",\"isPartOf\":{\"@id\":\"https:\/\/www.omis.net\/es-es\/el-nuevo-liderazgo-en-los-equipos-ligeros\/\"},\"author\":{\"name\":\"AQuest\",\"@id\":\"https:\/\/www.omis.net\/it-it\/#\/schema\/person\/a84b31c39ee8e2b060f51cb288b0c8f4\"},\"headline\":\"El nuevo liderazgo en los equipos ligeros\",\"datePublished\":\"2024-06-10T00:00:00+00:00\",\"dateModified\":\"2024-06-10T00:00:00+00:00\",\"mainEntityOfPage\":{\"@id\":\"https:\/\/www.omis.net\/es-es\/el-nuevo-liderazgo-en-los-equipos-ligeros\/\"},\"wordCount\":121,\"publisher\":{\"@id\":\"https:\/\/www.omis.net\/it-it\/#organization\"},\"image\":{\"@id\":\"https:\/\/www.omis.net\/es-es\/el-nuevo-liderazgo-en-los-equipos-ligeros\/#primaryimage\"},\"thumbnailUrl\":\"https:\/\/media.omis.net\/media\/2024\/06\/new-leadership-in-light-plants-omis-scaled.webp\",\"keywords\":[\"liftingsolutions\",\"omisandelephant\",\"omisborntolift\",\"omiscranes\",\"omisgroup\",\"WeLightenLifeToGrowTogether\"],\"articleSection\":[\"Productos\"],\"inLanguage\":\"es-es\"},{\"@type\":\"WebPage\",\"@id\":\"https:\/\/www.omis.net\/es-es\/el-nuevo-liderazgo-en-los-equipos-ligeros\/\",\"url\":\"https:\/\/www.omis.net\/es-es\/el-nuevo-liderazgo-en-los-equipos-ligeros\/\",\"name\":\"El nuevo liderazgo en los equipos ligeros | News by OMIS\",\"isPartOf\":{\"@id\":\"https:\/\/www.omis.net\/it-it\/#website\"},\"primaryImageOfPage\":{\"@id\":\"https:\/\/www.omis.net\/es-es\/el-nuevo-liderazgo-en-los-equipos-ligeros\/#primaryimage\"},\"image\":{\"@id\":\"https:\/\/www.omis.net\/es-es\/el-nuevo-liderazgo-en-los-equipos-ligeros\/#primaryimage\"},\"thumbnailUrl\":\"https:\/\/media.omis.net\/media\/2024\/06\/new-leadership-in-light-plants-omis-scaled.webp\",\"datePublished\":\"2024-06-10T00:00:00+00:00\",\"dateModified\":\"2024-06-10T00:00:00+00:00\",\"description\":\"OMIS ha adquirido el 75% de Elephant, l\u00edder en la fabricaci\u00f3n de gr\u00faas pluma y elevaci\u00f3n. El acuerdo entre Laura De Toni de OMIS y Marco Baffoni de Elephant marca un punto de inflexi\u00f3n en el sector, ya que consolida el liderazgo en la elevaci\u00f3n ligera tanto en Italia como en el extranjero. Leer la noticia | OMIS\",\"breadcrumb\":{\"@id\":\"https:\/\/www.omis.net\/es-es\/el-nuevo-liderazgo-en-los-equipos-ligeros\/#breadcrumb\"},\"inLanguage\":\"es-es\",\"potentialAction\":[{\"@type\":\"ReadAction\",\"target\":[\"https:\/\/www.omis.net\/es-es\/el-nuevo-liderazgo-en-los-equipos-ligeros\/\"]}]},{\"@type\":\"ImageObject\",\"inLanguage\":\"es-es\",\"@id\":\"https:\/\/www.omis.net\/es-es\/el-nuevo-liderazgo-en-los-equipos-ligeros\/#primaryimage\",\"url\":\"https:\/\/media.omis.net\/media\/2024\/06\/new-leadership-in-light-plants-omis-scaled.webp\",\"contentUrl\":\"https:\/\/media.omis.net\/media\/2024\/06\/new-leadership-in-light-plants-omis-scaled.webp\",\"width\":2560,\"height\":1838,\"caption\":\"gallery - New leadership in light plants Omis\"},{\"@type\":\"BreadcrumbList\",\"@id\":\"https:\/\/www.omis.net\/es-es\/el-nuevo-liderazgo-en-los-equipos-ligeros\/#breadcrumb\",\"itemListElement\":[{\"@type\":\"ListItem\",\"position\":1,\"name\":\"Home\",\"item\":\"https:\/\/www.omis.net\/es-es\/pagina-de-inicio\/\"},{\"@type\":\"ListItem\",\"position\":2,\"name\":\"El nuevo liderazgo en los equipos ligeros\"}]},{\"@type\":\"WebSite\",\"@id\":\"https:\/\/www.omis.net\/it-it\/#website\",\"url\":\"https:\/\/www.omis.net\/it-it\/\",\"name\":\"Omis Spa\",\"description\":\"Movimentazione e sollevamento\",\"publisher\":{\"@id\":\"https:\/\/www.omis.net\/it-it\/#organization\"},\"potentialAction\":[{\"@type\":\"SearchAction\",\"target\":{\"@type\":\"EntryPoint\",\"urlTemplate\":\"https:\/\/www.omis.net\/it-it\/?s={search_term_string}\"},\"query-input\":{\"@type\":\"PropertyValueSpecification\",\"valueRequired\":true,\"valueName\":\"search_term_string\"}}],\"inLanguage\":\"es-es\"},{\"@type\":\"Organization\",\"@id\":\"https:\/\/www.omis.net\/it-it\/#organization\",\"name\":\"Omis Spa\",\"url\":\"https:\/\/www.omis.net\/it-it\/\",\"logo\":{\"@type\":\"ImageObject\",\"inLanguage\":\"es-es\",\"@id\":\"https:\/\/www.omis.net\/it-it\/#\/schema\/logo\/image\/\",\"url\":\"https:\/\/media.omis.net\/media\/2024\/08\/logo.jpg\",\"contentUrl\":\"https:\/\/media.omis.net\/media\/2024\/08\/logo.jpg\",\"width\":300,\"height\":300,\"caption\":\"Omis Spa\"},\"image\":{\"@id\":\"https:\/\/www.omis.net\/it-it\/#\/schema\/logo\/image\/\"},\"sameAs\":[\"https:\/\/www.facebook.com\/omisgroup\",\"https:\/\/www.linkedin.com\/company\/omis-group\",\"https:\/\/www.youtube.com\/channel\/UCS4L59XDk3kKBI9MnjuxWDw\",\"https:\/\/www.instagram.com\/omisgroup\"]},{\"@type\":\"Person\",\"@id\":\"https:\/\/www.omis.net\/it-it\/#\/schema\/person\/a84b31c39ee8e2b060f51cb288b0c8f4\",\"name\":\"AQuest\",\"image\":{\"@type\":\"ImageObject\",\"inLanguage\":\"es-es\",\"@id\":\"https:\/\/www.omis.net\/it-it\/#\/schema\/person\/image\/\",\"url\":\"https:\/\/secure.gravatar.com\/avatar\/189fc3cdb8260330afd047b6aaa36a00?s=96&d=mm&r=g\",\"contentUrl\":\"https:\/\/secure.gravatar.com\/avatar\/189fc3cdb8260330afd047b6aaa36a00?s=96&d=mm&r=g\",\"caption\":\"AQuest\"}}]}<\/script>\n<!-- \/ Yoast SEO plugin. -->","yoast_head_json":{"title":"El nuevo liderazgo en los equipos ligeros | News by OMIS","description":"OMIS ha adquirido el 75% de Elephant, l\u00edder en la fabricaci\u00f3n de gr\u00faas pluma y elevaci\u00f3n. El acuerdo entre Laura De Toni de OMIS y Marco Baffoni de Elephant marca un punto de inflexi\u00f3n en el sector, ya que consolida el liderazgo en la elevaci\u00f3n ligera tanto en Italia como en el extranjero. Leer la noticia | OMIS","robots":{"index":"index","follow":"follow","max-snippet":"max-snippet:-1","max-image-preview":"max-image-preview:large","max-video-preview":"max-video-preview:-1"},"og_locale":"es_ES","og_type":"article","og_title":"El nuevo liderazgo en los equipos ligeros | News by OMIS","og_description":"OMIS ha adquirido el 75% de Elephant, l\u00edder en la fabricaci\u00f3n de gr\u00faas pluma y elevaci\u00f3n. El acuerdo entre Laura De Toni de OMIS y Marco Baffoni de Elephant marca un punto de inflexi\u00f3n en el sector, ya que consolida el liderazgo en la elevaci\u00f3n ligera tanto en Italia como en el extranjero. Leer la noticia | OMIS","og_url":"https:\/\/www.omis.net\/es-es\/el-nuevo-liderazgo-en-los-equipos-ligeros\/","og_site_name":"Omis Spa","article_publisher":"https:\/\/www.facebook.com\/omisgroup","article_published_time":"2024-06-10T00:00:00+00:00","og_image":[{"width":2560,"height":1838,"url":"https:\/\/media.omis.net\/media\/2024\/06\/new-leadership-in-light-plants-omis-scaled.webp","type":"image\/webp"}],"author":"AQuest","twitter_card":"summary_large_image","twitter_misc":{"Written by":"AQuest","Est. reading time":"1 minute"},"schema":{"@context":"https:\/\/schema.org","@graph":[{"@type":"Article","@id":"https:\/\/www.omis.net\/es-es\/el-nuevo-liderazgo-en-los-equipos-ligeros\/#article","isPartOf":{"@id":"https:\/\/www.omis.net\/es-es\/el-nuevo-liderazgo-en-los-equipos-ligeros\/"},"author":{"name":"AQuest","@id":"https:\/\/www.omis.net\/it-it\/#\/schema\/person\/a84b31c39ee8e2b060f51cb288b0c8f4"},"headline":"El nuevo liderazgo en los equipos ligeros","datePublished":"2024-06-10T00:00:00+00:00","dateModified":"2024-06-10T00:00:00+00:00","mainEntityOfPage":{"@id":"https:\/\/www.omis.net\/es-es\/el-nuevo-liderazgo-en-los-equipos-ligeros\/"},"wordCount":121,"publisher":{"@id":"https:\/\/www.omis.net\/it-it\/#organization"},"image":{"@id":"https:\/\/www.omis.net\/es-es\/el-nuevo-liderazgo-en-los-equipos-ligeros\/#primaryimage"},"thumbnailUrl":"https:\/\/media.omis.net\/media\/2024\/06\/new-leadership-in-light-plants-omis-scaled.webp","keywords":["liftingsolutions","omisandelephant","omisborntolift","omiscranes","omisgroup","WeLightenLifeToGrowTogether"],"articleSection":["Productos"],"inLanguage":"es-es"},{"@type":"WebPage","@id":"https:\/\/www.omis.net\/es-es\/el-nuevo-liderazgo-en-los-equipos-ligeros\/","url":"https:\/\/www.omis.net\/es-es\/el-nuevo-liderazgo-en-los-equipos-ligeros\/","name":"El nuevo liderazgo en los equipos ligeros | News by OMIS","isPartOf":{"@id":"https:\/\/www.omis.net\/it-it\/#website"},"primaryImageOfPage":{"@id":"https:\/\/www.omis.net\/es-es\/el-nuevo-liderazgo-en-los-equipos-ligeros\/#primaryimage"},"image":{"@id":"https:\/\/www.omis.net\/es-es\/el-nuevo-liderazgo-en-los-equipos-ligeros\/#primaryimage"},"thumbnailUrl":"https:\/\/media.omis.net\/media\/2024\/06\/new-leadership-in-light-plants-omis-scaled.webp","datePublished":"2024-06-10T00:00:00+00:00","dateModified":"2024-06-10T00:00:00+00:00","description":"OMIS ha adquirido el 75% de Elephant, l\u00edder en la fabricaci\u00f3n de gr\u00faas pluma y elevaci\u00f3n. El acuerdo entre Laura De Toni de OMIS y Marco Baffoni de Elephant marca un punto de inflexi\u00f3n en el sector, ya que consolida el liderazgo en la elevaci\u00f3n ligera tanto en Italia como en el extranjero. Leer la noticia | OMIS","breadcrumb":{"@id":"https:\/\/www.omis.net\/es-es\/el-nuevo-liderazgo-en-los-equipos-ligeros\/#breadcrumb"},"inLanguage":"es-es","potentialAction":[{"@type":"ReadAction","target":["https:\/\/www.omis.net\/es-es\/el-nuevo-liderazgo-en-los-equipos-ligeros\/"]}]},{"@type":"ImageObject","inLanguage":"es-es","@id":"https:\/\/www.omis.net\/es-es\/el-nuevo-liderazgo-en-los-equipos-ligeros\/#primaryimage","url":"https:\/\/media.omis.net\/media\/2024\/06\/new-leadership-in-light-plants-omis-scaled.webp","contentUrl":"https:\/\/media.omis.net\/media\/2024\/06\/new-leadership-in-light-plants-omis-scaled.webp","width":2560,"height":1838,"caption":"gallery - New leadership in light plants Omis"},{"@type":"BreadcrumbList","@id":"https:\/\/www.omis.net\/es-es\/el-nuevo-liderazgo-en-los-equipos-ligeros\/#breadcrumb","itemListElement":[{"@type":"ListItem","position":1,"name":"Home","item":"https:\/\/www.omis.net\/es-es\/pagina-de-inicio\/"},{"@type":"ListItem","position":2,"name":"El nuevo liderazgo en los equipos ligeros"}]},{"@type":"WebSite","@id":"https:\/\/www.omis.net\/it-it\/#website","url":"https:\/\/www.omis.net\/it-it\/","name":"Omis Spa","description":"Movimentazione e sollevamento","publisher":{"@id":"https:\/\/www.omis.net\/it-it\/#organization"},"potentialAction":[{"@type":"SearchAction","target":{"@type":"EntryPoint","urlTemplate":"https:\/\/www.omis.net\/it-it\/?s={search_term_string}"},"query-input":{"@type":"PropertyValueSpecification","valueRequired":true,"valueName":"search_term_string"}}],"inLanguage":"es-es"},{"@type":"Organization","@id":"https:\/\/www.omis.net\/it-it\/#organization","name":"Omis Spa","url":"https:\/\/www.omis.net\/it-it\/","logo":{"@type":"ImageObject","inLanguage":"es-es","@id":"https:\/\/www.omis.net\/it-it\/#\/schema\/logo\/image\/","url":"https:\/\/media.omis.net\/media\/2024\/08\/logo.jpg","contentUrl":"https:\/\/media.omis.net\/media\/2024\/08\/logo.jpg","width":300,"height":300,"caption":"Omis Spa"},"image":{"@id":"https:\/\/www.omis.net\/it-it\/#\/schema\/logo\/image\/"},"sameAs":["https:\/\/www.facebook.com\/omisgroup","https:\/\/www.linkedin.com\/company\/omis-group","https:\/\/www.youtube.com\/channel\/UCS4L59XDk3kKBI9MnjuxWDw","https:\/\/www.instagram.com\/omisgroup"]},{"@type":"Person","@id":"https:\/\/www.omis.net\/it-it\/#\/schema\/person\/a84b31c39ee8e2b060f51cb288b0c8f4","name":"AQuest","image":{"@type":"ImageObject","inLanguage":"es-es","@id":"https:\/\/www.omis.net\/it-it\/#\/schema\/person\/image\/","url":"https:\/\/secure.gravatar.com\/avatar\/189fc3cdb8260330afd047b6aaa36a00?s=96&d=mm&r=g","contentUrl":"https:\/\/secure.gravatar.com\/avatar\/189fc3cdb8260330afd047b6aaa36a00?s=96&d=mm&r=g","caption":"AQuest"}}]}},"_links":{"self":[{"href":"https:\/\/www.omis.net\/es-es\/wp-json\/wp\/v2\/posts\/5699"}],"collection":[{"href":"https:\/\/www.omis.net\/es-es\/wp-json\/wp\/v2\/posts"}],"about":[{"href":"https:\/\/www.omis.net\/es-es\/wp-json\/wp\/v2\/types\/post"}],"author":[{"embeddable":true,"href":"https:\/\/www.omis.net\/es-es\/wp-json\/wp\/v2\/users\/2"}],"replies":[{"embeddable":true,"href":"https:\/\/www.omis.net\/es-es\/wp-json\/wp\/v2\/comments?post=5699"}],"version-history":[{"count":0,"href":"https:\/\/www.omis.net\/es-es\/wp-json\/wp\/v2\/posts\/5699\/revisions"}],"wp:featuredmedia":[{"embeddable":true,"href":"https:\/\/www.omis.net\/es-es\/wp-json\/wp\/v2\/media\/10897"}],"wp:attachment":[{"href":"https:\/\/www.omis.net\/es-es\/wp-json\/wp\/v2\/media?parent=5699"}],"wp:term":[{"taxonomy":"category","embeddable":true,"href":"https:\/\/www.omis.net\/es-es\/wp-json\/wp\/v2\/categories?post=5699"},{"taxonomy":"post_tag","embeddable":true,"href":"https:\/\/www.omis.net\/es-es\/wp-json\/wp\/v2\/tags?post=5699"},{"taxonomy":"tipologia-prodotto","embeddable":true,"href":"https:\/\/www.omis.net\/es-es\/wp-json\/wp\/v2\/tipologia-prodotto?post=5699"}],"curies":[{"name":"wp","href":"https:\/\/api.w.org\/{rel}","templated":true}]}}