{"id":1266,"count":0,"description":"Kopftr\u00e4ger f\u00fcr Br\u00fcckenkrane bis 60 t: verst\u00e4rkte Konstruktion, komplett mit R\u00e4dern und Getriebemotoren","link":"https:\/\/www.omis.net\/de-de\/produkte\/komponenten-fur-laufkrane\/kopftrager\/","name":"Kopftr\u00e4ger","slug":"kopftrager","taxonomy":"tipologia-prodotto","parent":760,"meta":[],"acf":{"import_csv_id":"","seo_title":"Kopftr\u00e4ger f\u00fcr Br\u00fcckenkrane","seo_description":"Kopftr\u00e4ger f\u00fcr Br\u00fcckenkrane bis 60 t: verst\u00e4rkte Konstruktion, komplett mit R\u00e4dern und Getriebemotoren","immagine_categoria_sottomenu":20903,"caratteristiche_principali":null,"caratteristiche_descrittive":null,"Tipologia_correlata":null,"pagina_tipologia_hero_type":"video","pagina_tipologia_hero_video":null,"pagina_tipologia_hero_immagine":null,"pagina_tipologia_descrizione_titolo":"Kopftr\u00e4ger f\u00fcr Br\u00fcckenkrane","pagina_tipologia_descrizione_testo":"Kopftr\u00e4ger f\u00fcr Br\u00fcckenkrane bis 60 t: verst\u00e4rkte Konstruktion, komplett mit R\u00e4dern und Getriebemotoren","pagina_tipologia_faq_correlate":"","mostrata_come_prodotto":true,"elemento_da_cui_recuperare_i_campi":[20755]},"yoast_head":"<!-- This site is optimized with the Yoast SEO plugin v23.9 - https:\/\/yoast.com\/wordpress\/plugins\/seo\/ -->\n<title>Kopftr\u00e4ger f\u00fcr Br\u00fcckenkrane<\/title>\n<meta name=\"description\" content=\"Kopftr\u00e4ger f\u00fcr Br\u00fcckenkrane bis 60 t: verst\u00e4rkte Konstruktion, komplett mit R\u00e4dern und Getriebemotoren\" \/>\n<meta name=\"robots\" content=\"index, follow, max-snippet:-1, max-image-preview:large, max-video-preview:-1\" \/>\n<meta property=\"og:locale\" content=\"de_DE\" \/>\n<meta property=\"og:type\" content=\"article\" \/>\n<meta property=\"og:title\" content=\"Kopftr\u00e4ger f\u00fcr Br\u00fcckenkrane\" \/>\n<meta property=\"og:description\" content=\"Kopftr\u00e4ger f\u00fcr Br\u00fcckenkrane bis 60 t: verst\u00e4rkte Konstruktion, komplett mit R\u00e4dern und Getriebemotoren\" \/>\n<meta property=\"og:url\" content=\"https:\/\/www.omis.net\/de-de\/produkte\/komponenten-fur-laufkrane\/kopftrager\/\" \/>\n<meta property=\"og:site_name\" content=\"Omis Spa\" \/>\n<meta name=\"twitter:card\" content=\"summary_large_image\" \/>\n<script type=\"application\/ld+json\" class=\"yoast-schema-graph\">{\"@context\":\"https:\/\/schema.org\",\"@graph\":[{\"@type\":\"CollectionPage\",\"@id\":\"https:\/\/www.omis.net\/de-de\/produkte\/komponenten-fur-laufkrane\/kopftrager\/\",\"url\":\"https:\/\/www.omis.net\/de-de\/produkte\/komponenten-fur-laufkrane\/kopftrager\/\",\"name\":\"Kopftr\u00e4ger f\u00fcr Br\u00fcckenkrane\",\"isPartOf\":{\"@id\":\"https:\/\/www.omis.net\/it-it\/#website\"},\"description\":\"Kopftr\u00e4ger f\u00fcr Br\u00fcckenkrane bis 60 t: verst\u00e4rkte Konstruktion, komplett mit R\u00e4dern und Getriebemotoren\",\"breadcrumb\":{\"@id\":\"https:\/\/www.omis.net\/de-de\/produkte\/komponenten-fur-laufkrane\/kopftrager\/#breadcrumb\"},\"inLanguage\":\"de-de\"},{\"@type\":\"BreadcrumbList\",\"@id\":\"https:\/\/www.omis.net\/de-de\/produkte\/komponenten-fur-laufkrane\/kopftrager\/#breadcrumb\",\"itemListElement\":[{\"@type\":\"ListItem\",\"position\":1,\"name\":\"Home\",\"item\":\"https:\/\/www.omis.net\/de-de\/homepage\/\"},{\"@type\":\"ListItem\",\"position\":2,\"name\":\"Komponenten f\u00fcr Laufkr\u00e4ne\",\"item\":\"https:\/\/www.omis.net\/de-de\/produkte\/komponenten-fur-laufkrane\/\"},{\"@type\":\"ListItem\",\"position\":3,\"name\":\"Kopftr\u00e4ger\"}]},{\"@type\":\"WebSite\",\"@id\":\"https:\/\/www.omis.net\/it-it\/#website\",\"url\":\"https:\/\/www.omis.net\/it-it\/\",\"name\":\"Omis Spa\",\"description\":\"Movimentazione e sollevamento\",\"publisher\":{\"@id\":\"https:\/\/www.omis.net\/it-it\/#organization\"},\"potentialAction\":[{\"@type\":\"SearchAction\",\"target\":{\"@type\":\"EntryPoint\",\"urlTemplate\":\"https:\/\/www.omis.net\/it-it\/?s={search_term_string}\"},\"query-input\":{\"@type\":\"PropertyValueSpecification\",\"valueRequired\":true,\"valueName\":\"search_term_string\"}}],\"inLanguage\":\"de-de\"},{\"@type\":\"Organization\",\"@id\":\"https:\/\/www.omis.net\/it-it\/#organization\",\"name\":\"Omis Spa\",\"url\":\"https:\/\/www.omis.net\/it-it\/\",\"logo\":{\"@type\":\"ImageObject\",\"inLanguage\":\"de-de\",\"@id\":\"https:\/\/www.omis.net\/it-it\/#\/schema\/logo\/image\/\",\"url\":\"https:\/\/media.omis.net\/media\/2024\/08\/logo.jpg\",\"contentUrl\":\"https:\/\/media.omis.net\/media\/2024\/08\/logo.jpg\",\"width\":300,\"height\":300,\"caption\":\"Omis Spa\"},\"image\":{\"@id\":\"https:\/\/www.omis.net\/it-it\/#\/schema\/logo\/image\/\"},\"sameAs\":[\"https:\/\/www.facebook.com\/omisgroup\",\"https:\/\/www.linkedin.com\/company\/omis-group\",\"https:\/\/www.youtube.com\/channel\/UCS4L59XDk3kKBI9MnjuxWDw\",\"https:\/\/www.instagram.com\/omisgroup\"]}]}<\/script>\n<!-- \/ Yoast SEO plugin. -->","yoast_head_json":{"title":"Kopftr\u00e4ger f\u00fcr Br\u00fcckenkrane","description":"Kopftr\u00e4ger f\u00fcr Br\u00fcckenkrane bis 60 t: verst\u00e4rkte Konstruktion, komplett mit R\u00e4dern und Getriebemotoren","robots":{"index":"index","follow":"follow","max-snippet":"max-snippet:-1","max-image-preview":"max-image-preview:large","max-video-preview":"max-video-preview:-1"},"og_locale":"de_DE","og_type":"article","og_title":"Kopftr\u00e4ger f\u00fcr Br\u00fcckenkrane","og_description":"Kopftr\u00e4ger f\u00fcr Br\u00fcckenkrane bis 60 t: verst\u00e4rkte Konstruktion, komplett mit R\u00e4dern und Getriebemotoren","og_url":"https:\/\/www.omis.net\/de-de\/produkte\/komponenten-fur-laufkrane\/kopftrager\/","og_site_name":"Omis Spa","twitter_card":"summary_large_image","schema":{"@context":"https:\/\/schema.org","@graph":[{"@type":"CollectionPage","@id":"https:\/\/www.omis.net\/de-de\/produkte\/komponenten-fur-laufkrane\/kopftrager\/","url":"https:\/\/www.omis.net\/de-de\/produkte\/komponenten-fur-laufkrane\/kopftrager\/","name":"Kopftr\u00e4ger f\u00fcr Br\u00fcckenkrane","isPartOf":{"@id":"https:\/\/www.omis.net\/it-it\/#website"},"description":"Kopftr\u00e4ger f\u00fcr Br\u00fcckenkrane bis 60 t: verst\u00e4rkte Konstruktion, komplett mit R\u00e4dern und Getriebemotoren","breadcrumb":{"@id":"https:\/\/www.omis.net\/de-de\/produkte\/komponenten-fur-laufkrane\/kopftrager\/#breadcrumb"},"inLanguage":"de-de"},{"@type":"BreadcrumbList","@id":"https:\/\/www.omis.net\/de-de\/produkte\/komponenten-fur-laufkrane\/kopftrager\/#breadcrumb","itemListElement":[{"@type":"ListItem","position":1,"name":"Home","item":"https:\/\/www.omis.net\/de-de\/homepage\/"},{"@type":"ListItem","position":2,"name":"Komponenten f\u00fcr Laufkr\u00e4ne","item":"https:\/\/www.omis.net\/de-de\/produkte\/komponenten-fur-laufkrane\/"},{"@type":"ListItem","position":3,"name":"Kopftr\u00e4ger"}]},{"@type":"WebSite","@id":"https:\/\/www.omis.net\/it-it\/#website","url":"https:\/\/www.omis.net\/it-it\/","name":"Omis Spa","description":"Movimentazione e sollevamento","publisher":{"@id":"https:\/\/www.omis.net\/it-it\/#organization"},"potentialAction":[{"@type":"SearchAction","target":{"@type":"EntryPoint","urlTemplate":"https:\/\/www.omis.net\/it-it\/?s={search_term_string}"},"query-input":{"@type":"PropertyValueSpecification","valueRequired":true,"valueName":"search_term_string"}}],"inLanguage":"de-de"},{"@type":"Organization","@id":"https:\/\/www.omis.net\/it-it\/#organization","name":"Omis Spa","url":"https:\/\/www.omis.net\/it-it\/","logo":{"@type":"ImageObject","inLanguage":"de-de","@id":"https:\/\/www.omis.net\/it-it\/#\/schema\/logo\/image\/","url":"https:\/\/media.omis.net\/media\/2024\/08\/logo.jpg","contentUrl":"https:\/\/media.omis.net\/media\/2024\/08\/logo.jpg","width":300,"height":300,"caption":"Omis Spa"},"image":{"@id":"https:\/\/www.omis.net\/it-it\/#\/schema\/logo\/image\/"},"sameAs":["https:\/\/www.facebook.com\/omisgroup","https:\/\/www.linkedin.com\/company\/omis-group","https:\/\/www.youtube.com\/channel\/UCS4L59XDk3kKBI9MnjuxWDw","https:\/\/www.instagram.com\/omisgroup"]}]}},"_links":{"self":[{"href":"https:\/\/www.omis.net\/de-de\/wp-json\/wp\/v2\/tipologia-prodotto\/1266"}],"collection":[{"href":"https:\/\/www.omis.net\/de-de\/wp-json\/wp\/v2\/tipologia-prodotto"}],"about":[{"href":"https:\/\/www.omis.net\/de-de\/wp-json\/wp\/v2\/taxonomies\/tipologia-prodotto"}],"up":[{"embeddable":true,"href":"https:\/\/www.omis.net\/de-de\/wp-json\/wp\/v2\/tipologia-prodotto\/760"}],"acf:post":[{"embeddable":true,"href":"https:\/\/www.omis.net\/de-de\/wp-json\/wp\/v2\/tipologia-come-prodo\/20755"}],"wp:post_type":[{"href":"https:\/\/www.omis.net\/de-de\/wp-json\/wp\/v2\/product?tipologia-prodotto=1266"},{"href":"https:\/\/www.omis.net\/de-de\/wp-json\/wp\/v2\/posts?tipologia-prodotto=1266"}],"curies":[{"name":"wp","href":"https:\/\/api.w.org\/{rel}","templated":true}]}}