{"id":5655,"date":"2023-02-23T01:00:00","date_gmt":"2023-02-23T00:00:00","guid":{"rendered":"http:\/\/bedrock.local\/omis-academy-2\/"},"modified":"2023-02-23T01:00:00","modified_gmt":"2023-02-23T00:00:00","slug":"omis-academy-2","status":"publish","type":"post","link":"https:\/\/www.omis.net\/de-de\/omis-academy-2\/","title":{"rendered":"OMIS academy"},"content":{"rendered":"<p>OMIS ACADEMY &#8211; ANMELDUNG OFFEN<\/p><p>Am 27. Februar startet unsere Corporate Academy in Zusammenarbeit mit GiGroup, um ein Profi in der elektrischen Montage und Verkabelung zu werden.<\/p><p>Die Schulung umfasst 120 Stunden Vollzeit, TEST- und PAV-Zertifizierungen und die M\u00f6glichkeit, mit einem befristeten Vertrag, der auf eine Festeinstellung abzielt, in unsere Gruppe einzusteigen.<\/p><p>Ziel ist es, der gr\u00f6\u00dftm\u00f6glichen Anzahl von Teilnehmern berufliche Weiterbildungschancen zu bieten.<\/p><p>OMIS verfolgt konkrete Zukunftspl\u00e4ne f\u00fcr die Hebebranche und f\u00fcr seine Mitarbeiter. Wir bieten greifbare Karrierem\u00f6glichkeiten und glauben an das kontinuierliche Wachstum unserer Mitarbeiter.<\/p><p>Unsere Akademie ist nur eine von vielen Aktivit\u00e4ten, die das Eintreten von OMIS f\u00fcr Chancen zur beruflichen und pers\u00f6nlichen Weiterentwicklung zeigen. Unsere Integrit\u00e4t ist die Grundlage jeder Initiative, mit der wir uns f\u00fcr eine erfolgreiche Zukunft unserer Branche und der Menschen, die mit uns arbeiten, einsetzen.<\/p><p>Weitere Informationen erhalten Sie bei der GiGroup-Niederlassung in Thiene: +39 0445382760<\/p>","protected":false},"excerpt":{"rendered":"<p>OMIS ACADEMY &#8211; ANMELDUNG OFFEN Am 27. Februar startet unsere Corporate Academy in Zusammenarbeit mit GiGroup, um ein Profi in der elektrischen Montage und Verkabelung zu werden. Die Schulung umfasst 120 Stunden Vollzeit, TEST- und PAV-Zertifizierungen und die M\u00f6glichkeit, mit einem befristeten Vertrag, der auf eine Festeinstellung abzielt, in unsere Gruppe einzusteigen. Ziel ist es, [&hellip;]<\/p>\n","protected":false},"author":2,"featured_media":10455,"comment_status":"closed","ping_status":"closed","sticky":false,"template":"","format":"standard","meta":{"_acf_changed":false,"footnotes":""},"categories":[651],"tags":[296,274,297,272,273,389],"tipologia-prodotto":[],"class_list":["post-5655","post","type-post","status-publish","format-standard","has-post-thumbnail","hentry","category-academy-de","tag-gigroup","tag-liftingsolutions","tag-omisacademy","tag-omisborntolift","tag-omiscranes","tag-omisgroup"],"acf":{"import_csv_id":"40","seo_title":"OMIS academy | News by OMIS","seo_description":"OMIS ACADEMY - ANMELDUNG OFFEN\nAm 27. Februar startet unsere Corporate Academy in Zusammenarbeit mit GiGroup, um ein Profi in der elektrischen Montage und Verkabelung zu werden.\nDie Schulung umfasst 120 Stunden Vollzeit, TEST- und PAV-Zertifizierungen und die M\u00f6glichkeit, mit einem befristeten Vertrag, der auf eine Festeinstellung abzielt, in unsere Gruppe einzusteigen.\nZiel ist es, der gr\u00f6\u00dftm\u00f6glichen Anzahl von Teilnehmern berufliche Weiterbildungschancen zu bieten.\nOMIS verfolgt konkrete Zukunftspl\u00e4ne f\u00fcr die Hebebranche und f\u00fcr seine Mitarbeiter. Wir bieten greifbare Karrierem\u00f6glichkeiten und glauben an das kontinuierliche Wachstum unserer Mitarbeiter.\nUnsere Akademie ist nur eine von vielen Aktivit\u00e4ten, die das Eintreten von OMIS f\u00fcr Chancen zur beruflichen und pers\u00f6nlichen Weiterentwicklung zeigen. Unsere Integrit\u00e4t ist die Grundlage jeder Initiative, mit der wir uns f\u00fcr eine erfolgreiche Zukunft unserer Branche und der Menschen, die mit uns arbeiten, einsetzen.\nWeitere Informationen erhalten Sie bei der GiGroup-Niederlassung in Thiene: +39 0445382760. Lesen Sie die News | OMIS"},"yoast_head":"<!-- This site is optimized with the Yoast SEO plugin v23.9 - https:\/\/yoast.com\/wordpress\/plugins\/seo\/ -->\n<title>OMIS academy | News by OMIS<\/title>\n<meta name=\"description\" content=\"OMIS ACADEMY - ANMELDUNG OFFEN Am 27. Februar startet unsere Corporate Academy in Zusammenarbeit mit GiGroup, um ein Profi in der elektrischen Montage und Verkabelung zu werden. Die Schulung umfasst 120 Stunden Vollzeit, TEST- und PAV-Zertifizierungen und die M\u00f6glichkeit, mit einem befristeten Vertrag, der auf eine Festeinstellung abzielt, in unsere Gruppe einzusteigen. Ziel ist es, der gr\u00f6\u00dftm\u00f6glichen Anzahl von Teilnehmern berufliche Weiterbildungschancen zu bieten. OMIS verfolgt konkrete Zukunftspl\u00e4ne f\u00fcr die Hebebranche und f\u00fcr seine Mitarbeiter. Wir bieten greifbare Karrierem\u00f6glichkeiten und glauben an das kontinuierliche Wachstum unserer Mitarbeiter. Unsere Akademie ist nur eine von vielen Aktivit\u00e4ten, die das Eintreten von OMIS f\u00fcr Chancen zur beruflichen und pers\u00f6nlichen Weiterentwicklung zeigen. Unsere Integrit\u00e4t ist die Grundlage jeder Initiative, mit der wir uns f\u00fcr eine erfolgreiche Zukunft unserer Branche und der Menschen, die mit uns arbeiten, einsetzen. Weitere Informationen erhalten Sie bei der GiGroup-Niederlassung in Thiene: +39 0445382760. Lesen Sie die News | OMIS\" \/>\n<meta name=\"robots\" content=\"index, follow, max-snippet:-1, max-image-preview:large, max-video-preview:-1\" \/>\n<meta property=\"og:locale\" content=\"de_DE\" \/>\n<meta property=\"og:type\" content=\"article\" \/>\n<meta property=\"og:title\" content=\"OMIS academy | News by OMIS\" \/>\n<meta property=\"og:description\" content=\"OMIS ACADEMY - ANMELDUNG OFFEN Am 27. Februar startet unsere Corporate Academy in Zusammenarbeit mit GiGroup, um ein Profi in der elektrischen Montage und Verkabelung zu werden. Die Schulung umfasst 120 Stunden Vollzeit, TEST- und PAV-Zertifizierungen und die M\u00f6glichkeit, mit einem befristeten Vertrag, der auf eine Festeinstellung abzielt, in unsere Gruppe einzusteigen. Ziel ist es, der gr\u00f6\u00dftm\u00f6glichen Anzahl von Teilnehmern berufliche Weiterbildungschancen zu bieten. OMIS verfolgt konkrete Zukunftspl\u00e4ne f\u00fcr die Hebebranche und f\u00fcr seine Mitarbeiter. Wir bieten greifbare Karrierem\u00f6glichkeiten und glauben an das kontinuierliche Wachstum unserer Mitarbeiter. Unsere Akademie ist nur eine von vielen Aktivit\u00e4ten, die das Eintreten von OMIS f\u00fcr Chancen zur beruflichen und pers\u00f6nlichen Weiterentwicklung zeigen. Unsere Integrit\u00e4t ist die Grundlage jeder Initiative, mit der wir uns f\u00fcr eine erfolgreiche Zukunft unserer Branche und der Menschen, die mit uns arbeiten, einsetzen. Weitere Informationen erhalten Sie bei der GiGroup-Niederlassung in Thiene: +39 0445382760. Lesen Sie die News | OMIS\" \/>\n<meta property=\"og:url\" content=\"https:\/\/www.omis.net\/de-de\/omis-academy-2\/\" \/>\n<meta property=\"og:site_name\" content=\"Omis Spa\" \/>\n<meta property=\"article:publisher\" content=\"https:\/\/www.facebook.com\/omisgroup\" \/>\n<meta property=\"article:published_time\" content=\"2023-02-23T00:00:00+00:00\" \/>\n<meta property=\"og:image\" content=\"https:\/\/media.omis.net\/media\/2023\/02\/academy-welding-omis-scaled.webp\" \/>\n\t<meta property=\"og:image:width\" content=\"2560\" \/>\n\t<meta property=\"og:image:height\" content=\"1839\" \/>\n\t<meta property=\"og:image:type\" content=\"image\/webp\" \/>\n<meta name=\"author\" content=\"AQuest\" \/>\n<meta name=\"twitter:card\" content=\"summary_large_image\" \/>\n<meta name=\"twitter:label1\" content=\"Written by\" \/>\n\t<meta name=\"twitter:data1\" content=\"AQuest\" \/>\n\t<meta name=\"twitter:label2\" content=\"Est. reading time\" \/>\n\t<meta name=\"twitter:data2\" content=\"1 minute\" \/>\n<script type=\"application\/ld+json\" class=\"yoast-schema-graph\">{\"@context\":\"https:\/\/schema.org\",\"@graph\":[{\"@type\":\"Article\",\"@id\":\"https:\/\/www.omis.net\/de-de\/omis-academy-2\/#article\",\"isPartOf\":{\"@id\":\"https:\/\/www.omis.net\/de-de\/omis-academy-2\/\"},\"author\":{\"name\":\"AQuest\",\"@id\":\"https:\/\/www.omis.net\/it-it\/#\/schema\/person\/a84b31c39ee8e2b060f51cb288b0c8f4\"},\"headline\":\"OMIS academy\",\"datePublished\":\"2023-02-23T00:00:00+00:00\",\"dateModified\":\"2023-02-23T00:00:00+00:00\",\"mainEntityOfPage\":{\"@id\":\"https:\/\/www.omis.net\/de-de\/omis-academy-2\/\"},\"wordCount\":154,\"publisher\":{\"@id\":\"https:\/\/www.omis.net\/it-it\/#organization\"},\"image\":{\"@id\":\"https:\/\/www.omis.net\/de-de\/omis-academy-2\/#primaryimage\"},\"thumbnailUrl\":\"https:\/\/media.omis.net\/media\/2023\/02\/academy-welding-omis-scaled.webp\",\"keywords\":[\"GiGroup\",\"liftingsolutions\",\"omisacademy\",\"omisborntolift\",\"omiscranes\",\"omisgroup\"],\"articleSection\":[\"Academy\"],\"inLanguage\":\"de-de\"},{\"@type\":\"WebPage\",\"@id\":\"https:\/\/www.omis.net\/de-de\/omis-academy-2\/\",\"url\":\"https:\/\/www.omis.net\/de-de\/omis-academy-2\/\",\"name\":\"OMIS academy | News by OMIS\",\"isPartOf\":{\"@id\":\"https:\/\/www.omis.net\/it-it\/#website\"},\"primaryImageOfPage\":{\"@id\":\"https:\/\/www.omis.net\/de-de\/omis-academy-2\/#primaryimage\"},\"image\":{\"@id\":\"https:\/\/www.omis.net\/de-de\/omis-academy-2\/#primaryimage\"},\"thumbnailUrl\":\"https:\/\/media.omis.net\/media\/2023\/02\/academy-welding-omis-scaled.webp\",\"datePublished\":\"2023-02-23T00:00:00+00:00\",\"dateModified\":\"2023-02-23T00:00:00+00:00\",\"description\":\"OMIS ACADEMY - ANMELDUNG OFFEN Am 27. Februar startet unsere Corporate Academy in Zusammenarbeit mit GiGroup, um ein Profi in der elektrischen Montage und Verkabelung zu werden. Die Schulung umfasst 120 Stunden Vollzeit, TEST- und PAV-Zertifizierungen und die M\u00f6glichkeit, mit einem befristeten Vertrag, der auf eine Festeinstellung abzielt, in unsere Gruppe einzusteigen. Ziel ist es, der gr\u00f6\u00dftm\u00f6glichen Anzahl von Teilnehmern berufliche Weiterbildungschancen zu bieten. OMIS verfolgt konkrete Zukunftspl\u00e4ne f\u00fcr die Hebebranche und f\u00fcr seine Mitarbeiter. Wir bieten greifbare Karrierem\u00f6glichkeiten und glauben an das kontinuierliche Wachstum unserer Mitarbeiter. Unsere Akademie ist nur eine von vielen Aktivit\u00e4ten, die das Eintreten von OMIS f\u00fcr Chancen zur beruflichen und pers\u00f6nlichen Weiterentwicklung zeigen. Unsere Integrit\u00e4t ist die Grundlage jeder Initiative, mit der wir uns f\u00fcr eine erfolgreiche Zukunft unserer Branche und der Menschen, die mit uns arbeiten, einsetzen. Weitere Informationen erhalten Sie bei der GiGroup-Niederlassung in Thiene: +39 0445382760. Lesen Sie die News | OMIS\",\"breadcrumb\":{\"@id\":\"https:\/\/www.omis.net\/de-de\/omis-academy-2\/#breadcrumb\"},\"inLanguage\":\"de-de\",\"potentialAction\":[{\"@type\":\"ReadAction\",\"target\":[\"https:\/\/www.omis.net\/de-de\/omis-academy-2\/\"]}]},{\"@type\":\"ImageObject\",\"inLanguage\":\"de-de\",\"@id\":\"https:\/\/www.omis.net\/de-de\/omis-academy-2\/#primaryimage\",\"url\":\"https:\/\/media.omis.net\/media\/2023\/02\/academy-welding-omis-scaled.webp\",\"contentUrl\":\"https:\/\/media.omis.net\/media\/2023\/02\/academy-welding-omis-scaled.webp\",\"width\":2560,\"height\":1839,\"caption\":\"gallery - Academy Omis\"},{\"@type\":\"BreadcrumbList\",\"@id\":\"https:\/\/www.omis.net\/de-de\/omis-academy-2\/#breadcrumb\",\"itemListElement\":[{\"@type\":\"ListItem\",\"position\":1,\"name\":\"Home\",\"item\":\"https:\/\/www.omis.net\/de-de\/homepage\/\"},{\"@type\":\"ListItem\",\"position\":2,\"name\":\"OMIS academy\"}]},{\"@type\":\"WebSite\",\"@id\":\"https:\/\/www.omis.net\/it-it\/#website\",\"url\":\"https:\/\/www.omis.net\/it-it\/\",\"name\":\"Omis Spa\",\"description\":\"Movimentazione e sollevamento\",\"publisher\":{\"@id\":\"https:\/\/www.omis.net\/it-it\/#organization\"},\"potentialAction\":[{\"@type\":\"SearchAction\",\"target\":{\"@type\":\"EntryPoint\",\"urlTemplate\":\"https:\/\/www.omis.net\/it-it\/?s={search_term_string}\"},\"query-input\":{\"@type\":\"PropertyValueSpecification\",\"valueRequired\":true,\"valueName\":\"search_term_string\"}}],\"inLanguage\":\"de-de\"},{\"@type\":\"Organization\",\"@id\":\"https:\/\/www.omis.net\/it-it\/#organization\",\"name\":\"Omis Spa\",\"url\":\"https:\/\/www.omis.net\/it-it\/\",\"logo\":{\"@type\":\"ImageObject\",\"inLanguage\":\"de-de\",\"@id\":\"https:\/\/www.omis.net\/it-it\/#\/schema\/logo\/image\/\",\"url\":\"https:\/\/media.omis.net\/media\/2024\/08\/logo.jpg\",\"contentUrl\":\"https:\/\/media.omis.net\/media\/2024\/08\/logo.jpg\",\"width\":300,\"height\":300,\"caption\":\"Omis Spa\"},\"image\":{\"@id\":\"https:\/\/www.omis.net\/it-it\/#\/schema\/logo\/image\/\"},\"sameAs\":[\"https:\/\/www.facebook.com\/omisgroup\",\"https:\/\/www.linkedin.com\/company\/omis-group\",\"https:\/\/www.youtube.com\/channel\/UCS4L59XDk3kKBI9MnjuxWDw\",\"https:\/\/www.instagram.com\/omisgroup\"]},{\"@type\":\"Person\",\"@id\":\"https:\/\/www.omis.net\/it-it\/#\/schema\/person\/a84b31c39ee8e2b060f51cb288b0c8f4\",\"name\":\"AQuest\",\"image\":{\"@type\":\"ImageObject\",\"inLanguage\":\"de-de\",\"@id\":\"https:\/\/www.omis.net\/it-it\/#\/schema\/person\/image\/\",\"url\":\"https:\/\/secure.gravatar.com\/avatar\/189fc3cdb8260330afd047b6aaa36a00?s=96&d=mm&r=g\",\"contentUrl\":\"https:\/\/secure.gravatar.com\/avatar\/189fc3cdb8260330afd047b6aaa36a00?s=96&d=mm&r=g\",\"caption\":\"AQuest\"}}]}<\/script>\n<!-- \/ Yoast SEO plugin. -->","yoast_head_json":{"title":"OMIS academy | News by OMIS","description":"OMIS ACADEMY - ANMELDUNG OFFEN Am 27. Februar startet unsere Corporate Academy in Zusammenarbeit mit GiGroup, um ein Profi in der elektrischen Montage und Verkabelung zu werden. Die Schulung umfasst 120 Stunden Vollzeit, TEST- und PAV-Zertifizierungen und die M\u00f6glichkeit, mit einem befristeten Vertrag, der auf eine Festeinstellung abzielt, in unsere Gruppe einzusteigen. Ziel ist es, der gr\u00f6\u00dftm\u00f6glichen Anzahl von Teilnehmern berufliche Weiterbildungschancen zu bieten. OMIS verfolgt konkrete Zukunftspl\u00e4ne f\u00fcr die Hebebranche und f\u00fcr seine Mitarbeiter. Wir bieten greifbare Karrierem\u00f6glichkeiten und glauben an das kontinuierliche Wachstum unserer Mitarbeiter. Unsere Akademie ist nur eine von vielen Aktivit\u00e4ten, die das Eintreten von OMIS f\u00fcr Chancen zur beruflichen und pers\u00f6nlichen Weiterentwicklung zeigen. Unsere Integrit\u00e4t ist die Grundlage jeder Initiative, mit der wir uns f\u00fcr eine erfolgreiche Zukunft unserer Branche und der Menschen, die mit uns arbeiten, einsetzen. Weitere Informationen erhalten Sie bei der GiGroup-Niederlassung in Thiene: +39 0445382760. Lesen Sie die News | OMIS","robots":{"index":"index","follow":"follow","max-snippet":"max-snippet:-1","max-image-preview":"max-image-preview:large","max-video-preview":"max-video-preview:-1"},"og_locale":"de_DE","og_type":"article","og_title":"OMIS academy | News by OMIS","og_description":"OMIS ACADEMY - ANMELDUNG OFFEN Am 27. Februar startet unsere Corporate Academy in Zusammenarbeit mit GiGroup, um ein Profi in der elektrischen Montage und Verkabelung zu werden. Die Schulung umfasst 120 Stunden Vollzeit, TEST- und PAV-Zertifizierungen und die M\u00f6glichkeit, mit einem befristeten Vertrag, der auf eine Festeinstellung abzielt, in unsere Gruppe einzusteigen. Ziel ist es, der gr\u00f6\u00dftm\u00f6glichen Anzahl von Teilnehmern berufliche Weiterbildungschancen zu bieten. OMIS verfolgt konkrete Zukunftspl\u00e4ne f\u00fcr die Hebebranche und f\u00fcr seine Mitarbeiter. Wir bieten greifbare Karrierem\u00f6glichkeiten und glauben an das kontinuierliche Wachstum unserer Mitarbeiter. Unsere Akademie ist nur eine von vielen Aktivit\u00e4ten, die das Eintreten von OMIS f\u00fcr Chancen zur beruflichen und pers\u00f6nlichen Weiterentwicklung zeigen. Unsere Integrit\u00e4t ist die Grundlage jeder Initiative, mit der wir uns f\u00fcr eine erfolgreiche Zukunft unserer Branche und der Menschen, die mit uns arbeiten, einsetzen. Weitere Informationen erhalten Sie bei der GiGroup-Niederlassung in Thiene: +39 0445382760. Lesen Sie die News | OMIS","og_url":"https:\/\/www.omis.net\/de-de\/omis-academy-2\/","og_site_name":"Omis Spa","article_publisher":"https:\/\/www.facebook.com\/omisgroup","article_published_time":"2023-02-23T00:00:00+00:00","og_image":[{"width":2560,"height":1839,"url":"https:\/\/media.omis.net\/media\/2023\/02\/academy-welding-omis-scaled.webp","type":"image\/webp"}],"author":"AQuest","twitter_card":"summary_large_image","twitter_misc":{"Written by":"AQuest","Est. reading time":"1 minute"},"schema":{"@context":"https:\/\/schema.org","@graph":[{"@type":"Article","@id":"https:\/\/www.omis.net\/de-de\/omis-academy-2\/#article","isPartOf":{"@id":"https:\/\/www.omis.net\/de-de\/omis-academy-2\/"},"author":{"name":"AQuest","@id":"https:\/\/www.omis.net\/it-it\/#\/schema\/person\/a84b31c39ee8e2b060f51cb288b0c8f4"},"headline":"OMIS academy","datePublished":"2023-02-23T00:00:00+00:00","dateModified":"2023-02-23T00:00:00+00:00","mainEntityOfPage":{"@id":"https:\/\/www.omis.net\/de-de\/omis-academy-2\/"},"wordCount":154,"publisher":{"@id":"https:\/\/www.omis.net\/it-it\/#organization"},"image":{"@id":"https:\/\/www.omis.net\/de-de\/omis-academy-2\/#primaryimage"},"thumbnailUrl":"https:\/\/media.omis.net\/media\/2023\/02\/academy-welding-omis-scaled.webp","keywords":["GiGroup","liftingsolutions","omisacademy","omisborntolift","omiscranes","omisgroup"],"articleSection":["Academy"],"inLanguage":"de-de"},{"@type":"WebPage","@id":"https:\/\/www.omis.net\/de-de\/omis-academy-2\/","url":"https:\/\/www.omis.net\/de-de\/omis-academy-2\/","name":"OMIS academy | News by OMIS","isPartOf":{"@id":"https:\/\/www.omis.net\/it-it\/#website"},"primaryImageOfPage":{"@id":"https:\/\/www.omis.net\/de-de\/omis-academy-2\/#primaryimage"},"image":{"@id":"https:\/\/www.omis.net\/de-de\/omis-academy-2\/#primaryimage"},"thumbnailUrl":"https:\/\/media.omis.net\/media\/2023\/02\/academy-welding-omis-scaled.webp","datePublished":"2023-02-23T00:00:00+00:00","dateModified":"2023-02-23T00:00:00+00:00","description":"OMIS ACADEMY - ANMELDUNG OFFEN Am 27. Februar startet unsere Corporate Academy in Zusammenarbeit mit GiGroup, um ein Profi in der elektrischen Montage und Verkabelung zu werden. Die Schulung umfasst 120 Stunden Vollzeit, TEST- und PAV-Zertifizierungen und die M\u00f6glichkeit, mit einem befristeten Vertrag, der auf eine Festeinstellung abzielt, in unsere Gruppe einzusteigen. Ziel ist es, der gr\u00f6\u00dftm\u00f6glichen Anzahl von Teilnehmern berufliche Weiterbildungschancen zu bieten. OMIS verfolgt konkrete Zukunftspl\u00e4ne f\u00fcr die Hebebranche und f\u00fcr seine Mitarbeiter. Wir bieten greifbare Karrierem\u00f6glichkeiten und glauben an das kontinuierliche Wachstum unserer Mitarbeiter. Unsere Akademie ist nur eine von vielen Aktivit\u00e4ten, die das Eintreten von OMIS f\u00fcr Chancen zur beruflichen und pers\u00f6nlichen Weiterentwicklung zeigen. Unsere Integrit\u00e4t ist die Grundlage jeder Initiative, mit der wir uns f\u00fcr eine erfolgreiche Zukunft unserer Branche und der Menschen, die mit uns arbeiten, einsetzen. Weitere Informationen erhalten Sie bei der GiGroup-Niederlassung in Thiene: +39 0445382760. Lesen Sie die News | OMIS","breadcrumb":{"@id":"https:\/\/www.omis.net\/de-de\/omis-academy-2\/#breadcrumb"},"inLanguage":"de-de","potentialAction":[{"@type":"ReadAction","target":["https:\/\/www.omis.net\/de-de\/omis-academy-2\/"]}]},{"@type":"ImageObject","inLanguage":"de-de","@id":"https:\/\/www.omis.net\/de-de\/omis-academy-2\/#primaryimage","url":"https:\/\/media.omis.net\/media\/2023\/02\/academy-welding-omis-scaled.webp","contentUrl":"https:\/\/media.omis.net\/media\/2023\/02\/academy-welding-omis-scaled.webp","width":2560,"height":1839,"caption":"gallery - Academy Omis"},{"@type":"BreadcrumbList","@id":"https:\/\/www.omis.net\/de-de\/omis-academy-2\/#breadcrumb","itemListElement":[{"@type":"ListItem","position":1,"name":"Home","item":"https:\/\/www.omis.net\/de-de\/homepage\/"},{"@type":"ListItem","position":2,"name":"OMIS academy"}]},{"@type":"WebSite","@id":"https:\/\/www.omis.net\/it-it\/#website","url":"https:\/\/www.omis.net\/it-it\/","name":"Omis Spa","description":"Movimentazione e sollevamento","publisher":{"@id":"https:\/\/www.omis.net\/it-it\/#organization"},"potentialAction":[{"@type":"SearchAction","target":{"@type":"EntryPoint","urlTemplate":"https:\/\/www.omis.net\/it-it\/?s={search_term_string}"},"query-input":{"@type":"PropertyValueSpecification","valueRequired":true,"valueName":"search_term_string"}}],"inLanguage":"de-de"},{"@type":"Organization","@id":"https:\/\/www.omis.net\/it-it\/#organization","name":"Omis Spa","url":"https:\/\/www.omis.net\/it-it\/","logo":{"@type":"ImageObject","inLanguage":"de-de","@id":"https:\/\/www.omis.net\/it-it\/#\/schema\/logo\/image\/","url":"https:\/\/media.omis.net\/media\/2024\/08\/logo.jpg","contentUrl":"https:\/\/media.omis.net\/media\/2024\/08\/logo.jpg","width":300,"height":300,"caption":"Omis Spa"},"image":{"@id":"https:\/\/www.omis.net\/it-it\/#\/schema\/logo\/image\/"},"sameAs":["https:\/\/www.facebook.com\/omisgroup","https:\/\/www.linkedin.com\/company\/omis-group","https:\/\/www.youtube.com\/channel\/UCS4L59XDk3kKBI9MnjuxWDw","https:\/\/www.instagram.com\/omisgroup"]},{"@type":"Person","@id":"https:\/\/www.omis.net\/it-it\/#\/schema\/person\/a84b31c39ee8e2b060f51cb288b0c8f4","name":"AQuest","image":{"@type":"ImageObject","inLanguage":"de-de","@id":"https:\/\/www.omis.net\/it-it\/#\/schema\/person\/image\/","url":"https:\/\/secure.gravatar.com\/avatar\/189fc3cdb8260330afd047b6aaa36a00?s=96&d=mm&r=g","contentUrl":"https:\/\/secure.gravatar.com\/avatar\/189fc3cdb8260330afd047b6aaa36a00?s=96&d=mm&r=g","caption":"AQuest"}}]}},"_links":{"self":[{"href":"https:\/\/www.omis.net\/de-de\/wp-json\/wp\/v2\/posts\/5655"}],"collection":[{"href":"https:\/\/www.omis.net\/de-de\/wp-json\/wp\/v2\/posts"}],"about":[{"href":"https:\/\/www.omis.net\/de-de\/wp-json\/wp\/v2\/types\/post"}],"author":[{"embeddable":true,"href":"https:\/\/www.omis.net\/de-de\/wp-json\/wp\/v2\/users\/2"}],"replies":[{"embeddable":true,"href":"https:\/\/www.omis.net\/de-de\/wp-json\/wp\/v2\/comments?post=5655"}],"version-history":[{"count":0,"href":"https:\/\/www.omis.net\/de-de\/wp-json\/wp\/v2\/posts\/5655\/revisions"}],"wp:featuredmedia":[{"embeddable":true,"href":"https:\/\/www.omis.net\/de-de\/wp-json\/wp\/v2\/media\/10455"}],"wp:attachment":[{"href":"https:\/\/www.omis.net\/de-de\/wp-json\/wp\/v2\/media?parent=5655"}],"wp:term":[{"taxonomy":"category","embeddable":true,"href":"https:\/\/www.omis.net\/de-de\/wp-json\/wp\/v2\/categories?post=5655"},{"taxonomy":"post_tag","embeddable":true,"href":"https:\/\/www.omis.net\/de-de\/wp-json\/wp\/v2\/tags?post=5655"},{"taxonomy":"tipologia-prodotto","embeddable":true,"href":"https:\/\/www.omis.net\/de-de\/wp-json\/wp\/v2\/tipologia-prodotto?post=5655"}],"curies":[{"name":"wp","href":"https:\/\/api.w.org\/{rel}","templated":true}]}}