{"id":5654,"date":"2023-03-02T01:00:00","date_gmt":"2023-03-02T00:00:00","guid":{"rendered":"http:\/\/bedrock.local\/omis-gemeinsam-in-der-pravention\/"},"modified":"2023-03-02T01:00:00","modified_gmt":"2023-03-02T00:00:00","slug":"omis-gemeinsam-in-der-pravention","status":"publish","type":"post","link":"https:\/\/www.omis.net\/de-de\/omis-gemeinsam-in-der-pravention\/","title":{"rendered":"OMIS: Gemeinsam in der Pr\u00e4vention"},"content":{"rendered":"<p>F\u00fcrsorge, Integrit\u00e4t und Aufmerksamkeit gegen\u00fcber den Menschen sind f\u00fcr uns bei OMIS grundlegende Werte.<\/p><p>In Zusammenarbeit mit der Poliklinik Sandrigo Medica hat OMIS ein medizinisches Screening f\u00fcr \u00e4ltere Menschen der OASI Gruppe in Sandrigo finanziert, um bestimmten typischen Alterskrankheiten vorzubeugen, bessere Heilungschancen zu gew\u00e4hrleisten und die Lebensqualit\u00e4t der lokalen Gemeinschaft zu verbessern.<\/p><p>Diese Zusammenarbeit ist ein konkreter Weg, um die Bedeutung von OMIS f\u00fcr die Region aufzuzeigen, zum Aufbau eines Gemeinschafts- und Zugeh\u00f6rigkeitsgef\u00fchls beizutragen und f\u00fcr die Werte der Solidarit\u00e4t und F\u00fcrsorge f\u00fcr andere zu werben.<\/p>","protected":false},"excerpt":{"rendered":"<p>F\u00fcrsorge, Integrit\u00e4t und Aufmerksamkeit gegen\u00fcber den Menschen sind f\u00fcr uns bei OMIS grundlegende Werte. In Zusammenarbeit mit der Poliklinik Sandrigo Medica hat OMIS ein medizinisches Screening f\u00fcr \u00e4ltere Menschen der OASI Gruppe in Sandrigo finanziert, um bestimmten typischen Alterskrankheiten vorzubeugen, bessere Heilungschancen zu gew\u00e4hrleisten und die Lebensqualit\u00e4t der lokalen Gemeinschaft zu verbessern. Diese Zusammenarbeit ist [&hellip;]<\/p>\n","protected":false},"author":2,"featured_media":10470,"comment_status":"closed","ping_status":"closed","sticky":false,"template":"","format":"standard","meta":{"_acf_changed":false,"footnotes":""},"categories":[653],"tags":[346,347,274,349,272,273,389,345,348],"tipologia-prodotto":[],"class_list":["post-5654","post","type-post","status-publish","format-standard","has-post-thumbnail","hentry","category-mitteilungen","tag-care","tag-community","tag-liftingsolutions","tag-medicalscreening","tag-omisborntolift","tag-omiscranes","tag-omisgroup","tag-prevention","tag-screening"],"acf":{"import_csv_id":"39","seo_title":"OMIS: Gemeinsam in der Pr\u00e4vention | News by OMIS","seo_description":"F\u00fcrsorge, Integrit\u00e4t und Aufmerksamkeit gegen\u00fcber den Menschen sind f\u00fcr uns bei OMIS grundlegende Werte.\nIn Zusammenarbeit mit der Poliklinik Sandrigo Medica hat OMIS ein medizinisches Screening f\u00fcr \u00e4ltere Menschen der OASI Gruppe in Sandrigo finanziert, um bestimmten typischen Alterskrankheiten vorzubeugen, bessere Heilungschancen zu gew\u00e4hrleisten und die Lebensqualit\u00e4t der lokalen Gemeinschaft zu verbessern.\nDiese Zusammenarbeit ist ein konkreter Weg, um die Bedeutung von OMIS f\u00fcr die Region aufzuzeigen und zum Aufbau eines Gemeinschafts- und Zugeh\u00f6rigkeitsgef\u00fchls beizutragen und f\u00fcr die Werte der Solidarit\u00e4t und F\u00fcrsorge f\u00fcr andere zu werben. Lesen Sie die News | OMIS"},"yoast_head":"<!-- This site is optimized with the Yoast SEO plugin v23.9 - https:\/\/yoast.com\/wordpress\/plugins\/seo\/ -->\n<title>OMIS: Gemeinsam in der Pr\u00e4vention | News by OMIS<\/title>\n<meta name=\"description\" content=\"F\u00fcrsorge, Integrit\u00e4t und Aufmerksamkeit gegen\u00fcber den Menschen sind f\u00fcr uns bei OMIS grundlegende Werte. In Zusammenarbeit mit der Poliklinik Sandrigo Medica hat OMIS ein medizinisches Screening f\u00fcr \u00e4ltere Menschen der OASI Gruppe in Sandrigo finanziert, um bestimmten typischen Alterskrankheiten vorzubeugen, bessere Heilungschancen zu gew\u00e4hrleisten und die Lebensqualit\u00e4t der lokalen Gemeinschaft zu verbessern. Diese Zusammenarbeit ist ein konkreter Weg, um die Bedeutung von OMIS f\u00fcr die Region aufzuzeigen und zum Aufbau eines Gemeinschafts- und Zugeh\u00f6rigkeitsgef\u00fchls beizutragen und f\u00fcr die Werte der Solidarit\u00e4t und F\u00fcrsorge f\u00fcr andere zu werben. Lesen Sie die News | OMIS\" \/>\n<meta name=\"robots\" content=\"index, follow, max-snippet:-1, max-image-preview:large, max-video-preview:-1\" \/>\n<meta property=\"og:locale\" content=\"de_DE\" \/>\n<meta property=\"og:type\" content=\"article\" \/>\n<meta property=\"og:title\" content=\"OMIS: Gemeinsam in der Pr\u00e4vention | News by OMIS\" \/>\n<meta property=\"og:description\" content=\"F\u00fcrsorge, Integrit\u00e4t und Aufmerksamkeit gegen\u00fcber den Menschen sind f\u00fcr uns bei OMIS grundlegende Werte. In Zusammenarbeit mit der Poliklinik Sandrigo Medica hat OMIS ein medizinisches Screening f\u00fcr \u00e4ltere Menschen der OASI Gruppe in Sandrigo finanziert, um bestimmten typischen Alterskrankheiten vorzubeugen, bessere Heilungschancen zu gew\u00e4hrleisten und die Lebensqualit\u00e4t der lokalen Gemeinschaft zu verbessern. Diese Zusammenarbeit ist ein konkreter Weg, um die Bedeutung von OMIS f\u00fcr die Region aufzuzeigen und zum Aufbau eines Gemeinschafts- und Zugeh\u00f6rigkeitsgef\u00fchls beizutragen und f\u00fcr die Werte der Solidarit\u00e4t und F\u00fcrsorge f\u00fcr andere zu werben. Lesen Sie die News | OMIS\" \/>\n<meta property=\"og:url\" content=\"https:\/\/www.omis.net\/de-de\/omis-gemeinsam-in-der-pravention\/\" \/>\n<meta property=\"og:site_name\" content=\"Omis Spa\" \/>\n<meta property=\"article:publisher\" content=\"https:\/\/www.facebook.com\/omisgroup\" \/>\n<meta property=\"article:published_time\" content=\"2023-03-02T00:00:00+00:00\" \/>\n<meta property=\"og:image\" content=\"https:\/\/media.omis.net\/media\/2023\/03\/together-in-prevention-omis-scaled.webp\" \/>\n\t<meta property=\"og:image:width\" content=\"2560\" \/>\n\t<meta property=\"og:image:height\" content=\"1839\" \/>\n\t<meta property=\"og:image:type\" content=\"image\/webp\" \/>\n<meta name=\"author\" content=\"AQuest\" \/>\n<meta name=\"twitter:card\" content=\"summary_large_image\" \/>\n<meta name=\"twitter:label1\" content=\"Written by\" \/>\n\t<meta name=\"twitter:data1\" content=\"AQuest\" \/>\n\t<meta name=\"twitter:label2\" content=\"Est. reading time\" \/>\n\t<meta name=\"twitter:data2\" content=\"1 minute\" \/>\n<script type=\"application\/ld+json\" class=\"yoast-schema-graph\">{\"@context\":\"https:\/\/schema.org\",\"@graph\":[{\"@type\":\"Article\",\"@id\":\"https:\/\/www.omis.net\/de-de\/omis-gemeinsam-in-der-pravention\/#article\",\"isPartOf\":{\"@id\":\"https:\/\/www.omis.net\/de-de\/omis-gemeinsam-in-der-pravention\/\"},\"author\":{\"name\":\"AQuest\",\"@id\":\"https:\/\/www.omis.net\/it-it\/#\/schema\/person\/a84b31c39ee8e2b060f51cb288b0c8f4\"},\"headline\":\"OMIS: Gemeinsam in der Pr\u00e4vention\",\"datePublished\":\"2023-03-02T00:00:00+00:00\",\"dateModified\":\"2023-03-02T00:00:00+00:00\",\"mainEntityOfPage\":{\"@id\":\"https:\/\/www.omis.net\/de-de\/omis-gemeinsam-in-der-pravention\/\"},\"wordCount\":106,\"publisher\":{\"@id\":\"https:\/\/www.omis.net\/it-it\/#organization\"},\"image\":{\"@id\":\"https:\/\/www.omis.net\/de-de\/omis-gemeinsam-in-der-pravention\/#primaryimage\"},\"thumbnailUrl\":\"https:\/\/media.omis.net\/media\/2023\/03\/together-in-prevention-omis-scaled.webp\",\"keywords\":[\"care\",\"community\",\"liftingsolutions\",\"medicalscreening\",\"omisborntolift\",\"omiscranes\",\"omisgroup\",\"prevention\",\"screening\"],\"articleSection\":[\"Mitteilungen\"],\"inLanguage\":\"de-de\"},{\"@type\":\"WebPage\",\"@id\":\"https:\/\/www.omis.net\/de-de\/omis-gemeinsam-in-der-pravention\/\",\"url\":\"https:\/\/www.omis.net\/de-de\/omis-gemeinsam-in-der-pravention\/\",\"name\":\"OMIS: Gemeinsam in der Pr\u00e4vention | News by OMIS\",\"isPartOf\":{\"@id\":\"https:\/\/www.omis.net\/it-it\/#website\"},\"primaryImageOfPage\":{\"@id\":\"https:\/\/www.omis.net\/de-de\/omis-gemeinsam-in-der-pravention\/#primaryimage\"},\"image\":{\"@id\":\"https:\/\/www.omis.net\/de-de\/omis-gemeinsam-in-der-pravention\/#primaryimage\"},\"thumbnailUrl\":\"https:\/\/media.omis.net\/media\/2023\/03\/together-in-prevention-omis-scaled.webp\",\"datePublished\":\"2023-03-02T00:00:00+00:00\",\"dateModified\":\"2023-03-02T00:00:00+00:00\",\"description\":\"F\u00fcrsorge, Integrit\u00e4t und Aufmerksamkeit gegen\u00fcber den Menschen sind f\u00fcr uns bei OMIS grundlegende Werte. In Zusammenarbeit mit der Poliklinik Sandrigo Medica hat OMIS ein medizinisches Screening f\u00fcr \u00e4ltere Menschen der OASI Gruppe in Sandrigo finanziert, um bestimmten typischen Alterskrankheiten vorzubeugen, bessere Heilungschancen zu gew\u00e4hrleisten und die Lebensqualit\u00e4t der lokalen Gemeinschaft zu verbessern. Diese Zusammenarbeit ist ein konkreter Weg, um die Bedeutung von OMIS f\u00fcr die Region aufzuzeigen und zum Aufbau eines Gemeinschafts- und Zugeh\u00f6rigkeitsgef\u00fchls beizutragen und f\u00fcr die Werte der Solidarit\u00e4t und F\u00fcrsorge f\u00fcr andere zu werben. Lesen Sie die News | OMIS\",\"breadcrumb\":{\"@id\":\"https:\/\/www.omis.net\/de-de\/omis-gemeinsam-in-der-pravention\/#breadcrumb\"},\"inLanguage\":\"de-de\",\"potentialAction\":[{\"@type\":\"ReadAction\",\"target\":[\"https:\/\/www.omis.net\/de-de\/omis-gemeinsam-in-der-pravention\/\"]}]},{\"@type\":\"ImageObject\",\"inLanguage\":\"de-de\",\"@id\":\"https:\/\/www.omis.net\/de-de\/omis-gemeinsam-in-der-pravention\/#primaryimage\",\"url\":\"https:\/\/media.omis.net\/media\/2023\/03\/together-in-prevention-omis-scaled.webp\",\"contentUrl\":\"https:\/\/media.omis.net\/media\/2023\/03\/together-in-prevention-omis-scaled.webp\",\"width\":2560,\"height\":1839,\"caption\":\"gallery - Together in prevention Omis\"},{\"@type\":\"BreadcrumbList\",\"@id\":\"https:\/\/www.omis.net\/de-de\/omis-gemeinsam-in-der-pravention\/#breadcrumb\",\"itemListElement\":[{\"@type\":\"ListItem\",\"position\":1,\"name\":\"Home\",\"item\":\"https:\/\/www.omis.net\/de-de\/homepage\/\"},{\"@type\":\"ListItem\",\"position\":2,\"name\":\"OMIS: Gemeinsam in der Pr\u00e4vention\"}]},{\"@type\":\"WebSite\",\"@id\":\"https:\/\/www.omis.net\/it-it\/#website\",\"url\":\"https:\/\/www.omis.net\/it-it\/\",\"name\":\"Omis Spa\",\"description\":\"Movimentazione e sollevamento\",\"publisher\":{\"@id\":\"https:\/\/www.omis.net\/it-it\/#organization\"},\"potentialAction\":[{\"@type\":\"SearchAction\",\"target\":{\"@type\":\"EntryPoint\",\"urlTemplate\":\"https:\/\/www.omis.net\/it-it\/?s={search_term_string}\"},\"query-input\":{\"@type\":\"PropertyValueSpecification\",\"valueRequired\":true,\"valueName\":\"search_term_string\"}}],\"inLanguage\":\"de-de\"},{\"@type\":\"Organization\",\"@id\":\"https:\/\/www.omis.net\/it-it\/#organization\",\"name\":\"Omis Spa\",\"url\":\"https:\/\/www.omis.net\/it-it\/\",\"logo\":{\"@type\":\"ImageObject\",\"inLanguage\":\"de-de\",\"@id\":\"https:\/\/www.omis.net\/it-it\/#\/schema\/logo\/image\/\",\"url\":\"https:\/\/media.omis.net\/media\/2024\/08\/logo.jpg\",\"contentUrl\":\"https:\/\/media.omis.net\/media\/2024\/08\/logo.jpg\",\"width\":300,\"height\":300,\"caption\":\"Omis Spa\"},\"image\":{\"@id\":\"https:\/\/www.omis.net\/it-it\/#\/schema\/logo\/image\/\"},\"sameAs\":[\"https:\/\/www.facebook.com\/omisgroup\",\"https:\/\/www.linkedin.com\/company\/omis-group\",\"https:\/\/www.youtube.com\/channel\/UCS4L59XDk3kKBI9MnjuxWDw\",\"https:\/\/www.instagram.com\/omisgroup\"]},{\"@type\":\"Person\",\"@id\":\"https:\/\/www.omis.net\/it-it\/#\/schema\/person\/a84b31c39ee8e2b060f51cb288b0c8f4\",\"name\":\"AQuest\",\"image\":{\"@type\":\"ImageObject\",\"inLanguage\":\"de-de\",\"@id\":\"https:\/\/www.omis.net\/it-it\/#\/schema\/person\/image\/\",\"url\":\"https:\/\/secure.gravatar.com\/avatar\/189fc3cdb8260330afd047b6aaa36a00?s=96&d=mm&r=g\",\"contentUrl\":\"https:\/\/secure.gravatar.com\/avatar\/189fc3cdb8260330afd047b6aaa36a00?s=96&d=mm&r=g\",\"caption\":\"AQuest\"}}]}<\/script>\n<!-- \/ Yoast SEO plugin. -->","yoast_head_json":{"title":"OMIS: Gemeinsam in der Pr\u00e4vention | News by OMIS","description":"F\u00fcrsorge, Integrit\u00e4t und Aufmerksamkeit gegen\u00fcber den Menschen sind f\u00fcr uns bei OMIS grundlegende Werte. In Zusammenarbeit mit der Poliklinik Sandrigo Medica hat OMIS ein medizinisches Screening f\u00fcr \u00e4ltere Menschen der OASI Gruppe in Sandrigo finanziert, um bestimmten typischen Alterskrankheiten vorzubeugen, bessere Heilungschancen zu gew\u00e4hrleisten und die Lebensqualit\u00e4t der lokalen Gemeinschaft zu verbessern. Diese Zusammenarbeit ist ein konkreter Weg, um die Bedeutung von OMIS f\u00fcr die Region aufzuzeigen und zum Aufbau eines Gemeinschafts- und Zugeh\u00f6rigkeitsgef\u00fchls beizutragen und f\u00fcr die Werte der Solidarit\u00e4t und F\u00fcrsorge f\u00fcr andere zu werben. Lesen Sie die News | OMIS","robots":{"index":"index","follow":"follow","max-snippet":"max-snippet:-1","max-image-preview":"max-image-preview:large","max-video-preview":"max-video-preview:-1"},"og_locale":"de_DE","og_type":"article","og_title":"OMIS: Gemeinsam in der Pr\u00e4vention | News by OMIS","og_description":"F\u00fcrsorge, Integrit\u00e4t und Aufmerksamkeit gegen\u00fcber den Menschen sind f\u00fcr uns bei OMIS grundlegende Werte. In Zusammenarbeit mit der Poliklinik Sandrigo Medica hat OMIS ein medizinisches Screening f\u00fcr \u00e4ltere Menschen der OASI Gruppe in Sandrigo finanziert, um bestimmten typischen Alterskrankheiten vorzubeugen, bessere Heilungschancen zu gew\u00e4hrleisten und die Lebensqualit\u00e4t der lokalen Gemeinschaft zu verbessern. Diese Zusammenarbeit ist ein konkreter Weg, um die Bedeutung von OMIS f\u00fcr die Region aufzuzeigen und zum Aufbau eines Gemeinschafts- und Zugeh\u00f6rigkeitsgef\u00fchls beizutragen und f\u00fcr die Werte der Solidarit\u00e4t und F\u00fcrsorge f\u00fcr andere zu werben. Lesen Sie die News | OMIS","og_url":"https:\/\/www.omis.net\/de-de\/omis-gemeinsam-in-der-pravention\/","og_site_name":"Omis Spa","article_publisher":"https:\/\/www.facebook.com\/omisgroup","article_published_time":"2023-03-02T00:00:00+00:00","og_image":[{"width":2560,"height":1839,"url":"https:\/\/media.omis.net\/media\/2023\/03\/together-in-prevention-omis-scaled.webp","type":"image\/webp"}],"author":"AQuest","twitter_card":"summary_large_image","twitter_misc":{"Written by":"AQuest","Est. reading time":"1 minute"},"schema":{"@context":"https:\/\/schema.org","@graph":[{"@type":"Article","@id":"https:\/\/www.omis.net\/de-de\/omis-gemeinsam-in-der-pravention\/#article","isPartOf":{"@id":"https:\/\/www.omis.net\/de-de\/omis-gemeinsam-in-der-pravention\/"},"author":{"name":"AQuest","@id":"https:\/\/www.omis.net\/it-it\/#\/schema\/person\/a84b31c39ee8e2b060f51cb288b0c8f4"},"headline":"OMIS: Gemeinsam in der Pr\u00e4vention","datePublished":"2023-03-02T00:00:00+00:00","dateModified":"2023-03-02T00:00:00+00:00","mainEntityOfPage":{"@id":"https:\/\/www.omis.net\/de-de\/omis-gemeinsam-in-der-pravention\/"},"wordCount":106,"publisher":{"@id":"https:\/\/www.omis.net\/it-it\/#organization"},"image":{"@id":"https:\/\/www.omis.net\/de-de\/omis-gemeinsam-in-der-pravention\/#primaryimage"},"thumbnailUrl":"https:\/\/media.omis.net\/media\/2023\/03\/together-in-prevention-omis-scaled.webp","keywords":["care","community","liftingsolutions","medicalscreening","omisborntolift","omiscranes","omisgroup","prevention","screening"],"articleSection":["Mitteilungen"],"inLanguage":"de-de"},{"@type":"WebPage","@id":"https:\/\/www.omis.net\/de-de\/omis-gemeinsam-in-der-pravention\/","url":"https:\/\/www.omis.net\/de-de\/omis-gemeinsam-in-der-pravention\/","name":"OMIS: Gemeinsam in der Pr\u00e4vention | News by OMIS","isPartOf":{"@id":"https:\/\/www.omis.net\/it-it\/#website"},"primaryImageOfPage":{"@id":"https:\/\/www.omis.net\/de-de\/omis-gemeinsam-in-der-pravention\/#primaryimage"},"image":{"@id":"https:\/\/www.omis.net\/de-de\/omis-gemeinsam-in-der-pravention\/#primaryimage"},"thumbnailUrl":"https:\/\/media.omis.net\/media\/2023\/03\/together-in-prevention-omis-scaled.webp","datePublished":"2023-03-02T00:00:00+00:00","dateModified":"2023-03-02T00:00:00+00:00","description":"F\u00fcrsorge, Integrit\u00e4t und Aufmerksamkeit gegen\u00fcber den Menschen sind f\u00fcr uns bei OMIS grundlegende Werte. In Zusammenarbeit mit der Poliklinik Sandrigo Medica hat OMIS ein medizinisches Screening f\u00fcr \u00e4ltere Menschen der OASI Gruppe in Sandrigo finanziert, um bestimmten typischen Alterskrankheiten vorzubeugen, bessere Heilungschancen zu gew\u00e4hrleisten und die Lebensqualit\u00e4t der lokalen Gemeinschaft zu verbessern. Diese Zusammenarbeit ist ein konkreter Weg, um die Bedeutung von OMIS f\u00fcr die Region aufzuzeigen und zum Aufbau eines Gemeinschafts- und Zugeh\u00f6rigkeitsgef\u00fchls beizutragen und f\u00fcr die Werte der Solidarit\u00e4t und F\u00fcrsorge f\u00fcr andere zu werben. Lesen Sie die News | OMIS","breadcrumb":{"@id":"https:\/\/www.omis.net\/de-de\/omis-gemeinsam-in-der-pravention\/#breadcrumb"},"inLanguage":"de-de","potentialAction":[{"@type":"ReadAction","target":["https:\/\/www.omis.net\/de-de\/omis-gemeinsam-in-der-pravention\/"]}]},{"@type":"ImageObject","inLanguage":"de-de","@id":"https:\/\/www.omis.net\/de-de\/omis-gemeinsam-in-der-pravention\/#primaryimage","url":"https:\/\/media.omis.net\/media\/2023\/03\/together-in-prevention-omis-scaled.webp","contentUrl":"https:\/\/media.omis.net\/media\/2023\/03\/together-in-prevention-omis-scaled.webp","width":2560,"height":1839,"caption":"gallery - Together in prevention Omis"},{"@type":"BreadcrumbList","@id":"https:\/\/www.omis.net\/de-de\/omis-gemeinsam-in-der-pravention\/#breadcrumb","itemListElement":[{"@type":"ListItem","position":1,"name":"Home","item":"https:\/\/www.omis.net\/de-de\/homepage\/"},{"@type":"ListItem","position":2,"name":"OMIS: Gemeinsam in der Pr\u00e4vention"}]},{"@type":"WebSite","@id":"https:\/\/www.omis.net\/it-it\/#website","url":"https:\/\/www.omis.net\/it-it\/","name":"Omis Spa","description":"Movimentazione e sollevamento","publisher":{"@id":"https:\/\/www.omis.net\/it-it\/#organization"},"potentialAction":[{"@type":"SearchAction","target":{"@type":"EntryPoint","urlTemplate":"https:\/\/www.omis.net\/it-it\/?s={search_term_string}"},"query-input":{"@type":"PropertyValueSpecification","valueRequired":true,"valueName":"search_term_string"}}],"inLanguage":"de-de"},{"@type":"Organization","@id":"https:\/\/www.omis.net\/it-it\/#organization","name":"Omis Spa","url":"https:\/\/www.omis.net\/it-it\/","logo":{"@type":"ImageObject","inLanguage":"de-de","@id":"https:\/\/www.omis.net\/it-it\/#\/schema\/logo\/image\/","url":"https:\/\/media.omis.net\/media\/2024\/08\/logo.jpg","contentUrl":"https:\/\/media.omis.net\/media\/2024\/08\/logo.jpg","width":300,"height":300,"caption":"Omis Spa"},"image":{"@id":"https:\/\/www.omis.net\/it-it\/#\/schema\/logo\/image\/"},"sameAs":["https:\/\/www.facebook.com\/omisgroup","https:\/\/www.linkedin.com\/company\/omis-group","https:\/\/www.youtube.com\/channel\/UCS4L59XDk3kKBI9MnjuxWDw","https:\/\/www.instagram.com\/omisgroup"]},{"@type":"Person","@id":"https:\/\/www.omis.net\/it-it\/#\/schema\/person\/a84b31c39ee8e2b060f51cb288b0c8f4","name":"AQuest","image":{"@type":"ImageObject","inLanguage":"de-de","@id":"https:\/\/www.omis.net\/it-it\/#\/schema\/person\/image\/","url":"https:\/\/secure.gravatar.com\/avatar\/189fc3cdb8260330afd047b6aaa36a00?s=96&d=mm&r=g","contentUrl":"https:\/\/secure.gravatar.com\/avatar\/189fc3cdb8260330afd047b6aaa36a00?s=96&d=mm&r=g","caption":"AQuest"}}]}},"_links":{"self":[{"href":"https:\/\/www.omis.net\/de-de\/wp-json\/wp\/v2\/posts\/5654"}],"collection":[{"href":"https:\/\/www.omis.net\/de-de\/wp-json\/wp\/v2\/posts"}],"about":[{"href":"https:\/\/www.omis.net\/de-de\/wp-json\/wp\/v2\/types\/post"}],"author":[{"embeddable":true,"href":"https:\/\/www.omis.net\/de-de\/wp-json\/wp\/v2\/users\/2"}],"replies":[{"embeddable":true,"href":"https:\/\/www.omis.net\/de-de\/wp-json\/wp\/v2\/comments?post=5654"}],"version-history":[{"count":0,"href":"https:\/\/www.omis.net\/de-de\/wp-json\/wp\/v2\/posts\/5654\/revisions"}],"wp:featuredmedia":[{"embeddable":true,"href":"https:\/\/www.omis.net\/de-de\/wp-json\/wp\/v2\/media\/10470"}],"wp:attachment":[{"href":"https:\/\/www.omis.net\/de-de\/wp-json\/wp\/v2\/media?parent=5654"}],"wp:term":[{"taxonomy":"category","embeddable":true,"href":"https:\/\/www.omis.net\/de-de\/wp-json\/wp\/v2\/categories?post=5654"},{"taxonomy":"post_tag","embeddable":true,"href":"https:\/\/www.omis.net\/de-de\/wp-json\/wp\/v2\/tags?post=5654"},{"taxonomy":"tipologia-prodotto","embeddable":true,"href":"https:\/\/www.omis.net\/de-de\/wp-json\/wp\/v2\/tipologia-prodotto?post=5654"}],"curies":[{"name":"wp","href":"https:\/\/api.w.org\/{rel}","templated":true}]}}