{"id":5640,"date":"2023-12-21T01:00:00","date_gmt":"2023-12-21T00:00:00","guid":{"rendered":"http:\/\/bedrock.local\/frohliche-weihnachten-von-omis-group\/"},"modified":"2023-12-21T01:00:00","modified_gmt":"2023-12-21T00:00:00","slug":"frohliche-weihnachten-von-omis-group","status":"publish","type":"post","link":"https:\/\/www.omis.net\/de-de\/frohliche-weihnachten-von-omis-group\/","title":{"rendered":"Fr\u00f6hliche Weihnachten von OMIS Group"},"content":{"rendered":"<p>Ein gesegnetes Weihnachtsfest w\u00fcnscht OMIS Group!<\/p><p>Wir schlie\u00dfen vom 2. bis 5. Januar 2024.<\/p><p>Best Christmas wishes from OMIS Group!<\/p><p>We will be closed from January 2nd to 5th 2024.<\/p>","protected":false},"excerpt":{"rendered":"<p>Ein gesegnetes Weihnachtsfest w\u00fcnscht OMIS Group! Wir schlie\u00dfen vom 2. bis 5. Januar 2024. Best Christmas wishes from OMIS Group! We will be closed from January 2nd to 5th 2024.<\/p>\n","protected":false},"author":2,"featured_media":10798,"comment_status":"closed","ping_status":"closed","sticky":false,"template":"","format":"standard","meta":{"_acf_changed":false,"footnotes":""},"categories":[653],"tags":[288,291,272,273,389,290,289],"tipologia-prodotto":[],"class_list":["post-5640","post","type-post","status-publish","format-standard","has-post-thumbnail","hentry","category-mitteilungen","tag-christmas2023","tag-happyholidays","tag-omisborntolift","tag-omiscranes","tag-omisgroup","tag-seasongreatings","tag-weareomis"],"acf":{"import_csv_id":"25","seo_title":"Fr\u00f6hliche Weihnachten von OMIS Group | News by OMIS","seo_description":"Ein gesegnetes Weihnachtsfest w\u00fcnscht OMIS Group!\nWir schlie\u00dfen vom 2. bis 5. Januar 2024.\nBest Christmas wishes from OMIS Group!\nWe will be closed from January 2nd to 5th 2024.. Lesen Sie die News | OMIS"},"yoast_head":"<!-- This site is optimized with the Yoast SEO plugin v23.9 - https:\/\/yoast.com\/wordpress\/plugins\/seo\/ -->\n<title>Fr\u00f6hliche Weihnachten von OMIS Group | News by OMIS<\/title>\n<meta name=\"description\" content=\"Ein gesegnetes Weihnachtsfest w\u00fcnscht OMIS Group! Wir schlie\u00dfen vom 2. bis 5. Januar 2024. Best Christmas wishes from OMIS Group! We will be closed from January 2nd to 5th 2024.. Lesen Sie die News | OMIS\" \/>\n<meta name=\"robots\" content=\"index, follow, max-snippet:-1, max-image-preview:large, max-video-preview:-1\" \/>\n<meta property=\"og:locale\" content=\"de_DE\" \/>\n<meta property=\"og:type\" content=\"article\" \/>\n<meta property=\"og:title\" content=\"Fr\u00f6hliche Weihnachten von OMIS Group | News by OMIS\" \/>\n<meta property=\"og:description\" content=\"Ein gesegnetes Weihnachtsfest w\u00fcnscht OMIS Group! Wir schlie\u00dfen vom 2. bis 5. Januar 2024. Best Christmas wishes from OMIS Group! We will be closed from January 2nd to 5th 2024.. Lesen Sie die News | OMIS\" \/>\n<meta property=\"og:url\" content=\"https:\/\/www.omis.net\/de-de\/frohliche-weihnachten-von-omis-group\/\" \/>\n<meta property=\"og:site_name\" content=\"Omis Spa\" \/>\n<meta property=\"article:publisher\" content=\"https:\/\/www.facebook.com\/omisgroup\" \/>\n<meta property=\"article:published_time\" content=\"2023-12-21T00:00:00+00:00\" \/>\n<meta property=\"og:image\" content=\"https:\/\/media.omis.net\/media\/2023\/12\/happy-christmas-from-omis-scaled.webp\" \/>\n\t<meta property=\"og:image:width\" content=\"2560\" \/>\n\t<meta property=\"og:image:height\" content=\"1839\" \/>\n\t<meta property=\"og:image:type\" content=\"image\/webp\" \/>\n<meta name=\"author\" content=\"AQuest\" \/>\n<meta name=\"twitter:card\" content=\"summary_large_image\" \/>\n<meta name=\"twitter:label1\" content=\"Written by\" \/>\n\t<meta name=\"twitter:data1\" content=\"AQuest\" \/>\n<script type=\"application\/ld+json\" class=\"yoast-schema-graph\">{\"@context\":\"https:\/\/schema.org\",\"@graph\":[{\"@type\":\"Article\",\"@id\":\"https:\/\/www.omis.net\/de-de\/frohliche-weihnachten-von-omis-group\/#article\",\"isPartOf\":{\"@id\":\"https:\/\/www.omis.net\/de-de\/frohliche-weihnachten-von-omis-group\/\"},\"author\":{\"name\":\"AQuest\",\"@id\":\"https:\/\/www.omis.net\/it-it\/#\/schema\/person\/a84b31c39ee8e2b060f51cb288b0c8f4\"},\"headline\":\"Fr\u00f6hliche Weihnachten von OMIS Group\",\"datePublished\":\"2023-12-21T00:00:00+00:00\",\"dateModified\":\"2023-12-21T00:00:00+00:00\",\"mainEntityOfPage\":{\"@id\":\"https:\/\/www.omis.net\/de-de\/frohliche-weihnachten-von-omis-group\/\"},\"wordCount\":34,\"publisher\":{\"@id\":\"https:\/\/www.omis.net\/it-it\/#organization\"},\"image\":{\"@id\":\"https:\/\/www.omis.net\/de-de\/frohliche-weihnachten-von-omis-group\/#primaryimage\"},\"thumbnailUrl\":\"https:\/\/media.omis.net\/media\/2023\/12\/happy-christmas-from-omis-scaled.webp\",\"keywords\":[\"christmas2023\",\"happyholidays\",\"omisborntolift\",\"omiscranes\",\"omisgroup\",\"seasongreatings\",\"weareomis\"],\"articleSection\":[\"Mitteilungen\"],\"inLanguage\":\"de-de\"},{\"@type\":\"WebPage\",\"@id\":\"https:\/\/www.omis.net\/de-de\/frohliche-weihnachten-von-omis-group\/\",\"url\":\"https:\/\/www.omis.net\/de-de\/frohliche-weihnachten-von-omis-group\/\",\"name\":\"Fr\u00f6hliche Weihnachten von OMIS Group | News by OMIS\",\"isPartOf\":{\"@id\":\"https:\/\/www.omis.net\/it-it\/#website\"},\"primaryImageOfPage\":{\"@id\":\"https:\/\/www.omis.net\/de-de\/frohliche-weihnachten-von-omis-group\/#primaryimage\"},\"image\":{\"@id\":\"https:\/\/www.omis.net\/de-de\/frohliche-weihnachten-von-omis-group\/#primaryimage\"},\"thumbnailUrl\":\"https:\/\/media.omis.net\/media\/2023\/12\/happy-christmas-from-omis-scaled.webp\",\"datePublished\":\"2023-12-21T00:00:00+00:00\",\"dateModified\":\"2023-12-21T00:00:00+00:00\",\"description\":\"Ein gesegnetes Weihnachtsfest w\u00fcnscht OMIS Group! Wir schlie\u00dfen vom 2. bis 5. Januar 2024. Best Christmas wishes from OMIS Group! We will be closed from January 2nd to 5th 2024.. Lesen Sie die News | OMIS\",\"breadcrumb\":{\"@id\":\"https:\/\/www.omis.net\/de-de\/frohliche-weihnachten-von-omis-group\/#breadcrumb\"},\"inLanguage\":\"de-de\",\"potentialAction\":[{\"@type\":\"ReadAction\",\"target\":[\"https:\/\/www.omis.net\/de-de\/frohliche-weihnachten-von-omis-group\/\"]}]},{\"@type\":\"ImageObject\",\"inLanguage\":\"de-de\",\"@id\":\"https:\/\/www.omis.net\/de-de\/frohliche-weihnachten-von-omis-group\/#primaryimage\",\"url\":\"https:\/\/media.omis.net\/media\/2023\/12\/happy-christmas-from-omis-scaled.webp\",\"contentUrl\":\"https:\/\/media.omis.net\/media\/2023\/12\/happy-christmas-from-omis-scaled.webp\",\"width\":2560,\"height\":1839,\"caption\":\"gallery - Happy christmas from Omis\"},{\"@type\":\"BreadcrumbList\",\"@id\":\"https:\/\/www.omis.net\/de-de\/frohliche-weihnachten-von-omis-group\/#breadcrumb\",\"itemListElement\":[{\"@type\":\"ListItem\",\"position\":1,\"name\":\"Home\",\"item\":\"https:\/\/www.omis.net\/de-de\/homepage\/\"},{\"@type\":\"ListItem\",\"position\":2,\"name\":\"Fr\u00f6hliche Weihnachten von OMIS Group\"}]},{\"@type\":\"WebSite\",\"@id\":\"https:\/\/www.omis.net\/it-it\/#website\",\"url\":\"https:\/\/www.omis.net\/it-it\/\",\"name\":\"Omis Spa\",\"description\":\"Movimentazione e sollevamento\",\"publisher\":{\"@id\":\"https:\/\/www.omis.net\/it-it\/#organization\"},\"potentialAction\":[{\"@type\":\"SearchAction\",\"target\":{\"@type\":\"EntryPoint\",\"urlTemplate\":\"https:\/\/www.omis.net\/it-it\/?s={search_term_string}\"},\"query-input\":{\"@type\":\"PropertyValueSpecification\",\"valueRequired\":true,\"valueName\":\"search_term_string\"}}],\"inLanguage\":\"de-de\"},{\"@type\":\"Organization\",\"@id\":\"https:\/\/www.omis.net\/it-it\/#organization\",\"name\":\"Omis Spa\",\"url\":\"https:\/\/www.omis.net\/it-it\/\",\"logo\":{\"@type\":\"ImageObject\",\"inLanguage\":\"de-de\",\"@id\":\"https:\/\/www.omis.net\/it-it\/#\/schema\/logo\/image\/\",\"url\":\"https:\/\/media.omis.net\/media\/2024\/08\/logo.jpg\",\"contentUrl\":\"https:\/\/media.omis.net\/media\/2024\/08\/logo.jpg\",\"width\":300,\"height\":300,\"caption\":\"Omis Spa\"},\"image\":{\"@id\":\"https:\/\/www.omis.net\/it-it\/#\/schema\/logo\/image\/\"},\"sameAs\":[\"https:\/\/www.facebook.com\/omisgroup\",\"https:\/\/www.linkedin.com\/company\/omis-group\",\"https:\/\/www.youtube.com\/channel\/UCS4L59XDk3kKBI9MnjuxWDw\",\"https:\/\/www.instagram.com\/omisgroup\"]},{\"@type\":\"Person\",\"@id\":\"https:\/\/www.omis.net\/it-it\/#\/schema\/person\/a84b31c39ee8e2b060f51cb288b0c8f4\",\"name\":\"AQuest\",\"image\":{\"@type\":\"ImageObject\",\"inLanguage\":\"de-de\",\"@id\":\"https:\/\/www.omis.net\/it-it\/#\/schema\/person\/image\/\",\"url\":\"https:\/\/secure.gravatar.com\/avatar\/189fc3cdb8260330afd047b6aaa36a00?s=96&d=mm&r=g\",\"contentUrl\":\"https:\/\/secure.gravatar.com\/avatar\/189fc3cdb8260330afd047b6aaa36a00?s=96&d=mm&r=g\",\"caption\":\"AQuest\"}}]}<\/script>\n<!-- \/ Yoast SEO plugin. -->","yoast_head_json":{"title":"Fr\u00f6hliche Weihnachten von OMIS Group | News by OMIS","description":"Ein gesegnetes Weihnachtsfest w\u00fcnscht OMIS Group! Wir schlie\u00dfen vom 2. bis 5. Januar 2024. Best Christmas wishes from OMIS Group! We will be closed from January 2nd to 5th 2024.. Lesen Sie die News | OMIS","robots":{"index":"index","follow":"follow","max-snippet":"max-snippet:-1","max-image-preview":"max-image-preview:large","max-video-preview":"max-video-preview:-1"},"og_locale":"de_DE","og_type":"article","og_title":"Fr\u00f6hliche Weihnachten von OMIS Group | News by OMIS","og_description":"Ein gesegnetes Weihnachtsfest w\u00fcnscht OMIS Group! Wir schlie\u00dfen vom 2. bis 5. Januar 2024. Best Christmas wishes from OMIS Group! We will be closed from January 2nd to 5th 2024.. Lesen Sie die News | OMIS","og_url":"https:\/\/www.omis.net\/de-de\/frohliche-weihnachten-von-omis-group\/","og_site_name":"Omis Spa","article_publisher":"https:\/\/www.facebook.com\/omisgroup","article_published_time":"2023-12-21T00:00:00+00:00","og_image":[{"width":2560,"height":1839,"url":"https:\/\/media.omis.net\/media\/2023\/12\/happy-christmas-from-omis-scaled.webp","type":"image\/webp"}],"author":"AQuest","twitter_card":"summary_large_image","twitter_misc":{"Written by":"AQuest"},"schema":{"@context":"https:\/\/schema.org","@graph":[{"@type":"Article","@id":"https:\/\/www.omis.net\/de-de\/frohliche-weihnachten-von-omis-group\/#article","isPartOf":{"@id":"https:\/\/www.omis.net\/de-de\/frohliche-weihnachten-von-omis-group\/"},"author":{"name":"AQuest","@id":"https:\/\/www.omis.net\/it-it\/#\/schema\/person\/a84b31c39ee8e2b060f51cb288b0c8f4"},"headline":"Fr\u00f6hliche Weihnachten von OMIS Group","datePublished":"2023-12-21T00:00:00+00:00","dateModified":"2023-12-21T00:00:00+00:00","mainEntityOfPage":{"@id":"https:\/\/www.omis.net\/de-de\/frohliche-weihnachten-von-omis-group\/"},"wordCount":34,"publisher":{"@id":"https:\/\/www.omis.net\/it-it\/#organization"},"image":{"@id":"https:\/\/www.omis.net\/de-de\/frohliche-weihnachten-von-omis-group\/#primaryimage"},"thumbnailUrl":"https:\/\/media.omis.net\/media\/2023\/12\/happy-christmas-from-omis-scaled.webp","keywords":["christmas2023","happyholidays","omisborntolift","omiscranes","omisgroup","seasongreatings","weareomis"],"articleSection":["Mitteilungen"],"inLanguage":"de-de"},{"@type":"WebPage","@id":"https:\/\/www.omis.net\/de-de\/frohliche-weihnachten-von-omis-group\/","url":"https:\/\/www.omis.net\/de-de\/frohliche-weihnachten-von-omis-group\/","name":"Fr\u00f6hliche Weihnachten von OMIS Group | News by OMIS","isPartOf":{"@id":"https:\/\/www.omis.net\/it-it\/#website"},"primaryImageOfPage":{"@id":"https:\/\/www.omis.net\/de-de\/frohliche-weihnachten-von-omis-group\/#primaryimage"},"image":{"@id":"https:\/\/www.omis.net\/de-de\/frohliche-weihnachten-von-omis-group\/#primaryimage"},"thumbnailUrl":"https:\/\/media.omis.net\/media\/2023\/12\/happy-christmas-from-omis-scaled.webp","datePublished":"2023-12-21T00:00:00+00:00","dateModified":"2023-12-21T00:00:00+00:00","description":"Ein gesegnetes Weihnachtsfest w\u00fcnscht OMIS Group! Wir schlie\u00dfen vom 2. bis 5. Januar 2024. Best Christmas wishes from OMIS Group! We will be closed from January 2nd to 5th 2024.. Lesen Sie die News | OMIS","breadcrumb":{"@id":"https:\/\/www.omis.net\/de-de\/frohliche-weihnachten-von-omis-group\/#breadcrumb"},"inLanguage":"de-de","potentialAction":[{"@type":"ReadAction","target":["https:\/\/www.omis.net\/de-de\/frohliche-weihnachten-von-omis-group\/"]}]},{"@type":"ImageObject","inLanguage":"de-de","@id":"https:\/\/www.omis.net\/de-de\/frohliche-weihnachten-von-omis-group\/#primaryimage","url":"https:\/\/media.omis.net\/media\/2023\/12\/happy-christmas-from-omis-scaled.webp","contentUrl":"https:\/\/media.omis.net\/media\/2023\/12\/happy-christmas-from-omis-scaled.webp","width":2560,"height":1839,"caption":"gallery - Happy christmas from Omis"},{"@type":"BreadcrumbList","@id":"https:\/\/www.omis.net\/de-de\/frohliche-weihnachten-von-omis-group\/#breadcrumb","itemListElement":[{"@type":"ListItem","position":1,"name":"Home","item":"https:\/\/www.omis.net\/de-de\/homepage\/"},{"@type":"ListItem","position":2,"name":"Fr\u00f6hliche Weihnachten von OMIS Group"}]},{"@type":"WebSite","@id":"https:\/\/www.omis.net\/it-it\/#website","url":"https:\/\/www.omis.net\/it-it\/","name":"Omis Spa","description":"Movimentazione e sollevamento","publisher":{"@id":"https:\/\/www.omis.net\/it-it\/#organization"},"potentialAction":[{"@type":"SearchAction","target":{"@type":"EntryPoint","urlTemplate":"https:\/\/www.omis.net\/it-it\/?s={search_term_string}"},"query-input":{"@type":"PropertyValueSpecification","valueRequired":true,"valueName":"search_term_string"}}],"inLanguage":"de-de"},{"@type":"Organization","@id":"https:\/\/www.omis.net\/it-it\/#organization","name":"Omis Spa","url":"https:\/\/www.omis.net\/it-it\/","logo":{"@type":"ImageObject","inLanguage":"de-de","@id":"https:\/\/www.omis.net\/it-it\/#\/schema\/logo\/image\/","url":"https:\/\/media.omis.net\/media\/2024\/08\/logo.jpg","contentUrl":"https:\/\/media.omis.net\/media\/2024\/08\/logo.jpg","width":300,"height":300,"caption":"Omis Spa"},"image":{"@id":"https:\/\/www.omis.net\/it-it\/#\/schema\/logo\/image\/"},"sameAs":["https:\/\/www.facebook.com\/omisgroup","https:\/\/www.linkedin.com\/company\/omis-group","https:\/\/www.youtube.com\/channel\/UCS4L59XDk3kKBI9MnjuxWDw","https:\/\/www.instagram.com\/omisgroup"]},{"@type":"Person","@id":"https:\/\/www.omis.net\/it-it\/#\/schema\/person\/a84b31c39ee8e2b060f51cb288b0c8f4","name":"AQuest","image":{"@type":"ImageObject","inLanguage":"de-de","@id":"https:\/\/www.omis.net\/it-it\/#\/schema\/person\/image\/","url":"https:\/\/secure.gravatar.com\/avatar\/189fc3cdb8260330afd047b6aaa36a00?s=96&d=mm&r=g","contentUrl":"https:\/\/secure.gravatar.com\/avatar\/189fc3cdb8260330afd047b6aaa36a00?s=96&d=mm&r=g","caption":"AQuest"}}]}},"_links":{"self":[{"href":"https:\/\/www.omis.net\/de-de\/wp-json\/wp\/v2\/posts\/5640"}],"collection":[{"href":"https:\/\/www.omis.net\/de-de\/wp-json\/wp\/v2\/posts"}],"about":[{"href":"https:\/\/www.omis.net\/de-de\/wp-json\/wp\/v2\/types\/post"}],"author":[{"embeddable":true,"href":"https:\/\/www.omis.net\/de-de\/wp-json\/wp\/v2\/users\/2"}],"replies":[{"embeddable":true,"href":"https:\/\/www.omis.net\/de-de\/wp-json\/wp\/v2\/comments?post=5640"}],"version-history":[{"count":0,"href":"https:\/\/www.omis.net\/de-de\/wp-json\/wp\/v2\/posts\/5640\/revisions"}],"wp:featuredmedia":[{"embeddable":true,"href":"https:\/\/www.omis.net\/de-de\/wp-json\/wp\/v2\/media\/10798"}],"wp:attachment":[{"href":"https:\/\/www.omis.net\/de-de\/wp-json\/wp\/v2\/media?parent=5640"}],"wp:term":[{"taxonomy":"category","embeddable":true,"href":"https:\/\/www.omis.net\/de-de\/wp-json\/wp\/v2\/categories?post=5640"},{"taxonomy":"post_tag","embeddable":true,"href":"https:\/\/www.omis.net\/de-de\/wp-json\/wp\/v2\/tags?post=5640"},{"taxonomy":"tipologia-prodotto","embeddable":true,"href":"https:\/\/www.omis.net\/de-de\/wp-json\/wp\/v2\/tipologia-prodotto?post=5640"}],"curies":[{"name":"wp","href":"https:\/\/api.w.org\/{rel}","templated":true}]}}