{"id":5637,"date":"2024-03-26T01:00:00","date_gmt":"2024-03-26T00:00:00","guid":{"rendered":"http:\/\/bedrock.local\/frohe-ostern\/"},"modified":"2024-03-26T01:00:00","modified_gmt":"2024-03-26T00:00:00","slug":"frohe-ostern","status":"publish","type":"post","link":"https:\/\/www.omis.net\/de-de\/frohe-ostern\/","title":{"rendered":"Frohe Ostern"},"content":{"rendered":"<p>OMIS Group w\u00fcnscht Ihnen allen ein frohes Osterfest!!<\/p><p>Wir informieren Sie, dass wir am Ostermontag, den 1. April 2024, geschlossen haben.<\/p><p>Ab Dienstag, 2. April 2024, sind wir wieder f\u00fcr Sie da.<\/p><p>Wir informieren Sie auch dar\u00fcber, dass wir anl\u00e4sslich des \u201eTages der Befreiung\u201c am Freitag, den 26. April 2024, geschlossen haben.<\/p><p>Ab Montag, 29. April 2024, sind wir wieder f\u00fcr Sie da.<\/p>","protected":false},"excerpt":{"rendered":"<p>OMIS Group w\u00fcnscht Ihnen allen ein frohes Osterfest!! Wir informieren Sie, dass wir am Ostermontag, den 1. April 2024, geschlossen haben. Ab Dienstag, 2. April 2024, sind wir wieder f\u00fcr Sie da. Wir informieren Sie auch dar\u00fcber, dass wir anl\u00e4sslich des \u201eTages der Befreiung\u201c am Freitag, den 26. April 2024, geschlossen haben. Ab Montag, 29. [&hellip;]<\/p>\n","protected":false},"author":2,"featured_media":10843,"comment_status":"closed","ping_status":"closed","sticky":false,"template":"","format":"standard","meta":{"_acf_changed":false,"footnotes":""},"categories":[653],"tags":[274,272,273,389,275],"tipologia-prodotto":[],"class_list":["post-5637","post","type-post","status-publish","format-standard","has-post-thumbnail","hentry","category-mitteilungen","tag-liftingsolutions","tag-omisborntolift","tag-omiscranes","tag-omisgroup","tag-welightenlifetogrowtogether"],"acf":{"import_csv_id":"22","seo_title":"Frohe Ostern | News by OMIS","seo_description":"OMIS Group w\u00fcnscht Ihnen allen ein frohes Osterfest!!\nWir informieren Sie, dass wir am Ostermontag, den 1. April 2024, geschlossen haben.\nAb Dienstag, 2. April 2024, sind wir wieder f\u00fcr Sie da.\nWir informieren Sie auch dar\u00fcber, dass wir anl\u00e4sslich des \u201eTages der Befreiung\u201c am Freitag, den 26. April 2024, geschlossen haben.\nAb Montag, 29. April 2024, sind wir wieder f\u00fcr Sie da. Lesen Sie die News | OMIS"},"yoast_head":"<!-- This site is optimized with the Yoast SEO plugin v23.9 - https:\/\/yoast.com\/wordpress\/plugins\/seo\/ -->\n<title>Frohe Ostern | News by OMIS<\/title>\n<meta name=\"description\" content=\"OMIS Group w\u00fcnscht Ihnen allen ein frohes Osterfest!! Wir informieren Sie, dass wir am Ostermontag, den 1. April 2024, geschlossen haben. Ab Dienstag, 2. April 2024, sind wir wieder f\u00fcr Sie da. Wir informieren Sie auch dar\u00fcber, dass wir anl\u00e4sslich des \u201eTages der Befreiung\u201c am Freitag, den 26. April 2024, geschlossen haben. Ab Montag, 29. April 2024, sind wir wieder f\u00fcr Sie da. Lesen Sie die News | OMIS\" \/>\n<meta name=\"robots\" content=\"index, follow, max-snippet:-1, max-image-preview:large, max-video-preview:-1\" \/>\n<meta property=\"og:locale\" content=\"de_DE\" \/>\n<meta property=\"og:type\" content=\"article\" \/>\n<meta property=\"og:title\" content=\"Frohe Ostern | News by OMIS\" \/>\n<meta property=\"og:description\" content=\"OMIS Group w\u00fcnscht Ihnen allen ein frohes Osterfest!! Wir informieren Sie, dass wir am Ostermontag, den 1. April 2024, geschlossen haben. Ab Dienstag, 2. April 2024, sind wir wieder f\u00fcr Sie da. Wir informieren Sie auch dar\u00fcber, dass wir anl\u00e4sslich des \u201eTages der Befreiung\u201c am Freitag, den 26. April 2024, geschlossen haben. Ab Montag, 29. April 2024, sind wir wieder f\u00fcr Sie da. Lesen Sie die News | OMIS\" \/>\n<meta property=\"og:url\" content=\"https:\/\/www.omis.net\/de-de\/frohe-ostern\/\" \/>\n<meta property=\"og:site_name\" content=\"Omis Spa\" \/>\n<meta property=\"article:publisher\" content=\"https:\/\/www.facebook.com\/omisgroup\" \/>\n<meta property=\"article:published_time\" content=\"2024-03-26T00:00:00+00:00\" \/>\n<meta property=\"og:image\" content=\"https:\/\/media.omis.net\/media\/2024\/03\/happy-easter-omis-scaled.webp\" \/>\n\t<meta property=\"og:image:width\" content=\"2560\" \/>\n\t<meta property=\"og:image:height\" content=\"1707\" \/>\n\t<meta property=\"og:image:type\" content=\"image\/webp\" \/>\n<meta name=\"author\" content=\"AQuest\" \/>\n<meta name=\"twitter:card\" content=\"summary_large_image\" \/>\n<meta name=\"twitter:label1\" content=\"Written by\" \/>\n\t<meta name=\"twitter:data1\" content=\"AQuest\" \/>\n<script type=\"application\/ld+json\" class=\"yoast-schema-graph\">{\"@context\":\"https:\/\/schema.org\",\"@graph\":[{\"@type\":\"Article\",\"@id\":\"https:\/\/www.omis.net\/de-de\/frohe-ostern\/#article\",\"isPartOf\":{\"@id\":\"https:\/\/www.omis.net\/de-de\/frohe-ostern\/\"},\"author\":{\"name\":\"AQuest\",\"@id\":\"https:\/\/www.omis.net\/it-it\/#\/schema\/person\/a84b31c39ee8e2b060f51cb288b0c8f4\"},\"headline\":\"Frohe Ostern\",\"datePublished\":\"2024-03-26T00:00:00+00:00\",\"dateModified\":\"2024-03-26T00:00:00+00:00\",\"mainEntityOfPage\":{\"@id\":\"https:\/\/www.omis.net\/de-de\/frohe-ostern\/\"},\"wordCount\":62,\"publisher\":{\"@id\":\"https:\/\/www.omis.net\/it-it\/#organization\"},\"image\":{\"@id\":\"https:\/\/www.omis.net\/de-de\/frohe-ostern\/#primaryimage\"},\"thumbnailUrl\":\"https:\/\/media.omis.net\/media\/2024\/03\/happy-easter-omis-scaled.webp\",\"keywords\":[\"liftingsolutions\",\"omisborntolift\",\"omiscranes\",\"omisgroup\",\"WeLightenLifeToGrowTogether\"],\"articleSection\":[\"Mitteilungen\"],\"inLanguage\":\"de-de\"},{\"@type\":\"WebPage\",\"@id\":\"https:\/\/www.omis.net\/de-de\/frohe-ostern\/\",\"url\":\"https:\/\/www.omis.net\/de-de\/frohe-ostern\/\",\"name\":\"Frohe Ostern | News by OMIS\",\"isPartOf\":{\"@id\":\"https:\/\/www.omis.net\/it-it\/#website\"},\"primaryImageOfPage\":{\"@id\":\"https:\/\/www.omis.net\/de-de\/frohe-ostern\/#primaryimage\"},\"image\":{\"@id\":\"https:\/\/www.omis.net\/de-de\/frohe-ostern\/#primaryimage\"},\"thumbnailUrl\":\"https:\/\/media.omis.net\/media\/2024\/03\/happy-easter-omis-scaled.webp\",\"datePublished\":\"2024-03-26T00:00:00+00:00\",\"dateModified\":\"2024-03-26T00:00:00+00:00\",\"description\":\"OMIS Group w\u00fcnscht Ihnen allen ein frohes Osterfest!! Wir informieren Sie, dass wir am Ostermontag, den 1. April 2024, geschlossen haben. Ab Dienstag, 2. April 2024, sind wir wieder f\u00fcr Sie da. Wir informieren Sie auch dar\u00fcber, dass wir anl\u00e4sslich des \u201eTages der Befreiung\u201c am Freitag, den 26. April 2024, geschlossen haben. Ab Montag, 29. April 2024, sind wir wieder f\u00fcr Sie da. Lesen Sie die News | OMIS\",\"breadcrumb\":{\"@id\":\"https:\/\/www.omis.net\/de-de\/frohe-ostern\/#breadcrumb\"},\"inLanguage\":\"de-de\",\"potentialAction\":[{\"@type\":\"ReadAction\",\"target\":[\"https:\/\/www.omis.net\/de-de\/frohe-ostern\/\"]}]},{\"@type\":\"ImageObject\",\"inLanguage\":\"de-de\",\"@id\":\"https:\/\/www.omis.net\/de-de\/frohe-ostern\/#primaryimage\",\"url\":\"https:\/\/media.omis.net\/media\/2024\/03\/happy-easter-omis-scaled.webp\",\"contentUrl\":\"https:\/\/media.omis.net\/media\/2024\/03\/happy-easter-omis-scaled.webp\",\"width\":2560,\"height\":1707,\"caption\":\"gallery - Happy easter Omis\"},{\"@type\":\"BreadcrumbList\",\"@id\":\"https:\/\/www.omis.net\/de-de\/frohe-ostern\/#breadcrumb\",\"itemListElement\":[{\"@type\":\"ListItem\",\"position\":1,\"name\":\"Home\",\"item\":\"https:\/\/www.omis.net\/de-de\/homepage\/\"},{\"@type\":\"ListItem\",\"position\":2,\"name\":\"Frohe Ostern\"}]},{\"@type\":\"WebSite\",\"@id\":\"https:\/\/www.omis.net\/it-it\/#website\",\"url\":\"https:\/\/www.omis.net\/it-it\/\",\"name\":\"Omis Spa\",\"description\":\"Movimentazione e sollevamento\",\"publisher\":{\"@id\":\"https:\/\/www.omis.net\/it-it\/#organization\"},\"potentialAction\":[{\"@type\":\"SearchAction\",\"target\":{\"@type\":\"EntryPoint\",\"urlTemplate\":\"https:\/\/www.omis.net\/it-it\/?s={search_term_string}\"},\"query-input\":{\"@type\":\"PropertyValueSpecification\",\"valueRequired\":true,\"valueName\":\"search_term_string\"}}],\"inLanguage\":\"de-de\"},{\"@type\":\"Organization\",\"@id\":\"https:\/\/www.omis.net\/it-it\/#organization\",\"name\":\"Omis Spa\",\"url\":\"https:\/\/www.omis.net\/it-it\/\",\"logo\":{\"@type\":\"ImageObject\",\"inLanguage\":\"de-de\",\"@id\":\"https:\/\/www.omis.net\/it-it\/#\/schema\/logo\/image\/\",\"url\":\"https:\/\/media.omis.net\/media\/2024\/08\/logo.jpg\",\"contentUrl\":\"https:\/\/media.omis.net\/media\/2024\/08\/logo.jpg\",\"width\":300,\"height\":300,\"caption\":\"Omis Spa\"},\"image\":{\"@id\":\"https:\/\/www.omis.net\/it-it\/#\/schema\/logo\/image\/\"},\"sameAs\":[\"https:\/\/www.facebook.com\/omisgroup\",\"https:\/\/www.linkedin.com\/company\/omis-group\",\"https:\/\/www.youtube.com\/channel\/UCS4L59XDk3kKBI9MnjuxWDw\",\"https:\/\/www.instagram.com\/omisgroup\"]},{\"@type\":\"Person\",\"@id\":\"https:\/\/www.omis.net\/it-it\/#\/schema\/person\/a84b31c39ee8e2b060f51cb288b0c8f4\",\"name\":\"AQuest\",\"image\":{\"@type\":\"ImageObject\",\"inLanguage\":\"de-de\",\"@id\":\"https:\/\/www.omis.net\/it-it\/#\/schema\/person\/image\/\",\"url\":\"https:\/\/secure.gravatar.com\/avatar\/189fc3cdb8260330afd047b6aaa36a00?s=96&d=mm&r=g\",\"contentUrl\":\"https:\/\/secure.gravatar.com\/avatar\/189fc3cdb8260330afd047b6aaa36a00?s=96&d=mm&r=g\",\"caption\":\"AQuest\"}}]}<\/script>\n<!-- \/ Yoast SEO plugin. -->","yoast_head_json":{"title":"Frohe Ostern | News by OMIS","description":"OMIS Group w\u00fcnscht Ihnen allen ein frohes Osterfest!! Wir informieren Sie, dass wir am Ostermontag, den 1. April 2024, geschlossen haben. Ab Dienstag, 2. April 2024, sind wir wieder f\u00fcr Sie da. Wir informieren Sie auch dar\u00fcber, dass wir anl\u00e4sslich des \u201eTages der Befreiung\u201c am Freitag, den 26. April 2024, geschlossen haben. Ab Montag, 29. April 2024, sind wir wieder f\u00fcr Sie da. Lesen Sie die News | OMIS","robots":{"index":"index","follow":"follow","max-snippet":"max-snippet:-1","max-image-preview":"max-image-preview:large","max-video-preview":"max-video-preview:-1"},"og_locale":"de_DE","og_type":"article","og_title":"Frohe Ostern | News by OMIS","og_description":"OMIS Group w\u00fcnscht Ihnen allen ein frohes Osterfest!! Wir informieren Sie, dass wir am Ostermontag, den 1. April 2024, geschlossen haben. Ab Dienstag, 2. April 2024, sind wir wieder f\u00fcr Sie da. Wir informieren Sie auch dar\u00fcber, dass wir anl\u00e4sslich des \u201eTages der Befreiung\u201c am Freitag, den 26. April 2024, geschlossen haben. Ab Montag, 29. April 2024, sind wir wieder f\u00fcr Sie da. Lesen Sie die News | OMIS","og_url":"https:\/\/www.omis.net\/de-de\/frohe-ostern\/","og_site_name":"Omis Spa","article_publisher":"https:\/\/www.facebook.com\/omisgroup","article_published_time":"2024-03-26T00:00:00+00:00","og_image":[{"width":2560,"height":1707,"url":"https:\/\/media.omis.net\/media\/2024\/03\/happy-easter-omis-scaled.webp","type":"image\/webp"}],"author":"AQuest","twitter_card":"summary_large_image","twitter_misc":{"Written by":"AQuest"},"schema":{"@context":"https:\/\/schema.org","@graph":[{"@type":"Article","@id":"https:\/\/www.omis.net\/de-de\/frohe-ostern\/#article","isPartOf":{"@id":"https:\/\/www.omis.net\/de-de\/frohe-ostern\/"},"author":{"name":"AQuest","@id":"https:\/\/www.omis.net\/it-it\/#\/schema\/person\/a84b31c39ee8e2b060f51cb288b0c8f4"},"headline":"Frohe Ostern","datePublished":"2024-03-26T00:00:00+00:00","dateModified":"2024-03-26T00:00:00+00:00","mainEntityOfPage":{"@id":"https:\/\/www.omis.net\/de-de\/frohe-ostern\/"},"wordCount":62,"publisher":{"@id":"https:\/\/www.omis.net\/it-it\/#organization"},"image":{"@id":"https:\/\/www.omis.net\/de-de\/frohe-ostern\/#primaryimage"},"thumbnailUrl":"https:\/\/media.omis.net\/media\/2024\/03\/happy-easter-omis-scaled.webp","keywords":["liftingsolutions","omisborntolift","omiscranes","omisgroup","WeLightenLifeToGrowTogether"],"articleSection":["Mitteilungen"],"inLanguage":"de-de"},{"@type":"WebPage","@id":"https:\/\/www.omis.net\/de-de\/frohe-ostern\/","url":"https:\/\/www.omis.net\/de-de\/frohe-ostern\/","name":"Frohe Ostern | News by OMIS","isPartOf":{"@id":"https:\/\/www.omis.net\/it-it\/#website"},"primaryImageOfPage":{"@id":"https:\/\/www.omis.net\/de-de\/frohe-ostern\/#primaryimage"},"image":{"@id":"https:\/\/www.omis.net\/de-de\/frohe-ostern\/#primaryimage"},"thumbnailUrl":"https:\/\/media.omis.net\/media\/2024\/03\/happy-easter-omis-scaled.webp","datePublished":"2024-03-26T00:00:00+00:00","dateModified":"2024-03-26T00:00:00+00:00","description":"OMIS Group w\u00fcnscht Ihnen allen ein frohes Osterfest!! Wir informieren Sie, dass wir am Ostermontag, den 1. April 2024, geschlossen haben. Ab Dienstag, 2. April 2024, sind wir wieder f\u00fcr Sie da. Wir informieren Sie auch dar\u00fcber, dass wir anl\u00e4sslich des \u201eTages der Befreiung\u201c am Freitag, den 26. April 2024, geschlossen haben. Ab Montag, 29. April 2024, sind wir wieder f\u00fcr Sie da. Lesen Sie die News | OMIS","breadcrumb":{"@id":"https:\/\/www.omis.net\/de-de\/frohe-ostern\/#breadcrumb"},"inLanguage":"de-de","potentialAction":[{"@type":"ReadAction","target":["https:\/\/www.omis.net\/de-de\/frohe-ostern\/"]}]},{"@type":"ImageObject","inLanguage":"de-de","@id":"https:\/\/www.omis.net\/de-de\/frohe-ostern\/#primaryimage","url":"https:\/\/media.omis.net\/media\/2024\/03\/happy-easter-omis-scaled.webp","contentUrl":"https:\/\/media.omis.net\/media\/2024\/03\/happy-easter-omis-scaled.webp","width":2560,"height":1707,"caption":"gallery - Happy easter Omis"},{"@type":"BreadcrumbList","@id":"https:\/\/www.omis.net\/de-de\/frohe-ostern\/#breadcrumb","itemListElement":[{"@type":"ListItem","position":1,"name":"Home","item":"https:\/\/www.omis.net\/de-de\/homepage\/"},{"@type":"ListItem","position":2,"name":"Frohe Ostern"}]},{"@type":"WebSite","@id":"https:\/\/www.omis.net\/it-it\/#website","url":"https:\/\/www.omis.net\/it-it\/","name":"Omis Spa","description":"Movimentazione e sollevamento","publisher":{"@id":"https:\/\/www.omis.net\/it-it\/#organization"},"potentialAction":[{"@type":"SearchAction","target":{"@type":"EntryPoint","urlTemplate":"https:\/\/www.omis.net\/it-it\/?s={search_term_string}"},"query-input":{"@type":"PropertyValueSpecification","valueRequired":true,"valueName":"search_term_string"}}],"inLanguage":"de-de"},{"@type":"Organization","@id":"https:\/\/www.omis.net\/it-it\/#organization","name":"Omis Spa","url":"https:\/\/www.omis.net\/it-it\/","logo":{"@type":"ImageObject","inLanguage":"de-de","@id":"https:\/\/www.omis.net\/it-it\/#\/schema\/logo\/image\/","url":"https:\/\/media.omis.net\/media\/2024\/08\/logo.jpg","contentUrl":"https:\/\/media.omis.net\/media\/2024\/08\/logo.jpg","width":300,"height":300,"caption":"Omis Spa"},"image":{"@id":"https:\/\/www.omis.net\/it-it\/#\/schema\/logo\/image\/"},"sameAs":["https:\/\/www.facebook.com\/omisgroup","https:\/\/www.linkedin.com\/company\/omis-group","https:\/\/www.youtube.com\/channel\/UCS4L59XDk3kKBI9MnjuxWDw","https:\/\/www.instagram.com\/omisgroup"]},{"@type":"Person","@id":"https:\/\/www.omis.net\/it-it\/#\/schema\/person\/a84b31c39ee8e2b060f51cb288b0c8f4","name":"AQuest","image":{"@type":"ImageObject","inLanguage":"de-de","@id":"https:\/\/www.omis.net\/it-it\/#\/schema\/person\/image\/","url":"https:\/\/secure.gravatar.com\/avatar\/189fc3cdb8260330afd047b6aaa36a00?s=96&d=mm&r=g","contentUrl":"https:\/\/secure.gravatar.com\/avatar\/189fc3cdb8260330afd047b6aaa36a00?s=96&d=mm&r=g","caption":"AQuest"}}]}},"_links":{"self":[{"href":"https:\/\/www.omis.net\/de-de\/wp-json\/wp\/v2\/posts\/5637"}],"collection":[{"href":"https:\/\/www.omis.net\/de-de\/wp-json\/wp\/v2\/posts"}],"about":[{"href":"https:\/\/www.omis.net\/de-de\/wp-json\/wp\/v2\/types\/post"}],"author":[{"embeddable":true,"href":"https:\/\/www.omis.net\/de-de\/wp-json\/wp\/v2\/users\/2"}],"replies":[{"embeddable":true,"href":"https:\/\/www.omis.net\/de-de\/wp-json\/wp\/v2\/comments?post=5637"}],"version-history":[{"count":0,"href":"https:\/\/www.omis.net\/de-de\/wp-json\/wp\/v2\/posts\/5637\/revisions"}],"wp:featuredmedia":[{"embeddable":true,"href":"https:\/\/www.omis.net\/de-de\/wp-json\/wp\/v2\/media\/10843"}],"wp:attachment":[{"href":"https:\/\/www.omis.net\/de-de\/wp-json\/wp\/v2\/media?parent=5637"}],"wp:term":[{"taxonomy":"category","embeddable":true,"href":"https:\/\/www.omis.net\/de-de\/wp-json\/wp\/v2\/categories?post=5637"},{"taxonomy":"post_tag","embeddable":true,"href":"https:\/\/www.omis.net\/de-de\/wp-json\/wp\/v2\/tags?post=5637"},{"taxonomy":"tipologia-prodotto","embeddable":true,"href":"https:\/\/www.omis.net\/de-de\/wp-json\/wp\/v2\/tipologia-prodotto?post=5637"}],"curies":[{"name":"wp","href":"https:\/\/api.w.org\/{rel}","templated":true}]}}