{"id":5635,"date":"2024-06-10T02:00:00","date_gmt":"2024-06-10T00:00:00","guid":{"rendered":"http:\/\/bedrock.local\/die-neue-leadership-bei-leichtkransystemen\/"},"modified":"2024-06-10T02:00:00","modified_gmt":"2024-06-10T00:00:00","slug":"die-neue-leadership-bei-leichtkransystemen","status":"publish","type":"post","link":"https:\/\/www.omis.net\/de-de\/die-neue-leadership-bei-leichtkransystemen\/","title":{"rendered":"Die neue Leadership bei Leichtkransystemen"},"content":{"rendered":"<p>Die neue Leadership bei Leichtkransystemen<\/p><p><\/p><p>OMIS hat die \u00dcbernahme von 75 % von Elephant unterzeichnet, einem der f\u00fchrenden Hersteller von Schwenkkranen und Hebesystemen in Italien. All dies ist der \u00dcbereinkunft zwischen den beiden CEOs, Laura De Toni f\u00fcr OMIS Group und Marco Baffoni f\u00fcr Elephant srl, zu verdanken. Diese Allianz stellt einen entscheidenden Wendepunkt dar, um die F\u00fchrungsrolle im Bereich der Leichtkransysteme sowohl in Italien als auch im Ausland zu \u00fcbernehmen.<\/p><p><\/p><p>Hierf\u00fcr bedanken wir uns herzlich<\/p><p><\/p><p>f\u00fcr OMIS<\/p><p>CFO Andrea Cesare Mapelli<\/p><p>Akos Finance<\/p><p>Grimaldi Alliance<\/p><p><\/p><p>f\u00fcr Elephant<\/p><p>Studio Associato Ragionieri di Rimini<\/p><p>Deloitte Legal<\/p>","protected":false},"excerpt":{"rendered":"<p>Die neue Leadership bei Leichtkransystemen OMIS hat die \u00dcbernahme von 75 % von Elephant unterzeichnet, einem der f\u00fchrenden Hersteller von Schwenkkranen und Hebesystemen in Italien. All dies ist der \u00dcbereinkunft zwischen den beiden CEOs, Laura De Toni f\u00fcr OMIS Group und Marco Baffoni f\u00fcr Elephant srl, zu verdanken. Diese Allianz stellt einen entscheidenden Wendepunkt dar, [&hellip;]<\/p>\n","protected":false},"author":2,"featured_media":10894,"comment_status":"closed","ping_status":"closed","sticky":false,"template":"","format":"standard","meta":{"_acf_changed":false,"footnotes":""},"categories":[657],"tags":[274,276,272,273,389,275],"tipologia-prodotto":[],"class_list":["post-5635","post","type-post","status-publish","format-standard","has-post-thumbnail","hentry","category-produkte","tag-liftingsolutions","tag-omisandelephant","tag-omisborntolift","tag-omiscranes","tag-omisgroup","tag-welightenlifetogrowtogether"],"acf":{"import_csv_id":"20","seo_title":"Die neue Leadership bei Leichtkransystemen | News by OMIS","seo_description":"OMIS hat 75 % von Elephant \u00fcbernommen, einem f\u00fchrenden Hersteller von Schwenkkranen und Hebesystemen. Die Vereinbarung zwischen Laura De Toni von OMIS und Marco Baffoni von Elephant markiert einen Wendepunkt in der Branche und festigt die F\u00fchrungsposition im Bereich der Leichtkransysteme sowohl in Italien als auch im Ausland. Lesen Sie die News | OMIS"},"yoast_head":"<!-- This site is optimized with the Yoast SEO plugin v23.9 - https:\/\/yoast.com\/wordpress\/plugins\/seo\/ -->\n<title>Die neue Leadership bei Leichtkransystemen | News by OMIS<\/title>\n<meta name=\"description\" content=\"OMIS hat 75 % von Elephant \u00fcbernommen, einem f\u00fchrenden Hersteller von Schwenkkranen und Hebesystemen. Die Vereinbarung zwischen Laura De Toni von OMIS und Marco Baffoni von Elephant markiert einen Wendepunkt in der Branche und festigt die F\u00fchrungsposition im Bereich der Leichtkransysteme sowohl in Italien als auch im Ausland. Lesen Sie die News | OMIS\" \/>\n<meta name=\"robots\" content=\"index, follow, max-snippet:-1, max-image-preview:large, max-video-preview:-1\" \/>\n<meta property=\"og:locale\" content=\"de_DE\" \/>\n<meta property=\"og:type\" content=\"article\" \/>\n<meta property=\"og:title\" content=\"Die neue Leadership bei Leichtkransystemen | News by OMIS\" \/>\n<meta property=\"og:description\" content=\"OMIS hat 75 % von Elephant \u00fcbernommen, einem f\u00fchrenden Hersteller von Schwenkkranen und Hebesystemen. Die Vereinbarung zwischen Laura De Toni von OMIS und Marco Baffoni von Elephant markiert einen Wendepunkt in der Branche und festigt die F\u00fchrungsposition im Bereich der Leichtkransysteme sowohl in Italien als auch im Ausland. Lesen Sie die News | OMIS\" \/>\n<meta property=\"og:url\" content=\"https:\/\/www.omis.net\/de-de\/die-neue-leadership-bei-leichtkransystemen\/\" \/>\n<meta property=\"og:site_name\" content=\"Omis Spa\" \/>\n<meta property=\"article:publisher\" content=\"https:\/\/www.facebook.com\/omisgroup\" \/>\n<meta property=\"article:published_time\" content=\"2024-06-10T00:00:00+00:00\" \/>\n<meta property=\"og:image\" content=\"https:\/\/media.omis.net\/media\/2024\/06\/new-leadership-in-light-plants-omis-scaled.webp\" \/>\n\t<meta property=\"og:image:width\" content=\"2560\" \/>\n\t<meta property=\"og:image:height\" content=\"1838\" \/>\n\t<meta property=\"og:image:type\" content=\"image\/webp\" \/>\n<meta name=\"author\" content=\"AQuest\" \/>\n<meta name=\"twitter:card\" content=\"summary_large_image\" \/>\n<meta name=\"twitter:label1\" content=\"Written by\" \/>\n\t<meta name=\"twitter:data1\" content=\"AQuest\" \/>\n<script type=\"application\/ld+json\" class=\"yoast-schema-graph\">{\"@context\":\"https:\/\/schema.org\",\"@graph\":[{\"@type\":\"Article\",\"@id\":\"https:\/\/www.omis.net\/de-de\/die-neue-leadership-bei-leichtkransystemen\/#article\",\"isPartOf\":{\"@id\":\"https:\/\/www.omis.net\/de-de\/die-neue-leadership-bei-leichtkransystemen\/\"},\"author\":{\"name\":\"AQuest\",\"@id\":\"https:\/\/www.omis.net\/it-it\/#\/schema\/person\/a84b31c39ee8e2b060f51cb288b0c8f4\"},\"headline\":\"Die neue Leadership bei Leichtkransystemen\",\"datePublished\":\"2024-06-10T00:00:00+00:00\",\"dateModified\":\"2024-06-10T00:00:00+00:00\",\"mainEntityOfPage\":{\"@id\":\"https:\/\/www.omis.net\/de-de\/die-neue-leadership-bei-leichtkransystemen\/\"},\"wordCount\":105,\"publisher\":{\"@id\":\"https:\/\/www.omis.net\/it-it\/#organization\"},\"image\":{\"@id\":\"https:\/\/www.omis.net\/de-de\/die-neue-leadership-bei-leichtkransystemen\/#primaryimage\"},\"thumbnailUrl\":\"https:\/\/media.omis.net\/media\/2024\/06\/new-leadership-in-light-plants-omis-scaled.webp\",\"keywords\":[\"liftingsolutions\",\"omisandelephant\",\"omisborntolift\",\"omiscranes\",\"omisgroup\",\"WeLightenLifeToGrowTogether\"],\"articleSection\":[\"Produkte\"],\"inLanguage\":\"de-de\"},{\"@type\":\"WebPage\",\"@id\":\"https:\/\/www.omis.net\/de-de\/die-neue-leadership-bei-leichtkransystemen\/\",\"url\":\"https:\/\/www.omis.net\/de-de\/die-neue-leadership-bei-leichtkransystemen\/\",\"name\":\"Die neue Leadership bei Leichtkransystemen | News by OMIS\",\"isPartOf\":{\"@id\":\"https:\/\/www.omis.net\/it-it\/#website\"},\"primaryImageOfPage\":{\"@id\":\"https:\/\/www.omis.net\/de-de\/die-neue-leadership-bei-leichtkransystemen\/#primaryimage\"},\"image\":{\"@id\":\"https:\/\/www.omis.net\/de-de\/die-neue-leadership-bei-leichtkransystemen\/#primaryimage\"},\"thumbnailUrl\":\"https:\/\/media.omis.net\/media\/2024\/06\/new-leadership-in-light-plants-omis-scaled.webp\",\"datePublished\":\"2024-06-10T00:00:00+00:00\",\"dateModified\":\"2024-06-10T00:00:00+00:00\",\"description\":\"OMIS hat 75 % von Elephant \u00fcbernommen, einem f\u00fchrenden Hersteller von Schwenkkranen und Hebesystemen. Die Vereinbarung zwischen Laura De Toni von OMIS und Marco Baffoni von Elephant markiert einen Wendepunkt in der Branche und festigt die F\u00fchrungsposition im Bereich der Leichtkransysteme sowohl in Italien als auch im Ausland. Lesen Sie die News | OMIS\",\"breadcrumb\":{\"@id\":\"https:\/\/www.omis.net\/de-de\/die-neue-leadership-bei-leichtkransystemen\/#breadcrumb\"},\"inLanguage\":\"de-de\",\"potentialAction\":[{\"@type\":\"ReadAction\",\"target\":[\"https:\/\/www.omis.net\/de-de\/die-neue-leadership-bei-leichtkransystemen\/\"]}]},{\"@type\":\"ImageObject\",\"inLanguage\":\"de-de\",\"@id\":\"https:\/\/www.omis.net\/de-de\/die-neue-leadership-bei-leichtkransystemen\/#primaryimage\",\"url\":\"https:\/\/media.omis.net\/media\/2024\/06\/new-leadership-in-light-plants-omis-scaled.webp\",\"contentUrl\":\"https:\/\/media.omis.net\/media\/2024\/06\/new-leadership-in-light-plants-omis-scaled.webp\",\"width\":2560,\"height\":1838,\"caption\":\"gallery - New leadership in light plants Omis\"},{\"@type\":\"BreadcrumbList\",\"@id\":\"https:\/\/www.omis.net\/de-de\/die-neue-leadership-bei-leichtkransystemen\/#breadcrumb\",\"itemListElement\":[{\"@type\":\"ListItem\",\"position\":1,\"name\":\"Home\",\"item\":\"https:\/\/www.omis.net\/de-de\/homepage\/\"},{\"@type\":\"ListItem\",\"position\":2,\"name\":\"Die neue Leadership bei Leichtkransystemen\"}]},{\"@type\":\"WebSite\",\"@id\":\"https:\/\/www.omis.net\/it-it\/#website\",\"url\":\"https:\/\/www.omis.net\/it-it\/\",\"name\":\"Omis Spa\",\"description\":\"Movimentazione e sollevamento\",\"publisher\":{\"@id\":\"https:\/\/www.omis.net\/it-it\/#organization\"},\"potentialAction\":[{\"@type\":\"SearchAction\",\"target\":{\"@type\":\"EntryPoint\",\"urlTemplate\":\"https:\/\/www.omis.net\/it-it\/?s={search_term_string}\"},\"query-input\":{\"@type\":\"PropertyValueSpecification\",\"valueRequired\":true,\"valueName\":\"search_term_string\"}}],\"inLanguage\":\"de-de\"},{\"@type\":\"Organization\",\"@id\":\"https:\/\/www.omis.net\/it-it\/#organization\",\"name\":\"Omis Spa\",\"url\":\"https:\/\/www.omis.net\/it-it\/\",\"logo\":{\"@type\":\"ImageObject\",\"inLanguage\":\"de-de\",\"@id\":\"https:\/\/www.omis.net\/it-it\/#\/schema\/logo\/image\/\",\"url\":\"https:\/\/media.omis.net\/media\/2024\/08\/logo.jpg\",\"contentUrl\":\"https:\/\/media.omis.net\/media\/2024\/08\/logo.jpg\",\"width\":300,\"height\":300,\"caption\":\"Omis Spa\"},\"image\":{\"@id\":\"https:\/\/www.omis.net\/it-it\/#\/schema\/logo\/image\/\"},\"sameAs\":[\"https:\/\/www.facebook.com\/omisgroup\",\"https:\/\/www.linkedin.com\/company\/omis-group\",\"https:\/\/www.youtube.com\/channel\/UCS4L59XDk3kKBI9MnjuxWDw\",\"https:\/\/www.instagram.com\/omisgroup\"]},{\"@type\":\"Person\",\"@id\":\"https:\/\/www.omis.net\/it-it\/#\/schema\/person\/a84b31c39ee8e2b060f51cb288b0c8f4\",\"name\":\"AQuest\",\"image\":{\"@type\":\"ImageObject\",\"inLanguage\":\"de-de\",\"@id\":\"https:\/\/www.omis.net\/it-it\/#\/schema\/person\/image\/\",\"url\":\"https:\/\/secure.gravatar.com\/avatar\/189fc3cdb8260330afd047b6aaa36a00?s=96&d=mm&r=g\",\"contentUrl\":\"https:\/\/secure.gravatar.com\/avatar\/189fc3cdb8260330afd047b6aaa36a00?s=96&d=mm&r=g\",\"caption\":\"AQuest\"}}]}<\/script>\n<!-- \/ Yoast SEO plugin. -->","yoast_head_json":{"title":"Die neue Leadership bei Leichtkransystemen | News by OMIS","description":"OMIS hat 75 % von Elephant \u00fcbernommen, einem f\u00fchrenden Hersteller von Schwenkkranen und Hebesystemen. Die Vereinbarung zwischen Laura De Toni von OMIS und Marco Baffoni von Elephant markiert einen Wendepunkt in der Branche und festigt die F\u00fchrungsposition im Bereich der Leichtkransysteme sowohl in Italien als auch im Ausland. Lesen Sie die News | OMIS","robots":{"index":"index","follow":"follow","max-snippet":"max-snippet:-1","max-image-preview":"max-image-preview:large","max-video-preview":"max-video-preview:-1"},"og_locale":"de_DE","og_type":"article","og_title":"Die neue Leadership bei Leichtkransystemen | News by OMIS","og_description":"OMIS hat 75 % von Elephant \u00fcbernommen, einem f\u00fchrenden Hersteller von Schwenkkranen und Hebesystemen. Die Vereinbarung zwischen Laura De Toni von OMIS und Marco Baffoni von Elephant markiert einen Wendepunkt in der Branche und festigt die F\u00fchrungsposition im Bereich der Leichtkransysteme sowohl in Italien als auch im Ausland. Lesen Sie die News | OMIS","og_url":"https:\/\/www.omis.net\/de-de\/die-neue-leadership-bei-leichtkransystemen\/","og_site_name":"Omis Spa","article_publisher":"https:\/\/www.facebook.com\/omisgroup","article_published_time":"2024-06-10T00:00:00+00:00","og_image":[{"width":2560,"height":1838,"url":"https:\/\/media.omis.net\/media\/2024\/06\/new-leadership-in-light-plants-omis-scaled.webp","type":"image\/webp"}],"author":"AQuest","twitter_card":"summary_large_image","twitter_misc":{"Written by":"AQuest"},"schema":{"@context":"https:\/\/schema.org","@graph":[{"@type":"Article","@id":"https:\/\/www.omis.net\/de-de\/die-neue-leadership-bei-leichtkransystemen\/#article","isPartOf":{"@id":"https:\/\/www.omis.net\/de-de\/die-neue-leadership-bei-leichtkransystemen\/"},"author":{"name":"AQuest","@id":"https:\/\/www.omis.net\/it-it\/#\/schema\/person\/a84b31c39ee8e2b060f51cb288b0c8f4"},"headline":"Die neue Leadership bei Leichtkransystemen","datePublished":"2024-06-10T00:00:00+00:00","dateModified":"2024-06-10T00:00:00+00:00","mainEntityOfPage":{"@id":"https:\/\/www.omis.net\/de-de\/die-neue-leadership-bei-leichtkransystemen\/"},"wordCount":105,"publisher":{"@id":"https:\/\/www.omis.net\/it-it\/#organization"},"image":{"@id":"https:\/\/www.omis.net\/de-de\/die-neue-leadership-bei-leichtkransystemen\/#primaryimage"},"thumbnailUrl":"https:\/\/media.omis.net\/media\/2024\/06\/new-leadership-in-light-plants-omis-scaled.webp","keywords":["liftingsolutions","omisandelephant","omisborntolift","omiscranes","omisgroup","WeLightenLifeToGrowTogether"],"articleSection":["Produkte"],"inLanguage":"de-de"},{"@type":"WebPage","@id":"https:\/\/www.omis.net\/de-de\/die-neue-leadership-bei-leichtkransystemen\/","url":"https:\/\/www.omis.net\/de-de\/die-neue-leadership-bei-leichtkransystemen\/","name":"Die neue Leadership bei Leichtkransystemen | News by OMIS","isPartOf":{"@id":"https:\/\/www.omis.net\/it-it\/#website"},"primaryImageOfPage":{"@id":"https:\/\/www.omis.net\/de-de\/die-neue-leadership-bei-leichtkransystemen\/#primaryimage"},"image":{"@id":"https:\/\/www.omis.net\/de-de\/die-neue-leadership-bei-leichtkransystemen\/#primaryimage"},"thumbnailUrl":"https:\/\/media.omis.net\/media\/2024\/06\/new-leadership-in-light-plants-omis-scaled.webp","datePublished":"2024-06-10T00:00:00+00:00","dateModified":"2024-06-10T00:00:00+00:00","description":"OMIS hat 75 % von Elephant \u00fcbernommen, einem f\u00fchrenden Hersteller von Schwenkkranen und Hebesystemen. Die Vereinbarung zwischen Laura De Toni von OMIS und Marco Baffoni von Elephant markiert einen Wendepunkt in der Branche und festigt die F\u00fchrungsposition im Bereich der Leichtkransysteme sowohl in Italien als auch im Ausland. Lesen Sie die News | OMIS","breadcrumb":{"@id":"https:\/\/www.omis.net\/de-de\/die-neue-leadership-bei-leichtkransystemen\/#breadcrumb"},"inLanguage":"de-de","potentialAction":[{"@type":"ReadAction","target":["https:\/\/www.omis.net\/de-de\/die-neue-leadership-bei-leichtkransystemen\/"]}]},{"@type":"ImageObject","inLanguage":"de-de","@id":"https:\/\/www.omis.net\/de-de\/die-neue-leadership-bei-leichtkransystemen\/#primaryimage","url":"https:\/\/media.omis.net\/media\/2024\/06\/new-leadership-in-light-plants-omis-scaled.webp","contentUrl":"https:\/\/media.omis.net\/media\/2024\/06\/new-leadership-in-light-plants-omis-scaled.webp","width":2560,"height":1838,"caption":"gallery - New leadership in light plants Omis"},{"@type":"BreadcrumbList","@id":"https:\/\/www.omis.net\/de-de\/die-neue-leadership-bei-leichtkransystemen\/#breadcrumb","itemListElement":[{"@type":"ListItem","position":1,"name":"Home","item":"https:\/\/www.omis.net\/de-de\/homepage\/"},{"@type":"ListItem","position":2,"name":"Die neue Leadership bei Leichtkransystemen"}]},{"@type":"WebSite","@id":"https:\/\/www.omis.net\/it-it\/#website","url":"https:\/\/www.omis.net\/it-it\/","name":"Omis Spa","description":"Movimentazione e sollevamento","publisher":{"@id":"https:\/\/www.omis.net\/it-it\/#organization"},"potentialAction":[{"@type":"SearchAction","target":{"@type":"EntryPoint","urlTemplate":"https:\/\/www.omis.net\/it-it\/?s={search_term_string}"},"query-input":{"@type":"PropertyValueSpecification","valueRequired":true,"valueName":"search_term_string"}}],"inLanguage":"de-de"},{"@type":"Organization","@id":"https:\/\/www.omis.net\/it-it\/#organization","name":"Omis Spa","url":"https:\/\/www.omis.net\/it-it\/","logo":{"@type":"ImageObject","inLanguage":"de-de","@id":"https:\/\/www.omis.net\/it-it\/#\/schema\/logo\/image\/","url":"https:\/\/media.omis.net\/media\/2024\/08\/logo.jpg","contentUrl":"https:\/\/media.omis.net\/media\/2024\/08\/logo.jpg","width":300,"height":300,"caption":"Omis Spa"},"image":{"@id":"https:\/\/www.omis.net\/it-it\/#\/schema\/logo\/image\/"},"sameAs":["https:\/\/www.facebook.com\/omisgroup","https:\/\/www.linkedin.com\/company\/omis-group","https:\/\/www.youtube.com\/channel\/UCS4L59XDk3kKBI9MnjuxWDw","https:\/\/www.instagram.com\/omisgroup"]},{"@type":"Person","@id":"https:\/\/www.omis.net\/it-it\/#\/schema\/person\/a84b31c39ee8e2b060f51cb288b0c8f4","name":"AQuest","image":{"@type":"ImageObject","inLanguage":"de-de","@id":"https:\/\/www.omis.net\/it-it\/#\/schema\/person\/image\/","url":"https:\/\/secure.gravatar.com\/avatar\/189fc3cdb8260330afd047b6aaa36a00?s=96&d=mm&r=g","contentUrl":"https:\/\/secure.gravatar.com\/avatar\/189fc3cdb8260330afd047b6aaa36a00?s=96&d=mm&r=g","caption":"AQuest"}}]}},"_links":{"self":[{"href":"https:\/\/www.omis.net\/de-de\/wp-json\/wp\/v2\/posts\/5635"}],"collection":[{"href":"https:\/\/www.omis.net\/de-de\/wp-json\/wp\/v2\/posts"}],"about":[{"href":"https:\/\/www.omis.net\/de-de\/wp-json\/wp\/v2\/types\/post"}],"author":[{"embeddable":true,"href":"https:\/\/www.omis.net\/de-de\/wp-json\/wp\/v2\/users\/2"}],"replies":[{"embeddable":true,"href":"https:\/\/www.omis.net\/de-de\/wp-json\/wp\/v2\/comments?post=5635"}],"version-history":[{"count":0,"href":"https:\/\/www.omis.net\/de-de\/wp-json\/wp\/v2\/posts\/5635\/revisions"}],"wp:featuredmedia":[{"embeddable":true,"href":"https:\/\/www.omis.net\/de-de\/wp-json\/wp\/v2\/media\/10894"}],"wp:attachment":[{"href":"https:\/\/www.omis.net\/de-de\/wp-json\/wp\/v2\/media?parent=5635"}],"wp:term":[{"taxonomy":"category","embeddable":true,"href":"https:\/\/www.omis.net\/de-de\/wp-json\/wp\/v2\/categories?post=5635"},{"taxonomy":"post_tag","embeddable":true,"href":"https:\/\/www.omis.net\/de-de\/wp-json\/wp\/v2\/tags?post=5635"},{"taxonomy":"tipologia-prodotto","embeddable":true,"href":"https:\/\/www.omis.net\/de-de\/wp-json\/wp\/v2\/tipologia-prodotto?post=5635"}],"curies":[{"name":"wp","href":"https:\/\/api.w.org\/{rel}","templated":true}]}}