{"id":19820,"date":"2025-12-09T12:00:00","date_gmt":"2025-12-09T11:00:00","guid":{"rendered":"https:\/\/www.omis.net\/?p=19820"},"modified":"2025-12-09T12:00:10","modified_gmt":"2025-12-09T11:00:10","slug":"auslegerkran-der-ideale-verbuendete-fuer-leichte-transportarbeiten","status":"publish","type":"post","link":"https:\/\/www.omis.net\/de-de\/auslegerkran-der-ideale-verbuendete-fuer-leichte-transportarbeiten\/","title":{"rendered":"Auslegerkran: der ideale Verb\u00fcndete f\u00fcr leichte Transportarbeiten"},"content":{"rendered":"\n<p>Wenn es um die Optimierung von Arbeitspl\u00e4tzen geht, ist der Auslegerkran die effektivste und am weitesten verbreitete L\u00f6sung zum Heben und Bewegen von Lasten. Er wird in zahlreichen Bereichen eingesetzt, vom Handwerk bis zur Gro\u00dfindustrie, und kann sowohl im Innen- als auch im Au\u00dfenbereich eingesetzt werden. Er ist einfach zu bedienen, wartungsarm und garantiert Sicherheit, Vielseitigkeit und individuelle Anpassung mit Tragf\u00e4higkeiten von bis zu 10 Tonnen und einem Arbeitsbereich von bis zu 360\u00b0.<\/p>\n","protected":false},"excerpt":{"rendered":"<p>Wenn es um die Optimierung von Arbeitspl\u00e4tzen geht, ist der Auslegerkran die effektivste und am weitesten verbreitete L\u00f6sung zum Heben und Bewegen von Lasten. Er wird in zahlreichen Bereichen eingesetzt, vom Handwerk bis zur Gro\u00dfindustrie, und kann sowohl im Innen- als auch im Au\u00dfenbereich eingesetzt werden. Er ist einfach zu bedienen, wartungsarm und garantiert Sicherheit, [&hellip;]<\/p>\n","protected":false},"author":25,"featured_media":19775,"comment_status":"closed","ping_status":"closed","sticky":false,"template":"","format":"standard","meta":{"_acf_changed":false,"footnotes":""},"categories":[390],"tags":[],"tipologia-prodotto":[706,712],"class_list":["post-19820","post","type-post","status-publish","format-standard","has-post-thumbnail","hentry","category-prodotti","tipologia-prodotto-arbeitsplatzkraene","tipologia-prodotto-schwenkkrane"],"acf":{"import_csv_id":"","seo_title":"Auslegerkran: der ideale Verb\u00fcndete f\u00fcr leichte Transportarbeiten | News by OMIS","seo_description":""},"yoast_head":"<!-- This site is optimized with the Yoast SEO plugin v23.9 - https:\/\/yoast.com\/wordpress\/plugins\/seo\/ -->\n<title>Auslegerkran: der ideale Verb\u00fcndete f\u00fcr leichte Transportarbeiten | News by OMIS<\/title>\n<meta name=\"robots\" content=\"index, follow, max-snippet:-1, max-image-preview:large, max-video-preview:-1\" \/>\n<meta property=\"og:locale\" content=\"de_DE\" \/>\n<meta property=\"og:type\" content=\"article\" \/>\n<meta property=\"og:title\" content=\"Auslegerkran: der ideale Verb\u00fcndete f\u00fcr leichte Transportarbeiten | News by OMIS\" \/>\n<meta property=\"og:url\" content=\"https:\/\/www.omis.net\/it-it\/?p=19772\" \/>\n<meta property=\"og:site_name\" content=\"Omis Spa\" \/>\n<meta property=\"article:publisher\" content=\"https:\/\/www.facebook.com\/omisgroup\" \/>\n<meta property=\"article:published_time\" content=\"2025-12-09T11:00:00+00:00\" \/>\n<meta property=\"article:modified_time\" content=\"2025-12-09T11:00:10+00:00\" \/>\n<meta property=\"og:image\" content=\"https:\/\/media.omis.net\/media\/2025\/11\/site-cover-jib-cranes-1000kg-omis.webp\" \/>\n\t<meta property=\"og:image:width\" content=\"2500\" \/>\n\t<meta property=\"og:image:height\" content=\"917\" \/>\n\t<meta property=\"og:image:type\" content=\"image\/webp\" \/>\n<meta name=\"author\" content=\"Sebastian Amedeo\" \/>\n<meta name=\"twitter:card\" content=\"summary_large_image\" \/>\n<meta name=\"twitter:label1\" content=\"Written by\" \/>\n\t<meta name=\"twitter:data1\" content=\"Sebastian Amedeo\" \/>\n\t<meta name=\"twitter:label2\" content=\"Est. reading time\" \/>\n\t<meta name=\"twitter:data2\" content=\"1 minute\" \/>\n<script type=\"application\/ld+json\" class=\"yoast-schema-graph\">{\"@context\":\"https:\/\/schema.org\",\"@graph\":[{\"@type\":\"Article\",\"@id\":\"https:\/\/www.omis.net\/it-it\/?p=19772#article\",\"isPartOf\":{\"@id\":\"https:\/\/www.omis.net\/it-it\/?p=19772\"},\"author\":{\"name\":\"Sebastian Amedeo\",\"@id\":\"https:\/\/www.omis.net\/it-it\/#\/schema\/person\/4e7609173995c51481214aba5a931764\"},\"headline\":\"Auslegerkran: der ideale Verb\u00fcndete f\u00fcr leichte Transportarbeiten\",\"datePublished\":\"2025-12-09T11:00:00+00:00\",\"dateModified\":\"2025-12-09T11:00:10+00:00\",\"mainEntityOfPage\":{\"@id\":\"https:\/\/www.omis.net\/it-it\/?p=19772\"},\"wordCount\":85,\"publisher\":{\"@id\":\"https:\/\/www.omis.net\/it-it\/#organization\"},\"image\":{\"@id\":\"https:\/\/www.omis.net\/it-it\/?p=19772#primaryimage\"},\"thumbnailUrl\":\"https:\/\/media.omis.net\/media\/2025\/11\/site-cover-jib-cranes-1000kg-omis.webp\",\"articleSection\":[\"Prodotti\"],\"inLanguage\":\"de-de\"},{\"@type\":\"WebPage\",\"@id\":\"https:\/\/www.omis.net\/it-it\/?p=19772\",\"url\":\"https:\/\/www.omis.net\/it-it\/?p=19772\",\"name\":\"Auslegerkran: der ideale Verb\u00fcndete f\u00fcr leichte Transportarbeiten | News by OMIS\",\"isPartOf\":{\"@id\":\"https:\/\/www.omis.net\/it-it\/#website\"},\"primaryImageOfPage\":{\"@id\":\"https:\/\/www.omis.net\/it-it\/?p=19772#primaryimage\"},\"image\":{\"@id\":\"https:\/\/www.omis.net\/it-it\/?p=19772#primaryimage\"},\"thumbnailUrl\":\"https:\/\/media.omis.net\/media\/2025\/11\/site-cover-jib-cranes-1000kg-omis.webp\",\"datePublished\":\"2025-12-09T11:00:00+00:00\",\"dateModified\":\"2025-12-09T11:00:10+00:00\",\"breadcrumb\":{\"@id\":\"https:\/\/www.omis.net\/it-it\/?p=19772#breadcrumb\"},\"inLanguage\":\"de-de\",\"potentialAction\":[{\"@type\":\"ReadAction\",\"target\":[\"https:\/\/www.omis.net\/it-it\/?p=19772\"]}]},{\"@type\":\"ImageObject\",\"inLanguage\":\"de-de\",\"@id\":\"https:\/\/www.omis.net\/it-it\/?p=19772#primaryimage\",\"url\":\"https:\/\/media.omis.net\/media\/2025\/11\/site-cover-jib-cranes-1000kg-omis.webp\",\"contentUrl\":\"https:\/\/media.omis.net\/media\/2025\/11\/site-cover-jib-cranes-1000kg-omis.webp\",\"width\":2500,\"height\":917},{\"@type\":\"BreadcrumbList\",\"@id\":\"https:\/\/www.omis.net\/it-it\/?p=19772#breadcrumb\",\"itemListElement\":[{\"@type\":\"ListItem\",\"position\":1,\"name\":\"Home\",\"item\":\"https:\/\/www.omis.net\/de-de\/homepage\/\"},{\"@type\":\"ListItem\",\"position\":2,\"name\":\"Auslegerkran: der ideale Verb\u00fcndete f\u00fcr leichte Transportarbeiten\"}]},{\"@type\":\"WebSite\",\"@id\":\"https:\/\/www.omis.net\/it-it\/#website\",\"url\":\"https:\/\/www.omis.net\/it-it\/\",\"name\":\"Omis Spa\",\"description\":\"Movimentazione e sollevamento\",\"publisher\":{\"@id\":\"https:\/\/www.omis.net\/it-it\/#organization\"},\"potentialAction\":[{\"@type\":\"SearchAction\",\"target\":{\"@type\":\"EntryPoint\",\"urlTemplate\":\"https:\/\/www.omis.net\/it-it\/?s={search_term_string}\"},\"query-input\":{\"@type\":\"PropertyValueSpecification\",\"valueRequired\":true,\"valueName\":\"search_term_string\"}}],\"inLanguage\":\"de-de\"},{\"@type\":\"Organization\",\"@id\":\"https:\/\/www.omis.net\/it-it\/#organization\",\"name\":\"Omis Spa\",\"url\":\"https:\/\/www.omis.net\/it-it\/\",\"logo\":{\"@type\":\"ImageObject\",\"inLanguage\":\"de-de\",\"@id\":\"https:\/\/www.omis.net\/it-it\/#\/schema\/logo\/image\/\",\"url\":\"https:\/\/media.omis.net\/media\/2024\/08\/logo.jpg\",\"contentUrl\":\"https:\/\/media.omis.net\/media\/2024\/08\/logo.jpg\",\"width\":300,\"height\":300,\"caption\":\"Omis Spa\"},\"image\":{\"@id\":\"https:\/\/www.omis.net\/it-it\/#\/schema\/logo\/image\/\"},\"sameAs\":[\"https:\/\/www.facebook.com\/omisgroup\",\"https:\/\/www.linkedin.com\/company\/omis-group\",\"https:\/\/www.youtube.com\/channel\/UCS4L59XDk3kKBI9MnjuxWDw\",\"https:\/\/www.instagram.com\/omisgroup\"]},{\"@type\":\"Person\",\"@id\":\"https:\/\/www.omis.net\/it-it\/#\/schema\/person\/4e7609173995c51481214aba5a931764\",\"name\":\"Sebastian Amedeo\",\"image\":{\"@type\":\"ImageObject\",\"inLanguage\":\"de-de\",\"@id\":\"https:\/\/www.omis.net\/it-it\/#\/schema\/person\/image\/\",\"url\":\"https:\/\/secure.gravatar.com\/avatar\/078e8f6d100f85fee673f30b8d0d7fce?s=96&d=mm&r=g\",\"contentUrl\":\"https:\/\/secure.gravatar.com\/avatar\/078e8f6d100f85fee673f30b8d0d7fce?s=96&d=mm&r=g\",\"caption\":\"Sebastian Amedeo\"}}]}<\/script>\n<!-- \/ Yoast SEO plugin. -->","yoast_head_json":{"title":"Auslegerkran: der ideale Verb\u00fcndete f\u00fcr leichte Transportarbeiten | News by OMIS","robots":{"index":"index","follow":"follow","max-snippet":"max-snippet:-1","max-image-preview":"max-image-preview:large","max-video-preview":"max-video-preview:-1"},"og_locale":"de_DE","og_type":"article","og_title":"Auslegerkran: der ideale Verb\u00fcndete f\u00fcr leichte Transportarbeiten | News by OMIS","og_url":"https:\/\/www.omis.net\/it-it\/?p=19772","og_site_name":"Omis Spa","article_publisher":"https:\/\/www.facebook.com\/omisgroup","article_published_time":"2025-12-09T11:00:00+00:00","article_modified_time":"2025-12-09T11:00:10+00:00","og_image":[{"width":2500,"height":917,"url":"https:\/\/media.omis.net\/media\/2025\/11\/site-cover-jib-cranes-1000kg-omis.webp","type":"image\/webp"}],"author":"Sebastian Amedeo","twitter_card":"summary_large_image","twitter_misc":{"Written by":"Sebastian Amedeo","Est. reading time":"1 minute"},"schema":{"@context":"https:\/\/schema.org","@graph":[{"@type":"Article","@id":"https:\/\/www.omis.net\/it-it\/?p=19772#article","isPartOf":{"@id":"https:\/\/www.omis.net\/it-it\/?p=19772"},"author":{"name":"Sebastian Amedeo","@id":"https:\/\/www.omis.net\/it-it\/#\/schema\/person\/4e7609173995c51481214aba5a931764"},"headline":"Auslegerkran: der ideale Verb\u00fcndete f\u00fcr leichte Transportarbeiten","datePublished":"2025-12-09T11:00:00+00:00","dateModified":"2025-12-09T11:00:10+00:00","mainEntityOfPage":{"@id":"https:\/\/www.omis.net\/it-it\/?p=19772"},"wordCount":85,"publisher":{"@id":"https:\/\/www.omis.net\/it-it\/#organization"},"image":{"@id":"https:\/\/www.omis.net\/it-it\/?p=19772#primaryimage"},"thumbnailUrl":"https:\/\/media.omis.net\/media\/2025\/11\/site-cover-jib-cranes-1000kg-omis.webp","articleSection":["Prodotti"],"inLanguage":"de-de"},{"@type":"WebPage","@id":"https:\/\/www.omis.net\/it-it\/?p=19772","url":"https:\/\/www.omis.net\/it-it\/?p=19772","name":"Auslegerkran: der ideale Verb\u00fcndete f\u00fcr leichte Transportarbeiten | News by OMIS","isPartOf":{"@id":"https:\/\/www.omis.net\/it-it\/#website"},"primaryImageOfPage":{"@id":"https:\/\/www.omis.net\/it-it\/?p=19772#primaryimage"},"image":{"@id":"https:\/\/www.omis.net\/it-it\/?p=19772#primaryimage"},"thumbnailUrl":"https:\/\/media.omis.net\/media\/2025\/11\/site-cover-jib-cranes-1000kg-omis.webp","datePublished":"2025-12-09T11:00:00+00:00","dateModified":"2025-12-09T11:00:10+00:00","breadcrumb":{"@id":"https:\/\/www.omis.net\/it-it\/?p=19772#breadcrumb"},"inLanguage":"de-de","potentialAction":[{"@type":"ReadAction","target":["https:\/\/www.omis.net\/it-it\/?p=19772"]}]},{"@type":"ImageObject","inLanguage":"de-de","@id":"https:\/\/www.omis.net\/it-it\/?p=19772#primaryimage","url":"https:\/\/media.omis.net\/media\/2025\/11\/site-cover-jib-cranes-1000kg-omis.webp","contentUrl":"https:\/\/media.omis.net\/media\/2025\/11\/site-cover-jib-cranes-1000kg-omis.webp","width":2500,"height":917},{"@type":"BreadcrumbList","@id":"https:\/\/www.omis.net\/it-it\/?p=19772#breadcrumb","itemListElement":[{"@type":"ListItem","position":1,"name":"Home","item":"https:\/\/www.omis.net\/de-de\/homepage\/"},{"@type":"ListItem","position":2,"name":"Auslegerkran: der ideale Verb\u00fcndete f\u00fcr leichte Transportarbeiten"}]},{"@type":"WebSite","@id":"https:\/\/www.omis.net\/it-it\/#website","url":"https:\/\/www.omis.net\/it-it\/","name":"Omis Spa","description":"Movimentazione e sollevamento","publisher":{"@id":"https:\/\/www.omis.net\/it-it\/#organization"},"potentialAction":[{"@type":"SearchAction","target":{"@type":"EntryPoint","urlTemplate":"https:\/\/www.omis.net\/it-it\/?s={search_term_string}"},"query-input":{"@type":"PropertyValueSpecification","valueRequired":true,"valueName":"search_term_string"}}],"inLanguage":"de-de"},{"@type":"Organization","@id":"https:\/\/www.omis.net\/it-it\/#organization","name":"Omis Spa","url":"https:\/\/www.omis.net\/it-it\/","logo":{"@type":"ImageObject","inLanguage":"de-de","@id":"https:\/\/www.omis.net\/it-it\/#\/schema\/logo\/image\/","url":"https:\/\/media.omis.net\/media\/2024\/08\/logo.jpg","contentUrl":"https:\/\/media.omis.net\/media\/2024\/08\/logo.jpg","width":300,"height":300,"caption":"Omis Spa"},"image":{"@id":"https:\/\/www.omis.net\/it-it\/#\/schema\/logo\/image\/"},"sameAs":["https:\/\/www.facebook.com\/omisgroup","https:\/\/www.linkedin.com\/company\/omis-group","https:\/\/www.youtube.com\/channel\/UCS4L59XDk3kKBI9MnjuxWDw","https:\/\/www.instagram.com\/omisgroup"]},{"@type":"Person","@id":"https:\/\/www.omis.net\/it-it\/#\/schema\/person\/4e7609173995c51481214aba5a931764","name":"Sebastian Amedeo","image":{"@type":"ImageObject","inLanguage":"de-de","@id":"https:\/\/www.omis.net\/it-it\/#\/schema\/person\/image\/","url":"https:\/\/secure.gravatar.com\/avatar\/078e8f6d100f85fee673f30b8d0d7fce?s=96&d=mm&r=g","contentUrl":"https:\/\/secure.gravatar.com\/avatar\/078e8f6d100f85fee673f30b8d0d7fce?s=96&d=mm&r=g","caption":"Sebastian Amedeo"}}]}},"_links":{"self":[{"href":"https:\/\/www.omis.net\/de-de\/wp-json\/wp\/v2\/posts\/19820"}],"collection":[{"href":"https:\/\/www.omis.net\/de-de\/wp-json\/wp\/v2\/posts"}],"about":[{"href":"https:\/\/www.omis.net\/de-de\/wp-json\/wp\/v2\/types\/post"}],"author":[{"embeddable":true,"href":"https:\/\/www.omis.net\/de-de\/wp-json\/wp\/v2\/users\/25"}],"replies":[{"embeddable":true,"href":"https:\/\/www.omis.net\/de-de\/wp-json\/wp\/v2\/comments?post=19820"}],"version-history":[{"count":1,"href":"https:\/\/www.omis.net\/de-de\/wp-json\/wp\/v2\/posts\/19820\/revisions"}],"predecessor-version":[{"id":19821,"href":"https:\/\/www.omis.net\/de-de\/wp-json\/wp\/v2\/posts\/19820\/revisions\/19821"}],"wp:featuredmedia":[{"embeddable":true,"href":"https:\/\/www.omis.net\/de-de\/wp-json\/wp\/v2\/media\/19775"}],"wp:attachment":[{"href":"https:\/\/www.omis.net\/de-de\/wp-json\/wp\/v2\/media?parent=19820"}],"wp:term":[{"taxonomy":"category","embeddable":true,"href":"https:\/\/www.omis.net\/de-de\/wp-json\/wp\/v2\/categories?post=19820"},{"taxonomy":"post_tag","embeddable":true,"href":"https:\/\/www.omis.net\/de-de\/wp-json\/wp\/v2\/tags?post=19820"},{"taxonomy":"tipologia-prodotto","embeddable":true,"href":"https:\/\/www.omis.net\/de-de\/wp-json\/wp\/v2\/tipologia-prodotto?post=19820"}],"curies":[{"name":"wp","href":"https:\/\/api.w.org\/{rel}","templated":true}]}}