{"id":19129,"date":"2025-09-05T16:48:07","date_gmt":"2025-09-05T14:48:07","guid":{"rendered":"https:\/\/www.omis.net\/?p=19129"},"modified":"2025-09-05T16:52:29","modified_gmt":"2025-09-05T14:52:29","slug":"seilzug-omis-zweitraeger-rechtwinklig","status":"publish","type":"post","link":"https:\/\/www.omis.net\/de-de\/seilzug-omis-zweitraeger-rechtwinklig\/","title":{"rendered":"Seilzug OMIS \u2013 Zweitr\u00e4ger Rechtwinklig"},"content":{"rendered":"\n<p>Alle unsere Seilz\u00fcge sind auch mit einer senkrecht zu den Tr\u00e4gern der Br\u00fcckenkranen angeordneten Trommel erh\u00e4ltlich, wodurch die seitliche Ann\u00e4herung des Hakens optimiert und jede Art von Einsatz und Anwendung erf\u00fcllt werden kann. Der Hebezug beh\u00e4lt seine kompakten Abmessungen bei und dreht alle seine Mechanismen um 90\u00b0, sodass auch der Wagen, in dem er untergebracht ist, kompakter wird und somit eine gr\u00f6\u00dfere Ann\u00e4herung an die seitlichen Enden der Br\u00fccke erm\u00f6glicht wird.<\/p>\n\n\n\n<p>#omisgroup #omisborntolift #omishoist #liftingsolutions #hoist #ropehoist #materialhandling #quality #innovation #performance #safety<\/p>\n","protected":false},"excerpt":{"rendered":"<p>Alle unsere Seilz\u00fcge sind auch mit einer senkrecht zu den Tr\u00e4gern der Br\u00fcckenkranen angeordneten Trommel erh\u00e4ltlich, wodurch die seitliche Ann\u00e4herung des Hakens optimiert und jede Art von Einsatz und Anwendung erf\u00fcllt werden kann. Der Hebezug beh\u00e4lt seine kompakten Abmessungen bei und dreht alle seine Mechanismen um 90\u00b0, sodass auch der Wagen, in dem er untergebracht [&hellip;]<\/p>\n","protected":false},"author":25,"featured_media":19098,"comment_status":"closed","ping_status":"closed","sticky":false,"template":"","format":"standard","meta":{"_acf_changed":false,"footnotes":""},"categories":[657],"tags":[1181,1182,1183],"tipologia-prodotto":[766],"class_list":["post-19129","post","type-post","status-publish","format-standard","has-post-thumbnail","hentry","category-produkte","tag-omisborntolift-de-de","tag-omiscranes-de-de","tag-omisgroup-de-de","tipologia-prodotto-seilzug"],"acf":{"import_csv_id":"","seo_title":"Seilzug OMIS \u2013 Zweitr\u00e4ger Rechtwinklig | News by OMIS","seo_description":""},"yoast_head":"<!-- This site is optimized with the Yoast SEO plugin v23.9 - https:\/\/yoast.com\/wordpress\/plugins\/seo\/ -->\n<title>Seilzug OMIS \u2013 Zweitr\u00e4ger Rechtwinklig | News by OMIS<\/title>\n<meta name=\"robots\" content=\"index, follow, max-snippet:-1, max-image-preview:large, max-video-preview:-1\" \/>\n<meta property=\"og:locale\" content=\"de_DE\" \/>\n<meta property=\"og:type\" content=\"article\" \/>\n<meta property=\"og:title\" content=\"Seilzug OMIS \u2013 Zweitr\u00e4ger Rechtwinklig | News by OMIS\" \/>\n<meta property=\"og:url\" content=\"https:\/\/www.omis.net\/de-de\/seilzug-omis-zweitraeger-rechtwinklig\/\" \/>\n<meta property=\"og:site_name\" content=\"Omis Spa\" \/>\n<meta property=\"article:publisher\" content=\"https:\/\/www.facebook.com\/omisgroup\" \/>\n<meta property=\"article:published_time\" content=\"2025-09-05T14:48:07+00:00\" \/>\n<meta property=\"article:modified_time\" content=\"2025-09-05T14:52:29+00:00\" \/>\n<meta property=\"og:image\" content=\"https:\/\/media.omis.net\/media\/2025\/09\/site-cover-wire-rope-hoist-orthogonal-omis-copia-scaled.webp\" \/>\n\t<meta property=\"og:image:width\" content=\"2560\" \/>\n\t<meta property=\"og:image:height\" content=\"939\" \/>\n\t<meta property=\"og:image:type\" content=\"image\/webp\" \/>\n<meta name=\"author\" content=\"Sebastian Amedeo\" \/>\n<meta name=\"twitter:card\" content=\"summary_large_image\" \/>\n<meta name=\"twitter:label1\" content=\"Written by\" \/>\n\t<meta name=\"twitter:data1\" content=\"Sebastian Amedeo\" \/>\n\t<meta name=\"twitter:label2\" content=\"Est. reading time\" \/>\n\t<meta name=\"twitter:data2\" content=\"1 minute\" \/>\n<script type=\"application\/ld+json\" class=\"yoast-schema-graph\">{\"@context\":\"https:\/\/schema.org\",\"@graph\":[{\"@type\":\"Article\",\"@id\":\"https:\/\/www.omis.net\/de-de\/seilzug-omis-zweitraeger-rechtwinklig\/#article\",\"isPartOf\":{\"@id\":\"https:\/\/www.omis.net\/de-de\/seilzug-omis-zweitraeger-rechtwinklig\/\"},\"author\":{\"name\":\"Sebastian Amedeo\",\"@id\":\"https:\/\/www.omis.net\/it-it\/#\/schema\/person\/4e7609173995c51481214aba5a931764\"},\"headline\":\"Seilzug OMIS \u2013 Zweitr\u00e4ger Rechtwinklig\",\"datePublished\":\"2025-09-05T14:48:07+00:00\",\"dateModified\":\"2025-09-05T14:52:29+00:00\",\"mainEntityOfPage\":{\"@id\":\"https:\/\/www.omis.net\/de-de\/seilzug-omis-zweitraeger-rechtwinklig\/\"},\"wordCount\":97,\"publisher\":{\"@id\":\"https:\/\/www.omis.net\/it-it\/#organization\"},\"image\":{\"@id\":\"https:\/\/www.omis.net\/de-de\/seilzug-omis-zweitraeger-rechtwinklig\/#primaryimage\"},\"thumbnailUrl\":\"https:\/\/media.omis.net\/media\/2025\/09\/site-cover-wire-rope-hoist-orthogonal-omis-copia-scaled.webp\",\"keywords\":[\"omisborntolift\",\"omiscranes\",\"omisgroup\"],\"articleSection\":[\"Produkte\"],\"inLanguage\":\"de-de\"},{\"@type\":\"WebPage\",\"@id\":\"https:\/\/www.omis.net\/de-de\/seilzug-omis-zweitraeger-rechtwinklig\/\",\"url\":\"https:\/\/www.omis.net\/de-de\/seilzug-omis-zweitraeger-rechtwinklig\/\",\"name\":\"Seilzug OMIS \u2013 Zweitr\u00e4ger Rechtwinklig | News by OMIS\",\"isPartOf\":{\"@id\":\"https:\/\/www.omis.net\/it-it\/#website\"},\"primaryImageOfPage\":{\"@id\":\"https:\/\/www.omis.net\/de-de\/seilzug-omis-zweitraeger-rechtwinklig\/#primaryimage\"},\"image\":{\"@id\":\"https:\/\/www.omis.net\/de-de\/seilzug-omis-zweitraeger-rechtwinklig\/#primaryimage\"},\"thumbnailUrl\":\"https:\/\/media.omis.net\/media\/2025\/09\/site-cover-wire-rope-hoist-orthogonal-omis-copia-scaled.webp\",\"datePublished\":\"2025-09-05T14:48:07+00:00\",\"dateModified\":\"2025-09-05T14:52:29+00:00\",\"breadcrumb\":{\"@id\":\"https:\/\/www.omis.net\/de-de\/seilzug-omis-zweitraeger-rechtwinklig\/#breadcrumb\"},\"inLanguage\":\"de-de\",\"potentialAction\":[{\"@type\":\"ReadAction\",\"target\":[\"https:\/\/www.omis.net\/de-de\/seilzug-omis-zweitraeger-rechtwinklig\/\"]}]},{\"@type\":\"ImageObject\",\"inLanguage\":\"de-de\",\"@id\":\"https:\/\/www.omis.net\/de-de\/seilzug-omis-zweitraeger-rechtwinklig\/#primaryimage\",\"url\":\"https:\/\/media.omis.net\/media\/2025\/09\/site-cover-wire-rope-hoist-orthogonal-omis-copia-scaled.webp\",\"contentUrl\":\"https:\/\/media.omis.net\/media\/2025\/09\/site-cover-wire-rope-hoist-orthogonal-omis-copia-scaled.webp\",\"width\":2560,\"height\":939},{\"@type\":\"BreadcrumbList\",\"@id\":\"https:\/\/www.omis.net\/de-de\/seilzug-omis-zweitraeger-rechtwinklig\/#breadcrumb\",\"itemListElement\":[{\"@type\":\"ListItem\",\"position\":1,\"name\":\"Home\",\"item\":\"https:\/\/www.omis.net\/de-de\/homepage\/\"},{\"@type\":\"ListItem\",\"position\":2,\"name\":\"Seilzug OMIS \u2013 Zweitr\u00e4ger Rechtwinklig\"}]},{\"@type\":\"WebSite\",\"@id\":\"https:\/\/www.omis.net\/it-it\/#website\",\"url\":\"https:\/\/www.omis.net\/it-it\/\",\"name\":\"Omis Spa\",\"description\":\"Movimentazione e sollevamento\",\"publisher\":{\"@id\":\"https:\/\/www.omis.net\/it-it\/#organization\"},\"potentialAction\":[{\"@type\":\"SearchAction\",\"target\":{\"@type\":\"EntryPoint\",\"urlTemplate\":\"https:\/\/www.omis.net\/it-it\/?s={search_term_string}\"},\"query-input\":{\"@type\":\"PropertyValueSpecification\",\"valueRequired\":true,\"valueName\":\"search_term_string\"}}],\"inLanguage\":\"de-de\"},{\"@type\":\"Organization\",\"@id\":\"https:\/\/www.omis.net\/it-it\/#organization\",\"name\":\"Omis Spa\",\"url\":\"https:\/\/www.omis.net\/it-it\/\",\"logo\":{\"@type\":\"ImageObject\",\"inLanguage\":\"de-de\",\"@id\":\"https:\/\/www.omis.net\/it-it\/#\/schema\/logo\/image\/\",\"url\":\"https:\/\/media.omis.net\/media\/2024\/08\/logo.jpg\",\"contentUrl\":\"https:\/\/media.omis.net\/media\/2024\/08\/logo.jpg\",\"width\":300,\"height\":300,\"caption\":\"Omis Spa\"},\"image\":{\"@id\":\"https:\/\/www.omis.net\/it-it\/#\/schema\/logo\/image\/\"},\"sameAs\":[\"https:\/\/www.facebook.com\/omisgroup\",\"https:\/\/www.linkedin.com\/company\/omis-group\",\"https:\/\/www.youtube.com\/channel\/UCS4L59XDk3kKBI9MnjuxWDw\",\"https:\/\/www.instagram.com\/omisgroup\"]},{\"@type\":\"Person\",\"@id\":\"https:\/\/www.omis.net\/it-it\/#\/schema\/person\/4e7609173995c51481214aba5a931764\",\"name\":\"Sebastian Amedeo\",\"image\":{\"@type\":\"ImageObject\",\"inLanguage\":\"de-de\",\"@id\":\"https:\/\/www.omis.net\/it-it\/#\/schema\/person\/image\/\",\"url\":\"https:\/\/secure.gravatar.com\/avatar\/078e8f6d100f85fee673f30b8d0d7fce?s=96&d=mm&r=g\",\"contentUrl\":\"https:\/\/secure.gravatar.com\/avatar\/078e8f6d100f85fee673f30b8d0d7fce?s=96&d=mm&r=g\",\"caption\":\"Sebastian Amedeo\"}}]}<\/script>\n<!-- \/ Yoast SEO plugin. -->","yoast_head_json":{"title":"Seilzug OMIS \u2013 Zweitr\u00e4ger Rechtwinklig | News by OMIS","robots":{"index":"index","follow":"follow","max-snippet":"max-snippet:-1","max-image-preview":"max-image-preview:large","max-video-preview":"max-video-preview:-1"},"og_locale":"de_DE","og_type":"article","og_title":"Seilzug OMIS \u2013 Zweitr\u00e4ger Rechtwinklig | News by OMIS","og_url":"https:\/\/www.omis.net\/de-de\/seilzug-omis-zweitraeger-rechtwinklig\/","og_site_name":"Omis Spa","article_publisher":"https:\/\/www.facebook.com\/omisgroup","article_published_time":"2025-09-05T14:48:07+00:00","article_modified_time":"2025-09-05T14:52:29+00:00","og_image":[{"width":2560,"height":939,"url":"https:\/\/media.omis.net\/media\/2025\/09\/site-cover-wire-rope-hoist-orthogonal-omis-copia-scaled.webp","type":"image\/webp"}],"author":"Sebastian Amedeo","twitter_card":"summary_large_image","twitter_misc":{"Written by":"Sebastian Amedeo","Est. reading time":"1 minute"},"schema":{"@context":"https:\/\/schema.org","@graph":[{"@type":"Article","@id":"https:\/\/www.omis.net\/de-de\/seilzug-omis-zweitraeger-rechtwinklig\/#article","isPartOf":{"@id":"https:\/\/www.omis.net\/de-de\/seilzug-omis-zweitraeger-rechtwinklig\/"},"author":{"name":"Sebastian Amedeo","@id":"https:\/\/www.omis.net\/it-it\/#\/schema\/person\/4e7609173995c51481214aba5a931764"},"headline":"Seilzug OMIS \u2013 Zweitr\u00e4ger Rechtwinklig","datePublished":"2025-09-05T14:48:07+00:00","dateModified":"2025-09-05T14:52:29+00:00","mainEntityOfPage":{"@id":"https:\/\/www.omis.net\/de-de\/seilzug-omis-zweitraeger-rechtwinklig\/"},"wordCount":97,"publisher":{"@id":"https:\/\/www.omis.net\/it-it\/#organization"},"image":{"@id":"https:\/\/www.omis.net\/de-de\/seilzug-omis-zweitraeger-rechtwinklig\/#primaryimage"},"thumbnailUrl":"https:\/\/media.omis.net\/media\/2025\/09\/site-cover-wire-rope-hoist-orthogonal-omis-copia-scaled.webp","keywords":["omisborntolift","omiscranes","omisgroup"],"articleSection":["Produkte"],"inLanguage":"de-de"},{"@type":"WebPage","@id":"https:\/\/www.omis.net\/de-de\/seilzug-omis-zweitraeger-rechtwinklig\/","url":"https:\/\/www.omis.net\/de-de\/seilzug-omis-zweitraeger-rechtwinklig\/","name":"Seilzug OMIS \u2013 Zweitr\u00e4ger Rechtwinklig | News by OMIS","isPartOf":{"@id":"https:\/\/www.omis.net\/it-it\/#website"},"primaryImageOfPage":{"@id":"https:\/\/www.omis.net\/de-de\/seilzug-omis-zweitraeger-rechtwinklig\/#primaryimage"},"image":{"@id":"https:\/\/www.omis.net\/de-de\/seilzug-omis-zweitraeger-rechtwinklig\/#primaryimage"},"thumbnailUrl":"https:\/\/media.omis.net\/media\/2025\/09\/site-cover-wire-rope-hoist-orthogonal-omis-copia-scaled.webp","datePublished":"2025-09-05T14:48:07+00:00","dateModified":"2025-09-05T14:52:29+00:00","breadcrumb":{"@id":"https:\/\/www.omis.net\/de-de\/seilzug-omis-zweitraeger-rechtwinklig\/#breadcrumb"},"inLanguage":"de-de","potentialAction":[{"@type":"ReadAction","target":["https:\/\/www.omis.net\/de-de\/seilzug-omis-zweitraeger-rechtwinklig\/"]}]},{"@type":"ImageObject","inLanguage":"de-de","@id":"https:\/\/www.omis.net\/de-de\/seilzug-omis-zweitraeger-rechtwinklig\/#primaryimage","url":"https:\/\/media.omis.net\/media\/2025\/09\/site-cover-wire-rope-hoist-orthogonal-omis-copia-scaled.webp","contentUrl":"https:\/\/media.omis.net\/media\/2025\/09\/site-cover-wire-rope-hoist-orthogonal-omis-copia-scaled.webp","width":2560,"height":939},{"@type":"BreadcrumbList","@id":"https:\/\/www.omis.net\/de-de\/seilzug-omis-zweitraeger-rechtwinklig\/#breadcrumb","itemListElement":[{"@type":"ListItem","position":1,"name":"Home","item":"https:\/\/www.omis.net\/de-de\/homepage\/"},{"@type":"ListItem","position":2,"name":"Seilzug OMIS \u2013 Zweitr\u00e4ger Rechtwinklig"}]},{"@type":"WebSite","@id":"https:\/\/www.omis.net\/it-it\/#website","url":"https:\/\/www.omis.net\/it-it\/","name":"Omis Spa","description":"Movimentazione e sollevamento","publisher":{"@id":"https:\/\/www.omis.net\/it-it\/#organization"},"potentialAction":[{"@type":"SearchAction","target":{"@type":"EntryPoint","urlTemplate":"https:\/\/www.omis.net\/it-it\/?s={search_term_string}"},"query-input":{"@type":"PropertyValueSpecification","valueRequired":true,"valueName":"search_term_string"}}],"inLanguage":"de-de"},{"@type":"Organization","@id":"https:\/\/www.omis.net\/it-it\/#organization","name":"Omis Spa","url":"https:\/\/www.omis.net\/it-it\/","logo":{"@type":"ImageObject","inLanguage":"de-de","@id":"https:\/\/www.omis.net\/it-it\/#\/schema\/logo\/image\/","url":"https:\/\/media.omis.net\/media\/2024\/08\/logo.jpg","contentUrl":"https:\/\/media.omis.net\/media\/2024\/08\/logo.jpg","width":300,"height":300,"caption":"Omis Spa"},"image":{"@id":"https:\/\/www.omis.net\/it-it\/#\/schema\/logo\/image\/"},"sameAs":["https:\/\/www.facebook.com\/omisgroup","https:\/\/www.linkedin.com\/company\/omis-group","https:\/\/www.youtube.com\/channel\/UCS4L59XDk3kKBI9MnjuxWDw","https:\/\/www.instagram.com\/omisgroup"]},{"@type":"Person","@id":"https:\/\/www.omis.net\/it-it\/#\/schema\/person\/4e7609173995c51481214aba5a931764","name":"Sebastian Amedeo","image":{"@type":"ImageObject","inLanguage":"de-de","@id":"https:\/\/www.omis.net\/it-it\/#\/schema\/person\/image\/","url":"https:\/\/secure.gravatar.com\/avatar\/078e8f6d100f85fee673f30b8d0d7fce?s=96&d=mm&r=g","contentUrl":"https:\/\/secure.gravatar.com\/avatar\/078e8f6d100f85fee673f30b8d0d7fce?s=96&d=mm&r=g","caption":"Sebastian Amedeo"}}]}},"_links":{"self":[{"href":"https:\/\/www.omis.net\/de-de\/wp-json\/wp\/v2\/posts\/19129"}],"collection":[{"href":"https:\/\/www.omis.net\/de-de\/wp-json\/wp\/v2\/posts"}],"about":[{"href":"https:\/\/www.omis.net\/de-de\/wp-json\/wp\/v2\/types\/post"}],"author":[{"embeddable":true,"href":"https:\/\/www.omis.net\/de-de\/wp-json\/wp\/v2\/users\/25"}],"replies":[{"embeddable":true,"href":"https:\/\/www.omis.net\/de-de\/wp-json\/wp\/v2\/comments?post=19129"}],"version-history":[{"count":1,"href":"https:\/\/www.omis.net\/de-de\/wp-json\/wp\/v2\/posts\/19129\/revisions"}],"predecessor-version":[{"id":19130,"href":"https:\/\/www.omis.net\/de-de\/wp-json\/wp\/v2\/posts\/19129\/revisions\/19130"}],"wp:featuredmedia":[{"embeddable":true,"href":"https:\/\/www.omis.net\/de-de\/wp-json\/wp\/v2\/media\/19098"}],"wp:attachment":[{"href":"https:\/\/www.omis.net\/de-de\/wp-json\/wp\/v2\/media?parent=19129"}],"wp:term":[{"taxonomy":"category","embeddable":true,"href":"https:\/\/www.omis.net\/de-de\/wp-json\/wp\/v2\/categories?post=19129"},{"taxonomy":"post_tag","embeddable":true,"href":"https:\/\/www.omis.net\/de-de\/wp-json\/wp\/v2\/tags?post=19129"},{"taxonomy":"tipologia-prodotto","embeddable":true,"href":"https:\/\/www.omis.net\/de-de\/wp-json\/wp\/v2\/tipologia-prodotto?post=19129"}],"curies":[{"name":"wp","href":"https:\/\/api.w.org\/{rel}","templated":true}]}}