{"id":18793,"date":"2025-07-09T11:30:45","date_gmt":"2025-07-09T09:30:45","guid":{"rendered":"https:\/\/www.omis.net\/?p=18793"},"modified":"2025-07-09T11:46:17","modified_gmt":"2025-07-09T09:46:17","slug":"seilzuge-von-omis-technologie-erfahrung-und-zuverlassigkeit-im-dienst-der-industriellen-hebetechnik","status":"publish","type":"post","link":"https:\/\/www.omis.net\/de-de\/seilzuge-von-omis-technologie-erfahrung-und-zuverlassigkeit-im-dienst-der-industriellen-hebetechnik\/","title":{"rendered":"Seilz\u00fcge von OMIS &#8211; Technologie, Erfahrung und Zuverl\u00e4ssigkeit im Dienst der industriellen Hebetechnik."},"content":{"rendered":"\n<p>Sorgfalt bis ins Detail und h\u00f6chste Qualit\u00e4t entstehen nur in einer gut organisierten Produktionsumgebung. Mit \u00fcber 50 Jahren Erfahrung entwickelt und fertigt OMIS Seilz\u00fcge, die auf Langlebigkeit, Leistungsst\u00e4rke und Effizienz bei selbst anspruchsvollsten Anwendungen ausgelegt sind.<\/p>\n\n\n\n<p>Jedes Produkt entsteht in einem hochmodernen Werk, in dem technologische Innovation und industrielles Know-how zusammenkommen, um sichere, robuste und ma\u00dfgeschneiderte Hebel\u00f6sungen zu bieten.<\/p>\n\n\n\n<p>Ein Produktionsablauf, der auf maximale Effizienz ausgerichtet ist: Von der internen Logistik bis zu den einzelnen Arbeitspl\u00e4tzen ist jeder Schritt optimiert \u2013 f\u00fcr einen reibungslosen, sicheren und schnellen Workflow. Leichtlaufkrananlagen bis 2000 kg unterst\u00fctzen die t\u00e4gliche Arbeit zuverl\u00e4ssig und pr\u00e4zise.<\/p>\n\n\n\n<p>OMIS. Wo Technologie die Zukunft hebt.<\/p>\n\n\n\n<p>#omisgroup #omisborntolift #omishoist #liftingsolutions #hoist #ropehoist #materialhandling #quality #innovation #performance #safety<\/p>\n","protected":false},"excerpt":{"rendered":"<p>Sorgfalt bis ins Detail und h\u00f6chste Qualit\u00e4t entstehen nur in einer gut organisierten Produktionsumgebung. Mit \u00fcber 50 Jahren Erfahrung entwickelt und fertigt OMIS Seilz\u00fcge, die auf Langlebigkeit, Leistungsst\u00e4rke und Effizienz bei selbst anspruchsvollsten Anwendungen ausgelegt sind. Jedes Produkt entsteht in einem hochmodernen Werk, in dem technologische Innovation und industrielles Know-how zusammenkommen, um sichere, robuste und [&hellip;]<\/p>\n","protected":false},"author":25,"featured_media":18733,"comment_status":"closed","ping_status":"closed","sticky":false,"template":"","format":"standard","meta":{"_acf_changed":false,"footnotes":""},"categories":[390,657],"tags":[1181,1182,1183],"tipologia-prodotto":[760,766],"class_list":["post-18793","post","type-post","status-publish","format-standard","has-post-thumbnail","hentry","category-prodotti","category-produkte","tag-omisborntolift-de-de","tag-omiscranes-de-de","tag-omisgroup-de-de","tipologia-prodotto-komponenten-fur-laufkrane","tipologia-prodotto-seilzug"],"acf":{"import_csv_id":"","seo_title":"Seilz\u00fcge von OMIS - Technologie, Erfahrung und Zuverl\u00e4ssigkeit im Dienst der industriellen Hebetechnik. | News by OMIS","seo_description":""},"yoast_head":"<!-- This site is optimized with the Yoast SEO plugin v23.9 - https:\/\/yoast.com\/wordpress\/plugins\/seo\/ -->\n<title>Seilz\u00fcge von OMIS - Technologie, Erfahrung und Zuverl\u00e4ssigkeit im Dienst der industriellen Hebetechnik. | News by OMIS<\/title>\n<meta name=\"robots\" content=\"index, follow, max-snippet:-1, max-image-preview:large, max-video-preview:-1\" \/>\n<meta property=\"og:locale\" content=\"de_DE\" \/>\n<meta property=\"og:type\" content=\"article\" \/>\n<meta property=\"og:title\" content=\"Seilz\u00fcge von OMIS - Technologie, Erfahrung und Zuverl\u00e4ssigkeit im Dienst der industriellen Hebetechnik. | News by OMIS\" \/>\n<meta property=\"og:url\" content=\"https:\/\/www.omis.net\/de-de\/seilzuge-von-omis-technologie-erfahrung-und-zuverlassigkeit-im-dienst-der-industriellen-hebetechnik\/\" \/>\n<meta property=\"og:site_name\" content=\"Omis Spa\" \/>\n<meta property=\"article:publisher\" content=\"https:\/\/www.facebook.com\/omisgroup\" \/>\n<meta property=\"article:published_time\" content=\"2025-07-09T09:30:45+00:00\" \/>\n<meta property=\"article:modified_time\" content=\"2025-07-09T09:46:17+00:00\" \/>\n<meta property=\"og:image\" content=\"https:\/\/media.omis.net\/media\/2025\/06\/cover-hoist-h-series-production-6-omis-copia-scaled.webp\" \/>\n\t<meta property=\"og:image:width\" content=\"2560\" \/>\n\t<meta property=\"og:image:height\" content=\"939\" \/>\n\t<meta property=\"og:image:type\" content=\"image\/webp\" \/>\n<meta name=\"author\" content=\"Sebastian Amedeo\" \/>\n<meta name=\"twitter:card\" content=\"summary_large_image\" \/>\n<meta name=\"twitter:label1\" content=\"Written by\" \/>\n\t<meta name=\"twitter:data1\" content=\"Sebastian Amedeo\" \/>\n\t<meta name=\"twitter:label2\" content=\"Est. reading time\" \/>\n\t<meta name=\"twitter:data2\" content=\"1 minute\" \/>\n<script type=\"application\/ld+json\" class=\"yoast-schema-graph\">{\"@context\":\"https:\/\/schema.org\",\"@graph\":[{\"@type\":\"Article\",\"@id\":\"https:\/\/www.omis.net\/de-de\/seilzuge-von-omis-technologie-erfahrung-und-zuverlassigkeit-im-dienst-der-industriellen-hebetechnik\/#article\",\"isPartOf\":{\"@id\":\"https:\/\/www.omis.net\/de-de\/seilzuge-von-omis-technologie-erfahrung-und-zuverlassigkeit-im-dienst-der-industriellen-hebetechnik\/\"},\"author\":{\"name\":\"Sebastian Amedeo\",\"@id\":\"https:\/\/www.omis.net\/it-it\/#\/schema\/person\/4e7609173995c51481214aba5a931764\"},\"headline\":\"Seilz\u00fcge von OMIS &#8211; Technologie, Erfahrung und Zuverl\u00e4ssigkeit im Dienst der industriellen Hebetechnik.\",\"datePublished\":\"2025-07-09T09:30:45+00:00\",\"dateModified\":\"2025-07-09T09:46:17+00:00\",\"mainEntityOfPage\":{\"@id\":\"https:\/\/www.omis.net\/de-de\/seilzuge-von-omis-technologie-erfahrung-und-zuverlassigkeit-im-dienst-der-industriellen-hebetechnik\/\"},\"wordCount\":140,\"publisher\":{\"@id\":\"https:\/\/www.omis.net\/it-it\/#organization\"},\"image\":{\"@id\":\"https:\/\/www.omis.net\/de-de\/seilzuge-von-omis-technologie-erfahrung-und-zuverlassigkeit-im-dienst-der-industriellen-hebetechnik\/#primaryimage\"},\"thumbnailUrl\":\"https:\/\/media.omis.net\/media\/2025\/06\/cover-hoist-h-series-production-6-omis-copia-scaled.webp\",\"keywords\":[\"omisborntolift\",\"omiscranes\",\"omisgroup\"],\"articleSection\":[\"Prodotti\",\"Produkte\"],\"inLanguage\":\"de-de\"},{\"@type\":\"WebPage\",\"@id\":\"https:\/\/www.omis.net\/de-de\/seilzuge-von-omis-technologie-erfahrung-und-zuverlassigkeit-im-dienst-der-industriellen-hebetechnik\/\",\"url\":\"https:\/\/www.omis.net\/de-de\/seilzuge-von-omis-technologie-erfahrung-und-zuverlassigkeit-im-dienst-der-industriellen-hebetechnik\/\",\"name\":\"Seilz\u00fcge von OMIS - Technologie, Erfahrung und Zuverl\u00e4ssigkeit im Dienst der industriellen Hebetechnik. | News by OMIS\",\"isPartOf\":{\"@id\":\"https:\/\/www.omis.net\/it-it\/#website\"},\"primaryImageOfPage\":{\"@id\":\"https:\/\/www.omis.net\/de-de\/seilzuge-von-omis-technologie-erfahrung-und-zuverlassigkeit-im-dienst-der-industriellen-hebetechnik\/#primaryimage\"},\"image\":{\"@id\":\"https:\/\/www.omis.net\/de-de\/seilzuge-von-omis-technologie-erfahrung-und-zuverlassigkeit-im-dienst-der-industriellen-hebetechnik\/#primaryimage\"},\"thumbnailUrl\":\"https:\/\/media.omis.net\/media\/2025\/06\/cover-hoist-h-series-production-6-omis-copia-scaled.webp\",\"datePublished\":\"2025-07-09T09:30:45+00:00\",\"dateModified\":\"2025-07-09T09:46:17+00:00\",\"breadcrumb\":{\"@id\":\"https:\/\/www.omis.net\/de-de\/seilzuge-von-omis-technologie-erfahrung-und-zuverlassigkeit-im-dienst-der-industriellen-hebetechnik\/#breadcrumb\"},\"inLanguage\":\"de-de\",\"potentialAction\":[{\"@type\":\"ReadAction\",\"target\":[\"https:\/\/www.omis.net\/de-de\/seilzuge-von-omis-technologie-erfahrung-und-zuverlassigkeit-im-dienst-der-industriellen-hebetechnik\/\"]}]},{\"@type\":\"ImageObject\",\"inLanguage\":\"de-de\",\"@id\":\"https:\/\/www.omis.net\/de-de\/seilzuge-von-omis-technologie-erfahrung-und-zuverlassigkeit-im-dienst-der-industriellen-hebetechnik\/#primaryimage\",\"url\":\"https:\/\/media.omis.net\/media\/2025\/06\/cover-hoist-h-series-production-6-omis-copia-scaled.webp\",\"contentUrl\":\"https:\/\/media.omis.net\/media\/2025\/06\/cover-hoist-h-series-production-6-omis-copia-scaled.webp\",\"width\":2560,\"height\":939},{\"@type\":\"BreadcrumbList\",\"@id\":\"https:\/\/www.omis.net\/de-de\/seilzuge-von-omis-technologie-erfahrung-und-zuverlassigkeit-im-dienst-der-industriellen-hebetechnik\/#breadcrumb\",\"itemListElement\":[{\"@type\":\"ListItem\",\"position\":1,\"name\":\"Home\",\"item\":\"https:\/\/www.omis.net\/de-de\/homepage\/\"},{\"@type\":\"ListItem\",\"position\":2,\"name\":\"Seilz\u00fcge von OMIS &#8211; Technologie, Erfahrung und Zuverl\u00e4ssigkeit im Dienst der industriellen Hebetechnik.\"}]},{\"@type\":\"WebSite\",\"@id\":\"https:\/\/www.omis.net\/it-it\/#website\",\"url\":\"https:\/\/www.omis.net\/it-it\/\",\"name\":\"Omis Spa\",\"description\":\"Movimentazione e sollevamento\",\"publisher\":{\"@id\":\"https:\/\/www.omis.net\/it-it\/#organization\"},\"potentialAction\":[{\"@type\":\"SearchAction\",\"target\":{\"@type\":\"EntryPoint\",\"urlTemplate\":\"https:\/\/www.omis.net\/it-it\/?s={search_term_string}\"},\"query-input\":{\"@type\":\"PropertyValueSpecification\",\"valueRequired\":true,\"valueName\":\"search_term_string\"}}],\"inLanguage\":\"de-de\"},{\"@type\":\"Organization\",\"@id\":\"https:\/\/www.omis.net\/it-it\/#organization\",\"name\":\"Omis Spa\",\"url\":\"https:\/\/www.omis.net\/it-it\/\",\"logo\":{\"@type\":\"ImageObject\",\"inLanguage\":\"de-de\",\"@id\":\"https:\/\/www.omis.net\/it-it\/#\/schema\/logo\/image\/\",\"url\":\"https:\/\/media.omis.net\/media\/2024\/08\/logo.jpg\",\"contentUrl\":\"https:\/\/media.omis.net\/media\/2024\/08\/logo.jpg\",\"width\":300,\"height\":300,\"caption\":\"Omis Spa\"},\"image\":{\"@id\":\"https:\/\/www.omis.net\/it-it\/#\/schema\/logo\/image\/\"},\"sameAs\":[\"https:\/\/www.facebook.com\/omisgroup\",\"https:\/\/www.linkedin.com\/company\/omis-group\",\"https:\/\/www.youtube.com\/channel\/UCS4L59XDk3kKBI9MnjuxWDw\",\"https:\/\/www.instagram.com\/omisgroup\"]},{\"@type\":\"Person\",\"@id\":\"https:\/\/www.omis.net\/it-it\/#\/schema\/person\/4e7609173995c51481214aba5a931764\",\"name\":\"Sebastian Amedeo\",\"image\":{\"@type\":\"ImageObject\",\"inLanguage\":\"de-de\",\"@id\":\"https:\/\/www.omis.net\/it-it\/#\/schema\/person\/image\/\",\"url\":\"https:\/\/secure.gravatar.com\/avatar\/078e8f6d100f85fee673f30b8d0d7fce?s=96&d=mm&r=g\",\"contentUrl\":\"https:\/\/secure.gravatar.com\/avatar\/078e8f6d100f85fee673f30b8d0d7fce?s=96&d=mm&r=g\",\"caption\":\"Sebastian Amedeo\"}}]}<\/script>\n<!-- \/ Yoast SEO plugin. -->","yoast_head_json":{"title":"Seilz\u00fcge von OMIS - Technologie, Erfahrung und Zuverl\u00e4ssigkeit im Dienst der industriellen Hebetechnik. | News by OMIS","robots":{"index":"index","follow":"follow","max-snippet":"max-snippet:-1","max-image-preview":"max-image-preview:large","max-video-preview":"max-video-preview:-1"},"og_locale":"de_DE","og_type":"article","og_title":"Seilz\u00fcge von OMIS - Technologie, Erfahrung und Zuverl\u00e4ssigkeit im Dienst der industriellen Hebetechnik. | News by OMIS","og_url":"https:\/\/www.omis.net\/de-de\/seilzuge-von-omis-technologie-erfahrung-und-zuverlassigkeit-im-dienst-der-industriellen-hebetechnik\/","og_site_name":"Omis Spa","article_publisher":"https:\/\/www.facebook.com\/omisgroup","article_published_time":"2025-07-09T09:30:45+00:00","article_modified_time":"2025-07-09T09:46:17+00:00","og_image":[{"width":2560,"height":939,"url":"https:\/\/media.omis.net\/media\/2025\/06\/cover-hoist-h-series-production-6-omis-copia-scaled.webp","type":"image\/webp"}],"author":"Sebastian Amedeo","twitter_card":"summary_large_image","twitter_misc":{"Written by":"Sebastian Amedeo","Est. reading time":"1 minute"},"schema":{"@context":"https:\/\/schema.org","@graph":[{"@type":"Article","@id":"https:\/\/www.omis.net\/de-de\/seilzuge-von-omis-technologie-erfahrung-und-zuverlassigkeit-im-dienst-der-industriellen-hebetechnik\/#article","isPartOf":{"@id":"https:\/\/www.omis.net\/de-de\/seilzuge-von-omis-technologie-erfahrung-und-zuverlassigkeit-im-dienst-der-industriellen-hebetechnik\/"},"author":{"name":"Sebastian Amedeo","@id":"https:\/\/www.omis.net\/it-it\/#\/schema\/person\/4e7609173995c51481214aba5a931764"},"headline":"Seilz\u00fcge von OMIS &#8211; Technologie, Erfahrung und Zuverl\u00e4ssigkeit im Dienst der industriellen Hebetechnik.","datePublished":"2025-07-09T09:30:45+00:00","dateModified":"2025-07-09T09:46:17+00:00","mainEntityOfPage":{"@id":"https:\/\/www.omis.net\/de-de\/seilzuge-von-omis-technologie-erfahrung-und-zuverlassigkeit-im-dienst-der-industriellen-hebetechnik\/"},"wordCount":140,"publisher":{"@id":"https:\/\/www.omis.net\/it-it\/#organization"},"image":{"@id":"https:\/\/www.omis.net\/de-de\/seilzuge-von-omis-technologie-erfahrung-und-zuverlassigkeit-im-dienst-der-industriellen-hebetechnik\/#primaryimage"},"thumbnailUrl":"https:\/\/media.omis.net\/media\/2025\/06\/cover-hoist-h-series-production-6-omis-copia-scaled.webp","keywords":["omisborntolift","omiscranes","omisgroup"],"articleSection":["Prodotti","Produkte"],"inLanguage":"de-de"},{"@type":"WebPage","@id":"https:\/\/www.omis.net\/de-de\/seilzuge-von-omis-technologie-erfahrung-und-zuverlassigkeit-im-dienst-der-industriellen-hebetechnik\/","url":"https:\/\/www.omis.net\/de-de\/seilzuge-von-omis-technologie-erfahrung-und-zuverlassigkeit-im-dienst-der-industriellen-hebetechnik\/","name":"Seilz\u00fcge von OMIS - Technologie, Erfahrung und Zuverl\u00e4ssigkeit im Dienst der industriellen Hebetechnik. | News by OMIS","isPartOf":{"@id":"https:\/\/www.omis.net\/it-it\/#website"},"primaryImageOfPage":{"@id":"https:\/\/www.omis.net\/de-de\/seilzuge-von-omis-technologie-erfahrung-und-zuverlassigkeit-im-dienst-der-industriellen-hebetechnik\/#primaryimage"},"image":{"@id":"https:\/\/www.omis.net\/de-de\/seilzuge-von-omis-technologie-erfahrung-und-zuverlassigkeit-im-dienst-der-industriellen-hebetechnik\/#primaryimage"},"thumbnailUrl":"https:\/\/media.omis.net\/media\/2025\/06\/cover-hoist-h-series-production-6-omis-copia-scaled.webp","datePublished":"2025-07-09T09:30:45+00:00","dateModified":"2025-07-09T09:46:17+00:00","breadcrumb":{"@id":"https:\/\/www.omis.net\/de-de\/seilzuge-von-omis-technologie-erfahrung-und-zuverlassigkeit-im-dienst-der-industriellen-hebetechnik\/#breadcrumb"},"inLanguage":"de-de","potentialAction":[{"@type":"ReadAction","target":["https:\/\/www.omis.net\/de-de\/seilzuge-von-omis-technologie-erfahrung-und-zuverlassigkeit-im-dienst-der-industriellen-hebetechnik\/"]}]},{"@type":"ImageObject","inLanguage":"de-de","@id":"https:\/\/www.omis.net\/de-de\/seilzuge-von-omis-technologie-erfahrung-und-zuverlassigkeit-im-dienst-der-industriellen-hebetechnik\/#primaryimage","url":"https:\/\/media.omis.net\/media\/2025\/06\/cover-hoist-h-series-production-6-omis-copia-scaled.webp","contentUrl":"https:\/\/media.omis.net\/media\/2025\/06\/cover-hoist-h-series-production-6-omis-copia-scaled.webp","width":2560,"height":939},{"@type":"BreadcrumbList","@id":"https:\/\/www.omis.net\/de-de\/seilzuge-von-omis-technologie-erfahrung-und-zuverlassigkeit-im-dienst-der-industriellen-hebetechnik\/#breadcrumb","itemListElement":[{"@type":"ListItem","position":1,"name":"Home","item":"https:\/\/www.omis.net\/de-de\/homepage\/"},{"@type":"ListItem","position":2,"name":"Seilz\u00fcge von OMIS &#8211; Technologie, Erfahrung und Zuverl\u00e4ssigkeit im Dienst der industriellen Hebetechnik."}]},{"@type":"WebSite","@id":"https:\/\/www.omis.net\/it-it\/#website","url":"https:\/\/www.omis.net\/it-it\/","name":"Omis Spa","description":"Movimentazione e sollevamento","publisher":{"@id":"https:\/\/www.omis.net\/it-it\/#organization"},"potentialAction":[{"@type":"SearchAction","target":{"@type":"EntryPoint","urlTemplate":"https:\/\/www.omis.net\/it-it\/?s={search_term_string}"},"query-input":{"@type":"PropertyValueSpecification","valueRequired":true,"valueName":"search_term_string"}}],"inLanguage":"de-de"},{"@type":"Organization","@id":"https:\/\/www.omis.net\/it-it\/#organization","name":"Omis Spa","url":"https:\/\/www.omis.net\/it-it\/","logo":{"@type":"ImageObject","inLanguage":"de-de","@id":"https:\/\/www.omis.net\/it-it\/#\/schema\/logo\/image\/","url":"https:\/\/media.omis.net\/media\/2024\/08\/logo.jpg","contentUrl":"https:\/\/media.omis.net\/media\/2024\/08\/logo.jpg","width":300,"height":300,"caption":"Omis Spa"},"image":{"@id":"https:\/\/www.omis.net\/it-it\/#\/schema\/logo\/image\/"},"sameAs":["https:\/\/www.facebook.com\/omisgroup","https:\/\/www.linkedin.com\/company\/omis-group","https:\/\/www.youtube.com\/channel\/UCS4L59XDk3kKBI9MnjuxWDw","https:\/\/www.instagram.com\/omisgroup"]},{"@type":"Person","@id":"https:\/\/www.omis.net\/it-it\/#\/schema\/person\/4e7609173995c51481214aba5a931764","name":"Sebastian Amedeo","image":{"@type":"ImageObject","inLanguage":"de-de","@id":"https:\/\/www.omis.net\/it-it\/#\/schema\/person\/image\/","url":"https:\/\/secure.gravatar.com\/avatar\/078e8f6d100f85fee673f30b8d0d7fce?s=96&d=mm&r=g","contentUrl":"https:\/\/secure.gravatar.com\/avatar\/078e8f6d100f85fee673f30b8d0d7fce?s=96&d=mm&r=g","caption":"Sebastian Amedeo"}}]}},"_links":{"self":[{"href":"https:\/\/www.omis.net\/de-de\/wp-json\/wp\/v2\/posts\/18793"}],"collection":[{"href":"https:\/\/www.omis.net\/de-de\/wp-json\/wp\/v2\/posts"}],"about":[{"href":"https:\/\/www.omis.net\/de-de\/wp-json\/wp\/v2\/types\/post"}],"author":[{"embeddable":true,"href":"https:\/\/www.omis.net\/de-de\/wp-json\/wp\/v2\/users\/25"}],"replies":[{"embeddable":true,"href":"https:\/\/www.omis.net\/de-de\/wp-json\/wp\/v2\/comments?post=18793"}],"version-history":[{"count":5,"href":"https:\/\/www.omis.net\/de-de\/wp-json\/wp\/v2\/posts\/18793\/revisions"}],"predecessor-version":[{"id":18867,"href":"https:\/\/www.omis.net\/de-de\/wp-json\/wp\/v2\/posts\/18793\/revisions\/18867"}],"wp:featuredmedia":[{"embeddable":true,"href":"https:\/\/www.omis.net\/de-de\/wp-json\/wp\/v2\/media\/18733"}],"wp:attachment":[{"href":"https:\/\/www.omis.net\/de-de\/wp-json\/wp\/v2\/media?parent=18793"}],"wp:term":[{"taxonomy":"category","embeddable":true,"href":"https:\/\/www.omis.net\/de-de\/wp-json\/wp\/v2\/categories?post=18793"},{"taxonomy":"post_tag","embeddable":true,"href":"https:\/\/www.omis.net\/de-de\/wp-json\/wp\/v2\/tags?post=18793"},{"taxonomy":"tipologia-prodotto","embeddable":true,"href":"https:\/\/www.omis.net\/de-de\/wp-json\/wp\/v2\/tipologia-prodotto?post=18793"}],"curies":[{"name":"wp","href":"https:\/\/api.w.org\/{rel}","templated":true}]}}