{"id":18695,"date":"2025-07-31T12:00:00","date_gmt":"2025-07-31T10:00:00","guid":{"rendered":"https:\/\/www.omis.net\/?p=18695"},"modified":"2025-06-30T10:27:10","modified_gmt":"2025-06-30T08:27:10","slug":"schwenkkraene-zuverlaessigkeit-und-autonomie-fuer-jeden-arbeitsplatz","status":"publish","type":"post","link":"https:\/\/www.omis.net\/de-de\/schwenkkraene-zuverlaessigkeit-und-autonomie-fuer-jeden-arbeitsplatz\/","title":{"rendered":"Schwenkkr\u00e4ne: Zuverl\u00e4ssigkeit und Autonomie f\u00fcr jeden Arbeitsplatz"},"content":{"rendered":"\n<p>Wenn es um die Handhabung von Lasten geht, ist der Schwenkkran eine der beliebtesten und wirksamsten L\u00f6sungen, um jeden Arbeitsplatz autonom, sicher und effizient zu gestalten. Er ist einfach zu installieren und eignet sich f\u00fcr jede Umgebung, vom Handwerksbetrieb bis zur Gro\u00dfindustrie, und zeichnet sich durch seine F\u00e4higkeit aus, sich an jede betriebliche Anforderung anzupassen und Lasten von bis zu 10.000 kg zu handhaben. Der Auslegerkran ist die ideale L\u00f6sung f\u00fcr alle, die auf ein zuverl\u00e4ssiges und leistungsstarkes System angewiesen sind, das jede Phase des t\u00e4glichen Umschlags optimiert.<\/p>\n\n\n\n<p>#omisgroup #omisborntolift #omiscranes #liftingsolutions #jibcranes #materialhandling #Workstationliftingsystems #lightsystems<\/p>\n","protected":false},"excerpt":{"rendered":"<p>Wenn es um die Handhabung von Lasten geht, ist der Schwenkkran eine der beliebtesten und wirksamsten L\u00f6sungen, um jeden Arbeitsplatz autonom, sicher und effizient zu gestalten. Er ist einfach zu installieren und eignet sich f\u00fcr jede Umgebung, vom Handwerksbetrieb bis zur Gro\u00dfindustrie, und zeichnet sich durch seine F\u00e4higkeit aus, sich an jede betriebliche Anforderung anzupassen [&hellip;]<\/p>\n","protected":false},"author":25,"featured_media":18650,"comment_status":"closed","ping_status":"closed","sticky":false,"template":"","format":"standard","meta":{"_acf_changed":false,"footnotes":""},"categories":[657],"tags":[1181,1182,1183],"tipologia-prodotto":[706,712],"class_list":["post-18695","post","type-post","status-publish","format-standard","has-post-thumbnail","hentry","category-produkte","tag-omisborntolift-de-de","tag-omiscranes-de-de","tag-omisgroup-de-de","tipologia-prodotto-arbeitsplatzkraene","tipologia-prodotto-schwenkkrane"],"acf":{"import_csv_id":"","seo_title":"Schwenkkr\u00e4ne: Zuverl\u00e4ssigkeit und Autonomie f\u00fcr jeden Arbeitsplatz | News by OMIS","seo_description":""},"yoast_head":"<!-- This site is optimized with the Yoast SEO plugin v23.9 - https:\/\/yoast.com\/wordpress\/plugins\/seo\/ -->\n<title>Schwenkkr\u00e4ne: Zuverl\u00e4ssigkeit und Autonomie f\u00fcr jeden Arbeitsplatz | News by OMIS<\/title>\n<meta name=\"robots\" content=\"index, follow, max-snippet:-1, max-image-preview:large, max-video-preview:-1\" \/>\n<meta property=\"og:locale\" content=\"de_DE\" \/>\n<meta property=\"og:type\" content=\"article\" \/>\n<meta property=\"og:title\" content=\"Schwenkkr\u00e4ne: Zuverl\u00e4ssigkeit und Autonomie f\u00fcr jeden Arbeitsplatz | News by OMIS\" \/>\n<meta property=\"og:url\" content=\"https:\/\/www.omis.net\/it-it\/gru-a-bandiera-affidabilita-e-autonomia-per-ogni-postazione-di-lavoro\/\" \/>\n<meta property=\"og:site_name\" content=\"Omis Spa\" \/>\n<meta property=\"article:publisher\" content=\"https:\/\/www.facebook.com\/omisgroup\" \/>\n<meta property=\"article:published_time\" content=\"2025-07-31T10:00:00+00:00\" \/>\n<meta property=\"article:modified_time\" content=\"2025-06-30T08:27:10+00:00\" \/>\n<meta property=\"og:image\" content=\"https:\/\/media.omis.net\/media\/2025\/06\/site-cover-jib-cranes-omis-scaled.webp\" \/>\n\t<meta property=\"og:image:width\" content=\"2560\" \/>\n\t<meta property=\"og:image:height\" content=\"939\" \/>\n\t<meta property=\"og:image:type\" content=\"image\/webp\" \/>\n<meta name=\"author\" content=\"Sebastian Amedeo\" \/>\n<meta name=\"twitter:card\" content=\"summary_large_image\" \/>\n<meta name=\"twitter:label1\" content=\"Written by\" \/>\n\t<meta name=\"twitter:data1\" content=\"Sebastian Amedeo\" \/>\n\t<meta name=\"twitter:label2\" content=\"Est. reading time\" \/>\n\t<meta name=\"twitter:data2\" content=\"1 minute\" \/>\n<script type=\"application\/ld+json\" class=\"yoast-schema-graph\">{\"@context\":\"https:\/\/schema.org\",\"@graph\":[{\"@type\":\"Article\",\"@id\":\"https:\/\/www.omis.net\/it-it\/gru-a-bandiera-affidabilita-e-autonomia-per-ogni-postazione-di-lavoro\/#article\",\"isPartOf\":{\"@id\":\"https:\/\/www.omis.net\/it-it\/gru-a-bandiera-affidabilita-e-autonomia-per-ogni-postazione-di-lavoro\/\"},\"author\":{\"name\":\"Sebastian Amedeo\",\"@id\":\"https:\/\/www.omis.net\/it-it\/#\/schema\/person\/4e7609173995c51481214aba5a931764\"},\"headline\":\"Schwenkkr\u00e4ne: Zuverl\u00e4ssigkeit und Autonomie f\u00fcr jeden Arbeitsplatz\",\"datePublished\":\"2025-07-31T10:00:00+00:00\",\"dateModified\":\"2025-06-30T08:27:10+00:00\",\"mainEntityOfPage\":{\"@id\":\"https:\/\/www.omis.net\/it-it\/gru-a-bandiera-affidabilita-e-autonomia-per-ogni-postazione-di-lavoro\/\"},\"wordCount\":113,\"publisher\":{\"@id\":\"https:\/\/www.omis.net\/it-it\/#organization\"},\"image\":{\"@id\":\"https:\/\/www.omis.net\/it-it\/gru-a-bandiera-affidabilita-e-autonomia-per-ogni-postazione-di-lavoro\/#primaryimage\"},\"thumbnailUrl\":\"https:\/\/media.omis.net\/media\/2025\/06\/site-cover-jib-cranes-omis-scaled.webp\",\"keywords\":[\"omisborntolift\",\"omiscranes\",\"omisgroup\"],\"articleSection\":[\"Produkte\"],\"inLanguage\":\"de-de\"},{\"@type\":\"WebPage\",\"@id\":\"https:\/\/www.omis.net\/it-it\/gru-a-bandiera-affidabilita-e-autonomia-per-ogni-postazione-di-lavoro\/\",\"url\":\"https:\/\/www.omis.net\/it-it\/gru-a-bandiera-affidabilita-e-autonomia-per-ogni-postazione-di-lavoro\/\",\"name\":\"Schwenkkr\u00e4ne: Zuverl\u00e4ssigkeit und Autonomie f\u00fcr jeden Arbeitsplatz | News by OMIS\",\"isPartOf\":{\"@id\":\"https:\/\/www.omis.net\/it-it\/#website\"},\"primaryImageOfPage\":{\"@id\":\"https:\/\/www.omis.net\/it-it\/gru-a-bandiera-affidabilita-e-autonomia-per-ogni-postazione-di-lavoro\/#primaryimage\"},\"image\":{\"@id\":\"https:\/\/www.omis.net\/it-it\/gru-a-bandiera-affidabilita-e-autonomia-per-ogni-postazione-di-lavoro\/#primaryimage\"},\"thumbnailUrl\":\"https:\/\/media.omis.net\/media\/2025\/06\/site-cover-jib-cranes-omis-scaled.webp\",\"datePublished\":\"2025-07-31T10:00:00+00:00\",\"dateModified\":\"2025-06-30T08:27:10+00:00\",\"breadcrumb\":{\"@id\":\"https:\/\/www.omis.net\/it-it\/gru-a-bandiera-affidabilita-e-autonomia-per-ogni-postazione-di-lavoro\/#breadcrumb\"},\"inLanguage\":\"de-de\",\"potentialAction\":[{\"@type\":\"ReadAction\",\"target\":[\"https:\/\/www.omis.net\/it-it\/gru-a-bandiera-affidabilita-e-autonomia-per-ogni-postazione-di-lavoro\/\"]}]},{\"@type\":\"ImageObject\",\"inLanguage\":\"de-de\",\"@id\":\"https:\/\/www.omis.net\/it-it\/gru-a-bandiera-affidabilita-e-autonomia-per-ogni-postazione-di-lavoro\/#primaryimage\",\"url\":\"https:\/\/media.omis.net\/media\/2025\/06\/site-cover-jib-cranes-omis-scaled.webp\",\"contentUrl\":\"https:\/\/media.omis.net\/media\/2025\/06\/site-cover-jib-cranes-omis-scaled.webp\",\"width\":2560,\"height\":939},{\"@type\":\"BreadcrumbList\",\"@id\":\"https:\/\/www.omis.net\/it-it\/gru-a-bandiera-affidabilita-e-autonomia-per-ogni-postazione-di-lavoro\/#breadcrumb\",\"itemListElement\":[{\"@type\":\"ListItem\",\"position\":1,\"name\":\"Home\",\"item\":\"https:\/\/www.omis.net\/de-de\/homepage\/\"},{\"@type\":\"ListItem\",\"position\":2,\"name\":\"Schwenkkr\u00e4ne: Zuverl\u00e4ssigkeit und Autonomie f\u00fcr jeden Arbeitsplatz\"}]},{\"@type\":\"WebSite\",\"@id\":\"https:\/\/www.omis.net\/it-it\/#website\",\"url\":\"https:\/\/www.omis.net\/it-it\/\",\"name\":\"Omis Spa\",\"description\":\"Movimentazione e sollevamento\",\"publisher\":{\"@id\":\"https:\/\/www.omis.net\/it-it\/#organization\"},\"potentialAction\":[{\"@type\":\"SearchAction\",\"target\":{\"@type\":\"EntryPoint\",\"urlTemplate\":\"https:\/\/www.omis.net\/it-it\/?s={search_term_string}\"},\"query-input\":{\"@type\":\"PropertyValueSpecification\",\"valueRequired\":true,\"valueName\":\"search_term_string\"}}],\"inLanguage\":\"de-de\"},{\"@type\":\"Organization\",\"@id\":\"https:\/\/www.omis.net\/it-it\/#organization\",\"name\":\"Omis Spa\",\"url\":\"https:\/\/www.omis.net\/it-it\/\",\"logo\":{\"@type\":\"ImageObject\",\"inLanguage\":\"de-de\",\"@id\":\"https:\/\/www.omis.net\/it-it\/#\/schema\/logo\/image\/\",\"url\":\"https:\/\/media.omis.net\/media\/2024\/08\/logo.jpg\",\"contentUrl\":\"https:\/\/media.omis.net\/media\/2024\/08\/logo.jpg\",\"width\":300,\"height\":300,\"caption\":\"Omis Spa\"},\"image\":{\"@id\":\"https:\/\/www.omis.net\/it-it\/#\/schema\/logo\/image\/\"},\"sameAs\":[\"https:\/\/www.facebook.com\/omisgroup\",\"https:\/\/www.linkedin.com\/company\/omis-group\",\"https:\/\/www.youtube.com\/channel\/UCS4L59XDk3kKBI9MnjuxWDw\",\"https:\/\/www.instagram.com\/omisgroup\"]},{\"@type\":\"Person\",\"@id\":\"https:\/\/www.omis.net\/it-it\/#\/schema\/person\/4e7609173995c51481214aba5a931764\",\"name\":\"Sebastian Amedeo\",\"image\":{\"@type\":\"ImageObject\",\"inLanguage\":\"de-de\",\"@id\":\"https:\/\/www.omis.net\/it-it\/#\/schema\/person\/image\/\",\"url\":\"https:\/\/secure.gravatar.com\/avatar\/078e8f6d100f85fee673f30b8d0d7fce?s=96&d=mm&r=g\",\"contentUrl\":\"https:\/\/secure.gravatar.com\/avatar\/078e8f6d100f85fee673f30b8d0d7fce?s=96&d=mm&r=g\",\"caption\":\"Sebastian Amedeo\"}}]}<\/script>\n<!-- \/ Yoast SEO plugin. -->","yoast_head_json":{"title":"Schwenkkr\u00e4ne: Zuverl\u00e4ssigkeit und Autonomie f\u00fcr jeden Arbeitsplatz | News by OMIS","robots":{"index":"index","follow":"follow","max-snippet":"max-snippet:-1","max-image-preview":"max-image-preview:large","max-video-preview":"max-video-preview:-1"},"og_locale":"de_DE","og_type":"article","og_title":"Schwenkkr\u00e4ne: Zuverl\u00e4ssigkeit und Autonomie f\u00fcr jeden Arbeitsplatz | News by OMIS","og_url":"https:\/\/www.omis.net\/it-it\/gru-a-bandiera-affidabilita-e-autonomia-per-ogni-postazione-di-lavoro\/","og_site_name":"Omis Spa","article_publisher":"https:\/\/www.facebook.com\/omisgroup","article_published_time":"2025-07-31T10:00:00+00:00","article_modified_time":"2025-06-30T08:27:10+00:00","og_image":[{"width":2560,"height":939,"url":"https:\/\/media.omis.net\/media\/2025\/06\/site-cover-jib-cranes-omis-scaled.webp","type":"image\/webp"}],"author":"Sebastian Amedeo","twitter_card":"summary_large_image","twitter_misc":{"Written by":"Sebastian Amedeo","Est. reading time":"1 minute"},"schema":{"@context":"https:\/\/schema.org","@graph":[{"@type":"Article","@id":"https:\/\/www.omis.net\/it-it\/gru-a-bandiera-affidabilita-e-autonomia-per-ogni-postazione-di-lavoro\/#article","isPartOf":{"@id":"https:\/\/www.omis.net\/it-it\/gru-a-bandiera-affidabilita-e-autonomia-per-ogni-postazione-di-lavoro\/"},"author":{"name":"Sebastian Amedeo","@id":"https:\/\/www.omis.net\/it-it\/#\/schema\/person\/4e7609173995c51481214aba5a931764"},"headline":"Schwenkkr\u00e4ne: Zuverl\u00e4ssigkeit und Autonomie f\u00fcr jeden Arbeitsplatz","datePublished":"2025-07-31T10:00:00+00:00","dateModified":"2025-06-30T08:27:10+00:00","mainEntityOfPage":{"@id":"https:\/\/www.omis.net\/it-it\/gru-a-bandiera-affidabilita-e-autonomia-per-ogni-postazione-di-lavoro\/"},"wordCount":113,"publisher":{"@id":"https:\/\/www.omis.net\/it-it\/#organization"},"image":{"@id":"https:\/\/www.omis.net\/it-it\/gru-a-bandiera-affidabilita-e-autonomia-per-ogni-postazione-di-lavoro\/#primaryimage"},"thumbnailUrl":"https:\/\/media.omis.net\/media\/2025\/06\/site-cover-jib-cranes-omis-scaled.webp","keywords":["omisborntolift","omiscranes","omisgroup"],"articleSection":["Produkte"],"inLanguage":"de-de"},{"@type":"WebPage","@id":"https:\/\/www.omis.net\/it-it\/gru-a-bandiera-affidabilita-e-autonomia-per-ogni-postazione-di-lavoro\/","url":"https:\/\/www.omis.net\/it-it\/gru-a-bandiera-affidabilita-e-autonomia-per-ogni-postazione-di-lavoro\/","name":"Schwenkkr\u00e4ne: Zuverl\u00e4ssigkeit und Autonomie f\u00fcr jeden Arbeitsplatz | News by OMIS","isPartOf":{"@id":"https:\/\/www.omis.net\/it-it\/#website"},"primaryImageOfPage":{"@id":"https:\/\/www.omis.net\/it-it\/gru-a-bandiera-affidabilita-e-autonomia-per-ogni-postazione-di-lavoro\/#primaryimage"},"image":{"@id":"https:\/\/www.omis.net\/it-it\/gru-a-bandiera-affidabilita-e-autonomia-per-ogni-postazione-di-lavoro\/#primaryimage"},"thumbnailUrl":"https:\/\/media.omis.net\/media\/2025\/06\/site-cover-jib-cranes-omis-scaled.webp","datePublished":"2025-07-31T10:00:00+00:00","dateModified":"2025-06-30T08:27:10+00:00","breadcrumb":{"@id":"https:\/\/www.omis.net\/it-it\/gru-a-bandiera-affidabilita-e-autonomia-per-ogni-postazione-di-lavoro\/#breadcrumb"},"inLanguage":"de-de","potentialAction":[{"@type":"ReadAction","target":["https:\/\/www.omis.net\/it-it\/gru-a-bandiera-affidabilita-e-autonomia-per-ogni-postazione-di-lavoro\/"]}]},{"@type":"ImageObject","inLanguage":"de-de","@id":"https:\/\/www.omis.net\/it-it\/gru-a-bandiera-affidabilita-e-autonomia-per-ogni-postazione-di-lavoro\/#primaryimage","url":"https:\/\/media.omis.net\/media\/2025\/06\/site-cover-jib-cranes-omis-scaled.webp","contentUrl":"https:\/\/media.omis.net\/media\/2025\/06\/site-cover-jib-cranes-omis-scaled.webp","width":2560,"height":939},{"@type":"BreadcrumbList","@id":"https:\/\/www.omis.net\/it-it\/gru-a-bandiera-affidabilita-e-autonomia-per-ogni-postazione-di-lavoro\/#breadcrumb","itemListElement":[{"@type":"ListItem","position":1,"name":"Home","item":"https:\/\/www.omis.net\/de-de\/homepage\/"},{"@type":"ListItem","position":2,"name":"Schwenkkr\u00e4ne: Zuverl\u00e4ssigkeit und Autonomie f\u00fcr jeden Arbeitsplatz"}]},{"@type":"WebSite","@id":"https:\/\/www.omis.net\/it-it\/#website","url":"https:\/\/www.omis.net\/it-it\/","name":"Omis Spa","description":"Movimentazione e sollevamento","publisher":{"@id":"https:\/\/www.omis.net\/it-it\/#organization"},"potentialAction":[{"@type":"SearchAction","target":{"@type":"EntryPoint","urlTemplate":"https:\/\/www.omis.net\/it-it\/?s={search_term_string}"},"query-input":{"@type":"PropertyValueSpecification","valueRequired":true,"valueName":"search_term_string"}}],"inLanguage":"de-de"},{"@type":"Organization","@id":"https:\/\/www.omis.net\/it-it\/#organization","name":"Omis Spa","url":"https:\/\/www.omis.net\/it-it\/","logo":{"@type":"ImageObject","inLanguage":"de-de","@id":"https:\/\/www.omis.net\/it-it\/#\/schema\/logo\/image\/","url":"https:\/\/media.omis.net\/media\/2024\/08\/logo.jpg","contentUrl":"https:\/\/media.omis.net\/media\/2024\/08\/logo.jpg","width":300,"height":300,"caption":"Omis Spa"},"image":{"@id":"https:\/\/www.omis.net\/it-it\/#\/schema\/logo\/image\/"},"sameAs":["https:\/\/www.facebook.com\/omisgroup","https:\/\/www.linkedin.com\/company\/omis-group","https:\/\/www.youtube.com\/channel\/UCS4L59XDk3kKBI9MnjuxWDw","https:\/\/www.instagram.com\/omisgroup"]},{"@type":"Person","@id":"https:\/\/www.omis.net\/it-it\/#\/schema\/person\/4e7609173995c51481214aba5a931764","name":"Sebastian Amedeo","image":{"@type":"ImageObject","inLanguage":"de-de","@id":"https:\/\/www.omis.net\/it-it\/#\/schema\/person\/image\/","url":"https:\/\/secure.gravatar.com\/avatar\/078e8f6d100f85fee673f30b8d0d7fce?s=96&d=mm&r=g","contentUrl":"https:\/\/secure.gravatar.com\/avatar\/078e8f6d100f85fee673f30b8d0d7fce?s=96&d=mm&r=g","caption":"Sebastian Amedeo"}}]}},"_links":{"self":[{"href":"https:\/\/www.omis.net\/de-de\/wp-json\/wp\/v2\/posts\/18695"}],"collection":[{"href":"https:\/\/www.omis.net\/de-de\/wp-json\/wp\/v2\/posts"}],"about":[{"href":"https:\/\/www.omis.net\/de-de\/wp-json\/wp\/v2\/types\/post"}],"author":[{"embeddable":true,"href":"https:\/\/www.omis.net\/de-de\/wp-json\/wp\/v2\/users\/25"}],"replies":[{"embeddable":true,"href":"https:\/\/www.omis.net\/de-de\/wp-json\/wp\/v2\/comments?post=18695"}],"version-history":[{"count":1,"href":"https:\/\/www.omis.net\/de-de\/wp-json\/wp\/v2\/posts\/18695\/revisions"}],"predecessor-version":[{"id":18696,"href":"https:\/\/www.omis.net\/de-de\/wp-json\/wp\/v2\/posts\/18695\/revisions\/18696"}],"wp:featuredmedia":[{"embeddable":true,"href":"https:\/\/www.omis.net\/de-de\/wp-json\/wp\/v2\/media\/18650"}],"wp:attachment":[{"href":"https:\/\/www.omis.net\/de-de\/wp-json\/wp\/v2\/media?parent=18695"}],"wp:term":[{"taxonomy":"category","embeddable":true,"href":"https:\/\/www.omis.net\/de-de\/wp-json\/wp\/v2\/categories?post=18695"},{"taxonomy":"post_tag","embeddable":true,"href":"https:\/\/www.omis.net\/de-de\/wp-json\/wp\/v2\/tags?post=18695"},{"taxonomy":"tipologia-prodotto","embeddable":true,"href":"https:\/\/www.omis.net\/de-de\/wp-json\/wp\/v2\/tipologia-prodotto?post=18695"}],"curies":[{"name":"wp","href":"https:\/\/api.w.org\/{rel}","templated":true}]}}