{"id":18508,"date":"2025-10-23T13:00:00","date_gmt":"2025-10-23T11:00:00","guid":{"rendered":"https:\/\/www.omis.net\/?p=18508"},"modified":"2025-07-09T08:09:13","modified_gmt":"2025-07-09T06:09:13","slug":"stipendien-engagement-wertschaetzen-und-wachstum-foerdern","status":"publish","type":"post","link":"https:\/\/www.omis.net\/de-de\/stipendien-engagement-wertschaetzen-und-wachstum-foerdern\/","title":{"rendered":"Stipendien: Engagement wertsch\u00e4tzen und Wachstum f\u00f6rdern"},"content":{"rendered":"\n<p>Engagement bedeutet vieles: eine mit Ausdauer gepflegte Leidenschaft, ein gutes Zeugnis, ein Sport- oder Freiwilligenprojekt, eine Geste der F\u00fcrsorge f\u00fcr andere. Erwachsen zu werden bedeutet nicht nur zu lernen, sondern sich jeden Tag aufs Neue zu engagieren. Mit dem Stipendienprogramm f\u00fcr die Kinder unserer Mitarbeiter sch\u00e4tzen wir das Engagement in all seinen Auspr\u00e4gungen: von schulischen Leistungen bis hin zu Wegen, die Verantwortung und pers\u00f6nliches Wachstum widerspiegeln. Wir belohnen diejenigen, die mit Entschlossenheit, Sorgfalt und Leidenschaft die Zukunft gestalten.<\/p>\n\n\n\n<p>#omisgroup #omisborntolift #omiscranes #liftingsolutions #WeAreOmis #WeLightenLifeToGrowTogether #Scholarships<\/p>\n","protected":false},"excerpt":{"rendered":"<p>Engagement bedeutet vieles: eine mit Ausdauer gepflegte Leidenschaft, ein gutes Zeugnis, ein Sport- oder Freiwilligenprojekt, eine Geste der F\u00fcrsorge f\u00fcr andere. Erwachsen zu werden bedeutet nicht nur zu lernen, sondern sich jeden Tag aufs Neue zu engagieren. Mit dem Stipendienprogramm f\u00fcr die Kinder unserer Mitarbeiter sch\u00e4tzen wir das Engagement in all seinen Auspr\u00e4gungen: von schulischen [&hellip;]<\/p>\n","protected":false},"author":25,"featured_media":18498,"comment_status":"closed","ping_status":"closed","sticky":false,"template":"","format":"standard","meta":{"_acf_changed":false,"footnotes":""},"categories":[1221,655],"tags":[1181,1182,1183],"tipologia-prodotto":[],"class_list":["post-18508","post","type-post","status-publish","format-standard","has-post-thumbnail","hentry","category-corporate-6","category-weareomis-de","tag-omisborntolift-de-de","tag-omiscranes-de-de","tag-omisgroup-de-de"],"acf":{"import_csv_id":"","seo_title":"Stipendien: Engagement wertsch\u00e4tzen und Wachstum f\u00f6rdern | News by OMIS","seo_description":""},"yoast_head":"<!-- This site is optimized with the Yoast SEO plugin v23.9 - https:\/\/yoast.com\/wordpress\/plugins\/seo\/ -->\n<title>Stipendien: Engagement wertsch\u00e4tzen und Wachstum f\u00f6rdern | News by OMIS<\/title>\n<meta name=\"robots\" content=\"index, follow, max-snippet:-1, max-image-preview:large, max-video-preview:-1\" \/>\n<meta property=\"og:locale\" content=\"de_DE\" \/>\n<meta property=\"og:type\" content=\"article\" \/>\n<meta property=\"og:title\" content=\"Stipendien: Engagement wertsch\u00e4tzen und Wachstum f\u00f6rdern | News by OMIS\" \/>\n<meta property=\"og:url\" content=\"https:\/\/www.omis.net\/it-it\/borse-di-studio-valorizzare-limpegno-e-sostenere-la-crescita\/\" \/>\n<meta property=\"og:site_name\" content=\"Omis Spa\" \/>\n<meta property=\"article:publisher\" content=\"https:\/\/www.facebook.com\/omisgroup\" \/>\n<meta property=\"article:published_time\" content=\"2025-10-23T11:00:00+00:00\" \/>\n<meta property=\"article:modified_time\" content=\"2025-07-09T06:09:13+00:00\" \/>\n<meta property=\"og:image\" content=\"https:\/\/media.omis.net\/media\/2025\/06\/scholarships-for-the-children-of-employees-omis-scaled.webp\" \/>\n\t<meta property=\"og:image:width\" content=\"2560\" \/>\n\t<meta property=\"og:image:height\" content=\"939\" \/>\n\t<meta property=\"og:image:type\" content=\"image\/webp\" \/>\n<meta name=\"author\" content=\"Sebastian Amedeo\" \/>\n<meta name=\"twitter:card\" content=\"summary_large_image\" \/>\n<meta name=\"twitter:label1\" content=\"Written by\" \/>\n\t<meta name=\"twitter:data1\" content=\"Sebastian Amedeo\" \/>\n\t<meta name=\"twitter:label2\" content=\"Est. reading time\" \/>\n\t<meta name=\"twitter:data2\" content=\"1 minute\" \/>\n<script type=\"application\/ld+json\" class=\"yoast-schema-graph\">{\"@context\":\"https:\/\/schema.org\",\"@graph\":[{\"@type\":\"Article\",\"@id\":\"https:\/\/www.omis.net\/it-it\/borse-di-studio-valorizzare-limpegno-e-sostenere-la-crescita\/#article\",\"isPartOf\":{\"@id\":\"https:\/\/www.omis.net\/it-it\/borse-di-studio-valorizzare-limpegno-e-sostenere-la-crescita\/\"},\"author\":{\"name\":\"Sebastian Amedeo\",\"@id\":\"https:\/\/www.omis.net\/it-it\/#\/schema\/person\/4e7609173995c51481214aba5a931764\"},\"headline\":\"Stipendien: Engagement wertsch\u00e4tzen und Wachstum f\u00f6rdern\",\"datePublished\":\"2025-10-23T11:00:00+00:00\",\"dateModified\":\"2025-07-09T06:09:13+00:00\",\"mainEntityOfPage\":{\"@id\":\"https:\/\/www.omis.net\/it-it\/borse-di-studio-valorizzare-limpegno-e-sostenere-la-crescita\/\"},\"wordCount\":99,\"publisher\":{\"@id\":\"https:\/\/www.omis.net\/it-it\/#organization\"},\"image\":{\"@id\":\"https:\/\/www.omis.net\/it-it\/borse-di-studio-valorizzare-limpegno-e-sostenere-la-crescita\/#primaryimage\"},\"thumbnailUrl\":\"https:\/\/media.omis.net\/media\/2025\/06\/scholarships-for-the-children-of-employees-omis-scaled.webp\",\"keywords\":[\"omisborntolift\",\"omiscranes\",\"omisgroup\"],\"articleSection\":[\"Corporate\",\"WeAreOMIS\"],\"inLanguage\":\"de-de\"},{\"@type\":\"WebPage\",\"@id\":\"https:\/\/www.omis.net\/it-it\/borse-di-studio-valorizzare-limpegno-e-sostenere-la-crescita\/\",\"url\":\"https:\/\/www.omis.net\/it-it\/borse-di-studio-valorizzare-limpegno-e-sostenere-la-crescita\/\",\"name\":\"Stipendien: Engagement wertsch\u00e4tzen und Wachstum f\u00f6rdern | News by OMIS\",\"isPartOf\":{\"@id\":\"https:\/\/www.omis.net\/it-it\/#website\"},\"primaryImageOfPage\":{\"@id\":\"https:\/\/www.omis.net\/it-it\/borse-di-studio-valorizzare-limpegno-e-sostenere-la-crescita\/#primaryimage\"},\"image\":{\"@id\":\"https:\/\/www.omis.net\/it-it\/borse-di-studio-valorizzare-limpegno-e-sostenere-la-crescita\/#primaryimage\"},\"thumbnailUrl\":\"https:\/\/media.omis.net\/media\/2025\/06\/scholarships-for-the-children-of-employees-omis-scaled.webp\",\"datePublished\":\"2025-10-23T11:00:00+00:00\",\"dateModified\":\"2025-07-09T06:09:13+00:00\",\"breadcrumb\":{\"@id\":\"https:\/\/www.omis.net\/it-it\/borse-di-studio-valorizzare-limpegno-e-sostenere-la-crescita\/#breadcrumb\"},\"inLanguage\":\"de-de\",\"potentialAction\":[{\"@type\":\"ReadAction\",\"target\":[\"https:\/\/www.omis.net\/it-it\/borse-di-studio-valorizzare-limpegno-e-sostenere-la-crescita\/\"]}]},{\"@type\":\"ImageObject\",\"inLanguage\":\"de-de\",\"@id\":\"https:\/\/www.omis.net\/it-it\/borse-di-studio-valorizzare-limpegno-e-sostenere-la-crescita\/#primaryimage\",\"url\":\"https:\/\/media.omis.net\/media\/2025\/06\/scholarships-for-the-children-of-employees-omis-scaled.webp\",\"contentUrl\":\"https:\/\/media.omis.net\/media\/2025\/06\/scholarships-for-the-children-of-employees-omis-scaled.webp\",\"width\":2560,\"height\":939},{\"@type\":\"BreadcrumbList\",\"@id\":\"https:\/\/www.omis.net\/it-it\/borse-di-studio-valorizzare-limpegno-e-sostenere-la-crescita\/#breadcrumb\",\"itemListElement\":[{\"@type\":\"ListItem\",\"position\":1,\"name\":\"Home\",\"item\":\"https:\/\/www.omis.net\/de-de\/homepage\/\"},{\"@type\":\"ListItem\",\"position\":2,\"name\":\"Stipendien: Engagement wertsch\u00e4tzen und Wachstum f\u00f6rdern\"}]},{\"@type\":\"WebSite\",\"@id\":\"https:\/\/www.omis.net\/it-it\/#website\",\"url\":\"https:\/\/www.omis.net\/it-it\/\",\"name\":\"Omis Spa\",\"description\":\"Movimentazione e sollevamento\",\"publisher\":{\"@id\":\"https:\/\/www.omis.net\/it-it\/#organization\"},\"potentialAction\":[{\"@type\":\"SearchAction\",\"target\":{\"@type\":\"EntryPoint\",\"urlTemplate\":\"https:\/\/www.omis.net\/it-it\/?s={search_term_string}\"},\"query-input\":{\"@type\":\"PropertyValueSpecification\",\"valueRequired\":true,\"valueName\":\"search_term_string\"}}],\"inLanguage\":\"de-de\"},{\"@type\":\"Organization\",\"@id\":\"https:\/\/www.omis.net\/it-it\/#organization\",\"name\":\"Omis Spa\",\"url\":\"https:\/\/www.omis.net\/it-it\/\",\"logo\":{\"@type\":\"ImageObject\",\"inLanguage\":\"de-de\",\"@id\":\"https:\/\/www.omis.net\/it-it\/#\/schema\/logo\/image\/\",\"url\":\"https:\/\/media.omis.net\/media\/2024\/08\/logo.jpg\",\"contentUrl\":\"https:\/\/media.omis.net\/media\/2024\/08\/logo.jpg\",\"width\":300,\"height\":300,\"caption\":\"Omis Spa\"},\"image\":{\"@id\":\"https:\/\/www.omis.net\/it-it\/#\/schema\/logo\/image\/\"},\"sameAs\":[\"https:\/\/www.facebook.com\/omisgroup\",\"https:\/\/www.linkedin.com\/company\/omis-group\",\"https:\/\/www.youtube.com\/channel\/UCS4L59XDk3kKBI9MnjuxWDw\",\"https:\/\/www.instagram.com\/omisgroup\"]},{\"@type\":\"Person\",\"@id\":\"https:\/\/www.omis.net\/it-it\/#\/schema\/person\/4e7609173995c51481214aba5a931764\",\"name\":\"Sebastian Amedeo\",\"image\":{\"@type\":\"ImageObject\",\"inLanguage\":\"de-de\",\"@id\":\"https:\/\/www.omis.net\/it-it\/#\/schema\/person\/image\/\",\"url\":\"https:\/\/secure.gravatar.com\/avatar\/078e8f6d100f85fee673f30b8d0d7fce?s=96&d=mm&r=g\",\"contentUrl\":\"https:\/\/secure.gravatar.com\/avatar\/078e8f6d100f85fee673f30b8d0d7fce?s=96&d=mm&r=g\",\"caption\":\"Sebastian Amedeo\"}}]}<\/script>\n<!-- \/ Yoast SEO plugin. -->","yoast_head_json":{"title":"Stipendien: Engagement wertsch\u00e4tzen und Wachstum f\u00f6rdern | News by OMIS","robots":{"index":"index","follow":"follow","max-snippet":"max-snippet:-1","max-image-preview":"max-image-preview:large","max-video-preview":"max-video-preview:-1"},"og_locale":"de_DE","og_type":"article","og_title":"Stipendien: Engagement wertsch\u00e4tzen und Wachstum f\u00f6rdern | News by OMIS","og_url":"https:\/\/www.omis.net\/it-it\/borse-di-studio-valorizzare-limpegno-e-sostenere-la-crescita\/","og_site_name":"Omis Spa","article_publisher":"https:\/\/www.facebook.com\/omisgroup","article_published_time":"2025-10-23T11:00:00+00:00","article_modified_time":"2025-07-09T06:09:13+00:00","og_image":[{"width":2560,"height":939,"url":"https:\/\/media.omis.net\/media\/2025\/06\/scholarships-for-the-children-of-employees-omis-scaled.webp","type":"image\/webp"}],"author":"Sebastian Amedeo","twitter_card":"summary_large_image","twitter_misc":{"Written by":"Sebastian Amedeo","Est. reading time":"1 minute"},"schema":{"@context":"https:\/\/schema.org","@graph":[{"@type":"Article","@id":"https:\/\/www.omis.net\/it-it\/borse-di-studio-valorizzare-limpegno-e-sostenere-la-crescita\/#article","isPartOf":{"@id":"https:\/\/www.omis.net\/it-it\/borse-di-studio-valorizzare-limpegno-e-sostenere-la-crescita\/"},"author":{"name":"Sebastian Amedeo","@id":"https:\/\/www.omis.net\/it-it\/#\/schema\/person\/4e7609173995c51481214aba5a931764"},"headline":"Stipendien: Engagement wertsch\u00e4tzen und Wachstum f\u00f6rdern","datePublished":"2025-10-23T11:00:00+00:00","dateModified":"2025-07-09T06:09:13+00:00","mainEntityOfPage":{"@id":"https:\/\/www.omis.net\/it-it\/borse-di-studio-valorizzare-limpegno-e-sostenere-la-crescita\/"},"wordCount":99,"publisher":{"@id":"https:\/\/www.omis.net\/it-it\/#organization"},"image":{"@id":"https:\/\/www.omis.net\/it-it\/borse-di-studio-valorizzare-limpegno-e-sostenere-la-crescita\/#primaryimage"},"thumbnailUrl":"https:\/\/media.omis.net\/media\/2025\/06\/scholarships-for-the-children-of-employees-omis-scaled.webp","keywords":["omisborntolift","omiscranes","omisgroup"],"articleSection":["Corporate","WeAreOMIS"],"inLanguage":"de-de"},{"@type":"WebPage","@id":"https:\/\/www.omis.net\/it-it\/borse-di-studio-valorizzare-limpegno-e-sostenere-la-crescita\/","url":"https:\/\/www.omis.net\/it-it\/borse-di-studio-valorizzare-limpegno-e-sostenere-la-crescita\/","name":"Stipendien: Engagement wertsch\u00e4tzen und Wachstum f\u00f6rdern | News by OMIS","isPartOf":{"@id":"https:\/\/www.omis.net\/it-it\/#website"},"primaryImageOfPage":{"@id":"https:\/\/www.omis.net\/it-it\/borse-di-studio-valorizzare-limpegno-e-sostenere-la-crescita\/#primaryimage"},"image":{"@id":"https:\/\/www.omis.net\/it-it\/borse-di-studio-valorizzare-limpegno-e-sostenere-la-crescita\/#primaryimage"},"thumbnailUrl":"https:\/\/media.omis.net\/media\/2025\/06\/scholarships-for-the-children-of-employees-omis-scaled.webp","datePublished":"2025-10-23T11:00:00+00:00","dateModified":"2025-07-09T06:09:13+00:00","breadcrumb":{"@id":"https:\/\/www.omis.net\/it-it\/borse-di-studio-valorizzare-limpegno-e-sostenere-la-crescita\/#breadcrumb"},"inLanguage":"de-de","potentialAction":[{"@type":"ReadAction","target":["https:\/\/www.omis.net\/it-it\/borse-di-studio-valorizzare-limpegno-e-sostenere-la-crescita\/"]}]},{"@type":"ImageObject","inLanguage":"de-de","@id":"https:\/\/www.omis.net\/it-it\/borse-di-studio-valorizzare-limpegno-e-sostenere-la-crescita\/#primaryimage","url":"https:\/\/media.omis.net\/media\/2025\/06\/scholarships-for-the-children-of-employees-omis-scaled.webp","contentUrl":"https:\/\/media.omis.net\/media\/2025\/06\/scholarships-for-the-children-of-employees-omis-scaled.webp","width":2560,"height":939},{"@type":"BreadcrumbList","@id":"https:\/\/www.omis.net\/it-it\/borse-di-studio-valorizzare-limpegno-e-sostenere-la-crescita\/#breadcrumb","itemListElement":[{"@type":"ListItem","position":1,"name":"Home","item":"https:\/\/www.omis.net\/de-de\/homepage\/"},{"@type":"ListItem","position":2,"name":"Stipendien: Engagement wertsch\u00e4tzen und Wachstum f\u00f6rdern"}]},{"@type":"WebSite","@id":"https:\/\/www.omis.net\/it-it\/#website","url":"https:\/\/www.omis.net\/it-it\/","name":"Omis Spa","description":"Movimentazione e sollevamento","publisher":{"@id":"https:\/\/www.omis.net\/it-it\/#organization"},"potentialAction":[{"@type":"SearchAction","target":{"@type":"EntryPoint","urlTemplate":"https:\/\/www.omis.net\/it-it\/?s={search_term_string}"},"query-input":{"@type":"PropertyValueSpecification","valueRequired":true,"valueName":"search_term_string"}}],"inLanguage":"de-de"},{"@type":"Organization","@id":"https:\/\/www.omis.net\/it-it\/#organization","name":"Omis Spa","url":"https:\/\/www.omis.net\/it-it\/","logo":{"@type":"ImageObject","inLanguage":"de-de","@id":"https:\/\/www.omis.net\/it-it\/#\/schema\/logo\/image\/","url":"https:\/\/media.omis.net\/media\/2024\/08\/logo.jpg","contentUrl":"https:\/\/media.omis.net\/media\/2024\/08\/logo.jpg","width":300,"height":300,"caption":"Omis Spa"},"image":{"@id":"https:\/\/www.omis.net\/it-it\/#\/schema\/logo\/image\/"},"sameAs":["https:\/\/www.facebook.com\/omisgroup","https:\/\/www.linkedin.com\/company\/omis-group","https:\/\/www.youtube.com\/channel\/UCS4L59XDk3kKBI9MnjuxWDw","https:\/\/www.instagram.com\/omisgroup"]},{"@type":"Person","@id":"https:\/\/www.omis.net\/it-it\/#\/schema\/person\/4e7609173995c51481214aba5a931764","name":"Sebastian Amedeo","image":{"@type":"ImageObject","inLanguage":"de-de","@id":"https:\/\/www.omis.net\/it-it\/#\/schema\/person\/image\/","url":"https:\/\/secure.gravatar.com\/avatar\/078e8f6d100f85fee673f30b8d0d7fce?s=96&d=mm&r=g","contentUrl":"https:\/\/secure.gravatar.com\/avatar\/078e8f6d100f85fee673f30b8d0d7fce?s=96&d=mm&r=g","caption":"Sebastian Amedeo"}}]}},"_links":{"self":[{"href":"https:\/\/www.omis.net\/de-de\/wp-json\/wp\/v2\/posts\/18508"}],"collection":[{"href":"https:\/\/www.omis.net\/de-de\/wp-json\/wp\/v2\/posts"}],"about":[{"href":"https:\/\/www.omis.net\/de-de\/wp-json\/wp\/v2\/types\/post"}],"author":[{"embeddable":true,"href":"https:\/\/www.omis.net\/de-de\/wp-json\/wp\/v2\/users\/25"}],"replies":[{"embeddable":true,"href":"https:\/\/www.omis.net\/de-de\/wp-json\/wp\/v2\/comments?post=18508"}],"version-history":[{"count":3,"href":"https:\/\/www.omis.net\/de-de\/wp-json\/wp\/v2\/posts\/18508\/revisions"}],"predecessor-version":[{"id":18834,"href":"https:\/\/www.omis.net\/de-de\/wp-json\/wp\/v2\/posts\/18508\/revisions\/18834"}],"wp:featuredmedia":[{"embeddable":true,"href":"https:\/\/www.omis.net\/de-de\/wp-json\/wp\/v2\/media\/18498"}],"wp:attachment":[{"href":"https:\/\/www.omis.net\/de-de\/wp-json\/wp\/v2\/media?parent=18508"}],"wp:term":[{"taxonomy":"category","embeddable":true,"href":"https:\/\/www.omis.net\/de-de\/wp-json\/wp\/v2\/categories?post=18508"},{"taxonomy":"post_tag","embeddable":true,"href":"https:\/\/www.omis.net\/de-de\/wp-json\/wp\/v2\/tags?post=18508"},{"taxonomy":"tipologia-prodotto","embeddable":true,"href":"https:\/\/www.omis.net\/de-de\/wp-json\/wp\/v2\/tipologia-prodotto?post=18508"}],"curies":[{"name":"wp","href":"https:\/\/api.w.org\/{rel}","templated":true}]}}