{"id":18414,"date":"2025-07-22T17:00:00","date_gmt":"2025-07-22T15:00:00","guid":{"rendered":"https:\/\/www.omis.net\/?p=18414"},"modified":"2025-06-10T09:30:46","modified_gmt":"2025-06-10T07:30:46","slug":"elektrische-brueckenkrane-effiziente-loesungen-fuer-den-umschlag-auf-engem-raum","status":"publish","type":"post","link":"https:\/\/www.omis.net\/de-de\/elektrische-brueckenkrane-effiziente-loesungen-fuer-den-umschlag-auf-engem-raum\/","title":{"rendered":"Elektrische Br\u00fcckenkrane: effiziente L\u00f6sungen f\u00fcr den Umschlag auf engem Raum"},"content":{"rendered":"\n<p>In der modernen Industrielandschaft ist das Lasthandling eine der komplexesten Herausforderungen, vor allem dort, wo der Platz begrenzt ist und Pr\u00e4zision an erster Stelle steht. Die elektrischen Br\u00fcckenkrane des Typs H von GSE sind die ideale L\u00f6sung f\u00fcr diese kritischen Probleme, denn sie bieten hohe Leistung, Sicherheit und ein kompaktes Design. Diese Krane sind f\u00fcr Lasten von bis zu 3200 kg ausgelegt und verf\u00fcgen \u00fcber motorisierte K\u00f6pfe, die eine \u00e4u\u00dferst pr\u00e4zise Steuerung der Bewegungen erm\u00f6glichen, selbst bei sperrigen oder empfindlichen Lasten.<\/p>\n\n\n\n<p>Im Gegensatz zu herk\u00f6mmlichen Br\u00fcckenkr\u00e4nen k\u00f6nnen GSEs an der bestehenden Struktur aufgeh\u00e4ngt oder auf speziellen St\u00fctzen installiert werden. Diese Installationsflexibilit\u00e4t erm\u00f6glicht eine bessere seitliche Ann\u00e4herung und eine optimale Integration auch in komplexen oder \u00fcberf\u00fcllten Umgebungen, was die Logistik verbessert und den Platzbedarf reduziert.<\/p>\n\n\n\n<p>#omisgroup #omisborntolift #omiscranes #liftingsolutions #materialhandling #lightsystems #suspendedcrane #motorizedunderslungcrane #overheadlifting #productivity #ergonomics<\/p>\n","protected":false},"excerpt":{"rendered":"<p>In der modernen Industrielandschaft ist das Lasthandling eine der komplexesten Herausforderungen, vor allem dort, wo der Platz begrenzt ist und Pr\u00e4zision an erster Stelle steht. Die elektrischen Br\u00fcckenkrane des Typs H von GSE sind die ideale L\u00f6sung f\u00fcr diese kritischen Probleme, denn sie bieten hohe Leistung, Sicherheit und ein kompaktes Design. Diese Krane sind f\u00fcr [&hellip;]<\/p>\n","protected":false},"author":25,"featured_media":18361,"comment_status":"closed","ping_status":"closed","sticky":false,"template":"","format":"standard","meta":{"_acf_changed":false,"footnotes":""},"categories":[657],"tags":[1181,1182,1183],"tipologia-prodotto":[748],"class_list":["post-18414","post","type-post","status-publish","format-standard","has-post-thumbnail","hentry","category-produkte","tag-omisborntolift-de-de","tag-omiscranes-de-de","tag-omisgroup-de-de","tipologia-prodotto-deckenlaufkrane"],"acf":{"import_csv_id":"","seo_title":"Elektrische Br\u00fcckenkrane: effiziente L\u00f6sungen f\u00fcr den Umschlag auf engem Raum | News by OMIS","seo_description":""},"yoast_head":"<!-- This site is optimized with the Yoast SEO plugin v23.9 - https:\/\/yoast.com\/wordpress\/plugins\/seo\/ -->\n<title>Elektrische Br\u00fcckenkrane: effiziente L\u00f6sungen f\u00fcr den Umschlag auf engem Raum | News by OMIS<\/title>\n<meta name=\"robots\" content=\"index, follow, max-snippet:-1, max-image-preview:large, max-video-preview:-1\" \/>\n<meta property=\"og:locale\" content=\"de_DE\" \/>\n<meta property=\"og:type\" content=\"article\" \/>\n<meta property=\"og:title\" content=\"Elektrische Br\u00fcckenkrane: effiziente L\u00f6sungen f\u00fcr den Umschlag auf engem Raum | News by OMIS\" \/>\n<meta property=\"og:url\" content=\"https:\/\/www.omis.net\/it-it\/gru-sospese-elettriche-soluzioni-efficienti-per-la-movimentazione-in-spazi-ridotti\/\" \/>\n<meta property=\"og:site_name\" content=\"Omis Spa\" \/>\n<meta property=\"article:publisher\" content=\"https:\/\/www.facebook.com\/omisgroup\" \/>\n<meta property=\"article:published_time\" content=\"2025-07-22T15:00:00+00:00\" \/>\n<meta property=\"article:modified_time\" content=\"2025-06-10T07:30:46+00:00\" \/>\n<meta property=\"og:image\" content=\"https:\/\/media.omis.net\/media\/2025\/06\/site-cover-underslung-cranes-gse-omis-scaled.webp\" \/>\n\t<meta property=\"og:image:width\" content=\"2560\" \/>\n\t<meta property=\"og:image:height\" content=\"939\" \/>\n\t<meta property=\"og:image:type\" content=\"image\/webp\" \/>\n<meta name=\"author\" content=\"Sebastian Amedeo\" \/>\n<meta name=\"twitter:card\" content=\"summary_large_image\" \/>\n<meta name=\"twitter:label1\" content=\"Written by\" \/>\n\t<meta name=\"twitter:data1\" content=\"Sebastian Amedeo\" \/>\n\t<meta name=\"twitter:label2\" content=\"Est. reading time\" \/>\n\t<meta name=\"twitter:data2\" content=\"1 minute\" \/>\n<script type=\"application\/ld+json\" class=\"yoast-schema-graph\">{\"@context\":\"https:\/\/schema.org\",\"@graph\":[{\"@type\":\"Article\",\"@id\":\"https:\/\/www.omis.net\/it-it\/gru-sospese-elettriche-soluzioni-efficienti-per-la-movimentazione-in-spazi-ridotti\/#article\",\"isPartOf\":{\"@id\":\"https:\/\/www.omis.net\/it-it\/gru-sospese-elettriche-soluzioni-efficienti-per-la-movimentazione-in-spazi-ridotti\/\"},\"author\":{\"name\":\"Sebastian Amedeo\",\"@id\":\"https:\/\/www.omis.net\/it-it\/#\/schema\/person\/4e7609173995c51481214aba5a931764\"},\"headline\":\"Elektrische Br\u00fcckenkrane: effiziente L\u00f6sungen f\u00fcr den Umschlag auf engem Raum\",\"datePublished\":\"2025-07-22T15:00:00+00:00\",\"dateModified\":\"2025-06-10T07:30:46+00:00\",\"mainEntityOfPage\":{\"@id\":\"https:\/\/www.omis.net\/it-it\/gru-sospese-elettriche-soluzioni-efficienti-per-la-movimentazione-in-spazi-ridotti\/\"},\"wordCount\":167,\"publisher\":{\"@id\":\"https:\/\/www.omis.net\/it-it\/#organization\"},\"image\":{\"@id\":\"https:\/\/www.omis.net\/it-it\/gru-sospese-elettriche-soluzioni-efficienti-per-la-movimentazione-in-spazi-ridotti\/#primaryimage\"},\"thumbnailUrl\":\"https:\/\/media.omis.net\/media\/2025\/06\/site-cover-underslung-cranes-gse-omis-scaled.webp\",\"keywords\":[\"omisborntolift\",\"omiscranes\",\"omisgroup\"],\"articleSection\":[\"Produkte\"],\"inLanguage\":\"de-de\"},{\"@type\":\"WebPage\",\"@id\":\"https:\/\/www.omis.net\/it-it\/gru-sospese-elettriche-soluzioni-efficienti-per-la-movimentazione-in-spazi-ridotti\/\",\"url\":\"https:\/\/www.omis.net\/it-it\/gru-sospese-elettriche-soluzioni-efficienti-per-la-movimentazione-in-spazi-ridotti\/\",\"name\":\"Elektrische Br\u00fcckenkrane: effiziente L\u00f6sungen f\u00fcr den Umschlag auf engem Raum | News by OMIS\",\"isPartOf\":{\"@id\":\"https:\/\/www.omis.net\/it-it\/#website\"},\"primaryImageOfPage\":{\"@id\":\"https:\/\/www.omis.net\/it-it\/gru-sospese-elettriche-soluzioni-efficienti-per-la-movimentazione-in-spazi-ridotti\/#primaryimage\"},\"image\":{\"@id\":\"https:\/\/www.omis.net\/it-it\/gru-sospese-elettriche-soluzioni-efficienti-per-la-movimentazione-in-spazi-ridotti\/#primaryimage\"},\"thumbnailUrl\":\"https:\/\/media.omis.net\/media\/2025\/06\/site-cover-underslung-cranes-gse-omis-scaled.webp\",\"datePublished\":\"2025-07-22T15:00:00+00:00\",\"dateModified\":\"2025-06-10T07:30:46+00:00\",\"breadcrumb\":{\"@id\":\"https:\/\/www.omis.net\/it-it\/gru-sospese-elettriche-soluzioni-efficienti-per-la-movimentazione-in-spazi-ridotti\/#breadcrumb\"},\"inLanguage\":\"de-de\",\"potentialAction\":[{\"@type\":\"ReadAction\",\"target\":[\"https:\/\/www.omis.net\/it-it\/gru-sospese-elettriche-soluzioni-efficienti-per-la-movimentazione-in-spazi-ridotti\/\"]}]},{\"@type\":\"ImageObject\",\"inLanguage\":\"de-de\",\"@id\":\"https:\/\/www.omis.net\/it-it\/gru-sospese-elettriche-soluzioni-efficienti-per-la-movimentazione-in-spazi-ridotti\/#primaryimage\",\"url\":\"https:\/\/media.omis.net\/media\/2025\/06\/site-cover-underslung-cranes-gse-omis-scaled.webp\",\"contentUrl\":\"https:\/\/media.omis.net\/media\/2025\/06\/site-cover-underslung-cranes-gse-omis-scaled.webp\",\"width\":2560,\"height\":939},{\"@type\":\"BreadcrumbList\",\"@id\":\"https:\/\/www.omis.net\/it-it\/gru-sospese-elettriche-soluzioni-efficienti-per-la-movimentazione-in-spazi-ridotti\/#breadcrumb\",\"itemListElement\":[{\"@type\":\"ListItem\",\"position\":1,\"name\":\"Home\",\"item\":\"https:\/\/www.omis.net\/de-de\/homepage\/\"},{\"@type\":\"ListItem\",\"position\":2,\"name\":\"Elektrische Br\u00fcckenkrane: effiziente L\u00f6sungen f\u00fcr den Umschlag auf engem Raum\"}]},{\"@type\":\"WebSite\",\"@id\":\"https:\/\/www.omis.net\/it-it\/#website\",\"url\":\"https:\/\/www.omis.net\/it-it\/\",\"name\":\"Omis Spa\",\"description\":\"Movimentazione e sollevamento\",\"publisher\":{\"@id\":\"https:\/\/www.omis.net\/it-it\/#organization\"},\"potentialAction\":[{\"@type\":\"SearchAction\",\"target\":{\"@type\":\"EntryPoint\",\"urlTemplate\":\"https:\/\/www.omis.net\/it-it\/?s={search_term_string}\"},\"query-input\":{\"@type\":\"PropertyValueSpecification\",\"valueRequired\":true,\"valueName\":\"search_term_string\"}}],\"inLanguage\":\"de-de\"},{\"@type\":\"Organization\",\"@id\":\"https:\/\/www.omis.net\/it-it\/#organization\",\"name\":\"Omis Spa\",\"url\":\"https:\/\/www.omis.net\/it-it\/\",\"logo\":{\"@type\":\"ImageObject\",\"inLanguage\":\"de-de\",\"@id\":\"https:\/\/www.omis.net\/it-it\/#\/schema\/logo\/image\/\",\"url\":\"https:\/\/media.omis.net\/media\/2024\/08\/logo.jpg\",\"contentUrl\":\"https:\/\/media.omis.net\/media\/2024\/08\/logo.jpg\",\"width\":300,\"height\":300,\"caption\":\"Omis Spa\"},\"image\":{\"@id\":\"https:\/\/www.omis.net\/it-it\/#\/schema\/logo\/image\/\"},\"sameAs\":[\"https:\/\/www.facebook.com\/omisgroup\",\"https:\/\/www.linkedin.com\/company\/omis-group\",\"https:\/\/www.youtube.com\/channel\/UCS4L59XDk3kKBI9MnjuxWDw\",\"https:\/\/www.instagram.com\/omisgroup\"]},{\"@type\":\"Person\",\"@id\":\"https:\/\/www.omis.net\/it-it\/#\/schema\/person\/4e7609173995c51481214aba5a931764\",\"name\":\"Sebastian Amedeo\",\"image\":{\"@type\":\"ImageObject\",\"inLanguage\":\"de-de\",\"@id\":\"https:\/\/www.omis.net\/it-it\/#\/schema\/person\/image\/\",\"url\":\"https:\/\/secure.gravatar.com\/avatar\/078e8f6d100f85fee673f30b8d0d7fce?s=96&d=mm&r=g\",\"contentUrl\":\"https:\/\/secure.gravatar.com\/avatar\/078e8f6d100f85fee673f30b8d0d7fce?s=96&d=mm&r=g\",\"caption\":\"Sebastian Amedeo\"}}]}<\/script>\n<!-- \/ Yoast SEO plugin. -->","yoast_head_json":{"title":"Elektrische Br\u00fcckenkrane: effiziente L\u00f6sungen f\u00fcr den Umschlag auf engem Raum | News by OMIS","robots":{"index":"index","follow":"follow","max-snippet":"max-snippet:-1","max-image-preview":"max-image-preview:large","max-video-preview":"max-video-preview:-1"},"og_locale":"de_DE","og_type":"article","og_title":"Elektrische Br\u00fcckenkrane: effiziente L\u00f6sungen f\u00fcr den Umschlag auf engem Raum | News by OMIS","og_url":"https:\/\/www.omis.net\/it-it\/gru-sospese-elettriche-soluzioni-efficienti-per-la-movimentazione-in-spazi-ridotti\/","og_site_name":"Omis Spa","article_publisher":"https:\/\/www.facebook.com\/omisgroup","article_published_time":"2025-07-22T15:00:00+00:00","article_modified_time":"2025-06-10T07:30:46+00:00","og_image":[{"width":2560,"height":939,"url":"https:\/\/media.omis.net\/media\/2025\/06\/site-cover-underslung-cranes-gse-omis-scaled.webp","type":"image\/webp"}],"author":"Sebastian Amedeo","twitter_card":"summary_large_image","twitter_misc":{"Written by":"Sebastian Amedeo","Est. reading time":"1 minute"},"schema":{"@context":"https:\/\/schema.org","@graph":[{"@type":"Article","@id":"https:\/\/www.omis.net\/it-it\/gru-sospese-elettriche-soluzioni-efficienti-per-la-movimentazione-in-spazi-ridotti\/#article","isPartOf":{"@id":"https:\/\/www.omis.net\/it-it\/gru-sospese-elettriche-soluzioni-efficienti-per-la-movimentazione-in-spazi-ridotti\/"},"author":{"name":"Sebastian Amedeo","@id":"https:\/\/www.omis.net\/it-it\/#\/schema\/person\/4e7609173995c51481214aba5a931764"},"headline":"Elektrische Br\u00fcckenkrane: effiziente L\u00f6sungen f\u00fcr den Umschlag auf engem Raum","datePublished":"2025-07-22T15:00:00+00:00","dateModified":"2025-06-10T07:30:46+00:00","mainEntityOfPage":{"@id":"https:\/\/www.omis.net\/it-it\/gru-sospese-elettriche-soluzioni-efficienti-per-la-movimentazione-in-spazi-ridotti\/"},"wordCount":167,"publisher":{"@id":"https:\/\/www.omis.net\/it-it\/#organization"},"image":{"@id":"https:\/\/www.omis.net\/it-it\/gru-sospese-elettriche-soluzioni-efficienti-per-la-movimentazione-in-spazi-ridotti\/#primaryimage"},"thumbnailUrl":"https:\/\/media.omis.net\/media\/2025\/06\/site-cover-underslung-cranes-gse-omis-scaled.webp","keywords":["omisborntolift","omiscranes","omisgroup"],"articleSection":["Produkte"],"inLanguage":"de-de"},{"@type":"WebPage","@id":"https:\/\/www.omis.net\/it-it\/gru-sospese-elettriche-soluzioni-efficienti-per-la-movimentazione-in-spazi-ridotti\/","url":"https:\/\/www.omis.net\/it-it\/gru-sospese-elettriche-soluzioni-efficienti-per-la-movimentazione-in-spazi-ridotti\/","name":"Elektrische Br\u00fcckenkrane: effiziente L\u00f6sungen f\u00fcr den Umschlag auf engem Raum | News by OMIS","isPartOf":{"@id":"https:\/\/www.omis.net\/it-it\/#website"},"primaryImageOfPage":{"@id":"https:\/\/www.omis.net\/it-it\/gru-sospese-elettriche-soluzioni-efficienti-per-la-movimentazione-in-spazi-ridotti\/#primaryimage"},"image":{"@id":"https:\/\/www.omis.net\/it-it\/gru-sospese-elettriche-soluzioni-efficienti-per-la-movimentazione-in-spazi-ridotti\/#primaryimage"},"thumbnailUrl":"https:\/\/media.omis.net\/media\/2025\/06\/site-cover-underslung-cranes-gse-omis-scaled.webp","datePublished":"2025-07-22T15:00:00+00:00","dateModified":"2025-06-10T07:30:46+00:00","breadcrumb":{"@id":"https:\/\/www.omis.net\/it-it\/gru-sospese-elettriche-soluzioni-efficienti-per-la-movimentazione-in-spazi-ridotti\/#breadcrumb"},"inLanguage":"de-de","potentialAction":[{"@type":"ReadAction","target":["https:\/\/www.omis.net\/it-it\/gru-sospese-elettriche-soluzioni-efficienti-per-la-movimentazione-in-spazi-ridotti\/"]}]},{"@type":"ImageObject","inLanguage":"de-de","@id":"https:\/\/www.omis.net\/it-it\/gru-sospese-elettriche-soluzioni-efficienti-per-la-movimentazione-in-spazi-ridotti\/#primaryimage","url":"https:\/\/media.omis.net\/media\/2025\/06\/site-cover-underslung-cranes-gse-omis-scaled.webp","contentUrl":"https:\/\/media.omis.net\/media\/2025\/06\/site-cover-underslung-cranes-gse-omis-scaled.webp","width":2560,"height":939},{"@type":"BreadcrumbList","@id":"https:\/\/www.omis.net\/it-it\/gru-sospese-elettriche-soluzioni-efficienti-per-la-movimentazione-in-spazi-ridotti\/#breadcrumb","itemListElement":[{"@type":"ListItem","position":1,"name":"Home","item":"https:\/\/www.omis.net\/de-de\/homepage\/"},{"@type":"ListItem","position":2,"name":"Elektrische Br\u00fcckenkrane: effiziente L\u00f6sungen f\u00fcr den Umschlag auf engem Raum"}]},{"@type":"WebSite","@id":"https:\/\/www.omis.net\/it-it\/#website","url":"https:\/\/www.omis.net\/it-it\/","name":"Omis Spa","description":"Movimentazione e sollevamento","publisher":{"@id":"https:\/\/www.omis.net\/it-it\/#organization"},"potentialAction":[{"@type":"SearchAction","target":{"@type":"EntryPoint","urlTemplate":"https:\/\/www.omis.net\/it-it\/?s={search_term_string}"},"query-input":{"@type":"PropertyValueSpecification","valueRequired":true,"valueName":"search_term_string"}}],"inLanguage":"de-de"},{"@type":"Organization","@id":"https:\/\/www.omis.net\/it-it\/#organization","name":"Omis Spa","url":"https:\/\/www.omis.net\/it-it\/","logo":{"@type":"ImageObject","inLanguage":"de-de","@id":"https:\/\/www.omis.net\/it-it\/#\/schema\/logo\/image\/","url":"https:\/\/media.omis.net\/media\/2024\/08\/logo.jpg","contentUrl":"https:\/\/media.omis.net\/media\/2024\/08\/logo.jpg","width":300,"height":300,"caption":"Omis Spa"},"image":{"@id":"https:\/\/www.omis.net\/it-it\/#\/schema\/logo\/image\/"},"sameAs":["https:\/\/www.facebook.com\/omisgroup","https:\/\/www.linkedin.com\/company\/omis-group","https:\/\/www.youtube.com\/channel\/UCS4L59XDk3kKBI9MnjuxWDw","https:\/\/www.instagram.com\/omisgroup"]},{"@type":"Person","@id":"https:\/\/www.omis.net\/it-it\/#\/schema\/person\/4e7609173995c51481214aba5a931764","name":"Sebastian Amedeo","image":{"@type":"ImageObject","inLanguage":"de-de","@id":"https:\/\/www.omis.net\/it-it\/#\/schema\/person\/image\/","url":"https:\/\/secure.gravatar.com\/avatar\/078e8f6d100f85fee673f30b8d0d7fce?s=96&d=mm&r=g","contentUrl":"https:\/\/secure.gravatar.com\/avatar\/078e8f6d100f85fee673f30b8d0d7fce?s=96&d=mm&r=g","caption":"Sebastian Amedeo"}}]}},"_links":{"self":[{"href":"https:\/\/www.omis.net\/de-de\/wp-json\/wp\/v2\/posts\/18414"}],"collection":[{"href":"https:\/\/www.omis.net\/de-de\/wp-json\/wp\/v2\/posts"}],"about":[{"href":"https:\/\/www.omis.net\/de-de\/wp-json\/wp\/v2\/types\/post"}],"author":[{"embeddable":true,"href":"https:\/\/www.omis.net\/de-de\/wp-json\/wp\/v2\/users\/25"}],"replies":[{"embeddable":true,"href":"https:\/\/www.omis.net\/de-de\/wp-json\/wp\/v2\/comments?post=18414"}],"version-history":[{"count":1,"href":"https:\/\/www.omis.net\/de-de\/wp-json\/wp\/v2\/posts\/18414\/revisions"}],"predecessor-version":[{"id":18415,"href":"https:\/\/www.omis.net\/de-de\/wp-json\/wp\/v2\/posts\/18414\/revisions\/18415"}],"wp:featuredmedia":[{"embeddable":true,"href":"https:\/\/www.omis.net\/de-de\/wp-json\/wp\/v2\/media\/18361"}],"wp:attachment":[{"href":"https:\/\/www.omis.net\/de-de\/wp-json\/wp\/v2\/media?parent=18414"}],"wp:term":[{"taxonomy":"category","embeddable":true,"href":"https:\/\/www.omis.net\/de-de\/wp-json\/wp\/v2\/categories?post=18414"},{"taxonomy":"post_tag","embeddable":true,"href":"https:\/\/www.omis.net\/de-de\/wp-json\/wp\/v2\/tags?post=18414"},{"taxonomy":"tipologia-prodotto","embeddable":true,"href":"https:\/\/www.omis.net\/de-de\/wp-json\/wp\/v2\/tipologia-prodotto?post=18414"}],"curies":[{"name":"wp","href":"https:\/\/api.w.org\/{rel}","templated":true}]}}